{"id":12893,"date":"2024-02-27T22:18:23","date_gmt":"2024-02-27T22:18:23","guid":{"rendered":"https:\/\/macite.tg\/?p=12893"},"modified":"2024-02-27T22:18:24","modified_gmt":"2024-02-27T22:18:24","slug":"transfert-vers-un-retour-en-europe-pour-sadio-mane","status":"publish","type":"post","link":"https:\/\/macite.tg\/?p=12893","title":{"rendered":"TRANSFERT : Vers un retour en Europe pour Sadio Man\u00e9\u00a0?"},"content":{"rendered":"\n<p class=\"wp-block-paragraph\"><strong><em>Le club turc de Galatasaray a exprim\u00e9 un fort int\u00e9r\u00eat pour l\u2019attaquant s\u00e9n\u00e9galais Sadio Man\u00e9 actuellement li\u00e9 \u00e0 Al-Nassr. Mais reste \u00e0 savoir si le S\u00e9n\u00e9galais, souvent mis de c\u00f4t\u00e9 par son coach \u00e0 Al-Nassr, pourrait r\u00e9pondre favorablement \u00e0 cette envie d\u2019aller voir ailleurs et act\u00e9 ainsi son retour en Europe.<\/em><\/strong><\/p>\n\n\n\n<p class=\"wp-block-paragraph\">D\u2019apr\u00e8s les informations rapport\u00e9es par ScouTurk, Galatasaray envisage s\u00e9rieusement d\u2019ajouter le talentueux joueur s\u00e9n\u00e9galais \u00e0 son effectif pour renforcer son \u00e9quipe en vue des d\u00e9fis \u00e0 venir.<\/p>\n\n\n<div class=\"wp-block-image\">\n<figure class=\"aligncenter size-large is-resized\"><img loading=\"lazy\" decoding=\"async\" src=\"https:\/\/macite.tg\/wp-content\/uploads\/2024\/02\/IMG-20240226-WA0027-805x1024.jpg\" alt=\"\" class=\"wp-image-12872\" width=\"526\" height=\"669\" srcset=\"https:\/\/macite.tg\/wp-content\/uploads\/2024\/02\/IMG-20240226-WA0027-805x1024.jpg 805w, https:\/\/macite.tg\/wp-content\/uploads\/2024\/02\/IMG-20240226-WA0027-236x300.jpg 236w, https:\/\/macite.tg\/wp-content\/uploads\/2024\/02\/IMG-20240226-WA0027-768x977.jpg 768w, https:\/\/macite.tg\/wp-content\/uploads\/2024\/02\/IMG-20240226-WA0027.jpg 849w\" sizes=\"auto, (max-width: 526px) 100vw, 526px\" \/><\/figure>\n<\/div>\n\n\n<p class=\"wp-block-paragraph\">Occupant actuellement la deuxi\u00e8me place du championnat, \u00e0 seulement un point derri\u00e8re le leader Fenerbah\u00e7e, Galatasaray recherche des solutions pour consolider sa position et rivaliser avec les meilleures \u00e9quipes. L\u2019int\u00e9r\u00eat pour Sadio Man\u00e9 s\u2019inscrit dans cette strat\u00e9gie de consolidation.<\/p>\n\n\n\n<p class=\"wp-block-paragraph\">Cette nouvelle offre de nouvelles perspectives pour l\u2019attaquant s\u00e9n\u00e9galais, d\u00e9montrant que son aura reste intacte en Europe, o\u00f9 il continue d\u2019attirer l\u2019attention des grands clubs. Depuis son transfert \u00e0 Al-Nassr en Arabie saoudite, aux c\u00f4t\u00e9s de Cristiano Ronaldo, Sadio Man\u00e9\u00a0a brill\u00e9 sous les couleurs de son nouveau club. Bien que certains observateurs remarquent une l\u00e9g\u00e8re baisse de sa vitesse, Sadio Man\u00e9 a su adapter son style de jeu en prenant plus de temps pour analyser le jeu avant de passer \u00e0 l\u2019action.<\/p>\n\n\n<div class=\"wp-block-image\">\n<figure class=\"aligncenter size-large is-resized\"><img loading=\"lazy\" decoding=\"async\" src=\"https:\/\/macite.tg\/wp-content\/uploads\/2024\/02\/IMG-20240220-WA0062-868x1024.jpg\" alt=\"\" class=\"wp-image-12721\" width=\"477\" height=\"562\" srcset=\"https:\/\/macite.tg\/wp-content\/uploads\/2024\/02\/IMG-20240220-WA0062-868x1024.jpg 868w, https:\/\/macite.tg\/wp-content\/uploads\/2024\/02\/IMG-20240220-WA0062-254x300.jpg 254w, https:\/\/macite.tg\/wp-content\/uploads\/2024\/02\/IMG-20240220-WA0062-768x906.jpg 768w, https:\/\/macite.tg\/wp-content\/uploads\/2024\/02\/IMG-20240220-WA0062-1302x1536.jpg 1302w, https:\/\/macite.tg\/wp-content\/uploads\/2024\/02\/IMG-20240220-WA0062.jpg 1356w\" sizes=\"auto, (max-width: 477px) 100vw, 477px\" \/><\/figure>\n<\/div>\n\n\n<p class=\"wp-block-paragraph\">Cette adaptation lui a valu des performances remarquables lors de la derni\u00e8re Coupe d\u2019Afrique des Nations, o\u00f9 il a d\u00e9livr\u00e9 trois passes d\u00e9cisives et marqu\u00e9 un but en quatre matchs avec l\u2019\u00e9quipe nationale du S\u00e9n\u00e9gal. Son retour en club refl\u00e8te cette tendance de renouveau dans son approche du jeu, ce qui a s\u00fbrement attir\u00e9 l\u2019attention de Galatasaray. <\/p>\n\n\n\n<p class=\"wp-block-paragraph\">Si le transfert se concr\u00e9tise \u00e0 la fin de la saison, cela pourrait marquer un nouveau chapitre dans la carri\u00e8re de Sadio Man\u00e9.<\/p>\n\n\n\n<p class=\"wp-block-paragraph\"><strong>SeneNews<\/strong><\/p>\n\n\n\n<p class=\"wp-block-paragraph\"><a><strong><em>@macite.tg&nbsp;&nbsp;&nbsp;&nbsp;&nbsp;&nbsp;&nbsp;&nbsp;<\/em><\/strong><\/a><\/p>\n\n\n\n<p class=\"wp-block-paragraph\"><strong><em>E-mail&nbsp;: <\/em><\/strong><a href=\"mailto:maciteinfo@gmail.com\"><strong><em>maciteinfo@gmail.com<\/em><\/strong><\/a><strong><em>; <\/em><\/strong><a href=\"mailto:bawela1@gmail.com\"><strong><em>bawela1@gmail.com<\/em><\/strong><\/a><strong><em><\/em><\/strong><\/p>\n\n\n\n<p class=\"wp-block-paragraph\"><strong><em>Pour vos annonces, (publi)reportages, etc., joignez-nous au (00228)91515309\/<strong>79872224 <\/strong>www.macite.tg, L\u2019information, la bonne&nbsp;!<\/em><\/strong><\/p>\n","protected":false},"excerpt":{"rendered":"<p class=\"text-justify mb-2\" >Le club turc de Galatasaray a exprim\u00e9 un fort int\u00e9r\u00eat pour l\u2019attaquant s\u00e9n\u00e9galais Sadio Man\u00e9 actuellement li\u00e9 \u00e0 Al-Nassr. Mais reste \u00e0 savoir si le S\u00e9n\u00e9galais, souvent mis de c\u00f4t\u00e9 par son coach \u00e0 Al-Nassr, pourrait r\u00e9pondre favorablement \u00e0 cette envie d\u2019aller voir ailleurs et [&hellip;]<\/p>\n","protected":false},"author":2,"featured_media":12894,"comment_status":"open","ping_status":"open","sticky":false,"template":"","format":"standard","meta":{"footnotes":""},"categories":[20,7],"tags":[],"class_list":["post-12893","post","type-post","status-publish","format-standard","has-post-thumbnail","hentry","category-actualite","category-sports"],"yoast_head":"<!-- This site is optimized with the Yoast SEO plugin v28.4 - https:\/\/yoast.com\/product\/yoast-seo-wordpress\/ -->\n<title>TRANSFERT : Vers un retour en Europe pour Sadio Man\u00e9\u00a0? -<\/title>\n<meta name=\"robots\" content=\"index, follow, max-snippet:-1, max-image-preview:large, max-video-preview:-1\" \/>\n<link rel=\"canonical\" href=\"https:\/\/macite.tg\/?p=12893\" \/>\n<meta property=\"og:locale\" content=\"fr_FR\" \/>\n<meta property=\"og:type\" content=\"article\" \/>\n<meta property=\"og:title\" content=\"TRANSFERT : Vers un retour en Europe pour Sadio Man\u00e9\u00a0? -\" \/>\n<meta property=\"og:description\" content=\"Le club turc de Galatasaray a exprim\u00e9 un fort int\u00e9r\u00eat pour l\u2019attaquant s\u00e9n\u00e9galais Sadio Man\u00e9 actuellement li\u00e9 \u00e0 Al-Nassr. Mais reste \u00e0 savoir si le S\u00e9n\u00e9galais, souvent mis de c\u00f4t\u00e9 par son coach \u00e0 Al-Nassr, pourrait r\u00e9pondre favorablement \u00e0 cette envie d\u2019aller voir ailleurs et [&hellip;]\" \/>\n<meta property=\"og:url\" content=\"https:\/\/macite.tg\/?p=12893\" \/>\n<meta property=\"article:published_time\" content=\"2024-02-27T22:18:23+00:00\" \/>\n<meta property=\"article:modified_time\" content=\"2024-02-27T22:18:24+00:00\" \/>\n<meta property=\"og:image\" content=\"https:\/\/macite.tg\/wp-content\/uploads\/2024\/02\/image-81-941x1024.png\" \/>\n\t<meta property=\"og:image:width\" content=\"941\" \/>\n\t<meta property=\"og:image:height\" content=\"1024\" \/>\n\t<meta property=\"og:image:type\" content=\"image\/png\" \/>\n<meta name=\"author\" content=\"Jean Pierre BAWELA\" \/>\n<meta name=\"twitter:card\" content=\"summary_large_image\" \/>\n<meta name=\"twitter:label1\" content=\"\u00c9crit par\" \/>\n\t<meta name=\"twitter:data1\" content=\"Jean Pierre BAWELA\" \/>\n\t<meta name=\"twitter:label2\" content=\"Dur\u00e9e de lecture estim\u00e9e\" \/>\n\t<meta name=\"twitter:data2\" content=\"2 minutes\" \/>\n<script type=\"application\/ld+json\" class=\"yoast-schema-graph\">{\"@context\":\"https:\\\/\\\/schema.org\",\"@graph\":[{\"@type\":\"Article\",\"@id\":\"https:\\\/\\\/macite.tg\\\/?p=12893#article\",\"isPartOf\":{\"@id\":\"https:\\\/\\\/macite.tg\\\/?p=12893\"},\"author\":{\"name\":\"Jean Pierre BAWELA\",\"@id\":\"https:\\\/\\\/macite.tg\\\/#\\\/schema\\\/person\\\/e9f2de7e5dbbe7770a9402c7ce82f5c2\"},\"headline\":\"TRANSFERT : Vers un retour en Europe pour Sadio Man\u00e9\u00a0?\",\"datePublished\":\"2024-02-27T22:18:23+00:00\",\"dateModified\":\"2024-02-27T22:18:24+00:00\",\"mainEntityOfPage\":{\"@id\":\"https:\\\/\\\/macite.tg\\\/?p=12893\"},\"wordCount\":363,\"commentCount\":0,\"image\":{\"@id\":\"https:\\\/\\\/macite.tg\\\/?p=12893#primaryimage\"},\"thumbnailUrl\":\"https:\\\/\\\/macite.tg\\\/wp-content\\\/uploads\\\/2024\\\/02\\\/image-81.png\",\"articleSection\":[\"ACTUALITE\",\"SPORTS\"],\"inLanguage\":\"fr-FR\",\"potentialAction\":[{\"@type\":\"CommentAction\",\"name\":\"Comment\",\"target\":[\"https:\\\/\\\/macite.tg\\\/?p=12893#respond\"]}]},{\"@type\":\"WebPage\",\"@id\":\"https:\\\/\\\/macite.tg\\\/?p=12893\",\"url\":\"https:\\\/\\\/macite.tg\\\/?p=12893\",\"name\":\"TRANSFERT : Vers un retour en Europe pour Sadio Man\u00e9\u00a0? -\",\"isPartOf\":{\"@id\":\"https:\\\/\\\/macite.tg\\\/#website\"},\"primaryImageOfPage\":{\"@id\":\"https:\\\/\\\/macite.tg\\\/?p=12893#primaryimage\"},\"image\":{\"@id\":\"https:\\\/\\\/macite.tg\\\/?p=12893#primaryimage\"},\"thumbnailUrl\":\"https:\\\/\\\/macite.tg\\\/wp-content\\\/uploads\\\/2024\\\/02\\\/image-81.png\",\"datePublished\":\"2024-02-27T22:18:23+00:00\",\"dateModified\":\"2024-02-27T22:18:24+00:00\",\"author\":{\"@id\":\"https:\\\/\\\/macite.tg\\\/#\\\/schema\\\/person\\\/e9f2de7e5dbbe7770a9402c7ce82f5c2\"},\"breadcrumb\":{\"@id\":\"https:\\\/\\\/macite.tg\\\/?p=12893#breadcrumb\"},\"inLanguage\":\"fr-FR\",\"potentialAction\":[{\"@type\":\"ReadAction\",\"target\":[\"https:\\\/\\\/macite.tg\\\/?p=12893\"]}]},{\"@type\":\"ImageObject\",\"inLanguage\":\"fr-FR\",\"@id\":\"https:\\\/\\\/macite.tg\\\/?p=12893#primaryimage\",\"url\":\"https:\\\/\\\/macite.tg\\\/wp-content\\\/uploads\\\/2024\\\/02\\\/image-81.png\",\"contentUrl\":\"https:\\\/\\\/macite.tg\\\/wp-content\\\/uploads\\\/2024\\\/02\\\/image-81.png\",\"width\":1103,\"height\":1200},{\"@type\":\"BreadcrumbList\",\"@id\":\"https:\\\/\\\/macite.tg\\\/?p=12893#breadcrumb\",\"itemListElement\":[{\"@type\":\"ListItem\",\"position\":1,\"name\":\"Accueil\",\"item\":\"https:\\\/\\\/macite.tg\\\/\"},{\"@type\":\"ListItem\",\"position\":2,\"name\":\"TRANSFERT : Vers un retour en Europe pour Sadio Man\u00e9\u00a0?\"}]},{\"@type\":\"WebSite\",\"@id\":\"https:\\\/\\\/macite.tg\\\/#website\",\"url\":\"https:\\\/\\\/macite.tg\\\/\",\"name\":\"\",\"description\":\"L&#039;information, la bonne!!!\",\"potentialAction\":[{\"@type\":\"SearchAction\",\"target\":{\"@type\":\"EntryPoint\",\"urlTemplate\":\"https:\\\/\\\/macite.tg\\\/?s={search_term_string}\"},\"query-input\":{\"@type\":\"PropertyValueSpecification\",\"valueRequired\":true,\"valueName\":\"search_term_string\"}}],\"inLanguage\":\"fr-FR\"},{\"@type\":\"Person\",\"@id\":\"https:\\\/\\\/macite.tg\\\/#\\\/schema\\\/person\\\/e9f2de7e5dbbe7770a9402c7ce82f5c2\",\"name\":\"Jean Pierre BAWELA\",\"image\":{\"@type\":\"ImageObject\",\"inLanguage\":\"fr-FR\",\"@id\":\"https:\\\/\\\/macite.tg\\\/wp-content\\\/uploads\\\/2023\\\/09\\\/WhatsApp-Image-2023-09-19-at-14.44.41-122x122.jpeg\",\"url\":\"https:\\\/\\\/macite.tg\\\/wp-content\\\/uploads\\\/2023\\\/09\\\/WhatsApp-Image-2023-09-19-at-14.44.41-122x122.jpeg\",\"contentUrl\":\"https:\\\/\\\/macite.tg\\\/wp-content\\\/uploads\\\/2023\\\/09\\\/WhatsApp-Image-2023-09-19-at-14.44.41-122x122.jpeg\",\"caption\":\"Jean Pierre BAWELA\"},\"url\":\"https:\\\/\\\/macite.tg\\\/?author=2\"}]}<\/script>\n<!-- \/ Yoast SEO plugin. -->","yoast_head_json":{"title":"TRANSFERT : Vers un retour en Europe pour Sadio Man\u00e9\u00a0? -","robots":{"index":"index","follow":"follow","max-snippet":"max-snippet:-1","max-image-preview":"max-image-preview:large","max-video-preview":"max-video-preview:-1"},"canonical":"https:\/\/macite.tg\/?p=12893","og_locale":"fr_FR","og_type":"article","og_title":"TRANSFERT : Vers un retour en Europe pour Sadio Man\u00e9\u00a0? -","og_description":"Le club turc de Galatasaray a exprim\u00e9 un fort int\u00e9r\u00eat pour l\u2019attaquant s\u00e9n\u00e9galais Sadio Man\u00e9 actuellement li\u00e9 \u00e0 Al-Nassr. Mais reste \u00e0 savoir si le S\u00e9n\u00e9galais, souvent mis de c\u00f4t\u00e9 par son coach \u00e0 Al-Nassr, pourrait r\u00e9pondre favorablement \u00e0 cette envie d\u2019aller voir ailleurs et [&hellip;]","og_url":"https:\/\/macite.tg\/?p=12893","article_published_time":"2024-02-27T22:18:23+00:00","article_modified_time":"2024-02-27T22:18:24+00:00","og_image":[{"width":941,"height":1024,"url":"https:\/\/macite.tg\/wp-content\/uploads\/2024\/02\/image-81-941x1024.png","type":"image\/png"}],"author":"Jean Pierre BAWELA","twitter_card":"summary_large_image","twitter_misc":{"\u00c9crit par":"Jean Pierre BAWELA","Dur\u00e9e de lecture estim\u00e9e":"2 minutes"},"schema":{"@context":"https:\/\/schema.org","@graph":[{"@type":"Article","@id":"https:\/\/macite.tg\/?p=12893#article","isPartOf":{"@id":"https:\/\/macite.tg\/?p=12893"},"author":{"name":"Jean Pierre BAWELA","@id":"https:\/\/macite.tg\/#\/schema\/person\/e9f2de7e5dbbe7770a9402c7ce82f5c2"},"headline":"TRANSFERT : Vers un retour en Europe pour Sadio Man\u00e9\u00a0?","datePublished":"2024-02-27T22:18:23+00:00","dateModified":"2024-02-27T22:18:24+00:00","mainEntityOfPage":{"@id":"https:\/\/macite.tg\/?p=12893"},"wordCount":363,"commentCount":0,"image":{"@id":"https:\/\/macite.tg\/?p=12893#primaryimage"},"thumbnailUrl":"https:\/\/macite.tg\/wp-content\/uploads\/2024\/02\/image-81.png","articleSection":["ACTUALITE","SPORTS"],"inLanguage":"fr-FR","potentialAction":[{"@type":"CommentAction","name":"Comment","target":["https:\/\/macite.tg\/?p=12893#respond"]}]},{"@type":"WebPage","@id":"https:\/\/macite.tg\/?p=12893","url":"https:\/\/macite.tg\/?p=12893","name":"TRANSFERT : Vers un retour en Europe pour Sadio Man\u00e9\u00a0? -","isPartOf":{"@id":"https:\/\/macite.tg\/#website"},"primaryImageOfPage":{"@id":"https:\/\/macite.tg\/?p=12893#primaryimage"},"image":{"@id":"https:\/\/macite.tg\/?p=12893#primaryimage"},"thumbnailUrl":"https:\/\/macite.tg\/wp-content\/uploads\/2024\/02\/image-81.png","datePublished":"2024-02-27T22:18:23+00:00","dateModified":"2024-02-27T22:18:24+00:00","author":{"@id":"https:\/\/macite.tg\/#\/schema\/person\/e9f2de7e5dbbe7770a9402c7ce82f5c2"},"breadcrumb":{"@id":"https:\/\/macite.tg\/?p=12893#breadcrumb"},"inLanguage":"fr-FR","potentialAction":[{"@type":"ReadAction","target":["https:\/\/macite.tg\/?p=12893"]}]},{"@type":"ImageObject","inLanguage":"fr-FR","@id":"https:\/\/macite.tg\/?p=12893#primaryimage","url":"https:\/\/macite.tg\/wp-content\/uploads\/2024\/02\/image-81.png","contentUrl":"https:\/\/macite.tg\/wp-content\/uploads\/2024\/02\/image-81.png","width":1103,"height":1200},{"@type":"BreadcrumbList","@id":"https:\/\/macite.tg\/?p=12893#breadcrumb","itemListElement":[{"@type":"ListItem","position":1,"name":"Accueil","item":"https:\/\/macite.tg\/"},{"@type":"ListItem","position":2,"name":"TRANSFERT : Vers un retour en Europe pour Sadio Man\u00e9\u00a0?"}]},{"@type":"WebSite","@id":"https:\/\/macite.tg\/#website","url":"https:\/\/macite.tg\/","name":"","description":"L&#039;information, la bonne!!!","potentialAction":[{"@type":"SearchAction","target":{"@type":"EntryPoint","urlTemplate":"https:\/\/macite.tg\/?s={search_term_string}"},"query-input":{"@type":"PropertyValueSpecification","valueRequired":true,"valueName":"search_term_string"}}],"inLanguage":"fr-FR"},{"@type":"Person","@id":"https:\/\/macite.tg\/#\/schema\/person\/e9f2de7e5dbbe7770a9402c7ce82f5c2","name":"Jean Pierre BAWELA","image":{"@type":"ImageObject","inLanguage":"fr-FR","@id":"https:\/\/macite.tg\/wp-content\/uploads\/2023\/09\/WhatsApp-Image-2023-09-19-at-14.44.41-122x122.jpeg","url":"https:\/\/macite.tg\/wp-content\/uploads\/2023\/09\/WhatsApp-Image-2023-09-19-at-14.44.41-122x122.jpeg","contentUrl":"https:\/\/macite.tg\/wp-content\/uploads\/2023\/09\/WhatsApp-Image-2023-09-19-at-14.44.41-122x122.jpeg","caption":"Jean Pierre BAWELA"},"url":"https:\/\/macite.tg\/?author=2"}]}},"_links":{"self":[{"href":"https:\/\/macite.tg\/index.php?rest_route=\/wp\/v2\/posts\/12893","targetHints":{"allow":["GET"]}}],"collection":[{"href":"https:\/\/macite.tg\/index.php?rest_route=\/wp\/v2\/posts"}],"about":[{"href":"https:\/\/macite.tg\/index.php?rest_route=\/wp\/v2\/types\/post"}],"author":[{"embeddable":true,"href":"https:\/\/macite.tg\/index.php?rest_route=\/wp\/v2\/users\/2"}],"replies":[{"embeddable":true,"href":"https:\/\/macite.tg\/index.php?rest_route=%2Fwp%2Fv2%2Fcomments&post=12893"}],"version-history":[{"count":0,"href":"https:\/\/macite.tg\/index.php?rest_route=\/wp\/v2\/posts\/12893\/revisions"}],"wp:featuredmedia":[{"embeddable":true,"href":"https:\/\/macite.tg\/index.php?rest_route=\/wp\/v2\/media\/12894"}],"wp:attachment":[{"href":"https:\/\/macite.tg\/index.php?rest_route=%2Fwp%2Fv2%2Fmedia&parent=12893"}],"wp:term":[{"taxonomy":"category","embeddable":true,"href":"https:\/\/macite.tg\/index.php?rest_route=%2Fwp%2Fv2%2Fcategories&post=12893"},{"taxonomy":"post_tag","embeddable":true,"href":"https:\/\/macite.tg\/index.php?rest_route=%2Fwp%2Fv2%2Ftags&post=12893"}],"curies":[{"name":"wp","href":"https:\/\/api.w.org\/{rel}","templated":true}]}}