{"id":12891,"date":"2024-02-27T18:41:33","date_gmt":"2024-02-27T18:41:33","guid":{"rendered":"https:\/\/macite.tg\/?p=12891"},"modified":"2024-02-27T18:41:40","modified_gmt":"2024-02-27T18:41:40","slug":"senegal-amnistie-macky-sall-tres-remonte-contre-son-ministre-samba-sy","status":"publish","type":"post","link":"https:\/\/macite.tg\/?p=12891","title":{"rendered":"SENEGAL \/ AMNISTIE : Macky Sall tr\u00e8s remont\u00e9 contre son ministre Samba Sy"},"content":{"rendered":"\n<p class=\"wp-block-paragraph\"><strong><em>Le chef de l\u2019Etat s\u00e9n\u00e9galais Macky Sall a annonc\u00e9 lundi un projet de loi d&rsquo;amnistie des faits survenus au cours des troubles travers\u00e9s par son pays depuis trois ans, en pleine crise autour du report de la pr\u00e9sidentielle.<\/em><\/strong><\/p>\n\n\n\n<p class=\"wp-block-paragraph\">Le pr\u00e9sident Sall a pr\u00e9sent\u00e9 cette mesure comme destin\u00e9e \u00e0 r\u00e9concilier les S\u00e9n\u00e9galais apr\u00e8s diff\u00e9rentes s\u00e9quences de contestation politique qui ont fait des dizaines de morts depuis 2021. Cette d\u00e9cision intervient alors que le pays est en proie \u00e0 l\u2019une de ses plus graves crises depuis des d\u00e9cennies apr\u00e8s le report de sa pr\u00e9sidentielle, qui aurait d\u00fb avoir lieu dimanche 25 f\u00e9vrier dernier.<\/p>\n\n\n<div class=\"wp-block-image\">\n<figure class=\"aligncenter size-large is-resized\"><img loading=\"lazy\" decoding=\"async\" src=\"https:\/\/macite.tg\/wp-content\/uploads\/2024\/02\/IMG-20240226-WA0027-805x1024.jpg\" alt=\"\" class=\"wp-image-12872\" width=\"524\" height=\"667\" srcset=\"https:\/\/macite.tg\/wp-content\/uploads\/2024\/02\/IMG-20240226-WA0027-805x1024.jpg 805w, https:\/\/macite.tg\/wp-content\/uploads\/2024\/02\/IMG-20240226-WA0027-236x300.jpg 236w, https:\/\/macite.tg\/wp-content\/uploads\/2024\/02\/IMG-20240226-WA0027-768x977.jpg 768w, https:\/\/macite.tg\/wp-content\/uploads\/2024\/02\/IMG-20240226-WA0027.jpg 849w\" sizes=\"auto, (max-width: 524px) 100vw, 524px\" \/><\/figure>\n<\/div>\n\n\n<p class=\"wp-block-paragraph\">Ce projet d\u2019amnistie n\u2019enchante pas le PIT, parti de la mouvance pr\u00e9sidentielle. Invit\u00e9 \u00e0 prendre la parole, le ministre du Travail, des organisations professionnelles et &nbsp;des relations avec les institutions, Samba Sy, au nom de son parti, a rejet\u00e9 l\u2019amnistie et la reprise du processus \u00e9lectoral.<\/p>\n\n\n\n<p class=\"wp-block-paragraph\"><em>\u00ab&nbsp;Mon parti ne peut pas supporter, accepter que l\u2019universit\u00e9 a \u00e9t\u00e9 br\u00fbl\u00e9e en chantant. Mon parti ne saurait oublier que deux jeunes filles ont \u00e9t\u00e9 consum\u00e9es dans un bus (\u2026) N\u2019oublions pas que demain que les m\u00eames causes ne produisent pas les m\u00eames effets\u2026)&nbsp;\u00bb,<\/em> a indiqu\u00e9 le ministre Samba Sy.<\/p>\n\n\n\n<p class=\"wp-block-paragraph\">Cette d\u00e9claration n\u2019a pas plu au pr\u00e9sident de la R\u00e9publique qui a sorti la sulfateuse contre Samba Sy. Il lui est rentr\u00e9 dedans sans mettre de gants. Piqu\u00e9 par la col\u00e8re, Macky Sall s\u2019adresse durement \u00e0 son ministre du Travail :<em>&nbsp;\u00ab&nbsp;chaque parti politique peut avoir sa position, ses int\u00e9r\u00eats mais il faut savoir que moi je ne parle au nom de mon parti. Je parle en tant que pr\u00e9sident de la R\u00e9publique, gardien de la constitution, garant de l\u2019unit\u00e9 nationale. Donc, il faut savoir que les responsabilit\u00e9s ne sont pas les m\u00eames&nbsp;\u00bb.<\/em><\/p>\n\n\n<div class=\"wp-block-image\">\n<figure class=\"aligncenter size-large is-resized\"><img loading=\"lazy\" decoding=\"async\" src=\"https:\/\/macite.tg\/wp-content\/uploads\/2024\/02\/IMG-20240220-WA0062-868x1024.jpg\" alt=\"\" class=\"wp-image-12721\" width=\"520\" height=\"612\" srcset=\"https:\/\/macite.tg\/wp-content\/uploads\/2024\/02\/IMG-20240220-WA0062-868x1024.jpg 868w, https:\/\/macite.tg\/wp-content\/uploads\/2024\/02\/IMG-20240220-WA0062-254x300.jpg 254w, https:\/\/macite.tg\/wp-content\/uploads\/2024\/02\/IMG-20240220-WA0062-768x906.jpg 768w, https:\/\/macite.tg\/wp-content\/uploads\/2024\/02\/IMG-20240220-WA0062-1302x1536.jpg 1302w\" sizes=\"auto, (max-width: 520px) 100vw, 520px\" \/><\/figure>\n<\/div>\n\n\n<p class=\"wp-block-paragraph\">Il ajoute : <em>\u00ab&nbsp;chacun peut penser ce qu\u2019il veut mais moi en tant que pr\u00e9sident de la R\u00e9publique, c\u2019est ma d\u00e9cision.&nbsp;\u00bb.<\/em><\/p>\n\n\n\n<p class=\"wp-block-paragraph\"><strong>SeneNews<\/strong><\/p>\n\n\n\n<p class=\"wp-block-paragraph\"><a><strong><em>@macite.tg&nbsp;&nbsp;&nbsp;&nbsp;&nbsp;&nbsp;&nbsp;&nbsp;<\/em><\/strong><\/a><\/p>\n\n\n\n<p class=\"wp-block-paragraph\"><strong><em>E-mail&nbsp;: <\/em><\/strong><a href=\"mailto:maciteinfo@gmail.com\"><strong><em>maciteinfo@gmail.com<\/em><\/strong><\/a><strong><em>; <\/em><\/strong><a href=\"mailto:bawela1@gmail.com\"><strong><em>bawela1@gmail.com<\/em><\/strong><\/a><strong><em><\/em><\/strong><\/p>\n\n\n\n<p class=\"wp-block-paragraph\"><strong><em>Pour vos annonces, (publi)reportages, etc., joignez-nous au (00228)91515309\/<strong>79872224 <\/strong>www.macite.tg, L\u2019information, la bonne&nbsp;!<\/em><\/strong><\/p>\n","protected":false},"excerpt":{"rendered":"<p class=\"text-justify mb-2\" >Le chef de l\u2019Etat s\u00e9n\u00e9galais Macky Sall a annonc\u00e9 lundi un projet de loi d&rsquo;amnistie des faits survenus au cours des troubles travers\u00e9s par son pays depuis trois ans, en pleine crise autour du report de la pr\u00e9sidentielle. Le pr\u00e9sident Sall a pr\u00e9sent\u00e9 cette mesure [&hellip;]<\/p>\n","protected":false},"author":2,"featured_media":12882,"comment_status":"open","ping_status":"open","sticky":false,"template":"","format":"standard","meta":{"footnotes":""},"categories":[20,1],"tags":[],"class_list":["post-12891","post","type-post","status-publish","format-standard","has-post-thumbnail","hentry","category-actualite","category-politique"],"yoast_head":"<!-- This site is optimized with the Yoast SEO plugin v28.4 - https:\/\/yoast.com\/product\/yoast-seo-wordpress\/ -->\n<title>SENEGAL \/ AMNISTIE : Macky Sall tr\u00e8s remont\u00e9 contre son ministre Samba Sy -<\/title>\n<meta name=\"robots\" content=\"index, follow, max-snippet:-1, max-image-preview:large, max-video-preview:-1\" \/>\n<link rel=\"canonical\" href=\"https:\/\/macite.tg\/?p=12891\" \/>\n<meta property=\"og:locale\" content=\"fr_FR\" \/>\n<meta property=\"og:type\" content=\"article\" \/>\n<meta property=\"og:title\" content=\"SENEGAL \/ AMNISTIE : Macky Sall tr\u00e8s remont\u00e9 contre son ministre Samba Sy -\" \/>\n<meta property=\"og:description\" content=\"Le chef de l\u2019Etat s\u00e9n\u00e9galais Macky Sall a annonc\u00e9 lundi un projet de loi d&rsquo;amnistie des faits survenus au cours des troubles travers\u00e9s par son pays depuis trois ans, en pleine crise autour du report de la pr\u00e9sidentielle. Le pr\u00e9sident Sall a pr\u00e9sent\u00e9 cette mesure [&hellip;]\" \/>\n<meta property=\"og:url\" content=\"https:\/\/macite.tg\/?p=12891\" \/>\n<meta property=\"article:published_time\" content=\"2024-02-27T18:41:33+00:00\" \/>\n<meta property=\"article:modified_time\" content=\"2024-02-27T18:41:40+00:00\" \/>\n<meta property=\"og:image\" content=\"https:\/\/macite.tg\/wp-content\/uploads\/2024\/02\/image-79.png\" \/>\n\t<meta property=\"og:image:width\" content=\"696\" \/>\n\t<meta property=\"og:image:height\" content=\"555\" \/>\n\t<meta property=\"og:image:type\" content=\"image\/png\" \/>\n<meta name=\"author\" content=\"Jean Pierre BAWELA\" \/>\n<meta name=\"twitter:card\" content=\"summary_large_image\" \/>\n<meta name=\"twitter:label1\" content=\"\u00c9crit par\" \/>\n\t<meta name=\"twitter:data1\" content=\"Jean Pierre BAWELA\" \/>\n\t<meta name=\"twitter:label2\" content=\"Dur\u00e9e de lecture estim\u00e9e\" \/>\n\t<meta name=\"twitter:data2\" content=\"2 minutes\" \/>\n<script type=\"application\/ld+json\" class=\"yoast-schema-graph\">{\"@context\":\"https:\\\/\\\/schema.org\",\"@graph\":[{\"@type\":\"Article\",\"@id\":\"https:\\\/\\\/macite.tg\\\/?p=12891#article\",\"isPartOf\":{\"@id\":\"https:\\\/\\\/macite.tg\\\/?p=12891\"},\"author\":{\"name\":\"Jean Pierre BAWELA\",\"@id\":\"https:\\\/\\\/macite.tg\\\/#\\\/schema\\\/person\\\/e9f2de7e5dbbe7770a9402c7ce82f5c2\"},\"headline\":\"SENEGAL \\\/ AMNISTIE : Macky Sall tr\u00e8s remont\u00e9 contre son ministre Samba Sy\",\"datePublished\":\"2024-02-27T18:41:33+00:00\",\"dateModified\":\"2024-02-27T18:41:40+00:00\",\"mainEntityOfPage\":{\"@id\":\"https:\\\/\\\/macite.tg\\\/?p=12891\"},\"wordCount\":407,\"commentCount\":0,\"image\":{\"@id\":\"https:\\\/\\\/macite.tg\\\/?p=12891#primaryimage\"},\"thumbnailUrl\":\"https:\\\/\\\/macite.tg\\\/wp-content\\\/uploads\\\/2024\\\/02\\\/image-79.png\",\"articleSection\":[\"ACTUALITE\",\"POLITIQUE\"],\"inLanguage\":\"fr-FR\",\"potentialAction\":[{\"@type\":\"CommentAction\",\"name\":\"Comment\",\"target\":[\"https:\\\/\\\/macite.tg\\\/?p=12891#respond\"]}]},{\"@type\":\"WebPage\",\"@id\":\"https:\\\/\\\/macite.tg\\\/?p=12891\",\"url\":\"https:\\\/\\\/macite.tg\\\/?p=12891\",\"name\":\"SENEGAL \\\/ AMNISTIE : Macky Sall tr\u00e8s remont\u00e9 contre son ministre Samba Sy -\",\"isPartOf\":{\"@id\":\"https:\\\/\\\/macite.tg\\\/#website\"},\"primaryImageOfPage\":{\"@id\":\"https:\\\/\\\/macite.tg\\\/?p=12891#primaryimage\"},\"image\":{\"@id\":\"https:\\\/\\\/macite.tg\\\/?p=12891#primaryimage\"},\"thumbnailUrl\":\"https:\\\/\\\/macite.tg\\\/wp-content\\\/uploads\\\/2024\\\/02\\\/image-79.png\",\"datePublished\":\"2024-02-27T18:41:33+00:00\",\"dateModified\":\"2024-02-27T18:41:40+00:00\",\"author\":{\"@id\":\"https:\\\/\\\/macite.tg\\\/#\\\/schema\\\/person\\\/e9f2de7e5dbbe7770a9402c7ce82f5c2\"},\"breadcrumb\":{\"@id\":\"https:\\\/\\\/macite.tg\\\/?p=12891#breadcrumb\"},\"inLanguage\":\"fr-FR\",\"potentialAction\":[{\"@type\":\"ReadAction\",\"target\":[\"https:\\\/\\\/macite.tg\\\/?p=12891\"]}]},{\"@type\":\"ImageObject\",\"inLanguage\":\"fr-FR\",\"@id\":\"https:\\\/\\\/macite.tg\\\/?p=12891#primaryimage\",\"url\":\"https:\\\/\\\/macite.tg\\\/wp-content\\\/uploads\\\/2024\\\/02\\\/image-79.png\",\"contentUrl\":\"https:\\\/\\\/macite.tg\\\/wp-content\\\/uploads\\\/2024\\\/02\\\/image-79.png\",\"width\":696,\"height\":555},{\"@type\":\"BreadcrumbList\",\"@id\":\"https:\\\/\\\/macite.tg\\\/?p=12891#breadcrumb\",\"itemListElement\":[{\"@type\":\"ListItem\",\"position\":1,\"name\":\"Accueil\",\"item\":\"https:\\\/\\\/macite.tg\\\/\"},{\"@type\":\"ListItem\",\"position\":2,\"name\":\"SENEGAL \\\/ AMNISTIE : Macky Sall tr\u00e8s remont\u00e9 contre son ministre Samba Sy\"}]},{\"@type\":\"WebSite\",\"@id\":\"https:\\\/\\\/macite.tg\\\/#website\",\"url\":\"https:\\\/\\\/macite.tg\\\/\",\"name\":\"\",\"description\":\"L&#039;information, la bonne!!!\",\"potentialAction\":[{\"@type\":\"SearchAction\",\"target\":{\"@type\":\"EntryPoint\",\"urlTemplate\":\"https:\\\/\\\/macite.tg\\\/?s={search_term_string}\"},\"query-input\":{\"@type\":\"PropertyValueSpecification\",\"valueRequired\":true,\"valueName\":\"search_term_string\"}}],\"inLanguage\":\"fr-FR\"},{\"@type\":\"Person\",\"@id\":\"https:\\\/\\\/macite.tg\\\/#\\\/schema\\\/person\\\/e9f2de7e5dbbe7770a9402c7ce82f5c2\",\"name\":\"Jean Pierre BAWELA\",\"image\":{\"@type\":\"ImageObject\",\"inLanguage\":\"fr-FR\",\"@id\":\"https:\\\/\\\/macite.tg\\\/wp-content\\\/uploads\\\/2023\\\/09\\\/WhatsApp-Image-2023-09-19-at-14.44.41-122x122.jpeg\",\"url\":\"https:\\\/\\\/macite.tg\\\/wp-content\\\/uploads\\\/2023\\\/09\\\/WhatsApp-Image-2023-09-19-at-14.44.41-122x122.jpeg\",\"contentUrl\":\"https:\\\/\\\/macite.tg\\\/wp-content\\\/uploads\\\/2023\\\/09\\\/WhatsApp-Image-2023-09-19-at-14.44.41-122x122.jpeg\",\"caption\":\"Jean Pierre BAWELA\"},\"url\":\"https:\\\/\\\/macite.tg\\\/?author=2\"}]}<\/script>\n<!-- \/ Yoast SEO plugin. -->","yoast_head_json":{"title":"SENEGAL \/ AMNISTIE : Macky Sall tr\u00e8s remont\u00e9 contre son ministre Samba Sy -","robots":{"index":"index","follow":"follow","max-snippet":"max-snippet:-1","max-image-preview":"max-image-preview:large","max-video-preview":"max-video-preview:-1"},"canonical":"https:\/\/macite.tg\/?p=12891","og_locale":"fr_FR","og_type":"article","og_title":"SENEGAL \/ AMNISTIE : Macky Sall tr\u00e8s remont\u00e9 contre son ministre Samba Sy -","og_description":"Le chef de l\u2019Etat s\u00e9n\u00e9galais Macky Sall a annonc\u00e9 lundi un projet de loi d&rsquo;amnistie des faits survenus au cours des troubles travers\u00e9s par son pays depuis trois ans, en pleine crise autour du report de la pr\u00e9sidentielle. Le pr\u00e9sident Sall a pr\u00e9sent\u00e9 cette mesure [&hellip;]","og_url":"https:\/\/macite.tg\/?p=12891","article_published_time":"2024-02-27T18:41:33+00:00","article_modified_time":"2024-02-27T18:41:40+00:00","og_image":[{"width":696,"height":555,"url":"https:\/\/macite.tg\/wp-content\/uploads\/2024\/02\/image-79.png","type":"image\/png"}],"author":"Jean Pierre BAWELA","twitter_card":"summary_large_image","twitter_misc":{"\u00c9crit par":"Jean Pierre BAWELA","Dur\u00e9e de lecture estim\u00e9e":"2 minutes"},"schema":{"@context":"https:\/\/schema.org","@graph":[{"@type":"Article","@id":"https:\/\/macite.tg\/?p=12891#article","isPartOf":{"@id":"https:\/\/macite.tg\/?p=12891"},"author":{"name":"Jean Pierre BAWELA","@id":"https:\/\/macite.tg\/#\/schema\/person\/e9f2de7e5dbbe7770a9402c7ce82f5c2"},"headline":"SENEGAL \/ AMNISTIE : Macky Sall tr\u00e8s remont\u00e9 contre son ministre Samba Sy","datePublished":"2024-02-27T18:41:33+00:00","dateModified":"2024-02-27T18:41:40+00:00","mainEntityOfPage":{"@id":"https:\/\/macite.tg\/?p=12891"},"wordCount":407,"commentCount":0,"image":{"@id":"https:\/\/macite.tg\/?p=12891#primaryimage"},"thumbnailUrl":"https:\/\/macite.tg\/wp-content\/uploads\/2024\/02\/image-79.png","articleSection":["ACTUALITE","POLITIQUE"],"inLanguage":"fr-FR","potentialAction":[{"@type":"CommentAction","name":"Comment","target":["https:\/\/macite.tg\/?p=12891#respond"]}]},{"@type":"WebPage","@id":"https:\/\/macite.tg\/?p=12891","url":"https:\/\/macite.tg\/?p=12891","name":"SENEGAL \/ AMNISTIE : Macky Sall tr\u00e8s remont\u00e9 contre son ministre Samba Sy -","isPartOf":{"@id":"https:\/\/macite.tg\/#website"},"primaryImageOfPage":{"@id":"https:\/\/macite.tg\/?p=12891#primaryimage"},"image":{"@id":"https:\/\/macite.tg\/?p=12891#primaryimage"},"thumbnailUrl":"https:\/\/macite.tg\/wp-content\/uploads\/2024\/02\/image-79.png","datePublished":"2024-02-27T18:41:33+00:00","dateModified":"2024-02-27T18:41:40+00:00","author":{"@id":"https:\/\/macite.tg\/#\/schema\/person\/e9f2de7e5dbbe7770a9402c7ce82f5c2"},"breadcrumb":{"@id":"https:\/\/macite.tg\/?p=12891#breadcrumb"},"inLanguage":"fr-FR","potentialAction":[{"@type":"ReadAction","target":["https:\/\/macite.tg\/?p=12891"]}]},{"@type":"ImageObject","inLanguage":"fr-FR","@id":"https:\/\/macite.tg\/?p=12891#primaryimage","url":"https:\/\/macite.tg\/wp-content\/uploads\/2024\/02\/image-79.png","contentUrl":"https:\/\/macite.tg\/wp-content\/uploads\/2024\/02\/image-79.png","width":696,"height":555},{"@type":"BreadcrumbList","@id":"https:\/\/macite.tg\/?p=12891#breadcrumb","itemListElement":[{"@type":"ListItem","position":1,"name":"Accueil","item":"https:\/\/macite.tg\/"},{"@type":"ListItem","position":2,"name":"SENEGAL \/ AMNISTIE : Macky Sall tr\u00e8s remont\u00e9 contre son ministre Samba Sy"}]},{"@type":"WebSite","@id":"https:\/\/macite.tg\/#website","url":"https:\/\/macite.tg\/","name":"","description":"L&#039;information, la bonne!!!","potentialAction":[{"@type":"SearchAction","target":{"@type":"EntryPoint","urlTemplate":"https:\/\/macite.tg\/?s={search_term_string}"},"query-input":{"@type":"PropertyValueSpecification","valueRequired":true,"valueName":"search_term_string"}}],"inLanguage":"fr-FR"},{"@type":"Person","@id":"https:\/\/macite.tg\/#\/schema\/person\/e9f2de7e5dbbe7770a9402c7ce82f5c2","name":"Jean Pierre BAWELA","image":{"@type":"ImageObject","inLanguage":"fr-FR","@id":"https:\/\/macite.tg\/wp-content\/uploads\/2023\/09\/WhatsApp-Image-2023-09-19-at-14.44.41-122x122.jpeg","url":"https:\/\/macite.tg\/wp-content\/uploads\/2023\/09\/WhatsApp-Image-2023-09-19-at-14.44.41-122x122.jpeg","contentUrl":"https:\/\/macite.tg\/wp-content\/uploads\/2023\/09\/WhatsApp-Image-2023-09-19-at-14.44.41-122x122.jpeg","caption":"Jean Pierre BAWELA"},"url":"https:\/\/macite.tg\/?author=2"}]}},"_links":{"self":[{"href":"https:\/\/macite.tg\/index.php?rest_route=\/wp\/v2\/posts\/12891","targetHints":{"allow":["GET"]}}],"collection":[{"href":"https:\/\/macite.tg\/index.php?rest_route=\/wp\/v2\/posts"}],"about":[{"href":"https:\/\/macite.tg\/index.php?rest_route=\/wp\/v2\/types\/post"}],"author":[{"embeddable":true,"href":"https:\/\/macite.tg\/index.php?rest_route=\/wp\/v2\/users\/2"}],"replies":[{"embeddable":true,"href":"https:\/\/macite.tg\/index.php?rest_route=%2Fwp%2Fv2%2Fcomments&post=12891"}],"version-history":[{"count":0,"href":"https:\/\/macite.tg\/index.php?rest_route=\/wp\/v2\/posts\/12891\/revisions"}],"wp:featuredmedia":[{"embeddable":true,"href":"https:\/\/macite.tg\/index.php?rest_route=\/wp\/v2\/media\/12882"}],"wp:attachment":[{"href":"https:\/\/macite.tg\/index.php?rest_route=%2Fwp%2Fv2%2Fmedia&parent=12891"}],"wp:term":[{"taxonomy":"category","embeddable":true,"href":"https:\/\/macite.tg\/index.php?rest_route=%2Fwp%2Fv2%2Fcategories&post=12891"},{"taxonomy":"post_tag","embeddable":true,"href":"https:\/\/macite.tg\/index.php?rest_route=%2Fwp%2Fv2%2Ftags&post=12891"}],"curies":[{"name":"wp","href":"https:\/\/api.w.org\/{rel}","templated":true}]}}