{"id":12862,"date":"2024-02-26T14:47:49","date_gmt":"2024-02-26T14:47:49","guid":{"rendered":"https:\/\/macite.tg\/?p=12862"},"modified":"2024-02-26T15:22:25","modified_gmt":"2024-02-26T15:22:25","slug":"cedeao-levee-des-sanctions-contre-le-niger-une-nouvelle-victoire-pour-le-president-faure-gnassingbe","status":"publish","type":"post","link":"https:\/\/macite.tg\/?p=12862","title":{"rendered":"CEDEAO\u00a0: Lev\u00e9e des sanctions contre le Niger\u2026 une nouvelle victoire pour le Pr\u00e9sident Faure Gnassingb\u00e9"},"content":{"rendered":"\n<p class=\"wp-block-paragraph\"><strong><em>R\u00e9unis, le samedi 24 f\u00e9vrier dernier, \u00e0 Abuja lors de la 53\u00e8 session extraordinaire de la Conf\u00e9rence des Chefs d\u2019Etat et de Gouvernements de la Cedeao, le Pr\u00e9sident Faure Gnassingb\u00e9 et ses pairs ouest-africains ont, pour des raisons humanitaires, proc\u00e9d\u00e9 \u00e0 la lev\u00e9e, avec effet imm\u00e9diat, des sanctions contre la R\u00e9publique du Niger.<\/em><\/strong><\/p>\n\n\n\n<p class=\"wp-block-paragraph\">La 53\u00e8 session extraordinaire de la Conf\u00e9rence des chefs d\u2019Etat et de gouvernement de la Cedeao, tenue le weekend \u00e0 Abuja au Nigeria, a port\u00e9 sur l\u2019examen de plusieurs dossiers poignants, notamment la situation socio-politique, s\u00e9curitaire et diplomatique dans la sous-r\u00e9gion.<\/p>\n\n\n<div class=\"wp-block-image\">\n<figure class=\"aligncenter size-full\"><img loading=\"lazy\" decoding=\"async\" width=\"500\" height=\"333\" src=\"https:\/\/macite.tg\/wp-content\/uploads\/2024\/02\/736fcdf62a09249dd3201874c4d48f47_L.jpg\" alt=\"\" class=\"wp-image-12864\" srcset=\"https:\/\/macite.tg\/wp-content\/uploads\/2024\/02\/736fcdf62a09249dd3201874c4d48f47_L.jpg 500w, https:\/\/macite.tg\/wp-content\/uploads\/2024\/02\/736fcdf62a09249dd3201874c4d48f47_L-300x200.jpg 300w, https:\/\/macite.tg\/wp-content\/uploads\/2024\/02\/736fcdf62a09249dd3201874c4d48f47_L-112x75.jpg 112w, https:\/\/macite.tg\/wp-content\/uploads\/2024\/02\/736fcdf62a09249dd3201874c4d48f47_L-425x283.jpg 425w, https:\/\/macite.tg\/wp-content\/uploads\/2024\/02\/736fcdf62a09249dd3201874c4d48f47_L-430x287.jpg 430w\" sizes=\"auto, (max-width: 500px) 100vw, 500px\" \/><figcaption class=\"wp-element-caption\"><strong><em>Une vue de l&rsquo;assistance lors des travaux samedi \u00e0 Abuja, au Nigeria.<\/em><\/strong><\/figcaption><\/figure>\n<\/div>\n\n\n<p class=\"wp-block-paragraph\">Au terme des travaux pr\u00e9sid\u00e9s par le leader nig\u00e9rian, Bola Tinubu, la Commission de la Cedeao a, pour des raisons humanitaires, annonc\u00e9 la lev\u00e9e des sanctions \u00e9conomiques, de fermeture de fronti\u00e8res et de gel des transactions et avoirs du Niger, ceci avec effet imm\u00e9diat. La Commission a saisi la m\u00eame occasion pour demander la lib\u00e9ration imm\u00e9diate de l\u2019ancien chef d\u2019Etat Mohamed Bazoum, toujours aux mains du nouveau r\u00e9gime \u00e0 Niamey.&nbsp;<\/p>\n\n\n\n<p class=\"wp-block-paragraph\">Au sujet de la fronde men\u00e9e par le Mali, le Burkina Faso et le Niger de quitter l\u2019organisation sous r\u00e9gionale, le pr\u00e9sident en exercice de la Conf\u00e9rence des chefs d\u2019Etat et de Gouvernement de la Cedeao demande instamment \u00e0 ces trois pays de reconsid\u00e9rer leur position, en renon\u00e7ant \u00e0 ce projet \u2018\u2019funeste\u2019\u2019.<\/p>\n\n\n<div class=\"wp-block-image\">\n<figure class=\"aligncenter size-large is-resized\"><img loading=\"lazy\" decoding=\"async\" src=\"https:\/\/macite.tg\/wp-content\/uploads\/2024\/02\/IMG-20240220-WA0062-868x1024.jpg\" alt=\"\" class=\"wp-image-12721\" width=\"575\" height=\"677\" srcset=\"https:\/\/macite.tg\/wp-content\/uploads\/2024\/02\/IMG-20240220-WA0062-868x1024.jpg 868w, https:\/\/macite.tg\/wp-content\/uploads\/2024\/02\/IMG-20240220-WA0062-254x300.jpg 254w, https:\/\/macite.tg\/wp-content\/uploads\/2024\/02\/IMG-20240220-WA0062-768x906.jpg 768w, https:\/\/macite.tg\/wp-content\/uploads\/2024\/02\/IMG-20240220-WA0062-1302x1536.jpg 1302w, https:\/\/macite.tg\/wp-content\/uploads\/2024\/02\/IMG-20240220-WA0062.jpg 1356w\" sizes=\"auto, (max-width: 575px) 100vw, 575px\" \/><\/figure>\n<\/div>\n\n\n<p class=\"wp-block-paragraph\">Notons que cette nouvelle posture de la Cedeao avait \u00e9t\u00e9 \u00e9voqu\u00e9e avec le leader ivoirien, Alassane Ouattara, la semaine derni\u00e8re \u00e0 Abidjan, par le m\u00e9diateur d\u00e9sign\u00e9 de la Cedeao, notamment le Chef de l\u2019Etat togolais, Faure Gnassingb\u00e9. Les deux dirigeants avaient convenu de r\u00e9\u00e9valuer les strat\u00e9gies de gestion de crises au sein de l\u2019Organisation sous r\u00e9gionale, en privil\u00e9giant le dialogue et la concertation comme seules armes de r\u00e9solution de diff\u00e9rends.<\/p>\n\n\n\n<p class=\"wp-block-paragraph\"><strong>La R\u00e9daction<\/strong><\/p>\n\n\n\n<p class=\"wp-block-paragraph\"><a><strong><em>@macite.tg&nbsp;&nbsp;&nbsp;&nbsp;&nbsp;&nbsp;&nbsp;&nbsp;<\/em><\/strong><\/a><\/p>\n\n\n\n<p class=\"wp-block-paragraph\"><strong><em>E-mail&nbsp;: <\/em><\/strong><a href=\"mailto:maciteinfo@gmail.com\"><strong><em>maciteinfo@gmail.com<\/em><\/strong><\/a><strong><em>; <\/em><\/strong><a href=\"mailto:bawela1@gmail.com\"><strong><em>bawela1@gmail.com<\/em><\/strong><\/a><strong><em><\/em><\/strong><\/p>\n\n\n\n<p class=\"wp-block-paragraph\"><strong><em>Pour vos annonces, (publi)reportages, etc., joignez-nous au (00228)91515309\/<strong>79872224 <\/strong>www.macite.tg, L\u2019information, la bonne&nbsp;!<\/em><\/strong><\/p>\n","protected":false},"excerpt":{"rendered":"<p class=\"text-justify mb-2\" >R\u00e9unis, le samedi 24 f\u00e9vrier dernier, \u00e0 Abuja lors de la 53\u00e8 session extraordinaire de la Conf\u00e9rence des Chefs d\u2019Etat et de Gouvernements de la Cedeao, le Pr\u00e9sident Faure Gnassingb\u00e9 et ses pairs ouest-africains ont, pour des raisons humanitaires, proc\u00e9d\u00e9 \u00e0 la lev\u00e9e, avec effet [&hellip;]<\/p>\n","protected":false},"author":2,"featured_media":12871,"comment_status":"open","ping_status":"open","sticky":false,"template":"","format":"standard","meta":{"footnotes":""},"categories":[20,1],"tags":[],"class_list":["post-12862","post","type-post","status-publish","format-standard","has-post-thumbnail","hentry","category-actualite","category-politique"],"yoast_head":"<!-- This site is optimized with the Yoast SEO plugin v28.4 - https:\/\/yoast.com\/product\/yoast-seo-wordpress\/ -->\n<title>CEDEAO\u00a0: Lev\u00e9e des sanctions contre le Niger\u2026 une nouvelle victoire pour le Pr\u00e9sident Faure Gnassingb\u00e9 -<\/title>\n<meta name=\"robots\" content=\"index, follow, max-snippet:-1, max-image-preview:large, max-video-preview:-1\" \/>\n<link rel=\"canonical\" href=\"https:\/\/macite.tg\/?p=12862\" \/>\n<meta property=\"og:locale\" content=\"fr_FR\" \/>\n<meta property=\"og:type\" content=\"article\" \/>\n<meta property=\"og:title\" content=\"CEDEAO\u00a0: Lev\u00e9e des sanctions contre le Niger\u2026 une nouvelle victoire pour le Pr\u00e9sident Faure Gnassingb\u00e9 -\" \/>\n<meta property=\"og:description\" content=\"R\u00e9unis, le samedi 24 f\u00e9vrier dernier, \u00e0 Abuja lors de la 53\u00e8 session extraordinaire de la Conf\u00e9rence des Chefs d\u2019Etat et de Gouvernements de la Cedeao, le Pr\u00e9sident Faure Gnassingb\u00e9 et ses pairs ouest-africains ont, pour des raisons humanitaires, proc\u00e9d\u00e9 \u00e0 la lev\u00e9e, avec effet [&hellip;]\" \/>\n<meta property=\"og:url\" content=\"https:\/\/macite.tg\/?p=12862\" \/>\n<meta property=\"article:published_time\" content=\"2024-02-26T14:47:49+00:00\" \/>\n<meta property=\"article:modified_time\" content=\"2024-02-26T15:22:25+00:00\" \/>\n<meta property=\"og:image\" content=\"https:\/\/macite.tg\/wp-content\/uploads\/2024\/02\/e0d707b860da4717ab8b2e6725d0c3c8.jpg\" \/>\n\t<meta property=\"og:image:width\" content=\"1280\" \/>\n\t<meta property=\"og:image:height\" content=\"840\" \/>\n\t<meta property=\"og:image:type\" content=\"image\/jpeg\" \/>\n<meta name=\"author\" content=\"Jean Pierre BAWELA\" \/>\n<meta name=\"twitter:card\" content=\"summary_large_image\" \/>\n<meta name=\"twitter:label1\" content=\"\u00c9crit par\" \/>\n\t<meta name=\"twitter:data1\" content=\"Jean Pierre BAWELA\" \/>\n\t<meta name=\"twitter:label2\" content=\"Dur\u00e9e de lecture estim\u00e9e\" \/>\n\t<meta name=\"twitter:data2\" content=\"2 minutes\" \/>\n<script type=\"application\/ld+json\" class=\"yoast-schema-graph\">{\"@context\":\"https:\\\/\\\/schema.org\",\"@graph\":[{\"@type\":\"Article\",\"@id\":\"https:\\\/\\\/macite.tg\\\/?p=12862#article\",\"isPartOf\":{\"@id\":\"https:\\\/\\\/macite.tg\\\/?p=12862\"},\"author\":{\"name\":\"Jean Pierre BAWELA\",\"@id\":\"https:\\\/\\\/macite.tg\\\/#\\\/schema\\\/person\\\/e9f2de7e5dbbe7770a9402c7ce82f5c2\"},\"headline\":\"CEDEAO\u00a0: Lev\u00e9e des sanctions contre le Niger\u2026 une nouvelle victoire pour le Pr\u00e9sident Faure Gnassingb\u00e9\",\"datePublished\":\"2024-02-26T14:47:49+00:00\",\"dateModified\":\"2024-02-26T15:22:25+00:00\",\"mainEntityOfPage\":{\"@id\":\"https:\\\/\\\/macite.tg\\\/?p=12862\"},\"wordCount\":389,\"commentCount\":0,\"image\":{\"@id\":\"https:\\\/\\\/macite.tg\\\/?p=12862#primaryimage\"},\"thumbnailUrl\":\"https:\\\/\\\/macite.tg\\\/wp-content\\\/uploads\\\/2024\\\/02\\\/e0d707b860da4717ab8b2e6725d0c3c8.jpg\",\"articleSection\":[\"ACTUALITE\",\"POLITIQUE\"],\"inLanguage\":\"fr-FR\",\"potentialAction\":[{\"@type\":\"CommentAction\",\"name\":\"Comment\",\"target\":[\"https:\\\/\\\/macite.tg\\\/?p=12862#respond\"]}]},{\"@type\":\"WebPage\",\"@id\":\"https:\\\/\\\/macite.tg\\\/?p=12862\",\"url\":\"https:\\\/\\\/macite.tg\\\/?p=12862\",\"name\":\"CEDEAO\u00a0: Lev\u00e9e des sanctions contre le Niger\u2026 une nouvelle victoire pour le Pr\u00e9sident Faure Gnassingb\u00e9 -\",\"isPartOf\":{\"@id\":\"https:\\\/\\\/macite.tg\\\/#website\"},\"primaryImageOfPage\":{\"@id\":\"https:\\\/\\\/macite.tg\\\/?p=12862#primaryimage\"},\"image\":{\"@id\":\"https:\\\/\\\/macite.tg\\\/?p=12862#primaryimage\"},\"thumbnailUrl\":\"https:\\\/\\\/macite.tg\\\/wp-content\\\/uploads\\\/2024\\\/02\\\/e0d707b860da4717ab8b2e6725d0c3c8.jpg\",\"datePublished\":\"2024-02-26T14:47:49+00:00\",\"dateModified\":\"2024-02-26T15:22:25+00:00\",\"author\":{\"@id\":\"https:\\\/\\\/macite.tg\\\/#\\\/schema\\\/person\\\/e9f2de7e5dbbe7770a9402c7ce82f5c2\"},\"breadcrumb\":{\"@id\":\"https:\\\/\\\/macite.tg\\\/?p=12862#breadcrumb\"},\"inLanguage\":\"fr-FR\",\"potentialAction\":[{\"@type\":\"ReadAction\",\"target\":[\"https:\\\/\\\/macite.tg\\\/?p=12862\"]}]},{\"@type\":\"ImageObject\",\"inLanguage\":\"fr-FR\",\"@id\":\"https:\\\/\\\/macite.tg\\\/?p=12862#primaryimage\",\"url\":\"https:\\\/\\\/macite.tg\\\/wp-content\\\/uploads\\\/2024\\\/02\\\/e0d707b860da4717ab8b2e6725d0c3c8.jpg\",\"contentUrl\":\"https:\\\/\\\/macite.tg\\\/wp-content\\\/uploads\\\/2024\\\/02\\\/e0d707b860da4717ab8b2e6725d0c3c8.jpg\",\"width\":1280,\"height\":840},{\"@type\":\"BreadcrumbList\",\"@id\":\"https:\\\/\\\/macite.tg\\\/?p=12862#breadcrumb\",\"itemListElement\":[{\"@type\":\"ListItem\",\"position\":1,\"name\":\"Accueil\",\"item\":\"https:\\\/\\\/macite.tg\\\/\"},{\"@type\":\"ListItem\",\"position\":2,\"name\":\"CEDEAO\u00a0: Lev\u00e9e des sanctions contre le Niger\u2026 une nouvelle victoire pour le Pr\u00e9sident Faure Gnassingb\u00e9\"}]},{\"@type\":\"WebSite\",\"@id\":\"https:\\\/\\\/macite.tg\\\/#website\",\"url\":\"https:\\\/\\\/macite.tg\\\/\",\"name\":\"\",\"description\":\"L&#039;information, la bonne!!!\",\"potentialAction\":[{\"@type\":\"SearchAction\",\"target\":{\"@type\":\"EntryPoint\",\"urlTemplate\":\"https:\\\/\\\/macite.tg\\\/?s={search_term_string}\"},\"query-input\":{\"@type\":\"PropertyValueSpecification\",\"valueRequired\":true,\"valueName\":\"search_term_string\"}}],\"inLanguage\":\"fr-FR\"},{\"@type\":\"Person\",\"@id\":\"https:\\\/\\\/macite.tg\\\/#\\\/schema\\\/person\\\/e9f2de7e5dbbe7770a9402c7ce82f5c2\",\"name\":\"Jean Pierre BAWELA\",\"image\":{\"@type\":\"ImageObject\",\"inLanguage\":\"fr-FR\",\"@id\":\"https:\\\/\\\/macite.tg\\\/wp-content\\\/uploads\\\/2023\\\/09\\\/WhatsApp-Image-2023-09-19-at-14.44.41-122x122.jpeg\",\"url\":\"https:\\\/\\\/macite.tg\\\/wp-content\\\/uploads\\\/2023\\\/09\\\/WhatsApp-Image-2023-09-19-at-14.44.41-122x122.jpeg\",\"contentUrl\":\"https:\\\/\\\/macite.tg\\\/wp-content\\\/uploads\\\/2023\\\/09\\\/WhatsApp-Image-2023-09-19-at-14.44.41-122x122.jpeg\",\"caption\":\"Jean Pierre BAWELA\"},\"url\":\"https:\\\/\\\/macite.tg\\\/?author=2\"}]}<\/script>\n<!-- \/ Yoast SEO plugin. -->","yoast_head_json":{"title":"CEDEAO\u00a0: Lev\u00e9e des sanctions contre le Niger\u2026 une nouvelle victoire pour le Pr\u00e9sident Faure Gnassingb\u00e9 -","robots":{"index":"index","follow":"follow","max-snippet":"max-snippet:-1","max-image-preview":"max-image-preview:large","max-video-preview":"max-video-preview:-1"},"canonical":"https:\/\/macite.tg\/?p=12862","og_locale":"fr_FR","og_type":"article","og_title":"CEDEAO\u00a0: Lev\u00e9e des sanctions contre le Niger\u2026 une nouvelle victoire pour le Pr\u00e9sident Faure Gnassingb\u00e9 -","og_description":"R\u00e9unis, le samedi 24 f\u00e9vrier dernier, \u00e0 Abuja lors de la 53\u00e8 session extraordinaire de la Conf\u00e9rence des Chefs d\u2019Etat et de Gouvernements de la Cedeao, le Pr\u00e9sident Faure Gnassingb\u00e9 et ses pairs ouest-africains ont, pour des raisons humanitaires, proc\u00e9d\u00e9 \u00e0 la lev\u00e9e, avec effet [&hellip;]","og_url":"https:\/\/macite.tg\/?p=12862","article_published_time":"2024-02-26T14:47:49+00:00","article_modified_time":"2024-02-26T15:22:25+00:00","og_image":[{"width":1280,"height":840,"url":"https:\/\/macite.tg\/wp-content\/uploads\/2024\/02\/e0d707b860da4717ab8b2e6725d0c3c8.jpg","type":"image\/jpeg"}],"author":"Jean Pierre BAWELA","twitter_card":"summary_large_image","twitter_misc":{"\u00c9crit par":"Jean Pierre BAWELA","Dur\u00e9e de lecture estim\u00e9e":"2 minutes"},"schema":{"@context":"https:\/\/schema.org","@graph":[{"@type":"Article","@id":"https:\/\/macite.tg\/?p=12862#article","isPartOf":{"@id":"https:\/\/macite.tg\/?p=12862"},"author":{"name":"Jean Pierre BAWELA","@id":"https:\/\/macite.tg\/#\/schema\/person\/e9f2de7e5dbbe7770a9402c7ce82f5c2"},"headline":"CEDEAO\u00a0: Lev\u00e9e des sanctions contre le Niger\u2026 une nouvelle victoire pour le Pr\u00e9sident Faure Gnassingb\u00e9","datePublished":"2024-02-26T14:47:49+00:00","dateModified":"2024-02-26T15:22:25+00:00","mainEntityOfPage":{"@id":"https:\/\/macite.tg\/?p=12862"},"wordCount":389,"commentCount":0,"image":{"@id":"https:\/\/macite.tg\/?p=12862#primaryimage"},"thumbnailUrl":"https:\/\/macite.tg\/wp-content\/uploads\/2024\/02\/e0d707b860da4717ab8b2e6725d0c3c8.jpg","articleSection":["ACTUALITE","POLITIQUE"],"inLanguage":"fr-FR","potentialAction":[{"@type":"CommentAction","name":"Comment","target":["https:\/\/macite.tg\/?p=12862#respond"]}]},{"@type":"WebPage","@id":"https:\/\/macite.tg\/?p=12862","url":"https:\/\/macite.tg\/?p=12862","name":"CEDEAO\u00a0: Lev\u00e9e des sanctions contre le Niger\u2026 une nouvelle victoire pour le Pr\u00e9sident Faure Gnassingb\u00e9 -","isPartOf":{"@id":"https:\/\/macite.tg\/#website"},"primaryImageOfPage":{"@id":"https:\/\/macite.tg\/?p=12862#primaryimage"},"image":{"@id":"https:\/\/macite.tg\/?p=12862#primaryimage"},"thumbnailUrl":"https:\/\/macite.tg\/wp-content\/uploads\/2024\/02\/e0d707b860da4717ab8b2e6725d0c3c8.jpg","datePublished":"2024-02-26T14:47:49+00:00","dateModified":"2024-02-26T15:22:25+00:00","author":{"@id":"https:\/\/macite.tg\/#\/schema\/person\/e9f2de7e5dbbe7770a9402c7ce82f5c2"},"breadcrumb":{"@id":"https:\/\/macite.tg\/?p=12862#breadcrumb"},"inLanguage":"fr-FR","potentialAction":[{"@type":"ReadAction","target":["https:\/\/macite.tg\/?p=12862"]}]},{"@type":"ImageObject","inLanguage":"fr-FR","@id":"https:\/\/macite.tg\/?p=12862#primaryimage","url":"https:\/\/macite.tg\/wp-content\/uploads\/2024\/02\/e0d707b860da4717ab8b2e6725d0c3c8.jpg","contentUrl":"https:\/\/macite.tg\/wp-content\/uploads\/2024\/02\/e0d707b860da4717ab8b2e6725d0c3c8.jpg","width":1280,"height":840},{"@type":"BreadcrumbList","@id":"https:\/\/macite.tg\/?p=12862#breadcrumb","itemListElement":[{"@type":"ListItem","position":1,"name":"Accueil","item":"https:\/\/macite.tg\/"},{"@type":"ListItem","position":2,"name":"CEDEAO\u00a0: Lev\u00e9e des sanctions contre le Niger\u2026 une nouvelle victoire pour le Pr\u00e9sident Faure Gnassingb\u00e9"}]},{"@type":"WebSite","@id":"https:\/\/macite.tg\/#website","url":"https:\/\/macite.tg\/","name":"","description":"L&#039;information, la bonne!!!","potentialAction":[{"@type":"SearchAction","target":{"@type":"EntryPoint","urlTemplate":"https:\/\/macite.tg\/?s={search_term_string}"},"query-input":{"@type":"PropertyValueSpecification","valueRequired":true,"valueName":"search_term_string"}}],"inLanguage":"fr-FR"},{"@type":"Person","@id":"https:\/\/macite.tg\/#\/schema\/person\/e9f2de7e5dbbe7770a9402c7ce82f5c2","name":"Jean Pierre BAWELA","image":{"@type":"ImageObject","inLanguage":"fr-FR","@id":"https:\/\/macite.tg\/wp-content\/uploads\/2023\/09\/WhatsApp-Image-2023-09-19-at-14.44.41-122x122.jpeg","url":"https:\/\/macite.tg\/wp-content\/uploads\/2023\/09\/WhatsApp-Image-2023-09-19-at-14.44.41-122x122.jpeg","contentUrl":"https:\/\/macite.tg\/wp-content\/uploads\/2023\/09\/WhatsApp-Image-2023-09-19-at-14.44.41-122x122.jpeg","caption":"Jean Pierre BAWELA"},"url":"https:\/\/macite.tg\/?author=2"}]}},"_links":{"self":[{"href":"https:\/\/macite.tg\/index.php?rest_route=\/wp\/v2\/posts\/12862","targetHints":{"allow":["GET"]}}],"collection":[{"href":"https:\/\/macite.tg\/index.php?rest_route=\/wp\/v2\/posts"}],"about":[{"href":"https:\/\/macite.tg\/index.php?rest_route=\/wp\/v2\/types\/post"}],"author":[{"embeddable":true,"href":"https:\/\/macite.tg\/index.php?rest_route=\/wp\/v2\/users\/2"}],"replies":[{"embeddable":true,"href":"https:\/\/macite.tg\/index.php?rest_route=%2Fwp%2Fv2%2Fcomments&post=12862"}],"version-history":[{"count":0,"href":"https:\/\/macite.tg\/index.php?rest_route=\/wp\/v2\/posts\/12862\/revisions"}],"wp:featuredmedia":[{"embeddable":true,"href":"https:\/\/macite.tg\/index.php?rest_route=\/wp\/v2\/media\/12871"}],"wp:attachment":[{"href":"https:\/\/macite.tg\/index.php?rest_route=%2Fwp%2Fv2%2Fmedia&parent=12862"}],"wp:term":[{"taxonomy":"category","embeddable":true,"href":"https:\/\/macite.tg\/index.php?rest_route=%2Fwp%2Fv2%2Fcategories&post=12862"},{"taxonomy":"post_tag","embeddable":true,"href":"https:\/\/macite.tg\/index.php?rest_route=%2Fwp%2Fv2%2Ftags&post=12862"}],"curies":[{"name":"wp","href":"https:\/\/api.w.org\/{rel}","templated":true}]}}