{"id":12854,"date":"2024-02-26T12:04:56","date_gmt":"2024-02-26T12:04:56","guid":{"rendered":"https:\/\/macite.tg\/?p=12854"},"modified":"2024-02-26T12:06:17","modified_gmt":"2024-02-26T12:06:17","slug":"senegal-rassemblement-du-f24-du-rififi-dans-le-camp-de-deux-poids-lourds-de-lopposition","status":"publish","type":"post","link":"https:\/\/macite.tg\/?p=12854","title":{"rendered":"SENEGAL \/RASSEMBLEMENT DU F24 : Du rififi entre deux poids lourds de l\u2019opposition"},"content":{"rendered":"\n<p class=\"wp-block-paragraph\"><strong><em>Le rassemblement du&nbsp;<a href=\"https:\/\/www.senenews.com\/en-direct-live\/direct-presidentielle-suivez-en-direct-le-grand-rassemblement-du-f24-video_485258.html\">F24<\/a>&nbsp;a \u00e9t\u00e9 \u00e9maill\u00e9 d\u2019injures, jets de pierres et de bagarre entre militants de Khalifa et de Sonko.<\/em><\/strong> <em><strong>Ce n\u2019est plus le parfait amour entre militants de Taxawu de Khalifa Sall et ceux de Pastef dissous de Ousmane Sonko.&nbsp; Les railleries et autres attaques not\u00e9es dans les r\u00e9seaux sociaux entre militants se traduisent d\u00e9sormais par des injures et des bagarres sur le terrain.<\/strong><\/em><\/p>\n\n\n\n<p class=\"wp-block-paragraph\">En effet, comme relat\u00e9 par Les Echos, au terme du rassemblement du F24 au terrain des Hlm Grand-Yoff, les militants de Khalifa et de Sonko en sont venus aux mains. Une bagarre rang\u00e9e, des jets de pierres, agr\u00e9ment\u00e9s par des \u00e9changes houleux, des mots qui ont vol\u00e9 bas. Pourtant, rien ne pr\u00e9sageait cette ambiance \u00e9lectrique, encore moins cet incident entre militants.<\/p>\n\n\n<div class=\"wp-block-image\">\n<figure class=\"aligncenter size-large is-resized\"><img loading=\"lazy\" decoding=\"async\" src=\"https:\/\/macite.tg\/wp-content\/uploads\/2024\/02\/IMG-20240220-WA0062-868x1024.jpg\" alt=\"\" class=\"wp-image-12721\" width=\"569\" height=\"670\" srcset=\"https:\/\/macite.tg\/wp-content\/uploads\/2024\/02\/IMG-20240220-WA0062-868x1024.jpg 868w, https:\/\/macite.tg\/wp-content\/uploads\/2024\/02\/IMG-20240220-WA0062-254x300.jpg 254w, https:\/\/macite.tg\/wp-content\/uploads\/2024\/02\/IMG-20240220-WA0062-768x906.jpg 768w, https:\/\/macite.tg\/wp-content\/uploads\/2024\/02\/IMG-20240220-WA0062-1302x1536.jpg 1302w, https:\/\/macite.tg\/wp-content\/uploads\/2024\/02\/IMG-20240220-WA0062.jpg 1356w\" sizes=\"auto, (max-width: 569px) 100vw, 569px\" \/><\/figure>\n<\/div>\n\n\n<p class=\"wp-block-paragraph\">Tous les deux camps ayant fortement mobilis\u00e9 \u00e0 l\u2019occasion de ce rassemblement se sont distingu\u00e9s dans l\u2019animation avec des chants et des slogans en faveur de leurs leaders respectifs ; quand, tout d\u2019un coup, des injures ont fus\u00e9. Une rivalit\u00e9 de gros mots dans une ambiance tendue, avec des bousculades, des empoignades, de la bagarre.<br>Une militante de Tawaxu, Lacoste noir avec l\u2019inscription <em>\u00ab les amazones de Khalifa \u00bb,<\/em> est tomb\u00e9e dans les vapes durant cette altercation muscl\u00e9e.<\/p>\n\n\n\n<p class=\"wp-block-paragraph\"><em>\u00abNous avons le m\u00eame combat et il ne faut pas qu\u2019on se trompe d\u2019adversaire. Mais, certains partisans de Sonko se comportent d\u2019une mani\u00e8re irresponsable. Sonko n\u2019a jamais demand\u00e9 \u00e0 ses militants d\u2019insulter Khalifa. Ils sont avec Sonko et nous sommes avec Khalifa donc, il faut qu\u2019on se respecte, que chacun respecte le leader de l\u2019autre. Nous n\u2019avons jamais tenu de propos d\u00e9plac\u00e9s \u00e0 l\u2019endroit de leur leader, c\u2019est eux qui nous provoquent tout le temps.<\/em><\/p>\n\n\n<div class=\"wp-block-image\">\n<figure class=\"aligncenter size-large is-resized\"><img loading=\"lazy\" decoding=\"async\" src=\"https:\/\/macite.tg\/wp-content\/uploads\/2024\/02\/GBps6MVW8AAmcgK-2-819x1024.jpg\" alt=\"\" class=\"wp-image-12856\" width=\"551\" height=\"689\" srcset=\"https:\/\/macite.tg\/wp-content\/uploads\/2024\/02\/GBps6MVW8AAmcgK-2-819x1024.jpg 819w, https:\/\/macite.tg\/wp-content\/uploads\/2024\/02\/GBps6MVW8AAmcgK-2-240x300.jpg 240w, https:\/\/macite.tg\/wp-content\/uploads\/2024\/02\/GBps6MVW8AAmcgK-2-768x960.jpg 768w, https:\/\/macite.tg\/wp-content\/uploads\/2024\/02\/GBps6MVW8AAmcgK-2.jpg 864w\" sizes=\"auto, (max-width: 551px) 100vw, 551px\" \/><\/figure>\n<\/div>\n\n\n<p class=\"wp-block-paragraph\"><em>A chaque fois qu\u2019on se croise, ils nous insultent. Nous n\u2019allons plus l\u2019accepter, nous ne sommes pas des poltrons et nous r\u00e9pondrons coup pour coup d\u00e9sormais <\/em>\u00bb, s\u2019indigne une des amazones de Khalifa Sall.<\/p>\n\n\n\n<p class=\"wp-block-paragraph\">Sur un ton railleur, une militante de Pastef de r\u00e9pliquer :&nbsp;<em>\u00ab leur probl\u00e8me c\u2019est d\u2019\u00eatre candidat \u00e0 la pr\u00e9sidentielle par tous les moyens ; par contre, pour nous, ce n\u2019est pas un probl\u00e8me.<\/em><\/p>\n\n\n\n<p class=\"wp-block-paragraph\"><em>La preuve, Sonko n\u2019est pas candidat. Mais Sonko moy Diomaye\u00bb, indique la militante de Pastef, une photo de Sonko et Diomaye fi\u00e8rement brandie. Finalement, le calme est revenu gr\u00e2ce \u00e0 la volont\u00e9 de certains militants des deux partis de surmonter cet incident malheureux.&nbsp;\u00bb.<\/em><\/p>\n\n\n\n<p class=\"wp-block-paragraph\"><strong>SeneNews<\/strong><\/p>\n\n\n\n<p class=\"wp-block-paragraph\"><a><strong><em>@macite.tg&nbsp;&nbsp;&nbsp;&nbsp;&nbsp;&nbsp;&nbsp;&nbsp;<\/em><\/strong><\/a><\/p>\n\n\n\n<p class=\"wp-block-paragraph\"><strong><em>E-mail&nbsp;: <\/em><\/strong><a href=\"mailto:maciteinfo@gmail.com\"><strong><em>maciteinfo@gmail.com<\/em><\/strong><\/a><strong><em>; <\/em><\/strong><a href=\"mailto:bawela1@gmail.com\"><strong><em>bawela1@gmail.com<\/em><\/strong><\/a><strong><em><\/em><\/strong><\/p>\n\n\n\n<p class=\"wp-block-paragraph\"><strong><em>Pour vos annonces, (publi)reportages, etc., joignez-nous au (00228)91515309\/<strong>79872224 <\/strong>www.macite.tg, L\u2019information, la bonne&nbsp;!<\/em><\/strong><\/p>\n","protected":false},"excerpt":{"rendered":"<p class=\"text-justify mb-2\" >Le rassemblement du&nbsp;F24&nbsp;a \u00e9t\u00e9 \u00e9maill\u00e9 d\u2019injures, jets de pierres et de bagarre entre militants de Khalifa et de Sonko. Ce n\u2019est plus le parfait amour entre militants de Taxawu de Khalifa Sall et ceux de Pastef dissous de Ousmane Sonko.&nbsp; Les railleries et autres attaques [&hellip;]<\/p>\n","protected":false},"author":2,"featured_media":12855,"comment_status":"open","ping_status":"open","sticky":false,"template":"","format":"standard","meta":{"footnotes":""},"categories":[20,1],"tags":[],"class_list":["post-12854","post","type-post","status-publish","format-standard","has-post-thumbnail","hentry","category-actualite","category-politique"],"yoast_head":"<!-- This site is optimized with the Yoast SEO plugin v28.4 - https:\/\/yoast.com\/product\/yoast-seo-wordpress\/ -->\n<title>SENEGAL \/RASSEMBLEMENT DU F24 : Du rififi entre deux poids lourds de l\u2019opposition -<\/title>\n<meta name=\"robots\" content=\"index, follow, max-snippet:-1, max-image-preview:large, max-video-preview:-1\" \/>\n<link rel=\"canonical\" href=\"https:\/\/macite.tg\/?p=12854\" \/>\n<meta property=\"og:locale\" content=\"fr_FR\" \/>\n<meta property=\"og:type\" content=\"article\" \/>\n<meta property=\"og:title\" content=\"SENEGAL \/RASSEMBLEMENT DU F24 : Du rififi entre deux poids lourds de l\u2019opposition -\" \/>\n<meta property=\"og:description\" content=\"Le rassemblement du&nbsp;F24&nbsp;a \u00e9t\u00e9 \u00e9maill\u00e9 d\u2019injures, jets de pierres et de bagarre entre militants de Khalifa et de Sonko. Ce n\u2019est plus le parfait amour entre militants de Taxawu de Khalifa Sall et ceux de Pastef dissous de Ousmane Sonko.&nbsp; Les railleries et autres attaques [&hellip;]\" \/>\n<meta property=\"og:url\" content=\"https:\/\/macite.tg\/?p=12854\" \/>\n<meta property=\"article:published_time\" content=\"2024-02-26T12:04:56+00:00\" \/>\n<meta property=\"article:modified_time\" content=\"2024-02-26T12:06:17+00:00\" \/>\n<meta property=\"og:image\" content=\"https:\/\/macite.tg\/wp-content\/uploads\/2024\/02\/image-77.png\" \/>\n\t<meta property=\"og:image:width\" content=\"696\" \/>\n\t<meta property=\"og:image:height\" content=\"522\" \/>\n\t<meta property=\"og:image:type\" content=\"image\/png\" \/>\n<meta name=\"author\" content=\"Jean Pierre BAWELA\" \/>\n<meta name=\"twitter:card\" content=\"summary_large_image\" \/>\n<meta name=\"twitter:label1\" content=\"\u00c9crit par\" \/>\n\t<meta name=\"twitter:data1\" content=\"Jean Pierre BAWELA\" \/>\n\t<meta name=\"twitter:label2\" content=\"Dur\u00e9e de lecture estim\u00e9e\" \/>\n\t<meta name=\"twitter:data2\" content=\"2 minutes\" \/>\n<script type=\"application\/ld+json\" class=\"yoast-schema-graph\">{\"@context\":\"https:\\\/\\\/schema.org\",\"@graph\":[{\"@type\":\"Article\",\"@id\":\"https:\\\/\\\/macite.tg\\\/?p=12854#article\",\"isPartOf\":{\"@id\":\"https:\\\/\\\/macite.tg\\\/?p=12854\"},\"author\":{\"name\":\"Jean Pierre BAWELA\",\"@id\":\"https:\\\/\\\/macite.tg\\\/#\\\/schema\\\/person\\\/e9f2de7e5dbbe7770a9402c7ce82f5c2\"},\"headline\":\"SENEGAL \\\/RASSEMBLEMENT DU F24 : Du rififi entre deux poids lourds de l\u2019opposition\",\"datePublished\":\"2024-02-26T12:04:56+00:00\",\"dateModified\":\"2024-02-26T12:06:17+00:00\",\"mainEntityOfPage\":{\"@id\":\"https:\\\/\\\/macite.tg\\\/?p=12854\"},\"wordCount\":478,\"commentCount\":0,\"image\":{\"@id\":\"https:\\\/\\\/macite.tg\\\/?p=12854#primaryimage\"},\"thumbnailUrl\":\"https:\\\/\\\/macite.tg\\\/wp-content\\\/uploads\\\/2024\\\/02\\\/image-77.png\",\"articleSection\":[\"ACTUALITE\",\"POLITIQUE\"],\"inLanguage\":\"fr-FR\",\"potentialAction\":[{\"@type\":\"CommentAction\",\"name\":\"Comment\",\"target\":[\"https:\\\/\\\/macite.tg\\\/?p=12854#respond\"]}]},{\"@type\":\"WebPage\",\"@id\":\"https:\\\/\\\/macite.tg\\\/?p=12854\",\"url\":\"https:\\\/\\\/macite.tg\\\/?p=12854\",\"name\":\"SENEGAL \\\/RASSEMBLEMENT DU F24 : Du rififi entre deux poids lourds de l\u2019opposition -\",\"isPartOf\":{\"@id\":\"https:\\\/\\\/macite.tg\\\/#website\"},\"primaryImageOfPage\":{\"@id\":\"https:\\\/\\\/macite.tg\\\/?p=12854#primaryimage\"},\"image\":{\"@id\":\"https:\\\/\\\/macite.tg\\\/?p=12854#primaryimage\"},\"thumbnailUrl\":\"https:\\\/\\\/macite.tg\\\/wp-content\\\/uploads\\\/2024\\\/02\\\/image-77.png\",\"datePublished\":\"2024-02-26T12:04:56+00:00\",\"dateModified\":\"2024-02-26T12:06:17+00:00\",\"author\":{\"@id\":\"https:\\\/\\\/macite.tg\\\/#\\\/schema\\\/person\\\/e9f2de7e5dbbe7770a9402c7ce82f5c2\"},\"breadcrumb\":{\"@id\":\"https:\\\/\\\/macite.tg\\\/?p=12854#breadcrumb\"},\"inLanguage\":\"fr-FR\",\"potentialAction\":[{\"@type\":\"ReadAction\",\"target\":[\"https:\\\/\\\/macite.tg\\\/?p=12854\"]}]},{\"@type\":\"ImageObject\",\"inLanguage\":\"fr-FR\",\"@id\":\"https:\\\/\\\/macite.tg\\\/?p=12854#primaryimage\",\"url\":\"https:\\\/\\\/macite.tg\\\/wp-content\\\/uploads\\\/2024\\\/02\\\/image-77.png\",\"contentUrl\":\"https:\\\/\\\/macite.tg\\\/wp-content\\\/uploads\\\/2024\\\/02\\\/image-77.png\",\"width\":696,\"height\":522},{\"@type\":\"BreadcrumbList\",\"@id\":\"https:\\\/\\\/macite.tg\\\/?p=12854#breadcrumb\",\"itemListElement\":[{\"@type\":\"ListItem\",\"position\":1,\"name\":\"Accueil\",\"item\":\"https:\\\/\\\/macite.tg\\\/\"},{\"@type\":\"ListItem\",\"position\":2,\"name\":\"SENEGAL \\\/RASSEMBLEMENT DU F24 : Du rififi entre deux poids lourds de l\u2019opposition\"}]},{\"@type\":\"WebSite\",\"@id\":\"https:\\\/\\\/macite.tg\\\/#website\",\"url\":\"https:\\\/\\\/macite.tg\\\/\",\"name\":\"\",\"description\":\"L&#039;information, la bonne!!!\",\"potentialAction\":[{\"@type\":\"SearchAction\",\"target\":{\"@type\":\"EntryPoint\",\"urlTemplate\":\"https:\\\/\\\/macite.tg\\\/?s={search_term_string}\"},\"query-input\":{\"@type\":\"PropertyValueSpecification\",\"valueRequired\":true,\"valueName\":\"search_term_string\"}}],\"inLanguage\":\"fr-FR\"},{\"@type\":\"Person\",\"@id\":\"https:\\\/\\\/macite.tg\\\/#\\\/schema\\\/person\\\/e9f2de7e5dbbe7770a9402c7ce82f5c2\",\"name\":\"Jean Pierre BAWELA\",\"image\":{\"@type\":\"ImageObject\",\"inLanguage\":\"fr-FR\",\"@id\":\"https:\\\/\\\/macite.tg\\\/wp-content\\\/uploads\\\/2023\\\/09\\\/WhatsApp-Image-2023-09-19-at-14.44.41-122x122.jpeg\",\"url\":\"https:\\\/\\\/macite.tg\\\/wp-content\\\/uploads\\\/2023\\\/09\\\/WhatsApp-Image-2023-09-19-at-14.44.41-122x122.jpeg\",\"contentUrl\":\"https:\\\/\\\/macite.tg\\\/wp-content\\\/uploads\\\/2023\\\/09\\\/WhatsApp-Image-2023-09-19-at-14.44.41-122x122.jpeg\",\"caption\":\"Jean Pierre BAWELA\"},\"url\":\"https:\\\/\\\/macite.tg\\\/?author=2\"}]}<\/script>\n<!-- \/ Yoast SEO plugin. -->","yoast_head_json":{"title":"SENEGAL \/RASSEMBLEMENT DU F24 : Du rififi entre deux poids lourds de l\u2019opposition -","robots":{"index":"index","follow":"follow","max-snippet":"max-snippet:-1","max-image-preview":"max-image-preview:large","max-video-preview":"max-video-preview:-1"},"canonical":"https:\/\/macite.tg\/?p=12854","og_locale":"fr_FR","og_type":"article","og_title":"SENEGAL \/RASSEMBLEMENT DU F24 : Du rififi entre deux poids lourds de l\u2019opposition -","og_description":"Le rassemblement du&nbsp;F24&nbsp;a \u00e9t\u00e9 \u00e9maill\u00e9 d\u2019injures, jets de pierres et de bagarre entre militants de Khalifa et de Sonko. Ce n\u2019est plus le parfait amour entre militants de Taxawu de Khalifa Sall et ceux de Pastef dissous de Ousmane Sonko.&nbsp; Les railleries et autres attaques [&hellip;]","og_url":"https:\/\/macite.tg\/?p=12854","article_published_time":"2024-02-26T12:04:56+00:00","article_modified_time":"2024-02-26T12:06:17+00:00","og_image":[{"width":696,"height":522,"url":"https:\/\/macite.tg\/wp-content\/uploads\/2024\/02\/image-77.png","type":"image\/png"}],"author":"Jean Pierre BAWELA","twitter_card":"summary_large_image","twitter_misc":{"\u00c9crit par":"Jean Pierre BAWELA","Dur\u00e9e de lecture estim\u00e9e":"2 minutes"},"schema":{"@context":"https:\/\/schema.org","@graph":[{"@type":"Article","@id":"https:\/\/macite.tg\/?p=12854#article","isPartOf":{"@id":"https:\/\/macite.tg\/?p=12854"},"author":{"name":"Jean Pierre BAWELA","@id":"https:\/\/macite.tg\/#\/schema\/person\/e9f2de7e5dbbe7770a9402c7ce82f5c2"},"headline":"SENEGAL \/RASSEMBLEMENT DU F24 : Du rififi entre deux poids lourds de l\u2019opposition","datePublished":"2024-02-26T12:04:56+00:00","dateModified":"2024-02-26T12:06:17+00:00","mainEntityOfPage":{"@id":"https:\/\/macite.tg\/?p=12854"},"wordCount":478,"commentCount":0,"image":{"@id":"https:\/\/macite.tg\/?p=12854#primaryimage"},"thumbnailUrl":"https:\/\/macite.tg\/wp-content\/uploads\/2024\/02\/image-77.png","articleSection":["ACTUALITE","POLITIQUE"],"inLanguage":"fr-FR","potentialAction":[{"@type":"CommentAction","name":"Comment","target":["https:\/\/macite.tg\/?p=12854#respond"]}]},{"@type":"WebPage","@id":"https:\/\/macite.tg\/?p=12854","url":"https:\/\/macite.tg\/?p=12854","name":"SENEGAL \/RASSEMBLEMENT DU F24 : Du rififi entre deux poids lourds de l\u2019opposition -","isPartOf":{"@id":"https:\/\/macite.tg\/#website"},"primaryImageOfPage":{"@id":"https:\/\/macite.tg\/?p=12854#primaryimage"},"image":{"@id":"https:\/\/macite.tg\/?p=12854#primaryimage"},"thumbnailUrl":"https:\/\/macite.tg\/wp-content\/uploads\/2024\/02\/image-77.png","datePublished":"2024-02-26T12:04:56+00:00","dateModified":"2024-02-26T12:06:17+00:00","author":{"@id":"https:\/\/macite.tg\/#\/schema\/person\/e9f2de7e5dbbe7770a9402c7ce82f5c2"},"breadcrumb":{"@id":"https:\/\/macite.tg\/?p=12854#breadcrumb"},"inLanguage":"fr-FR","potentialAction":[{"@type":"ReadAction","target":["https:\/\/macite.tg\/?p=12854"]}]},{"@type":"ImageObject","inLanguage":"fr-FR","@id":"https:\/\/macite.tg\/?p=12854#primaryimage","url":"https:\/\/macite.tg\/wp-content\/uploads\/2024\/02\/image-77.png","contentUrl":"https:\/\/macite.tg\/wp-content\/uploads\/2024\/02\/image-77.png","width":696,"height":522},{"@type":"BreadcrumbList","@id":"https:\/\/macite.tg\/?p=12854#breadcrumb","itemListElement":[{"@type":"ListItem","position":1,"name":"Accueil","item":"https:\/\/macite.tg\/"},{"@type":"ListItem","position":2,"name":"SENEGAL \/RASSEMBLEMENT DU F24 : Du rififi entre deux poids lourds de l\u2019opposition"}]},{"@type":"WebSite","@id":"https:\/\/macite.tg\/#website","url":"https:\/\/macite.tg\/","name":"","description":"L&#039;information, la bonne!!!","potentialAction":[{"@type":"SearchAction","target":{"@type":"EntryPoint","urlTemplate":"https:\/\/macite.tg\/?s={search_term_string}"},"query-input":{"@type":"PropertyValueSpecification","valueRequired":true,"valueName":"search_term_string"}}],"inLanguage":"fr-FR"},{"@type":"Person","@id":"https:\/\/macite.tg\/#\/schema\/person\/e9f2de7e5dbbe7770a9402c7ce82f5c2","name":"Jean Pierre BAWELA","image":{"@type":"ImageObject","inLanguage":"fr-FR","@id":"https:\/\/macite.tg\/wp-content\/uploads\/2023\/09\/WhatsApp-Image-2023-09-19-at-14.44.41-122x122.jpeg","url":"https:\/\/macite.tg\/wp-content\/uploads\/2023\/09\/WhatsApp-Image-2023-09-19-at-14.44.41-122x122.jpeg","contentUrl":"https:\/\/macite.tg\/wp-content\/uploads\/2023\/09\/WhatsApp-Image-2023-09-19-at-14.44.41-122x122.jpeg","caption":"Jean Pierre BAWELA"},"url":"https:\/\/macite.tg\/?author=2"}]}},"_links":{"self":[{"href":"https:\/\/macite.tg\/index.php?rest_route=\/wp\/v2\/posts\/12854","targetHints":{"allow":["GET"]}}],"collection":[{"href":"https:\/\/macite.tg\/index.php?rest_route=\/wp\/v2\/posts"}],"about":[{"href":"https:\/\/macite.tg\/index.php?rest_route=\/wp\/v2\/types\/post"}],"author":[{"embeddable":true,"href":"https:\/\/macite.tg\/index.php?rest_route=\/wp\/v2\/users\/2"}],"replies":[{"embeddable":true,"href":"https:\/\/macite.tg\/index.php?rest_route=%2Fwp%2Fv2%2Fcomments&post=12854"}],"version-history":[{"count":0,"href":"https:\/\/macite.tg\/index.php?rest_route=\/wp\/v2\/posts\/12854\/revisions"}],"wp:featuredmedia":[{"embeddable":true,"href":"https:\/\/macite.tg\/index.php?rest_route=\/wp\/v2\/media\/12855"}],"wp:attachment":[{"href":"https:\/\/macite.tg\/index.php?rest_route=%2Fwp%2Fv2%2Fmedia&parent=12854"}],"wp:term":[{"taxonomy":"category","embeddable":true,"href":"https:\/\/macite.tg\/index.php?rest_route=%2Fwp%2Fv2%2Fcategories&post=12854"},{"taxonomy":"post_tag","embeddable":true,"href":"https:\/\/macite.tg\/index.php?rest_route=%2Fwp%2Fv2%2Ftags&post=12854"}],"curies":[{"name":"wp","href":"https:\/\/api.w.org\/{rel}","templated":true}]}}