{"id":12853,"date":"2024-02-26T12:27:42","date_gmt":"2024-02-26T12:27:42","guid":{"rendered":"https:\/\/macite.tg\/?p=12853"},"modified":"2024-02-26T12:27:44","modified_gmt":"2024-02-26T12:27:44","slug":"savanes-les-etats-unis-et-de-lallemagne-renforcent-la-capacite-operationnelle-du-purs","status":"publish","type":"post","link":"https:\/\/macite.tg\/?p=12853","title":{"rendered":"SAVANES : Les Etats-Unis et de l\u2019Allemagne renforcent la capacit\u00e9 op\u00e9rationnelle du Purs"},"content":{"rendered":"\n<p class=\"wp-block-paragraph\"><strong><em>Le Programme d\u2019urgence pour la r\u00e9gion des Savanes (Purs) a b\u00e9n\u00e9fici\u00e9, le jeudi 22 f\u00e9vrier dernier, d\u2019un appui des Etats-Unis et de la R\u00e9publique F\u00e9d\u00e9rale d\u2019Allemagne. C\u2019\u00e9tait \u00e0 la faveur du lancement officiel du M\u00e9canisme de stabilit\u00e9 des Etats c\u00f4tiers (Msec), fruit de la collaboration conjointe entre les Usa et l\u2019Allemagne pour la pr\u00e9vention des conflits.<\/em><\/strong><\/p>\n\n\n\n<p class=\"wp-block-paragraph\">Compos\u00e9 d\u2019un v\u00e9hicule Toyota 4\u00d74 et des \u00e9quipements informatiques, ce don va permettre \u00e0 la coordination du Purs d\u2019effectuer des descentes sur le terrain et de coordonner ses activit\u00e9s dans la r\u00e9gion confront\u00e9 \u00e0 la menace s\u00e9curitaire.<\/p>\n\n\n<div class=\"wp-block-image\">\n<figure class=\"aligncenter size-large is-resized\"><img loading=\"lazy\" decoding=\"async\" src=\"https:\/\/macite.tg\/wp-content\/uploads\/2024\/02\/IMG-20240220-WA0062-868x1024.jpg\" alt=\"\" class=\"wp-image-12721\" width=\"522\" height=\"615\" srcset=\"https:\/\/macite.tg\/wp-content\/uploads\/2024\/02\/IMG-20240220-WA0062-868x1024.jpg 868w, https:\/\/macite.tg\/wp-content\/uploads\/2024\/02\/IMG-20240220-WA0062-254x300.jpg 254w, https:\/\/macite.tg\/wp-content\/uploads\/2024\/02\/IMG-20240220-WA0062-768x906.jpg 768w, https:\/\/macite.tg\/wp-content\/uploads\/2024\/02\/IMG-20240220-WA0062-1302x1536.jpg 1302w, https:\/\/macite.tg\/wp-content\/uploads\/2024\/02\/IMG-20240220-WA0062.jpg 1356w\" sizes=\"auto, (max-width: 522px) 100vw, 522px\" \/><\/figure>\n<\/div>\n\n\n<p class=\"wp-block-paragraph\">Ce don qui s\u2019inscrit dans le cadre du lancement du M\u00e9canisme de stabilit\u00e9 des Etats c\u00f4tiers (Msec), est le fruit d\u2019une collaboration entre les Etats-Unis et la R\u00e9publique F\u00e9d\u00e9rale d\u2019Allemagne. Ainsi, \u00e0 travers le Msec, les deux pays s\u2019engagent aux c\u00f4t\u00e9s du Togo, pour apporter un soutien concret pour aider \u00e0 la mise en \u0153uvre des initiatives du Purs en faveur de la stabilit\u00e9 et du bien-\u00eatre des communaut\u00e9s.<\/p>\n\n\n\n<p class=\"wp-block-paragraph\">Un soutien \u00e0 la coordination op\u00e9rationnelle du Purs, que l\u2019Ambassadeur d\u2019Allemagne au Togo, Claudius Fischbach, trouve n\u00e9cessaire pour une \u00ab <em>r\u00e9ponse rapide et plus efficace aux d\u00e9fis de la r\u00e9gion des Savanes<\/em>&nbsp;\u00bb.<\/p>\n\n\n\n<p class=\"wp-block-paragraph\">\u00ab&nbsp;<em>Nous croyons fermement qu&rsquo;en partenariat avec les gouvernements, les organisations et les communaut\u00e9s, nous pouvons favoriser des conditions de stabilit\u00e9 r\u00e9gionale \u00e0 long terme<\/em>&nbsp;\u00bb, a indiqu\u00e9, pour sa part, la diplomate am\u00e9ricaine en poste \u00e0 Lom\u00e9, Elizabeth Fitzsimmons.<\/p>\n\n\n<div class=\"wp-block-image\">\n<figure class=\"aligncenter size-large is-resized\"><img loading=\"lazy\" decoding=\"async\" src=\"https:\/\/macite.tg\/wp-content\/uploads\/2024\/02\/GBps6MVW8AAmcgK-2-819x1024.jpg\" alt=\"\" class=\"wp-image-12856\" width=\"522\" height=\"653\" srcset=\"https:\/\/macite.tg\/wp-content\/uploads\/2024\/02\/GBps6MVW8AAmcgK-2-819x1024.jpg 819w, https:\/\/macite.tg\/wp-content\/uploads\/2024\/02\/GBps6MVW8AAmcgK-2-240x300.jpg 240w, https:\/\/macite.tg\/wp-content\/uploads\/2024\/02\/GBps6MVW8AAmcgK-2-768x960.jpg 768w, https:\/\/macite.tg\/wp-content\/uploads\/2024\/02\/GBps6MVW8AAmcgK-2.jpg 864w\" sizes=\"auto, (max-width: 522px) 100vw, 522px\" \/><\/figure>\n<\/div>\n\n\n<p class=\"wp-block-paragraph\">Mis en \u0153uvre depuis deux ans par l\u2019ex\u00e9cutif togolais, le Purs se veut de renforcer la r\u00e9silience des populations de la r\u00e9gion des Savanes, confront\u00e9es \u00e0 la menace s\u00e9curitaire des groupes arm\u00e9s.<\/p>\n\n\n\n<p class=\"wp-block-paragraph\"><strong>Mab\u00e9 B.<\/strong><\/p>\n\n\n\n<p class=\"wp-block-paragraph\"><a><strong><em>@macite.tg&nbsp;&nbsp;&nbsp;&nbsp;&nbsp;&nbsp;&nbsp;&nbsp;<\/em><\/strong><\/a><\/p>\n\n\n\n<p class=\"wp-block-paragraph\"><strong><em>E-mail&nbsp;: <\/em><\/strong><a href=\"mailto:maciteinfo@gmail.com\"><strong><em>maciteinfo@gmail.com<\/em><\/strong><\/a><strong><em>; <\/em><\/strong><a href=\"mailto:bawela1@gmail.com\"><strong><em>bawela1@gmail.com<\/em><\/strong><\/a><strong><em><\/em><\/strong><\/p>\n\n\n\n<p class=\"wp-block-paragraph\"><strong><em>Pour vos annonces, (publi)reportages, etc., joignez-nous au (00228)91515309\/<strong>79872224 <\/strong>www.macite.tg, L\u2019information, la bonne&nbsp;!<\/em><\/strong><\/p>\n","protected":false},"excerpt":{"rendered":"<p class=\"text-justify mb-2\" >Le Programme d\u2019urgence pour la r\u00e9gion des Savanes (Purs) a b\u00e9n\u00e9fici\u00e9, le jeudi 22 f\u00e9vrier dernier, d\u2019un appui des Etats-Unis et de la R\u00e9publique F\u00e9d\u00e9rale d\u2019Allemagne. C\u2019\u00e9tait \u00e0 la faveur du lancement officiel du M\u00e9canisme de stabilit\u00e9 des Etats c\u00f4tiers (Msec), fruit de la collaboration [&hellip;]<\/p>\n","protected":false},"author":2,"featured_media":12860,"comment_status":"open","ping_status":"open","sticky":false,"template":"","format":"standard","meta":{"footnotes":""},"categories":[20,28],"tags":[],"class_list":["post-12853","post","type-post","status-publish","format-standard","has-post-thumbnail","hentry","category-actualite","category-securite"],"yoast_head":"<!-- This site is optimized with the Yoast SEO plugin v28.4 - https:\/\/yoast.com\/product\/yoast-seo-wordpress\/ -->\n<title>SAVANES : Les Etats-Unis et de l\u2019Allemagne renforcent la capacit\u00e9 op\u00e9rationnelle du Purs -<\/title>\n<meta name=\"robots\" content=\"index, follow, max-snippet:-1, max-image-preview:large, max-video-preview:-1\" \/>\n<link rel=\"canonical\" href=\"https:\/\/macite.tg\/?p=12853\" \/>\n<meta property=\"og:locale\" content=\"fr_FR\" \/>\n<meta property=\"og:type\" content=\"article\" \/>\n<meta property=\"og:title\" content=\"SAVANES : Les Etats-Unis et de l\u2019Allemagne renforcent la capacit\u00e9 op\u00e9rationnelle du Purs -\" \/>\n<meta property=\"og:description\" content=\"Le Programme d\u2019urgence pour la r\u00e9gion des Savanes (Purs) a b\u00e9n\u00e9fici\u00e9, le jeudi 22 f\u00e9vrier dernier, d\u2019un appui des Etats-Unis et de la R\u00e9publique F\u00e9d\u00e9rale d\u2019Allemagne. C\u2019\u00e9tait \u00e0 la faveur du lancement officiel du M\u00e9canisme de stabilit\u00e9 des Etats c\u00f4tiers (Msec), fruit de la collaboration [&hellip;]\" \/>\n<meta property=\"og:url\" content=\"https:\/\/macite.tg\/?p=12853\" \/>\n<meta property=\"article:published_time\" content=\"2024-02-26T12:27:42+00:00\" \/>\n<meta property=\"article:modified_time\" content=\"2024-02-26T12:27:44+00:00\" \/>\n<meta property=\"og:image\" content=\"https:\/\/macite.tg\/wp-content\/uploads\/2024\/02\/67dcbb6548fcaaeafe6b95a13e92965a_L.jpg\" \/>\n\t<meta property=\"og:image:width\" content=\"500\" \/>\n\t<meta property=\"og:image:height\" content=\"280\" \/>\n\t<meta property=\"og:image:type\" content=\"image\/jpeg\" \/>\n<meta name=\"author\" content=\"Jean Pierre BAWELA\" \/>\n<meta name=\"twitter:card\" content=\"summary_large_image\" \/>\n<meta name=\"twitter:label1\" content=\"\u00c9crit par\" \/>\n\t<meta name=\"twitter:data1\" content=\"Jean Pierre BAWELA\" \/>\n\t<meta name=\"twitter:label2\" content=\"Dur\u00e9e de lecture estim\u00e9e\" \/>\n\t<meta name=\"twitter:data2\" content=\"2 minutes\" \/>\n<script type=\"application\/ld+json\" class=\"yoast-schema-graph\">{\"@context\":\"https:\\\/\\\/schema.org\",\"@graph\":[{\"@type\":\"Article\",\"@id\":\"https:\\\/\\\/macite.tg\\\/?p=12853#article\",\"isPartOf\":{\"@id\":\"https:\\\/\\\/macite.tg\\\/?p=12853\"},\"author\":{\"name\":\"Jean Pierre BAWELA\",\"@id\":\"https:\\\/\\\/macite.tg\\\/#\\\/schema\\\/person\\\/e9f2de7e5dbbe7770a9402c7ce82f5c2\"},\"headline\":\"SAVANES : Les Etats-Unis et de l\u2019Allemagne renforcent la capacit\u00e9 op\u00e9rationnelle du Purs\",\"datePublished\":\"2024-02-26T12:27:42+00:00\",\"dateModified\":\"2024-02-26T12:27:44+00:00\",\"mainEntityOfPage\":{\"@id\":\"https:\\\/\\\/macite.tg\\\/?p=12853\"},\"wordCount\":357,\"commentCount\":0,\"image\":{\"@id\":\"https:\\\/\\\/macite.tg\\\/?p=12853#primaryimage\"},\"thumbnailUrl\":\"https:\\\/\\\/macite.tg\\\/wp-content\\\/uploads\\\/2024\\\/02\\\/67dcbb6548fcaaeafe6b95a13e92965a_L.jpg\",\"articleSection\":[\"ACTUALITE\",\"SECURITE\"],\"inLanguage\":\"fr-FR\",\"potentialAction\":[{\"@type\":\"CommentAction\",\"name\":\"Comment\",\"target\":[\"https:\\\/\\\/macite.tg\\\/?p=12853#respond\"]}]},{\"@type\":\"WebPage\",\"@id\":\"https:\\\/\\\/macite.tg\\\/?p=12853\",\"url\":\"https:\\\/\\\/macite.tg\\\/?p=12853\",\"name\":\"SAVANES : Les Etats-Unis et de l\u2019Allemagne renforcent la capacit\u00e9 op\u00e9rationnelle du Purs -\",\"isPartOf\":{\"@id\":\"https:\\\/\\\/macite.tg\\\/#website\"},\"primaryImageOfPage\":{\"@id\":\"https:\\\/\\\/macite.tg\\\/?p=12853#primaryimage\"},\"image\":{\"@id\":\"https:\\\/\\\/macite.tg\\\/?p=12853#primaryimage\"},\"thumbnailUrl\":\"https:\\\/\\\/macite.tg\\\/wp-content\\\/uploads\\\/2024\\\/02\\\/67dcbb6548fcaaeafe6b95a13e92965a_L.jpg\",\"datePublished\":\"2024-02-26T12:27:42+00:00\",\"dateModified\":\"2024-02-26T12:27:44+00:00\",\"author\":{\"@id\":\"https:\\\/\\\/macite.tg\\\/#\\\/schema\\\/person\\\/e9f2de7e5dbbe7770a9402c7ce82f5c2\"},\"breadcrumb\":{\"@id\":\"https:\\\/\\\/macite.tg\\\/?p=12853#breadcrumb\"},\"inLanguage\":\"fr-FR\",\"potentialAction\":[{\"@type\":\"ReadAction\",\"target\":[\"https:\\\/\\\/macite.tg\\\/?p=12853\"]}]},{\"@type\":\"ImageObject\",\"inLanguage\":\"fr-FR\",\"@id\":\"https:\\\/\\\/macite.tg\\\/?p=12853#primaryimage\",\"url\":\"https:\\\/\\\/macite.tg\\\/wp-content\\\/uploads\\\/2024\\\/02\\\/67dcbb6548fcaaeafe6b95a13e92965a_L.jpg\",\"contentUrl\":\"https:\\\/\\\/macite.tg\\\/wp-content\\\/uploads\\\/2024\\\/02\\\/67dcbb6548fcaaeafe6b95a13e92965a_L.jpg\",\"width\":500,\"height\":280},{\"@type\":\"BreadcrumbList\",\"@id\":\"https:\\\/\\\/macite.tg\\\/?p=12853#breadcrumb\",\"itemListElement\":[{\"@type\":\"ListItem\",\"position\":1,\"name\":\"Accueil\",\"item\":\"https:\\\/\\\/macite.tg\\\/\"},{\"@type\":\"ListItem\",\"position\":2,\"name\":\"SAVANES : Les Etats-Unis et de l\u2019Allemagne renforcent la capacit\u00e9 op\u00e9rationnelle du Purs\"}]},{\"@type\":\"WebSite\",\"@id\":\"https:\\\/\\\/macite.tg\\\/#website\",\"url\":\"https:\\\/\\\/macite.tg\\\/\",\"name\":\"\",\"description\":\"L&#039;information, la bonne!!!\",\"potentialAction\":[{\"@type\":\"SearchAction\",\"target\":{\"@type\":\"EntryPoint\",\"urlTemplate\":\"https:\\\/\\\/macite.tg\\\/?s={search_term_string}\"},\"query-input\":{\"@type\":\"PropertyValueSpecification\",\"valueRequired\":true,\"valueName\":\"search_term_string\"}}],\"inLanguage\":\"fr-FR\"},{\"@type\":\"Person\",\"@id\":\"https:\\\/\\\/macite.tg\\\/#\\\/schema\\\/person\\\/e9f2de7e5dbbe7770a9402c7ce82f5c2\",\"name\":\"Jean Pierre BAWELA\",\"image\":{\"@type\":\"ImageObject\",\"inLanguage\":\"fr-FR\",\"@id\":\"https:\\\/\\\/macite.tg\\\/wp-content\\\/uploads\\\/2023\\\/09\\\/WhatsApp-Image-2023-09-19-at-14.44.41-122x122.jpeg\",\"url\":\"https:\\\/\\\/macite.tg\\\/wp-content\\\/uploads\\\/2023\\\/09\\\/WhatsApp-Image-2023-09-19-at-14.44.41-122x122.jpeg\",\"contentUrl\":\"https:\\\/\\\/macite.tg\\\/wp-content\\\/uploads\\\/2023\\\/09\\\/WhatsApp-Image-2023-09-19-at-14.44.41-122x122.jpeg\",\"caption\":\"Jean Pierre BAWELA\"},\"url\":\"https:\\\/\\\/macite.tg\\\/?author=2\"}]}<\/script>\n<!-- \/ Yoast SEO plugin. -->","yoast_head_json":{"title":"SAVANES : Les Etats-Unis et de l\u2019Allemagne renforcent la capacit\u00e9 op\u00e9rationnelle du Purs -","robots":{"index":"index","follow":"follow","max-snippet":"max-snippet:-1","max-image-preview":"max-image-preview:large","max-video-preview":"max-video-preview:-1"},"canonical":"https:\/\/macite.tg\/?p=12853","og_locale":"fr_FR","og_type":"article","og_title":"SAVANES : Les Etats-Unis et de l\u2019Allemagne renforcent la capacit\u00e9 op\u00e9rationnelle du Purs -","og_description":"Le Programme d\u2019urgence pour la r\u00e9gion des Savanes (Purs) a b\u00e9n\u00e9fici\u00e9, le jeudi 22 f\u00e9vrier dernier, d\u2019un appui des Etats-Unis et de la R\u00e9publique F\u00e9d\u00e9rale d\u2019Allemagne. C\u2019\u00e9tait \u00e0 la faveur du lancement officiel du M\u00e9canisme de stabilit\u00e9 des Etats c\u00f4tiers (Msec), fruit de la collaboration [&hellip;]","og_url":"https:\/\/macite.tg\/?p=12853","article_published_time":"2024-02-26T12:27:42+00:00","article_modified_time":"2024-02-26T12:27:44+00:00","og_image":[{"width":500,"height":280,"url":"https:\/\/macite.tg\/wp-content\/uploads\/2024\/02\/67dcbb6548fcaaeafe6b95a13e92965a_L.jpg","type":"image\/jpeg"}],"author":"Jean Pierre BAWELA","twitter_card":"summary_large_image","twitter_misc":{"\u00c9crit par":"Jean Pierre BAWELA","Dur\u00e9e de lecture estim\u00e9e":"2 minutes"},"schema":{"@context":"https:\/\/schema.org","@graph":[{"@type":"Article","@id":"https:\/\/macite.tg\/?p=12853#article","isPartOf":{"@id":"https:\/\/macite.tg\/?p=12853"},"author":{"name":"Jean Pierre BAWELA","@id":"https:\/\/macite.tg\/#\/schema\/person\/e9f2de7e5dbbe7770a9402c7ce82f5c2"},"headline":"SAVANES : Les Etats-Unis et de l\u2019Allemagne renforcent la capacit\u00e9 op\u00e9rationnelle du Purs","datePublished":"2024-02-26T12:27:42+00:00","dateModified":"2024-02-26T12:27:44+00:00","mainEntityOfPage":{"@id":"https:\/\/macite.tg\/?p=12853"},"wordCount":357,"commentCount":0,"image":{"@id":"https:\/\/macite.tg\/?p=12853#primaryimage"},"thumbnailUrl":"https:\/\/macite.tg\/wp-content\/uploads\/2024\/02\/67dcbb6548fcaaeafe6b95a13e92965a_L.jpg","articleSection":["ACTUALITE","SECURITE"],"inLanguage":"fr-FR","potentialAction":[{"@type":"CommentAction","name":"Comment","target":["https:\/\/macite.tg\/?p=12853#respond"]}]},{"@type":"WebPage","@id":"https:\/\/macite.tg\/?p=12853","url":"https:\/\/macite.tg\/?p=12853","name":"SAVANES : Les Etats-Unis et de l\u2019Allemagne renforcent la capacit\u00e9 op\u00e9rationnelle du Purs -","isPartOf":{"@id":"https:\/\/macite.tg\/#website"},"primaryImageOfPage":{"@id":"https:\/\/macite.tg\/?p=12853#primaryimage"},"image":{"@id":"https:\/\/macite.tg\/?p=12853#primaryimage"},"thumbnailUrl":"https:\/\/macite.tg\/wp-content\/uploads\/2024\/02\/67dcbb6548fcaaeafe6b95a13e92965a_L.jpg","datePublished":"2024-02-26T12:27:42+00:00","dateModified":"2024-02-26T12:27:44+00:00","author":{"@id":"https:\/\/macite.tg\/#\/schema\/person\/e9f2de7e5dbbe7770a9402c7ce82f5c2"},"breadcrumb":{"@id":"https:\/\/macite.tg\/?p=12853#breadcrumb"},"inLanguage":"fr-FR","potentialAction":[{"@type":"ReadAction","target":["https:\/\/macite.tg\/?p=12853"]}]},{"@type":"ImageObject","inLanguage":"fr-FR","@id":"https:\/\/macite.tg\/?p=12853#primaryimage","url":"https:\/\/macite.tg\/wp-content\/uploads\/2024\/02\/67dcbb6548fcaaeafe6b95a13e92965a_L.jpg","contentUrl":"https:\/\/macite.tg\/wp-content\/uploads\/2024\/02\/67dcbb6548fcaaeafe6b95a13e92965a_L.jpg","width":500,"height":280},{"@type":"BreadcrumbList","@id":"https:\/\/macite.tg\/?p=12853#breadcrumb","itemListElement":[{"@type":"ListItem","position":1,"name":"Accueil","item":"https:\/\/macite.tg\/"},{"@type":"ListItem","position":2,"name":"SAVANES : Les Etats-Unis et de l\u2019Allemagne renforcent la capacit\u00e9 op\u00e9rationnelle du Purs"}]},{"@type":"WebSite","@id":"https:\/\/macite.tg\/#website","url":"https:\/\/macite.tg\/","name":"","description":"L&#039;information, la bonne!!!","potentialAction":[{"@type":"SearchAction","target":{"@type":"EntryPoint","urlTemplate":"https:\/\/macite.tg\/?s={search_term_string}"},"query-input":{"@type":"PropertyValueSpecification","valueRequired":true,"valueName":"search_term_string"}}],"inLanguage":"fr-FR"},{"@type":"Person","@id":"https:\/\/macite.tg\/#\/schema\/person\/e9f2de7e5dbbe7770a9402c7ce82f5c2","name":"Jean Pierre BAWELA","image":{"@type":"ImageObject","inLanguage":"fr-FR","@id":"https:\/\/macite.tg\/wp-content\/uploads\/2023\/09\/WhatsApp-Image-2023-09-19-at-14.44.41-122x122.jpeg","url":"https:\/\/macite.tg\/wp-content\/uploads\/2023\/09\/WhatsApp-Image-2023-09-19-at-14.44.41-122x122.jpeg","contentUrl":"https:\/\/macite.tg\/wp-content\/uploads\/2023\/09\/WhatsApp-Image-2023-09-19-at-14.44.41-122x122.jpeg","caption":"Jean Pierre BAWELA"},"url":"https:\/\/macite.tg\/?author=2"}]}},"_links":{"self":[{"href":"https:\/\/macite.tg\/index.php?rest_route=\/wp\/v2\/posts\/12853","targetHints":{"allow":["GET"]}}],"collection":[{"href":"https:\/\/macite.tg\/index.php?rest_route=\/wp\/v2\/posts"}],"about":[{"href":"https:\/\/macite.tg\/index.php?rest_route=\/wp\/v2\/types\/post"}],"author":[{"embeddable":true,"href":"https:\/\/macite.tg\/index.php?rest_route=\/wp\/v2\/users\/2"}],"replies":[{"embeddable":true,"href":"https:\/\/macite.tg\/index.php?rest_route=%2Fwp%2Fv2%2Fcomments&post=12853"}],"version-history":[{"count":0,"href":"https:\/\/macite.tg\/index.php?rest_route=\/wp\/v2\/posts\/12853\/revisions"}],"wp:featuredmedia":[{"embeddable":true,"href":"https:\/\/macite.tg\/index.php?rest_route=\/wp\/v2\/media\/12860"}],"wp:attachment":[{"href":"https:\/\/macite.tg\/index.php?rest_route=%2Fwp%2Fv2%2Fmedia&parent=12853"}],"wp:term":[{"taxonomy":"category","embeddable":true,"href":"https:\/\/macite.tg\/index.php?rest_route=%2Fwp%2Fv2%2Fcategories&post=12853"},{"taxonomy":"post_tag","embeddable":true,"href":"https:\/\/macite.tg\/index.php?rest_route=%2Fwp%2Fv2%2Ftags&post=12853"}],"curies":[{"name":"wp","href":"https:\/\/api.w.org\/{rel}","templated":true}]}}