{"id":12846,"date":"2024-02-26T11:13:09","date_gmt":"2024-02-26T11:13:09","guid":{"rendered":"https:\/\/macite.tg\/?p=12846"},"modified":"2024-02-26T11:14:36","modified_gmt":"2024-02-26T11:14:36","slug":"report-des-elections-legislatives-et-regionales-le-20-avril-2024-la-nouvelle-date","status":"publish","type":"post","link":"https:\/\/macite.tg\/?p=12846","title":{"rendered":"REPORT DES ELECTIONS LEGISLATIVES ET REGIONALES : Le 20 avril 2024, la nouvelle date"},"content":{"rendered":"\n<p class=\"wp-block-paragraph\"><strong><em>Initialement pr\u00e9vues se tenir le 13 avril 2024, les prochaines consultations \u00e9lectorales au Togo se tiendront finalement le samedi 20 avril, soit sept jours plus tard. L\u2019annonce a \u00e9t\u00e9 faite vendredi dernier par d\u00e9cret pr\u00e9sidentiel\u2026<\/em><\/strong><\/p>\n\n\n\n<p class=\"wp-block-paragraph\">A la demande des acteurs politiques, mais aussi en tenant compte des rapports des ministres de l\u2019Administration territoriale et de l\u2019Economie et des finances, et sur proposition de la Commission nationale \u00e9lectorale ind\u00e9pendante (Ceni), le Pr\u00e9sident de la R\u00e9publique, Faure Essozimna Gnassingb\u00e9, a pris, le vendredi 23 f\u00e9vrier dernier, un d\u00e9cret fixant la nouvelle date des \u00e9lections l\u00e9gislatives et r\u00e9gionales au samedi 20 avril 2024.<\/p>\n\n\n<div class=\"wp-block-image\">\n<figure class=\"aligncenter size-large is-resized\"><img loading=\"lazy\" decoding=\"async\" src=\"https:\/\/macite.tg\/wp-content\/uploads\/2024\/02\/IMG-20240220-WA0062-868x1024.jpg\" alt=\"\" class=\"wp-image-12721\" width=\"534\" height=\"629\" srcset=\"https:\/\/macite.tg\/wp-content\/uploads\/2024\/02\/IMG-20240220-WA0062-868x1024.jpg 868w, https:\/\/macite.tg\/wp-content\/uploads\/2024\/02\/IMG-20240220-WA0062-254x300.jpg 254w, https:\/\/macite.tg\/wp-content\/uploads\/2024\/02\/IMG-20240220-WA0062-768x906.jpg 768w, https:\/\/macite.tg\/wp-content\/uploads\/2024\/02\/IMG-20240220-WA0062-1302x1536.jpg 1302w, https:\/\/macite.tg\/wp-content\/uploads\/2024\/02\/IMG-20240220-WA0062.jpg 1356w\" sizes=\"auto, (max-width: 534px) 100vw, 534px\" \/><\/figure>\n<\/div>\n\n\n<p class=\"wp-block-paragraph\">Les forces de s\u00e9curit\u00e9 et de d\u00e9fense, les forces paramilitaires mais aussi celles des r\u00e9serves op\u00e9rationnelles seront aux urnes trois jours plus t\u00f4t, notamment le 17 avril, ceci conform\u00e9ment aux dispositions du Code \u00e9lectoral.<\/p>\n\n\n<div class=\"wp-block-image\">\n<figure class=\"aligncenter size-full\"><img loading=\"lazy\" decoding=\"async\" width=\"768\" height=\"319\" src=\"https:\/\/macite.tg\/wp-content\/uploads\/2024\/02\/ANNONCES-1-768x319-2.jpg\" alt=\"\" class=\"wp-image-12679\" srcset=\"https:\/\/macite.tg\/wp-content\/uploads\/2024\/02\/ANNONCES-1-768x319-2.jpg 768w, https:\/\/macite.tg\/wp-content\/uploads\/2024\/02\/ANNONCES-1-768x319-2-300x125.jpg 300w\" sizes=\"auto, (max-width: 768px) 100vw, 768px\" \/><\/figure>\n<\/div>\n\n\n<p class=\"wp-block-paragraph\">Notons qu\u2019\u00e0 l\u2019issue du vote, qui va se d\u00e9rouler dans les bureaux de vote d\u00e9sign\u00e9s par la Ceni, les urnes, tout comme les documents \u00e9lectoraux soigneusement rang\u00e9es dans des envelopp\u00e9es scell\u00e9es, seront d\u00e9pos\u00e9es dans les Commissions \u00e9lectorales locales ind\u00e9pendantes (Celi), en attendant le d\u00e9pouillement. Celui-ci aura lieu le jour du scrutin g\u00e9n\u00e9ral, apr\u00e8s le vote de l\u2019ensemble du corps \u00e9lectoral, dans les conditions pr\u00e9vues par la loi \u00e9lectorale togolaise.<\/p>\n\n\n\n<p class=\"wp-block-paragraph\"><strong>JPB<\/strong><\/p>\n\n\n\n<p class=\"wp-block-paragraph\"><a><strong><em>@macite.tg&nbsp;&nbsp;&nbsp;&nbsp;&nbsp;&nbsp;&nbsp;&nbsp;<\/em><\/strong><\/a><\/p>\n\n\n\n<p class=\"wp-block-paragraph\"><strong><em>E-mail&nbsp;: <\/em><\/strong><a href=\"mailto:maciteinfo@gmail.com\"><em>maciteinfo@gmail.com<\/em><\/a><strong><em>; <\/em><\/strong><a href=\"mailto:bawela1@gmail.com\"><em>bawela1@gmail.com<\/em><\/a><em><\/em><\/p>\n\n\n\n<p class=\"wp-block-paragraph\"><strong><em>Pour vos annonces, (publi)reportages, etc., joignez-nous au (00228)91515309\/<strong>79872224 <\/strong>www.macite.tg, L\u2019information, la bonne&nbsp;!<\/em><\/strong><\/p>\n","protected":false},"excerpt":{"rendered":"<p class=\"text-justify mb-2\" >Initialement pr\u00e9vues se tenir le 13 avril 2024, les prochaines consultations \u00e9lectorales au Togo se tiendront finalement le samedi 20 avril, soit sept jours plus tard. L\u2019annonce a \u00e9t\u00e9 faite vendredi dernier par d\u00e9cret pr\u00e9sidentiel\u2026 A la demande des acteurs politiques, mais aussi en tenant [&hellip;]<\/p>\n","protected":false},"author":2,"featured_media":12848,"comment_status":"open","ping_status":"open","sticky":false,"template":"","format":"standard","meta":{"footnotes":""},"categories":[20,1],"tags":[],"class_list":["post-12846","post","type-post","status-publish","format-standard","has-post-thumbnail","hentry","category-actualite","category-politique"],"yoast_head":"<!-- This site is optimized with the Yoast SEO plugin v28.4 - https:\/\/yoast.com\/product\/yoast-seo-wordpress\/ -->\n<title>REPORT DES ELECTIONS LEGISLATIVES ET REGIONALES : Le 20 avril 2024, la nouvelle date -<\/title>\n<meta name=\"robots\" content=\"index, follow, max-snippet:-1, max-image-preview:large, max-video-preview:-1\" \/>\n<link rel=\"canonical\" href=\"https:\/\/macite.tg\/?p=12846\" \/>\n<meta property=\"og:locale\" content=\"fr_FR\" \/>\n<meta property=\"og:type\" content=\"article\" \/>\n<meta property=\"og:title\" content=\"REPORT DES ELECTIONS LEGISLATIVES ET REGIONALES : Le 20 avril 2024, la nouvelle date -\" \/>\n<meta property=\"og:description\" content=\"Initialement pr\u00e9vues se tenir le 13 avril 2024, les prochaines consultations \u00e9lectorales au Togo se tiendront finalement le samedi 20 avril, soit sept jours plus tard. L\u2019annonce a \u00e9t\u00e9 faite vendredi dernier par d\u00e9cret pr\u00e9sidentiel\u2026 A la demande des acteurs politiques, mais aussi en tenant [&hellip;]\" \/>\n<meta property=\"og:url\" content=\"https:\/\/macite.tg\/?p=12846\" \/>\n<meta property=\"article:published_time\" content=\"2024-02-26T11:13:09+00:00\" \/>\n<meta property=\"article:modified_time\" content=\"2024-02-26T11:14:36+00:00\" \/>\n<meta property=\"og:image\" content=\"https:\/\/macite.tg\/wp-content\/uploads\/2024\/02\/45b300240092cf86c4170c6c826629ca_XL.jpg\" \/>\n\t<meta property=\"og:image:width\" content=\"1280\" \/>\n\t<meta property=\"og:image:height\" content=\"720\" \/>\n\t<meta property=\"og:image:type\" content=\"image\/jpeg\" \/>\n<meta name=\"author\" content=\"Jean Pierre BAWELA\" \/>\n<meta name=\"twitter:card\" content=\"summary_large_image\" \/>\n<meta name=\"twitter:label1\" content=\"\u00c9crit par\" \/>\n\t<meta name=\"twitter:data1\" content=\"Jean Pierre BAWELA\" \/>\n\t<meta name=\"twitter:label2\" content=\"Dur\u00e9e de lecture estim\u00e9e\" \/>\n\t<meta name=\"twitter:data2\" content=\"1 minute\" \/>\n<script type=\"application\/ld+json\" class=\"yoast-schema-graph\">{\"@context\":\"https:\\\/\\\/schema.org\",\"@graph\":[{\"@type\":\"Article\",\"@id\":\"https:\\\/\\\/macite.tg\\\/?p=12846#article\",\"isPartOf\":{\"@id\":\"https:\\\/\\\/macite.tg\\\/?p=12846\"},\"author\":{\"name\":\"Jean Pierre BAWELA\",\"@id\":\"https:\\\/\\\/macite.tg\\\/#\\\/schema\\\/person\\\/e9f2de7e5dbbe7770a9402c7ce82f5c2\"},\"headline\":\"REPORT DES ELECTIONS LEGISLATIVES ET REGIONALES : Le 20 avril 2024, la nouvelle date\",\"datePublished\":\"2024-02-26T11:13:09+00:00\",\"dateModified\":\"2024-02-26T11:14:36+00:00\",\"mainEntityOfPage\":{\"@id\":\"https:\\\/\\\/macite.tg\\\/?p=12846\"},\"wordCount\":277,\"commentCount\":0,\"image\":{\"@id\":\"https:\\\/\\\/macite.tg\\\/?p=12846#primaryimage\"},\"thumbnailUrl\":\"https:\\\/\\\/macite.tg\\\/wp-content\\\/uploads\\\/2024\\\/02\\\/45b300240092cf86c4170c6c826629ca_XL.jpg\",\"articleSection\":[\"ACTUALITE\",\"POLITIQUE\"],\"inLanguage\":\"fr-FR\",\"potentialAction\":[{\"@type\":\"CommentAction\",\"name\":\"Comment\",\"target\":[\"https:\\\/\\\/macite.tg\\\/?p=12846#respond\"]}]},{\"@type\":\"WebPage\",\"@id\":\"https:\\\/\\\/macite.tg\\\/?p=12846\",\"url\":\"https:\\\/\\\/macite.tg\\\/?p=12846\",\"name\":\"REPORT DES ELECTIONS LEGISLATIVES ET REGIONALES : Le 20 avril 2024, la nouvelle date -\",\"isPartOf\":{\"@id\":\"https:\\\/\\\/macite.tg\\\/#website\"},\"primaryImageOfPage\":{\"@id\":\"https:\\\/\\\/macite.tg\\\/?p=12846#primaryimage\"},\"image\":{\"@id\":\"https:\\\/\\\/macite.tg\\\/?p=12846#primaryimage\"},\"thumbnailUrl\":\"https:\\\/\\\/macite.tg\\\/wp-content\\\/uploads\\\/2024\\\/02\\\/45b300240092cf86c4170c6c826629ca_XL.jpg\",\"datePublished\":\"2024-02-26T11:13:09+00:00\",\"dateModified\":\"2024-02-26T11:14:36+00:00\",\"author\":{\"@id\":\"https:\\\/\\\/macite.tg\\\/#\\\/schema\\\/person\\\/e9f2de7e5dbbe7770a9402c7ce82f5c2\"},\"breadcrumb\":{\"@id\":\"https:\\\/\\\/macite.tg\\\/?p=12846#breadcrumb\"},\"inLanguage\":\"fr-FR\",\"potentialAction\":[{\"@type\":\"ReadAction\",\"target\":[\"https:\\\/\\\/macite.tg\\\/?p=12846\"]}]},{\"@type\":\"ImageObject\",\"inLanguage\":\"fr-FR\",\"@id\":\"https:\\\/\\\/macite.tg\\\/?p=12846#primaryimage\",\"url\":\"https:\\\/\\\/macite.tg\\\/wp-content\\\/uploads\\\/2024\\\/02\\\/45b300240092cf86c4170c6c826629ca_XL.jpg\",\"contentUrl\":\"https:\\\/\\\/macite.tg\\\/wp-content\\\/uploads\\\/2024\\\/02\\\/45b300240092cf86c4170c6c826629ca_XL.jpg\",\"width\":1280,\"height\":720,\"caption\":\"Enveloppe et profession de foi pour les elections, le 1 mars 2020, Gace, France. Envelope and profession of faith for the elections, March 1, 2020, Gace, France.\\\/\\\/BLOCHRAPHAEL_1143.299\\\/2003031716\\\/Credit:RAPHAEL BLOCH\\\/SIPA\\\/2003031723\"},{\"@type\":\"BreadcrumbList\",\"@id\":\"https:\\\/\\\/macite.tg\\\/?p=12846#breadcrumb\",\"itemListElement\":[{\"@type\":\"ListItem\",\"position\":1,\"name\":\"Accueil\",\"item\":\"https:\\\/\\\/macite.tg\\\/\"},{\"@type\":\"ListItem\",\"position\":2,\"name\":\"REPORT DES ELECTIONS LEGISLATIVES ET REGIONALES : Le 20 avril 2024, la nouvelle date\"}]},{\"@type\":\"WebSite\",\"@id\":\"https:\\\/\\\/macite.tg\\\/#website\",\"url\":\"https:\\\/\\\/macite.tg\\\/\",\"name\":\"\",\"description\":\"L&#039;information, la bonne!!!\",\"potentialAction\":[{\"@type\":\"SearchAction\",\"target\":{\"@type\":\"EntryPoint\",\"urlTemplate\":\"https:\\\/\\\/macite.tg\\\/?s={search_term_string}\"},\"query-input\":{\"@type\":\"PropertyValueSpecification\",\"valueRequired\":true,\"valueName\":\"search_term_string\"}}],\"inLanguage\":\"fr-FR\"},{\"@type\":\"Person\",\"@id\":\"https:\\\/\\\/macite.tg\\\/#\\\/schema\\\/person\\\/e9f2de7e5dbbe7770a9402c7ce82f5c2\",\"name\":\"Jean Pierre BAWELA\",\"image\":{\"@type\":\"ImageObject\",\"inLanguage\":\"fr-FR\",\"@id\":\"https:\\\/\\\/macite.tg\\\/wp-content\\\/uploads\\\/2023\\\/09\\\/WhatsApp-Image-2023-09-19-at-14.44.41-122x122.jpeg\",\"url\":\"https:\\\/\\\/macite.tg\\\/wp-content\\\/uploads\\\/2023\\\/09\\\/WhatsApp-Image-2023-09-19-at-14.44.41-122x122.jpeg\",\"contentUrl\":\"https:\\\/\\\/macite.tg\\\/wp-content\\\/uploads\\\/2023\\\/09\\\/WhatsApp-Image-2023-09-19-at-14.44.41-122x122.jpeg\",\"caption\":\"Jean Pierre BAWELA\"},\"url\":\"https:\\\/\\\/macite.tg\\\/?author=2\"}]}<\/script>\n<!-- \/ Yoast SEO plugin. -->","yoast_head_json":{"title":"REPORT DES ELECTIONS LEGISLATIVES ET REGIONALES : Le 20 avril 2024, la nouvelle date -","robots":{"index":"index","follow":"follow","max-snippet":"max-snippet:-1","max-image-preview":"max-image-preview:large","max-video-preview":"max-video-preview:-1"},"canonical":"https:\/\/macite.tg\/?p=12846","og_locale":"fr_FR","og_type":"article","og_title":"REPORT DES ELECTIONS LEGISLATIVES ET REGIONALES : Le 20 avril 2024, la nouvelle date -","og_description":"Initialement pr\u00e9vues se tenir le 13 avril 2024, les prochaines consultations \u00e9lectorales au Togo se tiendront finalement le samedi 20 avril, soit sept jours plus tard. L\u2019annonce a \u00e9t\u00e9 faite vendredi dernier par d\u00e9cret pr\u00e9sidentiel\u2026 A la demande des acteurs politiques, mais aussi en tenant [&hellip;]","og_url":"https:\/\/macite.tg\/?p=12846","article_published_time":"2024-02-26T11:13:09+00:00","article_modified_time":"2024-02-26T11:14:36+00:00","og_image":[{"width":1280,"height":720,"url":"https:\/\/macite.tg\/wp-content\/uploads\/2024\/02\/45b300240092cf86c4170c6c826629ca_XL.jpg","type":"image\/jpeg"}],"author":"Jean Pierre BAWELA","twitter_card":"summary_large_image","twitter_misc":{"\u00c9crit par":"Jean Pierre BAWELA","Dur\u00e9e de lecture estim\u00e9e":"1 minute"},"schema":{"@context":"https:\/\/schema.org","@graph":[{"@type":"Article","@id":"https:\/\/macite.tg\/?p=12846#article","isPartOf":{"@id":"https:\/\/macite.tg\/?p=12846"},"author":{"name":"Jean Pierre BAWELA","@id":"https:\/\/macite.tg\/#\/schema\/person\/e9f2de7e5dbbe7770a9402c7ce82f5c2"},"headline":"REPORT DES ELECTIONS LEGISLATIVES ET REGIONALES : Le 20 avril 2024, la nouvelle date","datePublished":"2024-02-26T11:13:09+00:00","dateModified":"2024-02-26T11:14:36+00:00","mainEntityOfPage":{"@id":"https:\/\/macite.tg\/?p=12846"},"wordCount":277,"commentCount":0,"image":{"@id":"https:\/\/macite.tg\/?p=12846#primaryimage"},"thumbnailUrl":"https:\/\/macite.tg\/wp-content\/uploads\/2024\/02\/45b300240092cf86c4170c6c826629ca_XL.jpg","articleSection":["ACTUALITE","POLITIQUE"],"inLanguage":"fr-FR","potentialAction":[{"@type":"CommentAction","name":"Comment","target":["https:\/\/macite.tg\/?p=12846#respond"]}]},{"@type":"WebPage","@id":"https:\/\/macite.tg\/?p=12846","url":"https:\/\/macite.tg\/?p=12846","name":"REPORT DES ELECTIONS LEGISLATIVES ET REGIONALES : Le 20 avril 2024, la nouvelle date -","isPartOf":{"@id":"https:\/\/macite.tg\/#website"},"primaryImageOfPage":{"@id":"https:\/\/macite.tg\/?p=12846#primaryimage"},"image":{"@id":"https:\/\/macite.tg\/?p=12846#primaryimage"},"thumbnailUrl":"https:\/\/macite.tg\/wp-content\/uploads\/2024\/02\/45b300240092cf86c4170c6c826629ca_XL.jpg","datePublished":"2024-02-26T11:13:09+00:00","dateModified":"2024-02-26T11:14:36+00:00","author":{"@id":"https:\/\/macite.tg\/#\/schema\/person\/e9f2de7e5dbbe7770a9402c7ce82f5c2"},"breadcrumb":{"@id":"https:\/\/macite.tg\/?p=12846#breadcrumb"},"inLanguage":"fr-FR","potentialAction":[{"@type":"ReadAction","target":["https:\/\/macite.tg\/?p=12846"]}]},{"@type":"ImageObject","inLanguage":"fr-FR","@id":"https:\/\/macite.tg\/?p=12846#primaryimage","url":"https:\/\/macite.tg\/wp-content\/uploads\/2024\/02\/45b300240092cf86c4170c6c826629ca_XL.jpg","contentUrl":"https:\/\/macite.tg\/wp-content\/uploads\/2024\/02\/45b300240092cf86c4170c6c826629ca_XL.jpg","width":1280,"height":720,"caption":"Enveloppe et profession de foi pour les elections, le 1 mars 2020, Gace, France. Envelope and profession of faith for the elections, March 1, 2020, Gace, France.\/\/BLOCHRAPHAEL_1143.299\/2003031716\/Credit:RAPHAEL BLOCH\/SIPA\/2003031723"},{"@type":"BreadcrumbList","@id":"https:\/\/macite.tg\/?p=12846#breadcrumb","itemListElement":[{"@type":"ListItem","position":1,"name":"Accueil","item":"https:\/\/macite.tg\/"},{"@type":"ListItem","position":2,"name":"REPORT DES ELECTIONS LEGISLATIVES ET REGIONALES : Le 20 avril 2024, la nouvelle date"}]},{"@type":"WebSite","@id":"https:\/\/macite.tg\/#website","url":"https:\/\/macite.tg\/","name":"","description":"L&#039;information, la bonne!!!","potentialAction":[{"@type":"SearchAction","target":{"@type":"EntryPoint","urlTemplate":"https:\/\/macite.tg\/?s={search_term_string}"},"query-input":{"@type":"PropertyValueSpecification","valueRequired":true,"valueName":"search_term_string"}}],"inLanguage":"fr-FR"},{"@type":"Person","@id":"https:\/\/macite.tg\/#\/schema\/person\/e9f2de7e5dbbe7770a9402c7ce82f5c2","name":"Jean Pierre BAWELA","image":{"@type":"ImageObject","inLanguage":"fr-FR","@id":"https:\/\/macite.tg\/wp-content\/uploads\/2023\/09\/WhatsApp-Image-2023-09-19-at-14.44.41-122x122.jpeg","url":"https:\/\/macite.tg\/wp-content\/uploads\/2023\/09\/WhatsApp-Image-2023-09-19-at-14.44.41-122x122.jpeg","contentUrl":"https:\/\/macite.tg\/wp-content\/uploads\/2023\/09\/WhatsApp-Image-2023-09-19-at-14.44.41-122x122.jpeg","caption":"Jean Pierre BAWELA"},"url":"https:\/\/macite.tg\/?author=2"}]}},"_links":{"self":[{"href":"https:\/\/macite.tg\/index.php?rest_route=\/wp\/v2\/posts\/12846","targetHints":{"allow":["GET"]}}],"collection":[{"href":"https:\/\/macite.tg\/index.php?rest_route=\/wp\/v2\/posts"}],"about":[{"href":"https:\/\/macite.tg\/index.php?rest_route=\/wp\/v2\/types\/post"}],"author":[{"embeddable":true,"href":"https:\/\/macite.tg\/index.php?rest_route=\/wp\/v2\/users\/2"}],"replies":[{"embeddable":true,"href":"https:\/\/macite.tg\/index.php?rest_route=%2Fwp%2Fv2%2Fcomments&post=12846"}],"version-history":[{"count":0,"href":"https:\/\/macite.tg\/index.php?rest_route=\/wp\/v2\/posts\/12846\/revisions"}],"wp:featuredmedia":[{"embeddable":true,"href":"https:\/\/macite.tg\/index.php?rest_route=\/wp\/v2\/media\/12848"}],"wp:attachment":[{"href":"https:\/\/macite.tg\/index.php?rest_route=%2Fwp%2Fv2%2Fmedia&parent=12846"}],"wp:term":[{"taxonomy":"category","embeddable":true,"href":"https:\/\/macite.tg\/index.php?rest_route=%2Fwp%2Fv2%2Fcategories&post=12846"},{"taxonomy":"post_tag","embeddable":true,"href":"https:\/\/macite.tg\/index.php?rest_route=%2Fwp%2Fv2%2Ftags&post=12846"}],"curies":[{"name":"wp","href":"https:\/\/api.w.org\/{rel}","templated":true}]}}