{"id":12845,"date":"2024-02-26T11:35:31","date_gmt":"2024-02-26T11:35:31","guid":{"rendered":"https:\/\/macite.tg\/?p=12845"},"modified":"2024-02-26T11:35:33","modified_gmt":"2024-02-26T11:35:33","slug":"efofat-le-recrutement-direct-deleves-officiers-lance-communique","status":"publish","type":"post","link":"https:\/\/macite.tg\/?p=12845","title":{"rendered":"EFOFAT\u00a0: Le recrutement direct d\u2019\u00e9l\u00e8ves officiers lanc\u00e9 (Communiqu\u00e9)"},"content":{"rendered":"\n<h2 class=\"wp-block-heading\"><i class=\"fas fa-pencil-alt\"> <\/i><span><\/h2>\n\n\n\n<p class=\"wp-block-paragraph\"><strong><em>Le minist\u00e8re des Arm\u00e9es a lanc\u00e9, vendredi 23 f\u00e9vrier 2024, le concours de s\u00e9lection pour le recrutement direct d\u2019\u00e9l\u00e8ves officiers d\u2019active pour le compte de l\u2019Ecole de formation des officiers des Forces arm\u00e9es togolaises (Efofat).<\/em><\/strong><\/p>\n\n\n\n<p class=\"wp-block-paragraph\">Ouvert \u00e0 toute Togolaise ou tout Togolais \u00e2g\u00e9s de 21 ans au minimum et de 26 ans au maximum au 31 d\u00e9cembre 2024, ce concours est pr\u00e9vu le 1<sup>er<\/sup> juin 2024 \u00e0 l\u2019\u00e9cole du camp G\u00e9n\u00e9ral Gnassingb\u00e9 Eyadema \u00e0 Lom\u00e9.<\/p>\n\n\n<div class=\"wp-block-image\">\n<figure class=\"aligncenter size-large is-resized\"><img loading=\"lazy\" decoding=\"async\" src=\"https:\/\/macite.tg\/wp-content\/uploads\/2024\/02\/IMG-20240220-WA0062-868x1024.jpg\" alt=\"\" class=\"wp-image-12721\" width=\"500\" height=\"589\" srcset=\"https:\/\/macite.tg\/wp-content\/uploads\/2024\/02\/IMG-20240220-WA0062-868x1024.jpg 868w, https:\/\/macite.tg\/wp-content\/uploads\/2024\/02\/IMG-20240220-WA0062-254x300.jpg 254w, https:\/\/macite.tg\/wp-content\/uploads\/2024\/02\/IMG-20240220-WA0062-768x906.jpg 768w, https:\/\/macite.tg\/wp-content\/uploads\/2024\/02\/IMG-20240220-WA0062-1302x1536.jpg 1302w, https:\/\/macite.tg\/wp-content\/uploads\/2024\/02\/IMG-20240220-WA0062.jpg 1356w\" sizes=\"auto, (max-width: 500px) 100vw, 500px\" \/><\/figure>\n<\/div>\n\n\n<p class=\"wp-block-paragraph\">Les candidats d\u00e9sireux de postuler doivent \u00eatre titulaire d\u2019une licence ou tout autre dipl\u00f4me \u00e9quivalent des Universit\u00e9s et \u00e9tablissement sup\u00e9rieur reconnus par le Conseil africain et malgache pour l\u2019enseignement sup\u00e9rieur (Cames).<\/p>\n\n\n\n<p class=\"wp-block-paragraph\">Les dossiers de candidatures compos\u00e9s, entre autres, d\u2019une demande manuscrite au ministre des Arm\u00e9es, une quittance de dix milles, une photocopie l\u00e9galis\u00e9e de l\u2019acte de naissance, (\u2026), sont \u00e0 d\u00e9poser du 1er au 30 mars \u00e0 12h dans les groupements de gendarmerie nationale des chefs-lieux des r\u00e9gions administratives.<\/p>\n\n\n<div class=\"wp-block-image\">\n<figure class=\"aligncenter size-full\"><img loading=\"lazy\" decoding=\"async\" width=\"768\" height=\"319\" src=\"https:\/\/macite.tg\/wp-content\/uploads\/2024\/02\/ANNONCES-1-768x319-2.jpg\" alt=\"\" class=\"wp-image-12679\" srcset=\"https:\/\/macite.tg\/wp-content\/uploads\/2024\/02\/ANNONCES-1-768x319-2.jpg 768w, https:\/\/macite.tg\/wp-content\/uploads\/2024\/02\/ANNONCES-1-768x319-2-300x125.jpg 300w\" sizes=\"auto, (max-width: 768px) 100vw, 768px\" \/><\/figure>\n<\/div>\n\n\n<p class=\"wp-block-paragraph\">Notons que l\u2019Efofat, situ\u00e9 \u00e0 Pya dans la pr\u00e9fecture de la Kozah, a pour mission de former les chefs militaires de l\u2019arm\u00e9e togolaise.<\/p>\n\n\n\n<p class=\"wp-block-paragraph\"><strong>Voici l\u2019int\u00e9gralit\u00e9 dudit communiqu\u00e9<\/strong><\/p>\n\n\n\n<div data-wp-interactive=\"core\/file\" class=\"wp-block-file\"><object data-wp-bind--hidden=\"!state.hasPdfPreview\" hidden class=\"wp-block-file__embed\" data=\"https:\/\/macite.tg\/wp-content\/uploads\/2024\/02\/Communique-relatif-au-concours-dentree-a-lEFOFAT.pdf\" type=\"application\/pdf\" style=\"width:100%;height:600px\" aria-label=\"Contenu embarqu\u00e9 Communique-relatif-au-concours-dentree-a-lEFOFAT.\"><\/object><a id=\"wp-block-file--media-adeab035-1333-4bff-8e6f-75687acf50f7\" href=\"https:\/\/macite.tg\/wp-content\/uploads\/2024\/02\/Communique-relatif-au-concours-dentree-a-lEFOFAT.pdf\">Communique-relatif-au-concours-dentree-a-lEFOFAT<\/a><a href=\"https:\/\/macite.tg\/wp-content\/uploads\/2024\/02\/Communique-relatif-au-concours-dentree-a-lEFOFAT.pdf\" class=\"wp-block-file__button wp-element-button\" download aria-describedby=\"wp-block-file--media-adeab035-1333-4bff-8e6f-75687acf50f7\">T\u00e9l\u00e9charger<\/a><\/div>\n\n\n\n<p class=\"wp-block-paragraph\"><strong>La R\u00e9daction<\/strong><strong><\/strong><\/p>\n\n\n\n<p class=\"wp-block-paragraph\"><a><strong><em>@macite.tg&nbsp;&nbsp;&nbsp;&nbsp;&nbsp;&nbsp;&nbsp;&nbsp;<\/em><\/strong><\/a><\/p>\n\n\n\n<p class=\"wp-block-paragraph\"><strong><em>E-mail&nbsp;: <\/em><\/strong><a href=\"mailto:maciteinfo@gmail.com\"><strong><em>maciteinfo@gmail.com<\/em><\/strong><\/a><strong><em>; <\/em><\/strong><a href=\"mailto:bawela1@gmail.com\"><strong><em>bawela1@gmail.com<\/em><\/strong><\/a><strong><em><\/em><\/strong><\/p>\n\n\n\n<p class=\"wp-block-paragraph\"><strong><em>Pour vos annonces, (publi)reportages, etc., joignez-nous au (00228)91515309\/<strong>79872224 <\/strong>www.macite.tg, L\u2019information, la bonne&nbsp;!<\/em><\/strong><\/p>\n","protected":false},"excerpt":{"rendered":"<p class=\"text-justify mb-2\" >Le minist\u00e8re des Arm\u00e9es a lanc\u00e9, vendredi 23 f\u00e9vrier 2024, le concours de s\u00e9lection pour le recrutement direct d\u2019\u00e9l\u00e8ves officiers d\u2019active pour le compte de l\u2019Ecole de formation des officiers des Forces arm\u00e9es togolaises (Efofat). Ouvert \u00e0 toute Togolaise ou tout Togolais \u00e2g\u00e9s de 21 [&hellip;]<\/p>\n","protected":false},"author":2,"featured_media":12847,"comment_status":"open","ping_status":"open","sticky":false,"template":"","format":"standard","meta":{"footnotes":""},"categories":[20,48],"tags":[],"class_list":["post-12845","post","type-post","status-publish","format-standard","has-post-thumbnail","hentry","category-actualite","category-formation"],"yoast_head":"<!-- This site is optimized with the Yoast SEO plugin v28.4 - https:\/\/yoast.com\/product\/yoast-seo-wordpress\/ -->\n<title>EFOFAT\u00a0: Le recrutement direct d\u2019\u00e9l\u00e8ves officiers lanc\u00e9 (Communiqu\u00e9) -<\/title>\n<meta name=\"robots\" content=\"index, follow, max-snippet:-1, max-image-preview:large, max-video-preview:-1\" \/>\n<link rel=\"canonical\" href=\"https:\/\/macite.tg\/?p=12845\" \/>\n<meta property=\"og:locale\" content=\"fr_FR\" \/>\n<meta property=\"og:type\" content=\"article\" \/>\n<meta property=\"og:title\" content=\"EFOFAT\u00a0: Le recrutement direct d\u2019\u00e9l\u00e8ves officiers lanc\u00e9 (Communiqu\u00e9) -\" \/>\n<meta property=\"og:description\" content=\"Le minist\u00e8re des Arm\u00e9es a lanc\u00e9, vendredi 23 f\u00e9vrier 2024, le concours de s\u00e9lection pour le recrutement direct d\u2019\u00e9l\u00e8ves officiers d\u2019active pour le compte de l\u2019Ecole de formation des officiers des Forces arm\u00e9es togolaises (Efofat). Ouvert \u00e0 toute Togolaise ou tout Togolais \u00e2g\u00e9s de 21 [&hellip;]\" \/>\n<meta property=\"og:url\" content=\"https:\/\/macite.tg\/?p=12845\" \/>\n<meta property=\"article:published_time\" content=\"2024-02-26T11:35:31+00:00\" \/>\n<meta property=\"article:modified_time\" content=\"2024-02-26T11:35:33+00:00\" \/>\n<meta property=\"og:image\" content=\"https:\/\/macite.tg\/wp-content\/uploads\/2024\/02\/image-76.png\" \/>\n\t<meta property=\"og:image:width\" content=\"499\" \/>\n\t<meta property=\"og:image:height\" content=\"333\" \/>\n\t<meta property=\"og:image:type\" content=\"image\/png\" \/>\n<meta name=\"author\" content=\"Jean Pierre BAWELA\" \/>\n<meta name=\"twitter:card\" content=\"summary_large_image\" \/>\n<meta name=\"twitter:label1\" content=\"\u00c9crit par\" \/>\n\t<meta name=\"twitter:data1\" content=\"Jean Pierre BAWELA\" \/>\n\t<meta name=\"twitter:label2\" content=\"Dur\u00e9e de lecture estim\u00e9e\" \/>\n\t<meta name=\"twitter:data2\" content=\"1 minute\" \/>\n<script type=\"application\/ld+json\" class=\"yoast-schema-graph\">{\"@context\":\"https:\\\/\\\/schema.org\",\"@graph\":[{\"@type\":\"Article\",\"@id\":\"https:\\\/\\\/macite.tg\\\/?p=12845#article\",\"isPartOf\":{\"@id\":\"https:\\\/\\\/macite.tg\\\/?p=12845\"},\"author\":{\"name\":\"Jean Pierre BAWELA\",\"@id\":\"https:\\\/\\\/macite.tg\\\/#\\\/schema\\\/person\\\/e9f2de7e5dbbe7770a9402c7ce82f5c2\"},\"headline\":\"EFOFAT\u00a0: Le recrutement direct d\u2019\u00e9l\u00e8ves officiers lanc\u00e9 (Communiqu\u00e9)\",\"datePublished\":\"2024-02-26T11:35:31+00:00\",\"dateModified\":\"2024-02-26T11:35:33+00:00\",\"mainEntityOfPage\":{\"@id\":\"https:\\\/\\\/macite.tg\\\/?p=12845\"},\"wordCount\":253,\"commentCount\":0,\"image\":{\"@id\":\"https:\\\/\\\/macite.tg\\\/?p=12845#primaryimage\"},\"thumbnailUrl\":\"https:\\\/\\\/macite.tg\\\/wp-content\\\/uploads\\\/2024\\\/02\\\/image-76.png\",\"articleSection\":[\"ACTUALITE\",\"FORMATION\"],\"inLanguage\":\"fr-FR\",\"potentialAction\":[{\"@type\":\"CommentAction\",\"name\":\"Comment\",\"target\":[\"https:\\\/\\\/macite.tg\\\/?p=12845#respond\"]}]},{\"@type\":\"WebPage\",\"@id\":\"https:\\\/\\\/macite.tg\\\/?p=12845\",\"url\":\"https:\\\/\\\/macite.tg\\\/?p=12845\",\"name\":\"EFOFAT\u00a0: Le recrutement direct d\u2019\u00e9l\u00e8ves officiers lanc\u00e9 (Communiqu\u00e9) -\",\"isPartOf\":{\"@id\":\"https:\\\/\\\/macite.tg\\\/#website\"},\"primaryImageOfPage\":{\"@id\":\"https:\\\/\\\/macite.tg\\\/?p=12845#primaryimage\"},\"image\":{\"@id\":\"https:\\\/\\\/macite.tg\\\/?p=12845#primaryimage\"},\"thumbnailUrl\":\"https:\\\/\\\/macite.tg\\\/wp-content\\\/uploads\\\/2024\\\/02\\\/image-76.png\",\"datePublished\":\"2024-02-26T11:35:31+00:00\",\"dateModified\":\"2024-02-26T11:35:33+00:00\",\"author\":{\"@id\":\"https:\\\/\\\/macite.tg\\\/#\\\/schema\\\/person\\\/e9f2de7e5dbbe7770a9402c7ce82f5c2\"},\"breadcrumb\":{\"@id\":\"https:\\\/\\\/macite.tg\\\/?p=12845#breadcrumb\"},\"inLanguage\":\"fr-FR\",\"potentialAction\":[{\"@type\":\"ReadAction\",\"target\":[\"https:\\\/\\\/macite.tg\\\/?p=12845\"]}]},{\"@type\":\"ImageObject\",\"inLanguage\":\"fr-FR\",\"@id\":\"https:\\\/\\\/macite.tg\\\/?p=12845#primaryimage\",\"url\":\"https:\\\/\\\/macite.tg\\\/wp-content\\\/uploads\\\/2024\\\/02\\\/image-76.png\",\"contentUrl\":\"https:\\\/\\\/macite.tg\\\/wp-content\\\/uploads\\\/2024\\\/02\\\/image-76.png\",\"width\":499,\"height\":333},{\"@type\":\"BreadcrumbList\",\"@id\":\"https:\\\/\\\/macite.tg\\\/?p=12845#breadcrumb\",\"itemListElement\":[{\"@type\":\"ListItem\",\"position\":1,\"name\":\"Accueil\",\"item\":\"https:\\\/\\\/macite.tg\\\/\"},{\"@type\":\"ListItem\",\"position\":2,\"name\":\"EFOFAT\u00a0: Le recrutement direct d\u2019\u00e9l\u00e8ves officiers lanc\u00e9 (Communiqu\u00e9)\"}]},{\"@type\":\"WebSite\",\"@id\":\"https:\\\/\\\/macite.tg\\\/#website\",\"url\":\"https:\\\/\\\/macite.tg\\\/\",\"name\":\"\",\"description\":\"L&#039;information, la bonne!!!\",\"potentialAction\":[{\"@type\":\"SearchAction\",\"target\":{\"@type\":\"EntryPoint\",\"urlTemplate\":\"https:\\\/\\\/macite.tg\\\/?s={search_term_string}\"},\"query-input\":{\"@type\":\"PropertyValueSpecification\",\"valueRequired\":true,\"valueName\":\"search_term_string\"}}],\"inLanguage\":\"fr-FR\"},{\"@type\":\"Person\",\"@id\":\"https:\\\/\\\/macite.tg\\\/#\\\/schema\\\/person\\\/e9f2de7e5dbbe7770a9402c7ce82f5c2\",\"name\":\"Jean Pierre BAWELA\",\"image\":{\"@type\":\"ImageObject\",\"inLanguage\":\"fr-FR\",\"@id\":\"https:\\\/\\\/macite.tg\\\/wp-content\\\/uploads\\\/2023\\\/09\\\/WhatsApp-Image-2023-09-19-at-14.44.41-122x122.jpeg\",\"url\":\"https:\\\/\\\/macite.tg\\\/wp-content\\\/uploads\\\/2023\\\/09\\\/WhatsApp-Image-2023-09-19-at-14.44.41-122x122.jpeg\",\"contentUrl\":\"https:\\\/\\\/macite.tg\\\/wp-content\\\/uploads\\\/2023\\\/09\\\/WhatsApp-Image-2023-09-19-at-14.44.41-122x122.jpeg\",\"caption\":\"Jean Pierre BAWELA\"},\"url\":\"https:\\\/\\\/macite.tg\\\/?author=2\"}]}<\/script>\n<!-- \/ Yoast SEO plugin. -->","yoast_head_json":{"title":"EFOFAT\u00a0: Le recrutement direct d\u2019\u00e9l\u00e8ves officiers lanc\u00e9 (Communiqu\u00e9) -","robots":{"index":"index","follow":"follow","max-snippet":"max-snippet:-1","max-image-preview":"max-image-preview:large","max-video-preview":"max-video-preview:-1"},"canonical":"https:\/\/macite.tg\/?p=12845","og_locale":"fr_FR","og_type":"article","og_title":"EFOFAT\u00a0: Le recrutement direct d\u2019\u00e9l\u00e8ves officiers lanc\u00e9 (Communiqu\u00e9) -","og_description":"Le minist\u00e8re des Arm\u00e9es a lanc\u00e9, vendredi 23 f\u00e9vrier 2024, le concours de s\u00e9lection pour le recrutement direct d\u2019\u00e9l\u00e8ves officiers d\u2019active pour le compte de l\u2019Ecole de formation des officiers des Forces arm\u00e9es togolaises (Efofat). Ouvert \u00e0 toute Togolaise ou tout Togolais \u00e2g\u00e9s de 21 [&hellip;]","og_url":"https:\/\/macite.tg\/?p=12845","article_published_time":"2024-02-26T11:35:31+00:00","article_modified_time":"2024-02-26T11:35:33+00:00","og_image":[{"width":499,"height":333,"url":"https:\/\/macite.tg\/wp-content\/uploads\/2024\/02\/image-76.png","type":"image\/png"}],"author":"Jean Pierre BAWELA","twitter_card":"summary_large_image","twitter_misc":{"\u00c9crit par":"Jean Pierre BAWELA","Dur\u00e9e de lecture estim\u00e9e":"1 minute"},"schema":{"@context":"https:\/\/schema.org","@graph":[{"@type":"Article","@id":"https:\/\/macite.tg\/?p=12845#article","isPartOf":{"@id":"https:\/\/macite.tg\/?p=12845"},"author":{"name":"Jean Pierre BAWELA","@id":"https:\/\/macite.tg\/#\/schema\/person\/e9f2de7e5dbbe7770a9402c7ce82f5c2"},"headline":"EFOFAT\u00a0: Le recrutement direct d\u2019\u00e9l\u00e8ves officiers lanc\u00e9 (Communiqu\u00e9)","datePublished":"2024-02-26T11:35:31+00:00","dateModified":"2024-02-26T11:35:33+00:00","mainEntityOfPage":{"@id":"https:\/\/macite.tg\/?p=12845"},"wordCount":253,"commentCount":0,"image":{"@id":"https:\/\/macite.tg\/?p=12845#primaryimage"},"thumbnailUrl":"https:\/\/macite.tg\/wp-content\/uploads\/2024\/02\/image-76.png","articleSection":["ACTUALITE","FORMATION"],"inLanguage":"fr-FR","potentialAction":[{"@type":"CommentAction","name":"Comment","target":["https:\/\/macite.tg\/?p=12845#respond"]}]},{"@type":"WebPage","@id":"https:\/\/macite.tg\/?p=12845","url":"https:\/\/macite.tg\/?p=12845","name":"EFOFAT\u00a0: Le recrutement direct d\u2019\u00e9l\u00e8ves officiers lanc\u00e9 (Communiqu\u00e9) -","isPartOf":{"@id":"https:\/\/macite.tg\/#website"},"primaryImageOfPage":{"@id":"https:\/\/macite.tg\/?p=12845#primaryimage"},"image":{"@id":"https:\/\/macite.tg\/?p=12845#primaryimage"},"thumbnailUrl":"https:\/\/macite.tg\/wp-content\/uploads\/2024\/02\/image-76.png","datePublished":"2024-02-26T11:35:31+00:00","dateModified":"2024-02-26T11:35:33+00:00","author":{"@id":"https:\/\/macite.tg\/#\/schema\/person\/e9f2de7e5dbbe7770a9402c7ce82f5c2"},"breadcrumb":{"@id":"https:\/\/macite.tg\/?p=12845#breadcrumb"},"inLanguage":"fr-FR","potentialAction":[{"@type":"ReadAction","target":["https:\/\/macite.tg\/?p=12845"]}]},{"@type":"ImageObject","inLanguage":"fr-FR","@id":"https:\/\/macite.tg\/?p=12845#primaryimage","url":"https:\/\/macite.tg\/wp-content\/uploads\/2024\/02\/image-76.png","contentUrl":"https:\/\/macite.tg\/wp-content\/uploads\/2024\/02\/image-76.png","width":499,"height":333},{"@type":"BreadcrumbList","@id":"https:\/\/macite.tg\/?p=12845#breadcrumb","itemListElement":[{"@type":"ListItem","position":1,"name":"Accueil","item":"https:\/\/macite.tg\/"},{"@type":"ListItem","position":2,"name":"EFOFAT\u00a0: Le recrutement direct d\u2019\u00e9l\u00e8ves officiers lanc\u00e9 (Communiqu\u00e9)"}]},{"@type":"WebSite","@id":"https:\/\/macite.tg\/#website","url":"https:\/\/macite.tg\/","name":"","description":"L&#039;information, la bonne!!!","potentialAction":[{"@type":"SearchAction","target":{"@type":"EntryPoint","urlTemplate":"https:\/\/macite.tg\/?s={search_term_string}"},"query-input":{"@type":"PropertyValueSpecification","valueRequired":true,"valueName":"search_term_string"}}],"inLanguage":"fr-FR"},{"@type":"Person","@id":"https:\/\/macite.tg\/#\/schema\/person\/e9f2de7e5dbbe7770a9402c7ce82f5c2","name":"Jean Pierre BAWELA","image":{"@type":"ImageObject","inLanguage":"fr-FR","@id":"https:\/\/macite.tg\/wp-content\/uploads\/2023\/09\/WhatsApp-Image-2023-09-19-at-14.44.41-122x122.jpeg","url":"https:\/\/macite.tg\/wp-content\/uploads\/2023\/09\/WhatsApp-Image-2023-09-19-at-14.44.41-122x122.jpeg","contentUrl":"https:\/\/macite.tg\/wp-content\/uploads\/2023\/09\/WhatsApp-Image-2023-09-19-at-14.44.41-122x122.jpeg","caption":"Jean Pierre BAWELA"},"url":"https:\/\/macite.tg\/?author=2"}]}},"_links":{"self":[{"href":"https:\/\/macite.tg\/index.php?rest_route=\/wp\/v2\/posts\/12845","targetHints":{"allow":["GET"]}}],"collection":[{"href":"https:\/\/macite.tg\/index.php?rest_route=\/wp\/v2\/posts"}],"about":[{"href":"https:\/\/macite.tg\/index.php?rest_route=\/wp\/v2\/types\/post"}],"author":[{"embeddable":true,"href":"https:\/\/macite.tg\/index.php?rest_route=\/wp\/v2\/users\/2"}],"replies":[{"embeddable":true,"href":"https:\/\/macite.tg\/index.php?rest_route=%2Fwp%2Fv2%2Fcomments&post=12845"}],"version-history":[{"count":0,"href":"https:\/\/macite.tg\/index.php?rest_route=\/wp\/v2\/posts\/12845\/revisions"}],"wp:featuredmedia":[{"embeddable":true,"href":"https:\/\/macite.tg\/index.php?rest_route=\/wp\/v2\/media\/12847"}],"wp:attachment":[{"href":"https:\/\/macite.tg\/index.php?rest_route=%2Fwp%2Fv2%2Fmedia&parent=12845"}],"wp:term":[{"taxonomy":"category","embeddable":true,"href":"https:\/\/macite.tg\/index.php?rest_route=%2Fwp%2Fv2%2Fcategories&post=12845"},{"taxonomy":"post_tag","embeddable":true,"href":"https:\/\/macite.tg\/index.php?rest_route=%2Fwp%2Fv2%2Ftags&post=12845"}],"curies":[{"name":"wp","href":"https:\/\/api.w.org\/{rel}","templated":true}]}}