{"id":12838,"date":"2024-02-26T10:19:27","date_gmt":"2024-02-26T10:19:27","guid":{"rendered":"https:\/\/macite.tg\/?p=12838"},"modified":"2024-02-26T10:19:41","modified_gmt":"2024-02-26T10:19:41","slug":"senegal-macky-sall-a-parle-avec-karim-et-sonko-cheikh-yerim-seck","status":"publish","type":"post","link":"https:\/\/macite.tg\/?p=12838","title":{"rendered":"SENEGAL\u00a0:\u00ab\u00a0Macky Sall a parl\u00e9 avec Karim et Sonko\u2026\u00a0\u00bb (Cheikh Y\u00e9rim Seck)"},"content":{"rendered":"\n<h1 class=\"wp-block-heading\"><i class=\"fas fa-pencil-alt\"> <\/i><span><\/h1>\n\n\n\n<p class=\"wp-block-paragraph\"><strong><em>D\u2019apr\u00e8s les informations fournies par Cheikh Y\u00e9rim Seck, il y a eu des discussions entre Ousmane Sonko, Karim Wade et Macky Sall avant le report de l\u2019\u00e9lection pr\u00e9sidentielle.<\/em><\/strong><\/p>\n\n\n\n<p class=\"wp-block-paragraph\"><em>\u00ab\u00a0Ce qui est certain, et j\u2019ai v\u00e9rifi\u00e9 ces informations, c\u2019est que Macky Sall a eu des entretiens avec Karim Wade et Ousmane Sonko avant de d\u00e9cider de reporter l\u2019\u00e9lection pr\u00e9sidentielle. Ces deux personnalit\u00e9s dirigent respectivement les deux principaux groupes parlementaires \u00e0 l\u2019Assembl\u00e9e nationale.<\/em><\/p>\n\n\n<div class=\"wp-block-image\">\n<figure class=\"aligncenter size-large is-resized\"><img loading=\"lazy\" decoding=\"async\" src=\"https:\/\/macite.tg\/wp-content\/uploads\/2024\/02\/IMG-20240220-WA0062-868x1024.jpg\" alt=\"\" class=\"wp-image-12721\" width=\"490\" height=\"577\" srcset=\"https:\/\/macite.tg\/wp-content\/uploads\/2024\/02\/IMG-20240220-WA0062-868x1024.jpg 868w, https:\/\/macite.tg\/wp-content\/uploads\/2024\/02\/IMG-20240220-WA0062-254x300.jpg 254w, https:\/\/macite.tg\/wp-content\/uploads\/2024\/02\/IMG-20240220-WA0062-768x906.jpg 768w, https:\/\/macite.tg\/wp-content\/uploads\/2024\/02\/IMG-20240220-WA0062-1302x1536.jpg 1302w, https:\/\/macite.tg\/wp-content\/uploads\/2024\/02\/IMG-20240220-WA0062.jpg 1356w\" sizes=\"auto, (max-width: 490px) 100vw, 490px\" \/><\/figure>\n<\/div>\n\n\n<p class=\"wp-block-paragraph\"><em>Cependant, la mani\u00e8re dont le report a \u00e9t\u00e9 effectu\u00e9 n\u2019\u00e9tait pas la meilleure. C\u2019est d\u2019ailleurs pourquoi ce report a suscit\u00e9 des r\u00e9actions, malgr\u00e9 les discussions entre Macky Sall, Karim Wade et Ousmane Sonko&nbsp;\u00bb,<\/em>&nbsp;a-t-il d\u00e9clar\u00e9 lors d\u2019une intervention sur 7TV.<\/p>\n\n\n\n<p class=\"wp-block-paragraph\">Selon Cheikh Y\u00e9rim Seck, il aurait \u00e9t\u00e9 plus appropri\u00e9 que Macky Sall commence par discuter avec les diff\u00e9rents candidats et leaders de l\u2019opposition avant de d\u00e9cider de reporter l\u2019\u00e9lection pr\u00e9sidentielle \u00e0 la veille de la campagne \u00e9lectorale.<\/p>\n\n\n\n<p class=\"wp-block-paragraph\"><strong>SeneNews<\/strong><\/p>\n","protected":false},"excerpt":{"rendered":"<p class=\"text-justify mb-2\" >D\u2019apr\u00e8s les informations fournies par Cheikh Y\u00e9rim Seck, il y a eu des discussions entre Ousmane Sonko, Karim Wade et Macky Sall avant le report de l\u2019\u00e9lection pr\u00e9sidentielle. \u00ab\u00a0Ce qui est certain, et j\u2019ai v\u00e9rifi\u00e9 ces informations, c\u2019est que Macky Sall a eu des entretiens [&hellip;]<\/p>\n","protected":false},"author":2,"featured_media":12843,"comment_status":"open","ping_status":"open","sticky":false,"template":"","format":"standard","meta":{"footnotes":""},"categories":[20,1],"tags":[],"class_list":["post-12838","post","type-post","status-publish","format-standard","has-post-thumbnail","hentry","category-actualite","category-politique"],"yoast_head":"<!-- This site is optimized with the Yoast SEO plugin v28.4 - https:\/\/yoast.com\/product\/yoast-seo-wordpress\/ -->\n<title>SENEGAL\u00a0:\u00ab\u00a0Macky Sall a parl\u00e9 avec Karim et Sonko\u2026\u00a0\u00bb (Cheikh Y\u00e9rim Seck) -<\/title>\n<meta name=\"robots\" content=\"index, follow, max-snippet:-1, max-image-preview:large, max-video-preview:-1\" \/>\n<link rel=\"canonical\" href=\"https:\/\/macite.tg\/?p=12838\" \/>\n<meta property=\"og:locale\" content=\"fr_FR\" \/>\n<meta property=\"og:type\" content=\"article\" \/>\n<meta property=\"og:title\" content=\"SENEGAL\u00a0:\u00ab\u00a0Macky Sall a parl\u00e9 avec Karim et Sonko\u2026\u00a0\u00bb (Cheikh Y\u00e9rim Seck) -\" \/>\n<meta property=\"og:description\" content=\"D\u2019apr\u00e8s les informations fournies par Cheikh Y\u00e9rim Seck, il y a eu des discussions entre Ousmane Sonko, Karim Wade et Macky Sall avant le report de l\u2019\u00e9lection pr\u00e9sidentielle. \u00ab\u00a0Ce qui est certain, et j\u2019ai v\u00e9rifi\u00e9 ces informations, c\u2019est que Macky Sall a eu des entretiens [&hellip;]\" \/>\n<meta property=\"og:url\" content=\"https:\/\/macite.tg\/?p=12838\" \/>\n<meta property=\"article:published_time\" content=\"2024-02-26T10:19:27+00:00\" \/>\n<meta property=\"article:modified_time\" content=\"2024-02-26T10:19:41+00:00\" \/>\n<meta property=\"og:image\" content=\"https:\/\/macite.tg\/wp-content\/uploads\/2024\/02\/image-75.png\" \/>\n\t<meta property=\"og:image:width\" content=\"696\" \/>\n\t<meta property=\"og:image:height\" content=\"319\" \/>\n\t<meta property=\"og:image:type\" content=\"image\/png\" \/>\n<meta name=\"author\" content=\"Jean Pierre BAWELA\" \/>\n<meta name=\"twitter:card\" content=\"summary_large_image\" \/>\n<meta name=\"twitter:label1\" content=\"\u00c9crit par\" \/>\n\t<meta name=\"twitter:data1\" content=\"Jean Pierre BAWELA\" \/>\n\t<meta name=\"twitter:label2\" content=\"Dur\u00e9e de lecture estim\u00e9e\" \/>\n\t<meta name=\"twitter:data2\" content=\"1 minute\" \/>\n<script type=\"application\/ld+json\" class=\"yoast-schema-graph\">{\"@context\":\"https:\\\/\\\/schema.org\",\"@graph\":[{\"@type\":\"Article\",\"@id\":\"https:\\\/\\\/macite.tg\\\/?p=12838#article\",\"isPartOf\":{\"@id\":\"https:\\\/\\\/macite.tg\\\/?p=12838\"},\"author\":{\"name\":\"Jean Pierre BAWELA\",\"@id\":\"https:\\\/\\\/macite.tg\\\/#\\\/schema\\\/person\\\/e9f2de7e5dbbe7770a9402c7ce82f5c2\"},\"headline\":\"SENEGAL\u00a0:\u00ab\u00a0Macky Sall a parl\u00e9 avec Karim et Sonko\u2026\u00a0\u00bb (Cheikh Y\u00e9rim Seck)\",\"datePublished\":\"2024-02-26T10:19:27+00:00\",\"dateModified\":\"2024-02-26T10:19:41+00:00\",\"mainEntityOfPage\":{\"@id\":\"https:\\\/\\\/macite.tg\\\/?p=12838\"},\"wordCount\":189,\"commentCount\":0,\"image\":{\"@id\":\"https:\\\/\\\/macite.tg\\\/?p=12838#primaryimage\"},\"thumbnailUrl\":\"https:\\\/\\\/macite.tg\\\/wp-content\\\/uploads\\\/2024\\\/02\\\/image-75.png\",\"articleSection\":[\"ACTUALITE\",\"POLITIQUE\"],\"inLanguage\":\"fr-FR\",\"potentialAction\":[{\"@type\":\"CommentAction\",\"name\":\"Comment\",\"target\":[\"https:\\\/\\\/macite.tg\\\/?p=12838#respond\"]}]},{\"@type\":\"WebPage\",\"@id\":\"https:\\\/\\\/macite.tg\\\/?p=12838\",\"url\":\"https:\\\/\\\/macite.tg\\\/?p=12838\",\"name\":\"SENEGAL\u00a0:\u00ab\u00a0Macky Sall a parl\u00e9 avec Karim et Sonko\u2026\u00a0\u00bb (Cheikh Y\u00e9rim Seck) -\",\"isPartOf\":{\"@id\":\"https:\\\/\\\/macite.tg\\\/#website\"},\"primaryImageOfPage\":{\"@id\":\"https:\\\/\\\/macite.tg\\\/?p=12838#primaryimage\"},\"image\":{\"@id\":\"https:\\\/\\\/macite.tg\\\/?p=12838#primaryimage\"},\"thumbnailUrl\":\"https:\\\/\\\/macite.tg\\\/wp-content\\\/uploads\\\/2024\\\/02\\\/image-75.png\",\"datePublished\":\"2024-02-26T10:19:27+00:00\",\"dateModified\":\"2024-02-26T10:19:41+00:00\",\"author\":{\"@id\":\"https:\\\/\\\/macite.tg\\\/#\\\/schema\\\/person\\\/e9f2de7e5dbbe7770a9402c7ce82f5c2\"},\"breadcrumb\":{\"@id\":\"https:\\\/\\\/macite.tg\\\/?p=12838#breadcrumb\"},\"inLanguage\":\"fr-FR\",\"potentialAction\":[{\"@type\":\"ReadAction\",\"target\":[\"https:\\\/\\\/macite.tg\\\/?p=12838\"]}]},{\"@type\":\"ImageObject\",\"inLanguage\":\"fr-FR\",\"@id\":\"https:\\\/\\\/macite.tg\\\/?p=12838#primaryimage\",\"url\":\"https:\\\/\\\/macite.tg\\\/wp-content\\\/uploads\\\/2024\\\/02\\\/image-75.png\",\"contentUrl\":\"https:\\\/\\\/macite.tg\\\/wp-content\\\/uploads\\\/2024\\\/02\\\/image-75.png\",\"width\":696,\"height\":319},{\"@type\":\"BreadcrumbList\",\"@id\":\"https:\\\/\\\/macite.tg\\\/?p=12838#breadcrumb\",\"itemListElement\":[{\"@type\":\"ListItem\",\"position\":1,\"name\":\"Accueil\",\"item\":\"https:\\\/\\\/macite.tg\\\/\"},{\"@type\":\"ListItem\",\"position\":2,\"name\":\"SENEGAL\u00a0:\u00ab\u00a0Macky Sall a parl\u00e9 avec Karim et Sonko\u2026\u00a0\u00bb (Cheikh Y\u00e9rim Seck)\"}]},{\"@type\":\"WebSite\",\"@id\":\"https:\\\/\\\/macite.tg\\\/#website\",\"url\":\"https:\\\/\\\/macite.tg\\\/\",\"name\":\"\",\"description\":\"L&#039;information, la bonne!!!\",\"potentialAction\":[{\"@type\":\"SearchAction\",\"target\":{\"@type\":\"EntryPoint\",\"urlTemplate\":\"https:\\\/\\\/macite.tg\\\/?s={search_term_string}\"},\"query-input\":{\"@type\":\"PropertyValueSpecification\",\"valueRequired\":true,\"valueName\":\"search_term_string\"}}],\"inLanguage\":\"fr-FR\"},{\"@type\":\"Person\",\"@id\":\"https:\\\/\\\/macite.tg\\\/#\\\/schema\\\/person\\\/e9f2de7e5dbbe7770a9402c7ce82f5c2\",\"name\":\"Jean Pierre BAWELA\",\"image\":{\"@type\":\"ImageObject\",\"inLanguage\":\"fr-FR\",\"@id\":\"https:\\\/\\\/macite.tg\\\/wp-content\\\/uploads\\\/2023\\\/09\\\/WhatsApp-Image-2023-09-19-at-14.44.41-122x122.jpeg\",\"url\":\"https:\\\/\\\/macite.tg\\\/wp-content\\\/uploads\\\/2023\\\/09\\\/WhatsApp-Image-2023-09-19-at-14.44.41-122x122.jpeg\",\"contentUrl\":\"https:\\\/\\\/macite.tg\\\/wp-content\\\/uploads\\\/2023\\\/09\\\/WhatsApp-Image-2023-09-19-at-14.44.41-122x122.jpeg\",\"caption\":\"Jean Pierre BAWELA\"},\"url\":\"https:\\\/\\\/macite.tg\\\/?author=2\"}]}<\/script>\n<!-- \/ Yoast SEO plugin. -->","yoast_head_json":{"title":"SENEGAL\u00a0:\u00ab\u00a0Macky Sall a parl\u00e9 avec Karim et Sonko\u2026\u00a0\u00bb (Cheikh Y\u00e9rim Seck) -","robots":{"index":"index","follow":"follow","max-snippet":"max-snippet:-1","max-image-preview":"max-image-preview:large","max-video-preview":"max-video-preview:-1"},"canonical":"https:\/\/macite.tg\/?p=12838","og_locale":"fr_FR","og_type":"article","og_title":"SENEGAL\u00a0:\u00ab\u00a0Macky Sall a parl\u00e9 avec Karim et Sonko\u2026\u00a0\u00bb (Cheikh Y\u00e9rim Seck) -","og_description":"D\u2019apr\u00e8s les informations fournies par Cheikh Y\u00e9rim Seck, il y a eu des discussions entre Ousmane Sonko, Karim Wade et Macky Sall avant le report de l\u2019\u00e9lection pr\u00e9sidentielle. \u00ab\u00a0Ce qui est certain, et j\u2019ai v\u00e9rifi\u00e9 ces informations, c\u2019est que Macky Sall a eu des entretiens [&hellip;]","og_url":"https:\/\/macite.tg\/?p=12838","article_published_time":"2024-02-26T10:19:27+00:00","article_modified_time":"2024-02-26T10:19:41+00:00","og_image":[{"width":696,"height":319,"url":"https:\/\/macite.tg\/wp-content\/uploads\/2024\/02\/image-75.png","type":"image\/png"}],"author":"Jean Pierre BAWELA","twitter_card":"summary_large_image","twitter_misc":{"\u00c9crit par":"Jean Pierre BAWELA","Dur\u00e9e de lecture estim\u00e9e":"1 minute"},"schema":{"@context":"https:\/\/schema.org","@graph":[{"@type":"Article","@id":"https:\/\/macite.tg\/?p=12838#article","isPartOf":{"@id":"https:\/\/macite.tg\/?p=12838"},"author":{"name":"Jean Pierre BAWELA","@id":"https:\/\/macite.tg\/#\/schema\/person\/e9f2de7e5dbbe7770a9402c7ce82f5c2"},"headline":"SENEGAL\u00a0:\u00ab\u00a0Macky Sall a parl\u00e9 avec Karim et Sonko\u2026\u00a0\u00bb (Cheikh Y\u00e9rim Seck)","datePublished":"2024-02-26T10:19:27+00:00","dateModified":"2024-02-26T10:19:41+00:00","mainEntityOfPage":{"@id":"https:\/\/macite.tg\/?p=12838"},"wordCount":189,"commentCount":0,"image":{"@id":"https:\/\/macite.tg\/?p=12838#primaryimage"},"thumbnailUrl":"https:\/\/macite.tg\/wp-content\/uploads\/2024\/02\/image-75.png","articleSection":["ACTUALITE","POLITIQUE"],"inLanguage":"fr-FR","potentialAction":[{"@type":"CommentAction","name":"Comment","target":["https:\/\/macite.tg\/?p=12838#respond"]}]},{"@type":"WebPage","@id":"https:\/\/macite.tg\/?p=12838","url":"https:\/\/macite.tg\/?p=12838","name":"SENEGAL\u00a0:\u00ab\u00a0Macky Sall a parl\u00e9 avec Karim et Sonko\u2026\u00a0\u00bb (Cheikh Y\u00e9rim Seck) -","isPartOf":{"@id":"https:\/\/macite.tg\/#website"},"primaryImageOfPage":{"@id":"https:\/\/macite.tg\/?p=12838#primaryimage"},"image":{"@id":"https:\/\/macite.tg\/?p=12838#primaryimage"},"thumbnailUrl":"https:\/\/macite.tg\/wp-content\/uploads\/2024\/02\/image-75.png","datePublished":"2024-02-26T10:19:27+00:00","dateModified":"2024-02-26T10:19:41+00:00","author":{"@id":"https:\/\/macite.tg\/#\/schema\/person\/e9f2de7e5dbbe7770a9402c7ce82f5c2"},"breadcrumb":{"@id":"https:\/\/macite.tg\/?p=12838#breadcrumb"},"inLanguage":"fr-FR","potentialAction":[{"@type":"ReadAction","target":["https:\/\/macite.tg\/?p=12838"]}]},{"@type":"ImageObject","inLanguage":"fr-FR","@id":"https:\/\/macite.tg\/?p=12838#primaryimage","url":"https:\/\/macite.tg\/wp-content\/uploads\/2024\/02\/image-75.png","contentUrl":"https:\/\/macite.tg\/wp-content\/uploads\/2024\/02\/image-75.png","width":696,"height":319},{"@type":"BreadcrumbList","@id":"https:\/\/macite.tg\/?p=12838#breadcrumb","itemListElement":[{"@type":"ListItem","position":1,"name":"Accueil","item":"https:\/\/macite.tg\/"},{"@type":"ListItem","position":2,"name":"SENEGAL\u00a0:\u00ab\u00a0Macky Sall a parl\u00e9 avec Karim et Sonko\u2026\u00a0\u00bb (Cheikh Y\u00e9rim Seck)"}]},{"@type":"WebSite","@id":"https:\/\/macite.tg\/#website","url":"https:\/\/macite.tg\/","name":"","description":"L&#039;information, la bonne!!!","potentialAction":[{"@type":"SearchAction","target":{"@type":"EntryPoint","urlTemplate":"https:\/\/macite.tg\/?s={search_term_string}"},"query-input":{"@type":"PropertyValueSpecification","valueRequired":true,"valueName":"search_term_string"}}],"inLanguage":"fr-FR"},{"@type":"Person","@id":"https:\/\/macite.tg\/#\/schema\/person\/e9f2de7e5dbbe7770a9402c7ce82f5c2","name":"Jean Pierre BAWELA","image":{"@type":"ImageObject","inLanguage":"fr-FR","@id":"https:\/\/macite.tg\/wp-content\/uploads\/2023\/09\/WhatsApp-Image-2023-09-19-at-14.44.41-122x122.jpeg","url":"https:\/\/macite.tg\/wp-content\/uploads\/2023\/09\/WhatsApp-Image-2023-09-19-at-14.44.41-122x122.jpeg","contentUrl":"https:\/\/macite.tg\/wp-content\/uploads\/2023\/09\/WhatsApp-Image-2023-09-19-at-14.44.41-122x122.jpeg","caption":"Jean Pierre BAWELA"},"url":"https:\/\/macite.tg\/?author=2"}]}},"_links":{"self":[{"href":"https:\/\/macite.tg\/index.php?rest_route=\/wp\/v2\/posts\/12838","targetHints":{"allow":["GET"]}}],"collection":[{"href":"https:\/\/macite.tg\/index.php?rest_route=\/wp\/v2\/posts"}],"about":[{"href":"https:\/\/macite.tg\/index.php?rest_route=\/wp\/v2\/types\/post"}],"author":[{"embeddable":true,"href":"https:\/\/macite.tg\/index.php?rest_route=\/wp\/v2\/users\/2"}],"replies":[{"embeddable":true,"href":"https:\/\/macite.tg\/index.php?rest_route=%2Fwp%2Fv2%2Fcomments&post=12838"}],"version-history":[{"count":0,"href":"https:\/\/macite.tg\/index.php?rest_route=\/wp\/v2\/posts\/12838\/revisions"}],"wp:featuredmedia":[{"embeddable":true,"href":"https:\/\/macite.tg\/index.php?rest_route=\/wp\/v2\/media\/12843"}],"wp:attachment":[{"href":"https:\/\/macite.tg\/index.php?rest_route=%2Fwp%2Fv2%2Fmedia&parent=12838"}],"wp:term":[{"taxonomy":"category","embeddable":true,"href":"https:\/\/macite.tg\/index.php?rest_route=%2Fwp%2Fv2%2Fcategories&post=12838"},{"taxonomy":"post_tag","embeddable":true,"href":"https:\/\/macite.tg\/index.php?rest_route=%2Fwp%2Fv2%2Ftags&post=12838"}],"curies":[{"name":"wp","href":"https:\/\/api.w.org\/{rel}","templated":true}]}}