{"id":12831,"date":"2024-02-25T21:30:04","date_gmt":"2024-02-25T21:30:04","guid":{"rendered":"https:\/\/macite.tg\/?p=12831"},"modified":"2024-02-25T21:45:15","modified_gmt":"2024-02-25T21:45:15","slug":"le-conflit-israelo-palestinien-porte-devant-la-cpi-sa-majeste-le-roi-mohammed-vi-du-maroc-preconise-une-solution-durable","status":"publish","type":"post","link":"https:\/\/macite.tg\/?p=12831","title":{"rendered":"LE CONFLIT ISRAELO-PALESTINIEN PORTE DEVANT LA CPI\u00a0: Sa Majest\u00e9 le Roi Mohammed VI du Maroc pr\u00e9conise une solution durable"},"content":{"rendered":"\n<p class=\"wp-block-paragraph\"><strong><em>Devenu un sujet de pr\u00e9occupation majeure pour la communaut\u00e9 internationale, le conflit isra\u00e9lo-palestinien s\u2019invite \u00e0 tous les d\u00e9bats au point d\u2019atterrir sur la table de la Cour internationale de justice (Cij), en vue d\u2019une r\u00e9solution durable. Dans la dynamique de l\u2019initiative arabe de paix et en s\u2019appuyant sur les diff\u00e9rentes r\u00e9solutions des Nations Unies pour le r\u00e8glement de ce conflit, le Royaume du Maroc se pr\u00e9sente comme un interlocuteur non des moindres.&nbsp;<\/em><\/strong><\/p>\n\n\n\n<p class=\"wp-block-paragraph\">Alors que la Cour internationale de justice (Cij) tient, depuis le 19 f\u00e9vrier 2024, ses audiences sur le sujet br\u00fblant du conflit isra\u00e9lo-palestinien, l\u2019engagement de Sa Majest\u00e9 le Roi Mohammed VI, que Dieu L\u2019assiste, en sa qualit\u00e9 de Pr\u00e9sident du Comit\u00e9 Al-Qods issu de l\u2019Organisation de la Coop\u00e9ration Islamique (Oci), trouve des oreilles attentives aupr\u00e8s de la Cij, quant aux cons\u00e9quences juridiques \u00e9manant des politiques et pratiques de l\u2019Etat d&rsquo;Isra\u00ebl dans le Territoire palestinien occup\u00e9. Lors de cet oral, le Maroc n\u2019est pas pass\u00e9 par quatre chemins pour t\u00e9moigner son ind\u00e9fectible soutien \u00e0 la d\u00e9l\u00e9gation palestinienne.<\/p>\n\n\n<div class=\"wp-block-image\">\n<figure class=\"aligncenter size-large is-resized\"><img loading=\"lazy\" decoding=\"async\" src=\"https:\/\/macite.tg\/wp-content\/uploads\/2024\/02\/IMG-20240220-WA0062-868x1024.jpg\" alt=\"\" class=\"wp-image-12721\" width=\"611\" height=\"720\" srcset=\"https:\/\/macite.tg\/wp-content\/uploads\/2024\/02\/IMG-20240220-WA0062-868x1024.jpg 868w, https:\/\/macite.tg\/wp-content\/uploads\/2024\/02\/IMG-20240220-WA0062-254x300.jpg 254w, https:\/\/macite.tg\/wp-content\/uploads\/2024\/02\/IMG-20240220-WA0062-768x906.jpg 768w, https:\/\/macite.tg\/wp-content\/uploads\/2024\/02\/IMG-20240220-WA0062-1302x1536.jpg 1302w, https:\/\/macite.tg\/wp-content\/uploads\/2024\/02\/IMG-20240220-WA0062.jpg 1356w\" sizes=\"auto, (max-width: 611px) 100vw, 611px\" \/><\/figure>\n<\/div>\n\n\n<p class=\"wp-block-paragraph\">Cette r\u00e9action du Royaume ch\u00e9rifien fait suit \u00e0 un pr\u00e9alable plaidoyer dument r\u00e9dig\u00e9, transmis \u00e0 la Cour, retra\u00e7ant l\u2019engagement du Souverain, en sa qualit\u00e9 de Pr\u00e9sident du Comit\u00e9 Al-Qods issu de l\u2019Organisation de la Coop\u00e9ration Islamique (Oci), et dont l\u2019objectif \u00e9tait de <em>\u00ab&nbsp;prot\u00e9ger le statut juridique, historique, politique et spirituel de la Ville sainte, et la pr\u00e9server dans sa vocation unique de ville de paix et de rencontre pour les fid\u00e8les de toutes les religions monoth\u00e9istes&nbsp;\u00bb.<\/em><\/p>\n\n\n\n<p class=\"wp-block-paragraph\">Dans la dynamique de l\u2019initiative arabe de paix et tout en s\u2019appuyant sur les diff\u00e9rentes r\u00e9solutions des Nations Unies pour le r\u00e8glement du conflit isra\u00e9lo-palestinien, le Royaume du Maroc, s\u2019adossant sur le droit international, estime que demeure <em>\u00ab&nbsp;la mise en \u0153uvre d\u2019une solution juste, globale et durable, fond\u00e9e sur le principe des deux Etats : un Etat Palestinien ind\u00e9pendant sur la base des fronti\u00e8res du 04 juin 1967, avec Al-Qods\/J\u00e9rusalem-Est comme capitale, vivant c\u00f4te-\u00e0-c\u00f4te avec l\u2019Etat d\u2019Isra\u00ebl, dans la paix et la s\u00e9curit\u00e9 et ce, conform\u00e9ment \u00e0 la l\u00e9galit\u00e9 internationale, aux r\u00e9solutions de l\u2019Organisation des Nations Unies, et dans le prolongement de l\u2019Initiative arabe de paix&nbsp;\u00bb.<\/em><\/p>\n\n\n\n<p class=\"wp-block-paragraph\">Dans cette posture, le Maroc n\u2019a pas manqu\u00e9 de se rem\u00e9morer l\u2019Appel d\u2019Al-Qods\/J\u00e9rusalem, qui se positionne comme la pierre angulaire dans la r\u00e9solution des tensions permanentes au Proche et Moyen Orient. Cet importantissime document tripartite, sign\u00e9 le 30 mars 2019 entre Sa Majest\u00e9 le Roi Mohammed VI &#8211; Amir Al Mouminine &#8211; et le Pape Fran\u00e7ois, note l\u2019imp\u00e9rieuse n\u00e9cessit\u00e9 de pr\u00e9server la ville <em>sainte \u00ab&nbsp;J\u00e9rusalem comme berceau des trois grandes religions monoth\u00e9istes du monde&nbsp;\u00bb<\/em>, avec obligation de conserver et promouvoir le caract\u00e8re <em>\u00ab&nbsp;sp\u00e9cifique multireligieux, la dimension spirituelle et l\u2019identit\u00e9 particuli\u00e8re de J\u00e9rusalem\/Al-Qods Acharif&nbsp;\u00bb.<\/em><\/p>\n\n\n<div class=\"wp-block-image\">\n<figure class=\"aligncenter size-full\"><img loading=\"lazy\" decoding=\"async\" width=\"485\" height=\"607\" src=\"https:\/\/macite.tg\/wp-content\/uploads\/2024\/02\/421269101_894081102726697_4923617785280576181_n.jpg\" alt=\"\" class=\"wp-image-12628\" srcset=\"https:\/\/macite.tg\/wp-content\/uploads\/2024\/02\/421269101_894081102726697_4923617785280576181_n.jpg 485w, https:\/\/macite.tg\/wp-content\/uploads\/2024\/02\/421269101_894081102726697_4923617785280576181_n-240x300.jpg 240w\" sizes=\"auto, (max-width: 485px) 100vw, 485px\" \/><\/figure>\n<\/div>\n\n\n<p class=\"wp-block-paragraph\"><em>\u00ab&nbsp;Nous souhaitons, par cons\u00e9quent, que dans la Ville sainte soient garantis la pleine libert\u00e9 d\u2019acc\u00e8s aux fid\u00e8les des trois religions monoth\u00e9istes et le droit de chacune d\u2019y exercer son propre culte, de sorte qu\u2019\u00e0 J\u00e9rusalem\/Al-Qods Acharif s\u2019\u00e9l\u00e8ve, de la part de leurs fid\u00e8les, la pri\u00e8re \u00e0 Dieu, Cr\u00e9ateur de tous, pour un avenir de paix et de fraternit\u00e9 sur la terre \u00bb,<\/em> lit-on.<\/p>\n\n\n\n<p class=\"wp-block-paragraph\">Cette d\u00e9termination du Royaume ch\u00e9rifien pour une solution durable \u00e0 l\u2019un des conflits les plus vieux du monde, d\u00e9note de l\u2019engagement du Maroc \u00e0 la mise en \u0153uvre de la r\u00e9solution du Conseil de s\u00e9curit\u00e9 des Nations-Unies qui, tout en privil\u00e9giant le dialogue et la n\u00e9gociation dans le respect du cadre d\u00e9finit par l\u2019Onu, consacre <em>\u00ab&nbsp;la solution \u00e0 deux \u00c9tats : un Etat Palestinien ind\u00e9pendant et viable dans les fronti\u00e8res de 1967, vivant c\u00f4te-\u00e0-c\u00f4te avec l\u2019Etat d\u2019Isra\u00ebl, dans la paix et la s\u00e9curit\u00e9 \u00bb.<\/em> Mais, pour y arriver, le Maroc, sous le leadership de sa Majest\u00e9 le Roi, a insist\u00e9 sur l\u2019urgence de r\u00e9gler la question <em>\u00ab des colonies isra\u00e9liennes implant\u00e9es dans certaines parties du Territoire palestinien occup\u00e9 \u2013y compris Al-Qods\/J\u00e9rusalem-Est \u00bb.<\/em><\/p>\n\n\n<div class=\"wp-block-image\">\n<figure class=\"aligncenter size-large is-resized\"><img loading=\"lazy\" decoding=\"async\" src=\"https:\/\/macite.tg\/wp-content\/uploads\/2024\/02\/GBps6MVW8AAmcgK-1-819x1024.jpg\" alt=\"\" class=\"wp-image-12599\" width=\"558\" height=\"698\" srcset=\"https:\/\/macite.tg\/wp-content\/uploads\/2024\/02\/GBps6MVW8AAmcgK-1-819x1024.jpg 819w, https:\/\/macite.tg\/wp-content\/uploads\/2024\/02\/GBps6MVW8AAmcgK-1-240x300.jpg 240w, https:\/\/macite.tg\/wp-content\/uploads\/2024\/02\/GBps6MVW8AAmcgK-1-768x960.jpg 768w, https:\/\/macite.tg\/wp-content\/uploads\/2024\/02\/GBps6MVW8AAmcgK-1.jpg 864w\" sizes=\"auto, (max-width: 558px) 100vw, 558px\" \/><\/figure>\n<\/div>\n\n\n<p class=\"wp-block-paragraph\">Tr\u00e8s actif dans ce dossier du conflit isra\u00e9lo-palestinien tant au plan bilat\u00e9ral que multilat\u00e9ral, le Royaume ch\u00e9rifien marque son engagement tant \u00e0 l\u2019Onu qu\u2019au sein des organisation r\u00e9gionales telles que la Ligue Arabe, l\u2019Organisation de la coop\u00e9ration islamique dont le Souverain marocain est le Pr\u00e9sident du Comit\u00e9 Al-Qods. Et devant la Cij, le Maroc est longuement revenu sur les incessants rappels de Sa Majest\u00e9 le Roi Mohammed VI portant sur la n\u00e9cessit\u00e9 d\u2019encourager <em>\u00ab&nbsp;tout signe positif et toute initiative louable, susceptibles de r\u00e9tablir le climat de confiance et de favoriser l\u2019amorce de n\u00e9gociations responsables dont l\u2019issue serait un r\u00e8glement juste, global et durable de la question palestinienne&nbsp;\u00bb, <\/em>dont le dernier acte remonte \u00e0 novembre 2022, lors de la Journ\u00e9e internationale de la solidarit\u00e9 avec le peuple palestinien.<\/p>\n\n\n\n<p class=\"wp-block-paragraph\"><strong>MC<\/strong><\/p>\n\n\n\n<p class=\"wp-block-paragraph\"><a><strong><em>@macite.tg&nbsp;&nbsp;&nbsp;&nbsp;&nbsp;&nbsp;&nbsp;&nbsp;<\/em><\/strong><\/a><\/p>\n\n\n\n<p class=\"wp-block-paragraph\"><strong><em>E-mail&nbsp;: <\/em><\/strong><a href=\"mailto:maciteinfo@gmail.com\"><strong><em>maciteinfo@gmail.com<\/em><\/strong><\/a><strong><em>; <\/em><\/strong><a href=\"mailto:bawela1@gmail.com\"><strong><em>bawela1@gmail.com<\/em><\/strong><\/a><strong><em><\/em><\/strong><\/p>\n\n\n\n<p class=\"wp-block-paragraph\"><strong><em>Pour vos annonces, (publi)reportages, etc., joignez-nous au (00228)91515309\/<strong>79872224 <\/strong>www.macite.tg, L\u2019information, la bonne&nbsp;!<\/em><\/strong><\/p>\n","protected":false},"excerpt":{"rendered":"<p class=\"text-justify mb-2\" >Devenu un sujet de pr\u00e9occupation majeure pour la communaut\u00e9 internationale, le conflit isra\u00e9lo-palestinien s\u2019invite \u00e0 tous les d\u00e9bats au point d\u2019atterrir sur la table de la Cour internationale de justice (Cij), en vue d\u2019une r\u00e9solution durable. Dans la dynamique de l\u2019initiative arabe de paix et [&hellip;]<\/p>\n","protected":false},"author":2,"featured_media":12835,"comment_status":"open","ping_status":"open","sticky":false,"template":"","format":"standard","meta":{"footnotes":""},"categories":[20,8],"tags":[],"class_list":["post-12831","post","type-post","status-publish","format-standard","has-post-thumbnail","hentry","category-actualite","category-diplomatie"],"yoast_head":"<!-- This site is optimized with the Yoast SEO plugin v28.4 - https:\/\/yoast.com\/product\/yoast-seo-wordpress\/ -->\n<title>LE CONFLIT ISRAELO-PALESTINIEN PORTE DEVANT LA CPI\u00a0: Sa Majest\u00e9 le Roi Mohammed VI du Maroc pr\u00e9conise une solution durable -<\/title>\n<meta name=\"robots\" content=\"index, follow, max-snippet:-1, max-image-preview:large, max-video-preview:-1\" \/>\n<link rel=\"canonical\" href=\"https:\/\/macite.tg\/?p=12831\" \/>\n<meta property=\"og:locale\" content=\"fr_FR\" \/>\n<meta property=\"og:type\" content=\"article\" \/>\n<meta property=\"og:title\" content=\"LE CONFLIT ISRAELO-PALESTINIEN PORTE DEVANT LA CPI\u00a0: Sa Majest\u00e9 le Roi Mohammed VI du Maroc pr\u00e9conise une solution durable -\" \/>\n<meta property=\"og:description\" content=\"Devenu un sujet de pr\u00e9occupation majeure pour la communaut\u00e9 internationale, le conflit isra\u00e9lo-palestinien s\u2019invite \u00e0 tous les d\u00e9bats au point d\u2019atterrir sur la table de la Cour internationale de justice (Cij), en vue d\u2019une r\u00e9solution durable. Dans la dynamique de l\u2019initiative arabe de paix et [&hellip;]\" \/>\n<meta property=\"og:url\" content=\"https:\/\/macite.tg\/?p=12831\" \/>\n<meta property=\"article:published_time\" content=\"2024-02-25T21:30:04+00:00\" \/>\n<meta property=\"article:modified_time\" content=\"2024-02-25T21:45:15+00:00\" \/>\n<meta property=\"og:image\" content=\"https:\/\/macite.tg\/wp-content\/uploads\/2024\/02\/IMG-20240225-WA0062.jpg\" \/>\n\t<meta property=\"og:image:width\" content=\"508\" \/>\n\t<meta property=\"og:image:height\" content=\"300\" \/>\n\t<meta property=\"og:image:type\" content=\"image\/jpeg\" \/>\n<meta name=\"author\" content=\"Jean Pierre BAWELA\" \/>\n<meta name=\"twitter:card\" content=\"summary_large_image\" \/>\n<meta name=\"twitter:label1\" content=\"\u00c9crit par\" \/>\n\t<meta name=\"twitter:data1\" content=\"Jean Pierre BAWELA\" \/>\n\t<meta name=\"twitter:label2\" content=\"Dur\u00e9e de lecture estim\u00e9e\" \/>\n\t<meta name=\"twitter:data2\" content=\"5 minutes\" \/>\n<script type=\"application\/ld+json\" class=\"yoast-schema-graph\">{\"@context\":\"https:\\\/\\\/schema.org\",\"@graph\":[{\"@type\":\"Article\",\"@id\":\"https:\\\/\\\/macite.tg\\\/?p=12831#article\",\"isPartOf\":{\"@id\":\"https:\\\/\\\/macite.tg\\\/?p=12831\"},\"author\":{\"name\":\"Jean Pierre BAWELA\",\"@id\":\"https:\\\/\\\/macite.tg\\\/#\\\/schema\\\/person\\\/e9f2de7e5dbbe7770a9402c7ce82f5c2\"},\"headline\":\"LE CONFLIT ISRAELO-PALESTINIEN PORTE DEVANT LA CPI\u00a0: Sa Majest\u00e9 le Roi Mohammed VI du Maroc pr\u00e9conise une solution durable\",\"datePublished\":\"2024-02-25T21:30:04+00:00\",\"dateModified\":\"2024-02-25T21:45:15+00:00\",\"mainEntityOfPage\":{\"@id\":\"https:\\\/\\\/macite.tg\\\/?p=12831\"},\"wordCount\":946,\"commentCount\":0,\"image\":{\"@id\":\"https:\\\/\\\/macite.tg\\\/?p=12831#primaryimage\"},\"thumbnailUrl\":\"https:\\\/\\\/macite.tg\\\/wp-content\\\/uploads\\\/2024\\\/02\\\/IMG-20240225-WA0062.jpg\",\"articleSection\":[\"ACTUALITE\",\"DIPLOMATIE\"],\"inLanguage\":\"fr-FR\",\"potentialAction\":[{\"@type\":\"CommentAction\",\"name\":\"Comment\",\"target\":[\"https:\\\/\\\/macite.tg\\\/?p=12831#respond\"]}]},{\"@type\":\"WebPage\",\"@id\":\"https:\\\/\\\/macite.tg\\\/?p=12831\",\"url\":\"https:\\\/\\\/macite.tg\\\/?p=12831\",\"name\":\"LE CONFLIT ISRAELO-PALESTINIEN PORTE DEVANT LA CPI\u00a0: Sa Majest\u00e9 le Roi Mohammed VI du Maroc pr\u00e9conise une solution durable -\",\"isPartOf\":{\"@id\":\"https:\\\/\\\/macite.tg\\\/#website\"},\"primaryImageOfPage\":{\"@id\":\"https:\\\/\\\/macite.tg\\\/?p=12831#primaryimage\"},\"image\":{\"@id\":\"https:\\\/\\\/macite.tg\\\/?p=12831#primaryimage\"},\"thumbnailUrl\":\"https:\\\/\\\/macite.tg\\\/wp-content\\\/uploads\\\/2024\\\/02\\\/IMG-20240225-WA0062.jpg\",\"datePublished\":\"2024-02-25T21:30:04+00:00\",\"dateModified\":\"2024-02-25T21:45:15+00:00\",\"author\":{\"@id\":\"https:\\\/\\\/macite.tg\\\/#\\\/schema\\\/person\\\/e9f2de7e5dbbe7770a9402c7ce82f5c2\"},\"breadcrumb\":{\"@id\":\"https:\\\/\\\/macite.tg\\\/?p=12831#breadcrumb\"},\"inLanguage\":\"fr-FR\",\"potentialAction\":[{\"@type\":\"ReadAction\",\"target\":[\"https:\\\/\\\/macite.tg\\\/?p=12831\"]}]},{\"@type\":\"ImageObject\",\"inLanguage\":\"fr-FR\",\"@id\":\"https:\\\/\\\/macite.tg\\\/?p=12831#primaryimage\",\"url\":\"https:\\\/\\\/macite.tg\\\/wp-content\\\/uploads\\\/2024\\\/02\\\/IMG-20240225-WA0062.jpg\",\"contentUrl\":\"https:\\\/\\\/macite.tg\\\/wp-content\\\/uploads\\\/2024\\\/02\\\/IMG-20240225-WA0062.jpg\",\"width\":508,\"height\":300},{\"@type\":\"BreadcrumbList\",\"@id\":\"https:\\\/\\\/macite.tg\\\/?p=12831#breadcrumb\",\"itemListElement\":[{\"@type\":\"ListItem\",\"position\":1,\"name\":\"Accueil\",\"item\":\"https:\\\/\\\/macite.tg\\\/\"},{\"@type\":\"ListItem\",\"position\":2,\"name\":\"LE CONFLIT ISRAELO-PALESTINIEN PORTE DEVANT LA CPI\u00a0: Sa Majest\u00e9 le Roi Mohammed VI du Maroc pr\u00e9conise une solution durable\"}]},{\"@type\":\"WebSite\",\"@id\":\"https:\\\/\\\/macite.tg\\\/#website\",\"url\":\"https:\\\/\\\/macite.tg\\\/\",\"name\":\"\",\"description\":\"L&#039;information, la bonne!!!\",\"potentialAction\":[{\"@type\":\"SearchAction\",\"target\":{\"@type\":\"EntryPoint\",\"urlTemplate\":\"https:\\\/\\\/macite.tg\\\/?s={search_term_string}\"},\"query-input\":{\"@type\":\"PropertyValueSpecification\",\"valueRequired\":true,\"valueName\":\"search_term_string\"}}],\"inLanguage\":\"fr-FR\"},{\"@type\":\"Person\",\"@id\":\"https:\\\/\\\/macite.tg\\\/#\\\/schema\\\/person\\\/e9f2de7e5dbbe7770a9402c7ce82f5c2\",\"name\":\"Jean Pierre BAWELA\",\"image\":{\"@type\":\"ImageObject\",\"inLanguage\":\"fr-FR\",\"@id\":\"https:\\\/\\\/macite.tg\\\/wp-content\\\/uploads\\\/2023\\\/09\\\/WhatsApp-Image-2023-09-19-at-14.44.41-122x122.jpeg\",\"url\":\"https:\\\/\\\/macite.tg\\\/wp-content\\\/uploads\\\/2023\\\/09\\\/WhatsApp-Image-2023-09-19-at-14.44.41-122x122.jpeg\",\"contentUrl\":\"https:\\\/\\\/macite.tg\\\/wp-content\\\/uploads\\\/2023\\\/09\\\/WhatsApp-Image-2023-09-19-at-14.44.41-122x122.jpeg\",\"caption\":\"Jean Pierre BAWELA\"},\"url\":\"https:\\\/\\\/macite.tg\\\/?author=2\"}]}<\/script>\n<!-- \/ Yoast SEO plugin. -->","yoast_head_json":{"title":"LE CONFLIT ISRAELO-PALESTINIEN PORTE DEVANT LA CPI\u00a0: Sa Majest\u00e9 le Roi Mohammed VI du Maroc pr\u00e9conise une solution durable -","robots":{"index":"index","follow":"follow","max-snippet":"max-snippet:-1","max-image-preview":"max-image-preview:large","max-video-preview":"max-video-preview:-1"},"canonical":"https:\/\/macite.tg\/?p=12831","og_locale":"fr_FR","og_type":"article","og_title":"LE CONFLIT ISRAELO-PALESTINIEN PORTE DEVANT LA CPI\u00a0: Sa Majest\u00e9 le Roi Mohammed VI du Maroc pr\u00e9conise une solution durable -","og_description":"Devenu un sujet de pr\u00e9occupation majeure pour la communaut\u00e9 internationale, le conflit isra\u00e9lo-palestinien s\u2019invite \u00e0 tous les d\u00e9bats au point d\u2019atterrir sur la table de la Cour internationale de justice (Cij), en vue d\u2019une r\u00e9solution durable. Dans la dynamique de l\u2019initiative arabe de paix et [&hellip;]","og_url":"https:\/\/macite.tg\/?p=12831","article_published_time":"2024-02-25T21:30:04+00:00","article_modified_time":"2024-02-25T21:45:15+00:00","og_image":[{"width":508,"height":300,"url":"https:\/\/macite.tg\/wp-content\/uploads\/2024\/02\/IMG-20240225-WA0062.jpg","type":"image\/jpeg"}],"author":"Jean Pierre BAWELA","twitter_card":"summary_large_image","twitter_misc":{"\u00c9crit par":"Jean Pierre BAWELA","Dur\u00e9e de lecture estim\u00e9e":"5 minutes"},"schema":{"@context":"https:\/\/schema.org","@graph":[{"@type":"Article","@id":"https:\/\/macite.tg\/?p=12831#article","isPartOf":{"@id":"https:\/\/macite.tg\/?p=12831"},"author":{"name":"Jean Pierre BAWELA","@id":"https:\/\/macite.tg\/#\/schema\/person\/e9f2de7e5dbbe7770a9402c7ce82f5c2"},"headline":"LE CONFLIT ISRAELO-PALESTINIEN PORTE DEVANT LA CPI\u00a0: Sa Majest\u00e9 le Roi Mohammed VI du Maroc pr\u00e9conise une solution durable","datePublished":"2024-02-25T21:30:04+00:00","dateModified":"2024-02-25T21:45:15+00:00","mainEntityOfPage":{"@id":"https:\/\/macite.tg\/?p=12831"},"wordCount":946,"commentCount":0,"image":{"@id":"https:\/\/macite.tg\/?p=12831#primaryimage"},"thumbnailUrl":"https:\/\/macite.tg\/wp-content\/uploads\/2024\/02\/IMG-20240225-WA0062.jpg","articleSection":["ACTUALITE","DIPLOMATIE"],"inLanguage":"fr-FR","potentialAction":[{"@type":"CommentAction","name":"Comment","target":["https:\/\/macite.tg\/?p=12831#respond"]}]},{"@type":"WebPage","@id":"https:\/\/macite.tg\/?p=12831","url":"https:\/\/macite.tg\/?p=12831","name":"LE CONFLIT ISRAELO-PALESTINIEN PORTE DEVANT LA CPI\u00a0: Sa Majest\u00e9 le Roi Mohammed VI du Maroc pr\u00e9conise une solution durable -","isPartOf":{"@id":"https:\/\/macite.tg\/#website"},"primaryImageOfPage":{"@id":"https:\/\/macite.tg\/?p=12831#primaryimage"},"image":{"@id":"https:\/\/macite.tg\/?p=12831#primaryimage"},"thumbnailUrl":"https:\/\/macite.tg\/wp-content\/uploads\/2024\/02\/IMG-20240225-WA0062.jpg","datePublished":"2024-02-25T21:30:04+00:00","dateModified":"2024-02-25T21:45:15+00:00","author":{"@id":"https:\/\/macite.tg\/#\/schema\/person\/e9f2de7e5dbbe7770a9402c7ce82f5c2"},"breadcrumb":{"@id":"https:\/\/macite.tg\/?p=12831#breadcrumb"},"inLanguage":"fr-FR","potentialAction":[{"@type":"ReadAction","target":["https:\/\/macite.tg\/?p=12831"]}]},{"@type":"ImageObject","inLanguage":"fr-FR","@id":"https:\/\/macite.tg\/?p=12831#primaryimage","url":"https:\/\/macite.tg\/wp-content\/uploads\/2024\/02\/IMG-20240225-WA0062.jpg","contentUrl":"https:\/\/macite.tg\/wp-content\/uploads\/2024\/02\/IMG-20240225-WA0062.jpg","width":508,"height":300},{"@type":"BreadcrumbList","@id":"https:\/\/macite.tg\/?p=12831#breadcrumb","itemListElement":[{"@type":"ListItem","position":1,"name":"Accueil","item":"https:\/\/macite.tg\/"},{"@type":"ListItem","position":2,"name":"LE CONFLIT ISRAELO-PALESTINIEN PORTE DEVANT LA CPI\u00a0: Sa Majest\u00e9 le Roi Mohammed VI du Maroc pr\u00e9conise une solution durable"}]},{"@type":"WebSite","@id":"https:\/\/macite.tg\/#website","url":"https:\/\/macite.tg\/","name":"","description":"L&#039;information, la bonne!!!","potentialAction":[{"@type":"SearchAction","target":{"@type":"EntryPoint","urlTemplate":"https:\/\/macite.tg\/?s={search_term_string}"},"query-input":{"@type":"PropertyValueSpecification","valueRequired":true,"valueName":"search_term_string"}}],"inLanguage":"fr-FR"},{"@type":"Person","@id":"https:\/\/macite.tg\/#\/schema\/person\/e9f2de7e5dbbe7770a9402c7ce82f5c2","name":"Jean Pierre BAWELA","image":{"@type":"ImageObject","inLanguage":"fr-FR","@id":"https:\/\/macite.tg\/wp-content\/uploads\/2023\/09\/WhatsApp-Image-2023-09-19-at-14.44.41-122x122.jpeg","url":"https:\/\/macite.tg\/wp-content\/uploads\/2023\/09\/WhatsApp-Image-2023-09-19-at-14.44.41-122x122.jpeg","contentUrl":"https:\/\/macite.tg\/wp-content\/uploads\/2023\/09\/WhatsApp-Image-2023-09-19-at-14.44.41-122x122.jpeg","caption":"Jean Pierre BAWELA"},"url":"https:\/\/macite.tg\/?author=2"}]}},"_links":{"self":[{"href":"https:\/\/macite.tg\/index.php?rest_route=\/wp\/v2\/posts\/12831","targetHints":{"allow":["GET"]}}],"collection":[{"href":"https:\/\/macite.tg\/index.php?rest_route=\/wp\/v2\/posts"}],"about":[{"href":"https:\/\/macite.tg\/index.php?rest_route=\/wp\/v2\/types\/post"}],"author":[{"embeddable":true,"href":"https:\/\/macite.tg\/index.php?rest_route=\/wp\/v2\/users\/2"}],"replies":[{"embeddable":true,"href":"https:\/\/macite.tg\/index.php?rest_route=%2Fwp%2Fv2%2Fcomments&post=12831"}],"version-history":[{"count":0,"href":"https:\/\/macite.tg\/index.php?rest_route=\/wp\/v2\/posts\/12831\/revisions"}],"wp:featuredmedia":[{"embeddable":true,"href":"https:\/\/macite.tg\/index.php?rest_route=\/wp\/v2\/media\/12835"}],"wp:attachment":[{"href":"https:\/\/macite.tg\/index.php?rest_route=%2Fwp%2Fv2%2Fmedia&parent=12831"}],"wp:term":[{"taxonomy":"category","embeddable":true,"href":"https:\/\/macite.tg\/index.php?rest_route=%2Fwp%2Fv2%2Fcategories&post=12831"},{"taxonomy":"post_tag","embeddable":true,"href":"https:\/\/macite.tg\/index.php?rest_route=%2Fwp%2Fv2%2Ftags&post=12831"}],"curies":[{"name":"wp","href":"https:\/\/api.w.org\/{rel}","templated":true}]}}