{"id":12830,"date":"2024-02-25T20:26:06","date_gmt":"2024-02-25T20:26:06","guid":{"rendered":"https:\/\/macite.tg\/?p=12830"},"modified":"2024-02-25T20:26:35","modified_gmt":"2024-02-25T20:26:35","slug":"deuil-electoral-au-senegal-les-bureaux-de-vote-envahis","status":"publish","type":"post","link":"https:\/\/macite.tg\/?p=12830","title":{"rendered":"\u00ab\u00a0DEUIL ELECTORAL\u00a0\u00bb AU SENEGAL : Les bureaux de vote envahis"},"content":{"rendered":"\n<p class=\"wp-block-paragraph\"><strong><em>Le dimanche 25 f\u00e9vrier 2024, des S\u00e9n\u00e9galais ont converg\u00e9 vers les bureaux de vote, non pas pour choisir leur prochain pr\u00e9sident comme pr\u00e9vu, mais pour exprimer un \u00ab\u00a0deuil \u00e9lectoral\u00a0\u00bb suite au report de l\u2019\u00e9lection pr\u00e9sidentielle.<\/em><\/strong><\/p>\n\n\n\n<p class=\"wp-block-paragraph\">\u00c0 travers des votes symboliques \u00e0 Lingu\u00e8re et \u00e0 Dakar, initi\u00e9s par le F24 (mouvement des Forces vives) et le FC25 (Front des candidats de la pr\u00e9sidentielle du 25 f\u00e9vrier), ils ont manifest\u00e9 leur d\u00e9saccord avec le report et ont demand\u00e9 au pr\u00e9sident de fixer une nouvelle date sans tarder. Le Front des candidats de la Pr\u00e9sidentielle du 25 f\u00e9vrier, comprenant 16 des 19 candidats (apr\u00e8s le retrait de Rose Wardini pour double nationalit\u00e9), a cat\u00e9goriquement rejet\u00e9 l\u2019appel au dialogue lanc\u00e9 par Macky Sall les 26 et 27 f\u00e9vrier.<\/p>\n\n\n<div class=\"wp-block-image\">\n<figure class=\"aligncenter size-large is-resized\"><img loading=\"lazy\" decoding=\"async\" src=\"https:\/\/macite.tg\/wp-content\/uploads\/2024\/02\/IMG-20240220-WA0062-868x1024.jpg\" alt=\"\" class=\"wp-image-12721\" width=\"491\" height=\"578\" srcset=\"https:\/\/macite.tg\/wp-content\/uploads\/2024\/02\/IMG-20240220-WA0062-868x1024.jpg 868w, https:\/\/macite.tg\/wp-content\/uploads\/2024\/02\/IMG-20240220-WA0062-254x300.jpg 254w, https:\/\/macite.tg\/wp-content\/uploads\/2024\/02\/IMG-20240220-WA0062-768x906.jpg 768w, https:\/\/macite.tg\/wp-content\/uploads\/2024\/02\/IMG-20240220-WA0062-1302x1536.jpg 1302w, https:\/\/macite.tg\/wp-content\/uploads\/2024\/02\/IMG-20240220-WA0062.jpg 1356w\" sizes=\"auto, (max-width: 491px) 100vw, 491px\" \/><\/figure>\n<\/div>\n\n\n<p class=\"wp-block-paragraph\">Initialement pr\u00e9vus pour choisir leur nouveau pr\u00e9sident le dimanche 25 f\u00e9vrier 2024, les S\u00e9n\u00e9galais devaient \u00e9lire celui qui allait diriger le pays pour les cinq prochaines ann\u00e9es. Vingt candidats, ayant pass\u00e9 les crit\u00e8res du Conseil constitutionnel, \u00e9taient pr\u00eats \u00e0 entamer officiellement leur campagne \u00e9lectorale. Tout \u00e9tait en place pour la tenue de l\u2019\u00e9lection pr\u00e9sidentielle la plus ouverte de l\u2019histoire en termes de nombre de candidats (20, un record), avec peu de favoris clairs.<\/p>\n\n\n\n<p class=\"wp-block-paragraph\">Cependant, le samedi 3 f\u00e9vrier, \u00e0 14 heures, dix heures avant le d\u00e9but officiel de la campagne \u00e9lectorale, le pr\u00e9sident Macky Sall, se basant sur des all\u00e9gations de corruption de la part de Karim Wade (candidat recal\u00e9 pour double nationalit\u00e9) et du Pds contre 2 juges du Conseil constitutionnel et contre son Premier ministre et candidat Amadou Ba, a d\u00e9cid\u00e9 de reporter ind\u00e9finiment l\u2019\u00e9lection pr\u00e9sidentielle en annulant le d\u00e9cret convoquant les \u00e9lections. Cette d\u00e9cision a plong\u00e9 le S\u00e9n\u00e9gal, une vitrine d\u00e9mocratique en Afrique, dans une crise politico-\u00e9lectorale sans pr\u00e9c\u00e9dent, suscitant des r\u00e9actions de la part des chancelleries occidentales et de la communaut\u00e9 internationale.<\/p>\n\n\n\n<p class=\"wp-block-paragraph\">Suite \u00e0 la saisie des candidats, les sept sages ont rendu un arr\u00eat le jeudi 15 f\u00e9vrier, annulant le d\u00e9cret pr\u00e9sidentiel et d\u00e9clarant anticonstitutionnelle la loi vot\u00e9e par l\u2019Assembl\u00e9e nationale le 5 f\u00e9vrier, repoussant l\u2019\u00e9lection au 15 d\u00e9cembre.<\/p>\n\n\n<div class=\"wp-block-image\">\n<figure class=\"aligncenter size-large is-resized\"><img loading=\"lazy\" decoding=\"async\" src=\"https:\/\/macite.tg\/wp-content\/uploads\/2024\/02\/GBps6MVW8AAmcgK-1-819x1024.jpg\" alt=\"\" class=\"wp-image-12599\" width=\"491\" height=\"614\" srcset=\"https:\/\/macite.tg\/wp-content\/uploads\/2024\/02\/GBps6MVW8AAmcgK-1-819x1024.jpg 819w, https:\/\/macite.tg\/wp-content\/uploads\/2024\/02\/GBps6MVW8AAmcgK-1-240x300.jpg 240w, https:\/\/macite.tg\/wp-content\/uploads\/2024\/02\/GBps6MVW8AAmcgK-1-768x960.jpg 768w, https:\/\/macite.tg\/wp-content\/uploads\/2024\/02\/GBps6MVW8AAmcgK-1.jpg 864w\" sizes=\"auto, (max-width: 491px) 100vw, 491px\" \/><\/figure>\n<\/div>\n\n\n<p class=\"wp-block-paragraph\">Dans leur d\u00e9cision, le Conseil a recommand\u00e9 au pr\u00e9sident d\u2019organiser l\u2019\u00e9lection dans les meilleurs d\u00e9lais, tout en lui rappelant que son mandat, ne pouvant \u00eatre prolong\u00e9, prenait fin le 2 avril.<\/p>\n\n\n\n<p class=\"wp-block-paragraph\">Suite \u00e0 cette d\u00e9cision, le pr\u00e9sident Sall a annonc\u00e9 l\u2019ouverture de pourparlers les lundis et mardis suivants. Cependant, ces discussions, dont la cr\u00e9dibilit\u00e9 est contest\u00e9e, ne verront pas la participation de 16 des 19 candidats en lice.<\/p>\n\n\n\n<p class=\"wp-block-paragraph\"><strong>SeneNews<\/strong><\/p>\n\n\n\n<p class=\"wp-block-paragraph\"><a><strong><em>@macite.tg&nbsp;&nbsp;&nbsp;&nbsp;&nbsp;&nbsp;&nbsp;&nbsp;<\/em><\/strong><\/a><\/p>\n\n\n\n<p class=\"wp-block-paragraph\"><strong><em>E-mail&nbsp;: <\/em><\/strong><a href=\"mailto:maciteinfo@gmail.com\"><strong><em>maciteinfo@gmail.com<\/em><\/strong><\/a><strong><em>; <\/em><\/strong><a href=\"mailto:bawela1@gmail.com\"><strong><em>bawela1@gmail.com<\/em><\/strong><\/a><strong><em><\/em><\/strong><\/p>\n\n\n\n<p class=\"wp-block-paragraph\"><strong><em>Pour vos annonces, (publi)reportages, etc., joignez-nous au (00228)91515309\/<strong>79872224 <\/strong>www.macite.tg, L\u2019information, la bonne&nbsp;!<\/em><\/strong><\/p>\n\n\n\n<figure class=\"wp-block-image size-full\"><img loading=\"lazy\" decoding=\"async\" width=\"696\" height=\"393\" src=\"https:\/\/macite.tg\/wp-content\/uploads\/2024\/02\/image-74.png\" alt=\"\" class=\"wp-image-12832\" srcset=\"https:\/\/macite.tg\/wp-content\/uploads\/2024\/02\/image-74.png 696w, https:\/\/macite.tg\/wp-content\/uploads\/2024\/02\/image-74-300x169.png 300w\" sizes=\"auto, (max-width: 696px) 100vw, 696px\" \/><\/figure>\n","protected":false},"excerpt":{"rendered":"<p class=\"text-justify mb-2\" >Le dimanche 25 f\u00e9vrier 2024, des S\u00e9n\u00e9galais ont converg\u00e9 vers les bureaux de vote, non pas pour choisir leur prochain pr\u00e9sident comme pr\u00e9vu, mais pour exprimer un \u00ab\u00a0deuil \u00e9lectoral\u00a0\u00bb suite au report de l\u2019\u00e9lection pr\u00e9sidentielle. \u00c0 travers des votes symboliques \u00e0 Lingu\u00e8re et \u00e0 Dakar, [&hellip;]<\/p>\n","protected":false},"author":2,"featured_media":12832,"comment_status":"open","ping_status":"open","sticky":false,"template":"","format":"standard","meta":{"footnotes":""},"categories":[20,1],"tags":[],"class_list":["post-12830","post","type-post","status-publish","format-standard","has-post-thumbnail","hentry","category-actualite","category-politique"],"yoast_head":"<!-- This site is optimized with the Yoast SEO plugin v28.4 - https:\/\/yoast.com\/product\/yoast-seo-wordpress\/ -->\n<title>\u00ab\u00a0DEUIL ELECTORAL\u00a0\u00bb AU SENEGAL : Les bureaux de vote envahis -<\/title>\n<meta name=\"robots\" content=\"index, follow, max-snippet:-1, max-image-preview:large, max-video-preview:-1\" \/>\n<link rel=\"canonical\" href=\"https:\/\/macite.tg\/?p=12830\" \/>\n<meta property=\"og:locale\" content=\"fr_FR\" \/>\n<meta property=\"og:type\" content=\"article\" \/>\n<meta property=\"og:title\" content=\"\u00ab\u00a0DEUIL ELECTORAL\u00a0\u00bb AU SENEGAL : Les bureaux de vote envahis -\" \/>\n<meta property=\"og:description\" content=\"Le dimanche 25 f\u00e9vrier 2024, des S\u00e9n\u00e9galais ont converg\u00e9 vers les bureaux de vote, non pas pour choisir leur prochain pr\u00e9sident comme pr\u00e9vu, mais pour exprimer un \u00ab\u00a0deuil \u00e9lectoral\u00a0\u00bb suite au report de l\u2019\u00e9lection pr\u00e9sidentielle. \u00c0 travers des votes symboliques \u00e0 Lingu\u00e8re et \u00e0 Dakar, [&hellip;]\" \/>\n<meta property=\"og:url\" content=\"https:\/\/macite.tg\/?p=12830\" \/>\n<meta property=\"article:published_time\" content=\"2024-02-25T20:26:06+00:00\" \/>\n<meta property=\"article:modified_time\" content=\"2024-02-25T20:26:35+00:00\" \/>\n<meta property=\"og:image\" content=\"https:\/\/macite.tg\/wp-content\/uploads\/2024\/02\/image-74.png\" \/>\n\t<meta property=\"og:image:width\" content=\"696\" \/>\n\t<meta property=\"og:image:height\" content=\"393\" \/>\n\t<meta property=\"og:image:type\" content=\"image\/png\" \/>\n<meta name=\"author\" content=\"Jean Pierre BAWELA\" \/>\n<meta name=\"twitter:card\" content=\"summary_large_image\" \/>\n<meta name=\"twitter:label1\" content=\"\u00c9crit par\" \/>\n\t<meta name=\"twitter:data1\" content=\"Jean Pierre BAWELA\" \/>\n\t<meta name=\"twitter:label2\" content=\"Dur\u00e9e de lecture estim\u00e9e\" \/>\n\t<meta name=\"twitter:data2\" content=\"2 minutes\" \/>\n<script type=\"application\/ld+json\" class=\"yoast-schema-graph\">{\"@context\":\"https:\\\/\\\/schema.org\",\"@graph\":[{\"@type\":\"Article\",\"@id\":\"https:\\\/\\\/macite.tg\\\/?p=12830#article\",\"isPartOf\":{\"@id\":\"https:\\\/\\\/macite.tg\\\/?p=12830\"},\"author\":{\"name\":\"Jean Pierre BAWELA\",\"@id\":\"https:\\\/\\\/macite.tg\\\/#\\\/schema\\\/person\\\/e9f2de7e5dbbe7770a9402c7ce82f5c2\"},\"headline\":\"\u00ab\u00a0DEUIL ELECTORAL\u00a0\u00bb AU SENEGAL : Les bureaux de vote envahis\",\"datePublished\":\"2024-02-25T20:26:06+00:00\",\"dateModified\":\"2024-02-25T20:26:35+00:00\",\"mainEntityOfPage\":{\"@id\":\"https:\\\/\\\/macite.tg\\\/?p=12830\"},\"wordCount\":491,\"commentCount\":0,\"image\":{\"@id\":\"https:\\\/\\\/macite.tg\\\/?p=12830#primaryimage\"},\"thumbnailUrl\":\"https:\\\/\\\/macite.tg\\\/wp-content\\\/uploads\\\/2024\\\/02\\\/image-74.png\",\"articleSection\":[\"ACTUALITE\",\"POLITIQUE\"],\"inLanguage\":\"fr-FR\",\"potentialAction\":[{\"@type\":\"CommentAction\",\"name\":\"Comment\",\"target\":[\"https:\\\/\\\/macite.tg\\\/?p=12830#respond\"]}]},{\"@type\":\"WebPage\",\"@id\":\"https:\\\/\\\/macite.tg\\\/?p=12830\",\"url\":\"https:\\\/\\\/macite.tg\\\/?p=12830\",\"name\":\"\u00ab\u00a0DEUIL ELECTORAL\u00a0\u00bb AU SENEGAL : Les bureaux de vote envahis -\",\"isPartOf\":{\"@id\":\"https:\\\/\\\/macite.tg\\\/#website\"},\"primaryImageOfPage\":{\"@id\":\"https:\\\/\\\/macite.tg\\\/?p=12830#primaryimage\"},\"image\":{\"@id\":\"https:\\\/\\\/macite.tg\\\/?p=12830#primaryimage\"},\"thumbnailUrl\":\"https:\\\/\\\/macite.tg\\\/wp-content\\\/uploads\\\/2024\\\/02\\\/image-74.png\",\"datePublished\":\"2024-02-25T20:26:06+00:00\",\"dateModified\":\"2024-02-25T20:26:35+00:00\",\"author\":{\"@id\":\"https:\\\/\\\/macite.tg\\\/#\\\/schema\\\/person\\\/e9f2de7e5dbbe7770a9402c7ce82f5c2\"},\"breadcrumb\":{\"@id\":\"https:\\\/\\\/macite.tg\\\/?p=12830#breadcrumb\"},\"inLanguage\":\"fr-FR\",\"potentialAction\":[{\"@type\":\"ReadAction\",\"target\":[\"https:\\\/\\\/macite.tg\\\/?p=12830\"]}]},{\"@type\":\"ImageObject\",\"inLanguage\":\"fr-FR\",\"@id\":\"https:\\\/\\\/macite.tg\\\/?p=12830#primaryimage\",\"url\":\"https:\\\/\\\/macite.tg\\\/wp-content\\\/uploads\\\/2024\\\/02\\\/image-74.png\",\"contentUrl\":\"https:\\\/\\\/macite.tg\\\/wp-content\\\/uploads\\\/2024\\\/02\\\/image-74.png\",\"width\":696,\"height\":393},{\"@type\":\"BreadcrumbList\",\"@id\":\"https:\\\/\\\/macite.tg\\\/?p=12830#breadcrumb\",\"itemListElement\":[{\"@type\":\"ListItem\",\"position\":1,\"name\":\"Accueil\",\"item\":\"https:\\\/\\\/macite.tg\\\/\"},{\"@type\":\"ListItem\",\"position\":2,\"name\":\"\u00ab\u00a0DEUIL ELECTORAL\u00a0\u00bb AU SENEGAL : Les bureaux de vote envahis\"}]},{\"@type\":\"WebSite\",\"@id\":\"https:\\\/\\\/macite.tg\\\/#website\",\"url\":\"https:\\\/\\\/macite.tg\\\/\",\"name\":\"\",\"description\":\"L&#039;information, la bonne!!!\",\"potentialAction\":[{\"@type\":\"SearchAction\",\"target\":{\"@type\":\"EntryPoint\",\"urlTemplate\":\"https:\\\/\\\/macite.tg\\\/?s={search_term_string}\"},\"query-input\":{\"@type\":\"PropertyValueSpecification\",\"valueRequired\":true,\"valueName\":\"search_term_string\"}}],\"inLanguage\":\"fr-FR\"},{\"@type\":\"Person\",\"@id\":\"https:\\\/\\\/macite.tg\\\/#\\\/schema\\\/person\\\/e9f2de7e5dbbe7770a9402c7ce82f5c2\",\"name\":\"Jean Pierre BAWELA\",\"image\":{\"@type\":\"ImageObject\",\"inLanguage\":\"fr-FR\",\"@id\":\"https:\\\/\\\/macite.tg\\\/wp-content\\\/uploads\\\/2023\\\/09\\\/WhatsApp-Image-2023-09-19-at-14.44.41-122x122.jpeg\",\"url\":\"https:\\\/\\\/macite.tg\\\/wp-content\\\/uploads\\\/2023\\\/09\\\/WhatsApp-Image-2023-09-19-at-14.44.41-122x122.jpeg\",\"contentUrl\":\"https:\\\/\\\/macite.tg\\\/wp-content\\\/uploads\\\/2023\\\/09\\\/WhatsApp-Image-2023-09-19-at-14.44.41-122x122.jpeg\",\"caption\":\"Jean Pierre BAWELA\"},\"url\":\"https:\\\/\\\/macite.tg\\\/?author=2\"}]}<\/script>\n<!-- \/ Yoast SEO plugin. -->","yoast_head_json":{"title":"\u00ab\u00a0DEUIL ELECTORAL\u00a0\u00bb AU SENEGAL : Les bureaux de vote envahis -","robots":{"index":"index","follow":"follow","max-snippet":"max-snippet:-1","max-image-preview":"max-image-preview:large","max-video-preview":"max-video-preview:-1"},"canonical":"https:\/\/macite.tg\/?p=12830","og_locale":"fr_FR","og_type":"article","og_title":"\u00ab\u00a0DEUIL ELECTORAL\u00a0\u00bb AU SENEGAL : Les bureaux de vote envahis -","og_description":"Le dimanche 25 f\u00e9vrier 2024, des S\u00e9n\u00e9galais ont converg\u00e9 vers les bureaux de vote, non pas pour choisir leur prochain pr\u00e9sident comme pr\u00e9vu, mais pour exprimer un \u00ab\u00a0deuil \u00e9lectoral\u00a0\u00bb suite au report de l\u2019\u00e9lection pr\u00e9sidentielle. \u00c0 travers des votes symboliques \u00e0 Lingu\u00e8re et \u00e0 Dakar, [&hellip;]","og_url":"https:\/\/macite.tg\/?p=12830","article_published_time":"2024-02-25T20:26:06+00:00","article_modified_time":"2024-02-25T20:26:35+00:00","og_image":[{"width":696,"height":393,"url":"https:\/\/macite.tg\/wp-content\/uploads\/2024\/02\/image-74.png","type":"image\/png"}],"author":"Jean Pierre BAWELA","twitter_card":"summary_large_image","twitter_misc":{"\u00c9crit par":"Jean Pierre BAWELA","Dur\u00e9e de lecture estim\u00e9e":"2 minutes"},"schema":{"@context":"https:\/\/schema.org","@graph":[{"@type":"Article","@id":"https:\/\/macite.tg\/?p=12830#article","isPartOf":{"@id":"https:\/\/macite.tg\/?p=12830"},"author":{"name":"Jean Pierre BAWELA","@id":"https:\/\/macite.tg\/#\/schema\/person\/e9f2de7e5dbbe7770a9402c7ce82f5c2"},"headline":"\u00ab\u00a0DEUIL ELECTORAL\u00a0\u00bb AU SENEGAL : Les bureaux de vote envahis","datePublished":"2024-02-25T20:26:06+00:00","dateModified":"2024-02-25T20:26:35+00:00","mainEntityOfPage":{"@id":"https:\/\/macite.tg\/?p=12830"},"wordCount":491,"commentCount":0,"image":{"@id":"https:\/\/macite.tg\/?p=12830#primaryimage"},"thumbnailUrl":"https:\/\/macite.tg\/wp-content\/uploads\/2024\/02\/image-74.png","articleSection":["ACTUALITE","POLITIQUE"],"inLanguage":"fr-FR","potentialAction":[{"@type":"CommentAction","name":"Comment","target":["https:\/\/macite.tg\/?p=12830#respond"]}]},{"@type":"WebPage","@id":"https:\/\/macite.tg\/?p=12830","url":"https:\/\/macite.tg\/?p=12830","name":"\u00ab\u00a0DEUIL ELECTORAL\u00a0\u00bb AU SENEGAL : Les bureaux de vote envahis -","isPartOf":{"@id":"https:\/\/macite.tg\/#website"},"primaryImageOfPage":{"@id":"https:\/\/macite.tg\/?p=12830#primaryimage"},"image":{"@id":"https:\/\/macite.tg\/?p=12830#primaryimage"},"thumbnailUrl":"https:\/\/macite.tg\/wp-content\/uploads\/2024\/02\/image-74.png","datePublished":"2024-02-25T20:26:06+00:00","dateModified":"2024-02-25T20:26:35+00:00","author":{"@id":"https:\/\/macite.tg\/#\/schema\/person\/e9f2de7e5dbbe7770a9402c7ce82f5c2"},"breadcrumb":{"@id":"https:\/\/macite.tg\/?p=12830#breadcrumb"},"inLanguage":"fr-FR","potentialAction":[{"@type":"ReadAction","target":["https:\/\/macite.tg\/?p=12830"]}]},{"@type":"ImageObject","inLanguage":"fr-FR","@id":"https:\/\/macite.tg\/?p=12830#primaryimage","url":"https:\/\/macite.tg\/wp-content\/uploads\/2024\/02\/image-74.png","contentUrl":"https:\/\/macite.tg\/wp-content\/uploads\/2024\/02\/image-74.png","width":696,"height":393},{"@type":"BreadcrumbList","@id":"https:\/\/macite.tg\/?p=12830#breadcrumb","itemListElement":[{"@type":"ListItem","position":1,"name":"Accueil","item":"https:\/\/macite.tg\/"},{"@type":"ListItem","position":2,"name":"\u00ab\u00a0DEUIL ELECTORAL\u00a0\u00bb AU SENEGAL : Les bureaux de vote envahis"}]},{"@type":"WebSite","@id":"https:\/\/macite.tg\/#website","url":"https:\/\/macite.tg\/","name":"","description":"L&#039;information, la bonne!!!","potentialAction":[{"@type":"SearchAction","target":{"@type":"EntryPoint","urlTemplate":"https:\/\/macite.tg\/?s={search_term_string}"},"query-input":{"@type":"PropertyValueSpecification","valueRequired":true,"valueName":"search_term_string"}}],"inLanguage":"fr-FR"},{"@type":"Person","@id":"https:\/\/macite.tg\/#\/schema\/person\/e9f2de7e5dbbe7770a9402c7ce82f5c2","name":"Jean Pierre BAWELA","image":{"@type":"ImageObject","inLanguage":"fr-FR","@id":"https:\/\/macite.tg\/wp-content\/uploads\/2023\/09\/WhatsApp-Image-2023-09-19-at-14.44.41-122x122.jpeg","url":"https:\/\/macite.tg\/wp-content\/uploads\/2023\/09\/WhatsApp-Image-2023-09-19-at-14.44.41-122x122.jpeg","contentUrl":"https:\/\/macite.tg\/wp-content\/uploads\/2023\/09\/WhatsApp-Image-2023-09-19-at-14.44.41-122x122.jpeg","caption":"Jean Pierre BAWELA"},"url":"https:\/\/macite.tg\/?author=2"}]}},"_links":{"self":[{"href":"https:\/\/macite.tg\/index.php?rest_route=\/wp\/v2\/posts\/12830","targetHints":{"allow":["GET"]}}],"collection":[{"href":"https:\/\/macite.tg\/index.php?rest_route=\/wp\/v2\/posts"}],"about":[{"href":"https:\/\/macite.tg\/index.php?rest_route=\/wp\/v2\/types\/post"}],"author":[{"embeddable":true,"href":"https:\/\/macite.tg\/index.php?rest_route=\/wp\/v2\/users\/2"}],"replies":[{"embeddable":true,"href":"https:\/\/macite.tg\/index.php?rest_route=%2Fwp%2Fv2%2Fcomments&post=12830"}],"version-history":[{"count":0,"href":"https:\/\/macite.tg\/index.php?rest_route=\/wp\/v2\/posts\/12830\/revisions"}],"wp:featuredmedia":[{"embeddable":true,"href":"https:\/\/macite.tg\/index.php?rest_route=\/wp\/v2\/media\/12832"}],"wp:attachment":[{"href":"https:\/\/macite.tg\/index.php?rest_route=%2Fwp%2Fv2%2Fmedia&parent=12830"}],"wp:term":[{"taxonomy":"category","embeddable":true,"href":"https:\/\/macite.tg\/index.php?rest_route=%2Fwp%2Fv2%2Fcategories&post=12830"},{"taxonomy":"post_tag","embeddable":true,"href":"https:\/\/macite.tg\/index.php?rest_route=%2Fwp%2Fv2%2Ftags&post=12830"}],"curies":[{"name":"wp","href":"https:\/\/api.w.org\/{rel}","templated":true}]}}