{"id":1283,"date":"2022-10-29T16:27:31","date_gmt":"2022-10-29T16:27:31","guid":{"rendered":"https:\/\/macite.info\/?p=1283"},"modified":"2022-10-29T16:27:31","modified_gmt":"2022-10-29T16:27:31","slug":"alimentation-durable-en-afrique-cest-possible-avec-le-salon-international-de-lentrepreneuriat-africain","status":"publish","type":"post","link":"https:\/\/macite.tg\/?p=1283","title":{"rendered":"ALIMENTATION DURABLE EN AFRIQUE\u00a0: C\u2019est possible avec le Salon International de l\u2019Entrepreneuriat Africain"},"content":{"rendered":"\n<p class=\"wp-block-paragraph\"><\/p>\n\n\n\n<p class=\"wp-block-paragraph\"><strong><em>Alors que la population africaine est en passe de doubler d\u2019ici 2050, de jeunes entrepreneurs africains sont en r\u00e9flexion pour booster le savoir-faire africain, \u00e0 m\u00eame de sauver le monde. L\u2019agriculture qui g\u00e9n\u00e8re 60% des emplois,&nbsp; est pourvoyeuses d\u2019activit\u00e9s \u00e9conomiques en Afrique.<\/em><\/strong><\/p>\n\n\n\n<p class=\"wp-block-paragraph\">A l\u2019origine de cette r\u00e9flexion r\u00e9volutionnaire, le Zion Kick-Up Startups (ZKS) qui, pour booster l\u2019e secteur agricole africain pourvoyeuses d\u2019emplois, organise le Salon International de l\u2019entrepreneuriat africain, un \u00e9v\u00e9nement unique en son genre, qui a, entre autres objectifs, de&nbsp;:<\/p>\n\n\n\n<p class=\"wp-block-paragraph\">&#8211; Mettre en lumi\u00e8re les moyens d\u2019am\u00e9liorer la production agricole africaine<\/p>\n\n\n\n<p class=\"wp-block-paragraph\">&#8211; Encourager la ma\u00eetrise de la cha\u00eene de valeur des produits alimentaires d&rsquo;Afrique<\/p>\n\n\n\n<p class=\"wp-block-paragraph\">&nbsp;&#8211; Pr\u00e9senter les d\u00e9fis et opportunit\u00e9s pour un syst\u00e8me d\u2019alimentation durable en Afrique<\/p>\n\n\n\n<p class=\"wp-block-paragraph\">&#8211; Contribuer \u00e0 l&rsquo;augmentation des investissements crois\u00e9s (Diaspora &#8211; Afrique, Afrique- Europe)<\/p>\n\n\n\n<figure class=\"wp-block-image size-large\"><img loading=\"lazy\" decoding=\"async\" width=\"1024\" height=\"426\" src=\"https:\/\/macite.tg\/wp-content\/uploads\/2022\/10\/ANNONCES-1-2-1024x426.jpg\" alt=\"\" class=\"wp-image-1264\" srcset=\"https:\/\/macite.tg\/wp-content\/uploads\/2022\/10\/ANNONCES-1-2-1024x426.jpg 1024w, https:\/\/macite.tg\/wp-content\/uploads\/2022\/10\/ANNONCES-1-2-300x125.jpg 300w, https:\/\/macite.tg\/wp-content\/uploads\/2022\/10\/ANNONCES-1-2-768x319.jpg 768w, https:\/\/macite.tg\/wp-content\/uploads\/2022\/10\/ANNONCES-1-2.jpg 1080w\" sizes=\"auto, (max-width: 1024px) 100vw, 1024px\" \/><\/figure>\n\n\n\n<p class=\"wp-block-paragraph\">L\u2019\u00e9v\u00e9nement qui se d\u00e9roulera du 14 au 18 novembre 2022 \u00e0 Lausanne, en Suisse, en ligne du lundi au jeudi, puis en pr\u00e9sentiel le vendredi, avec pour th\u00e8me <em>\u00ab\u00a0Un syst\u00e8me d&rsquo;alimentation durable en Afrique\u00a0\u00bb,<\/em> va s\u2019articuler autour des t\u00e9moignages, des conf\u00e9rences-d\u00e9bats et de tables rondes, comme temps forts avec en prime, des R\u00e9trospectives, des R\u00e9seautages, des Expositions, des Conf\u00e9rences, mais aussi et surtout des Concours de pitch.<\/p>\n\n\n\n<p class=\"wp-block-paragraph\">Rendez-vous du 14 &#8211; 18 novembre 2022, \u00e0 l\u2019h\u00f4tel Alpha Palmiers, \u00e0 Lausanne en Suisse, pour l\u2019\u00e9dition 2022 du Salon International de l\u2019Entrepreneuriat &nbsp;Africain. Plusieurs intervenants partageront leur riche exp\u00e9rience pour la r\u00e9ussite de grand rendez-vous entrepreneurial. On peut noter entre autres, Repr\u00e9sentant Union Africaine \/ Banque Africaine de D\u00e9veloppement, Repr\u00e9sentant des Ambassades africaines en Suisse, Aissatou DIALLO : International Trade Centre, Poonam MOHUN: ZLECAf\/AfCFTA &#8211; Chef de la Division de Mesures non tarifaires ,Muana MINKOUE: Service de la Promotion \u00c9conomique et de l\u2019Innovation \u2013 Vaud\u2026<\/p>\n\n\n\n<p class=\"wp-block-paragraph\">Pour toute information, joignez nous au www.SalonAfriqueZKS.com <a href=\"mailto:salon@zionkickup.com\">salon@zionkickup.com<\/a>, ou au +41 79 153 67 22.<\/p>\n\n\n\n<p class=\"wp-block-paragraph\"><strong>JPB<\/strong><\/p>\n\n\n\n<p class=\"wp-block-paragraph\"><strong><em>@macite.info<\/em><\/strong><\/p>\n\n\n\n<p class=\"wp-block-paragraph\"><strong><em>E-mail&nbsp;: <\/em><\/strong><a href=\"mailto:maciteinfo@gmail.com\"><strong><em>maciteinfo@gmail.com<\/em><\/strong><\/a><strong><em>; <\/em><\/strong><a href=\"mailto:bawela1@gmail.com\"><strong><em>bawela1@gmail.com<\/em><\/strong><\/a><strong><em><\/em><\/strong><\/p>\n\n\n\n<p class=\"wp-block-paragraph\"><strong><em>Pour vos annonces, (publi)reportages, etc., joignez nous au (00228) 91515309\/<strong>79872224<\/strong><\/em><\/strong><em><\/em><\/p>\n\n\n\n<p class=\"wp-block-paragraph\"><a href=\"http:\/\/www.macite.info\"><strong><em>www.macite.info<\/em><\/strong><\/a><strong><em>, L\u2019information, la bonne&nbsp;!<\/em><\/strong><\/p>\n","protected":false},"excerpt":{"rendered":"<p class=\"text-justify mb-2\" >Alors que la population africaine est en passe de doubler d\u2019ici 2050, de jeunes entrepreneurs africains sont en r\u00e9flexion pour booster le savoir-faire africain, \u00e0 m\u00eame de sauver le monde. L\u2019agriculture qui g\u00e9n\u00e8re 60% des emplois,&nbsp; est pourvoyeuses d\u2019activit\u00e9s \u00e9conomiques en Afrique. A l\u2019origine de [&hellip;]<\/p>\n","protected":false},"author":2,"featured_media":1285,"comment_status":"open","ping_status":"open","sticky":false,"template":"","format":"standard","meta":{"footnotes":""},"categories":[22],"tags":[],"class_list":["post-1283","post","type-post","status-publish","format-standard","has-post-thumbnail","hentry","category-agriculture"],"yoast_head":"<!-- This site is optimized with the Yoast SEO plugin v28.4 - https:\/\/yoast.com\/product\/yoast-seo-wordpress\/ -->\n<title>ALIMENTATION DURABLE EN AFRIQUE\u00a0: C\u2019est possible avec le Salon International de l\u2019Entrepreneuriat Africain -<\/title>\n<meta name=\"robots\" content=\"index, follow, max-snippet:-1, max-image-preview:large, max-video-preview:-1\" \/>\n<link rel=\"canonical\" href=\"https:\/\/macite.tg\/?p=1283\" \/>\n<meta property=\"og:locale\" content=\"fr_FR\" \/>\n<meta property=\"og:type\" content=\"article\" \/>\n<meta property=\"og:title\" content=\"ALIMENTATION DURABLE EN AFRIQUE\u00a0: C\u2019est possible avec le Salon International de l\u2019Entrepreneuriat Africain -\" \/>\n<meta property=\"og:description\" content=\"Alors que la population africaine est en passe de doubler d\u2019ici 2050, de jeunes entrepreneurs africains sont en r\u00e9flexion pour booster le savoir-faire africain, \u00e0 m\u00eame de sauver le monde. L\u2019agriculture qui g\u00e9n\u00e8re 60% des emplois,&nbsp; est pourvoyeuses d\u2019activit\u00e9s \u00e9conomiques en Afrique. A l\u2019origine de [&hellip;]\" \/>\n<meta property=\"og:url\" content=\"https:\/\/macite.tg\/?p=1283\" \/>\n<meta property=\"article:published_time\" content=\"2022-10-29T16:27:31+00:00\" \/>\n<meta property=\"og:image\" content=\"https:\/\/macite.tg\/wp-content\/uploads\/2022\/10\/Dossier-Presse-SIEA2022-3-1.jpg\" \/>\n\t<meta property=\"og:image:width\" content=\"2288\" \/>\n\t<meta property=\"og:image:height\" content=\"1640\" \/>\n\t<meta property=\"og:image:type\" content=\"image\/jpeg\" \/>\n<meta name=\"author\" content=\"Jean Pierre BAWELA\" \/>\n<meta name=\"twitter:card\" content=\"summary_large_image\" \/>\n<meta name=\"twitter:label1\" content=\"\u00c9crit par\" \/>\n\t<meta name=\"twitter:data1\" content=\"Jean Pierre BAWELA\" \/>\n\t<meta name=\"twitter:label2\" content=\"Dur\u00e9e de lecture estim\u00e9e\" \/>\n\t<meta name=\"twitter:data2\" content=\"2 minutes\" \/>\n<script type=\"application\/ld+json\" class=\"yoast-schema-graph\">{\"@context\":\"https:\\\/\\\/schema.org\",\"@graph\":[{\"@type\":\"Article\",\"@id\":\"https:\\\/\\\/macite.tg\\\/?p=1283#article\",\"isPartOf\":{\"@id\":\"https:\\\/\\\/macite.tg\\\/?p=1283\"},\"author\":{\"name\":\"Jean Pierre BAWELA\",\"@id\":\"https:\\\/\\\/macite.tg\\\/#\\\/schema\\\/person\\\/e9f2de7e5dbbe7770a9402c7ce82f5c2\"},\"headline\":\"ALIMENTATION DURABLE EN AFRIQUE\u00a0: C\u2019est possible avec le Salon International de l\u2019Entrepreneuriat Africain\",\"datePublished\":\"2022-10-29T16:27:31+00:00\",\"mainEntityOfPage\":{\"@id\":\"https:\\\/\\\/macite.tg\\\/?p=1283\"},\"wordCount\":380,\"commentCount\":0,\"image\":{\"@id\":\"https:\\\/\\\/macite.tg\\\/?p=1283#primaryimage\"},\"thumbnailUrl\":\"https:\\\/\\\/macite.tg\\\/wp-content\\\/uploads\\\/2022\\\/10\\\/Dossier-Presse-SIEA2022-3-1.jpg\",\"articleSection\":[\"AGRICULTURE\"],\"inLanguage\":\"fr-FR\",\"potentialAction\":[{\"@type\":\"CommentAction\",\"name\":\"Comment\",\"target\":[\"https:\\\/\\\/macite.tg\\\/?p=1283#respond\"]}]},{\"@type\":\"WebPage\",\"@id\":\"https:\\\/\\\/macite.tg\\\/?p=1283\",\"url\":\"https:\\\/\\\/macite.tg\\\/?p=1283\",\"name\":\"ALIMENTATION DURABLE EN AFRIQUE\u00a0: C\u2019est possible avec le Salon International de l\u2019Entrepreneuriat Africain -\",\"isPartOf\":{\"@id\":\"https:\\\/\\\/macite.tg\\\/#website\"},\"primaryImageOfPage\":{\"@id\":\"https:\\\/\\\/macite.tg\\\/?p=1283#primaryimage\"},\"image\":{\"@id\":\"https:\\\/\\\/macite.tg\\\/?p=1283#primaryimage\"},\"thumbnailUrl\":\"https:\\\/\\\/macite.tg\\\/wp-content\\\/uploads\\\/2022\\\/10\\\/Dossier-Presse-SIEA2022-3-1.jpg\",\"datePublished\":\"2022-10-29T16:27:31+00:00\",\"author\":{\"@id\":\"https:\\\/\\\/macite.tg\\\/#\\\/schema\\\/person\\\/e9f2de7e5dbbe7770a9402c7ce82f5c2\"},\"breadcrumb\":{\"@id\":\"https:\\\/\\\/macite.tg\\\/?p=1283#breadcrumb\"},\"inLanguage\":\"fr-FR\",\"potentialAction\":[{\"@type\":\"ReadAction\",\"target\":[\"https:\\\/\\\/macite.tg\\\/?p=1283\"]}]},{\"@type\":\"ImageObject\",\"inLanguage\":\"fr-FR\",\"@id\":\"https:\\\/\\\/macite.tg\\\/?p=1283#primaryimage\",\"url\":\"https:\\\/\\\/macite.tg\\\/wp-content\\\/uploads\\\/2022\\\/10\\\/Dossier-Presse-SIEA2022-3-1.jpg\",\"contentUrl\":\"https:\\\/\\\/macite.tg\\\/wp-content\\\/uploads\\\/2022\\\/10\\\/Dossier-Presse-SIEA2022-3-1.jpg\",\"width\":2288,\"height\":1640},{\"@type\":\"BreadcrumbList\",\"@id\":\"https:\\\/\\\/macite.tg\\\/?p=1283#breadcrumb\",\"itemListElement\":[{\"@type\":\"ListItem\",\"position\":1,\"name\":\"Accueil\",\"item\":\"https:\\\/\\\/macite.tg\\\/\"},{\"@type\":\"ListItem\",\"position\":2,\"name\":\"ALIMENTATION DURABLE EN AFRIQUE\u00a0: C\u2019est possible avec le Salon International de l\u2019Entrepreneuriat Africain\"}]},{\"@type\":\"WebSite\",\"@id\":\"https:\\\/\\\/macite.tg\\\/#website\",\"url\":\"https:\\\/\\\/macite.tg\\\/\",\"name\":\"\",\"description\":\"L&#039;information, la bonne!!!\",\"potentialAction\":[{\"@type\":\"SearchAction\",\"target\":{\"@type\":\"EntryPoint\",\"urlTemplate\":\"https:\\\/\\\/macite.tg\\\/?s={search_term_string}\"},\"query-input\":{\"@type\":\"PropertyValueSpecification\",\"valueRequired\":true,\"valueName\":\"search_term_string\"}}],\"inLanguage\":\"fr-FR\"},{\"@type\":\"Person\",\"@id\":\"https:\\\/\\\/macite.tg\\\/#\\\/schema\\\/person\\\/e9f2de7e5dbbe7770a9402c7ce82f5c2\",\"name\":\"Jean Pierre BAWELA\",\"image\":{\"@type\":\"ImageObject\",\"inLanguage\":\"fr-FR\",\"@id\":\"https:\\\/\\\/macite.tg\\\/wp-content\\\/uploads\\\/2023\\\/09\\\/WhatsApp-Image-2023-09-19-at-14.44.41-122x122.jpeg\",\"url\":\"https:\\\/\\\/macite.tg\\\/wp-content\\\/uploads\\\/2023\\\/09\\\/WhatsApp-Image-2023-09-19-at-14.44.41-122x122.jpeg\",\"contentUrl\":\"https:\\\/\\\/macite.tg\\\/wp-content\\\/uploads\\\/2023\\\/09\\\/WhatsApp-Image-2023-09-19-at-14.44.41-122x122.jpeg\",\"caption\":\"Jean Pierre BAWELA\"},\"url\":\"https:\\\/\\\/macite.tg\\\/?author=2\"}]}<\/script>\n<!-- \/ Yoast SEO plugin. -->","yoast_head_json":{"title":"ALIMENTATION DURABLE EN AFRIQUE\u00a0: C\u2019est possible avec le Salon International de l\u2019Entrepreneuriat Africain -","robots":{"index":"index","follow":"follow","max-snippet":"max-snippet:-1","max-image-preview":"max-image-preview:large","max-video-preview":"max-video-preview:-1"},"canonical":"https:\/\/macite.tg\/?p=1283","og_locale":"fr_FR","og_type":"article","og_title":"ALIMENTATION DURABLE EN AFRIQUE\u00a0: C\u2019est possible avec le Salon International de l\u2019Entrepreneuriat Africain -","og_description":"Alors que la population africaine est en passe de doubler d\u2019ici 2050, de jeunes entrepreneurs africains sont en r\u00e9flexion pour booster le savoir-faire africain, \u00e0 m\u00eame de sauver le monde. L\u2019agriculture qui g\u00e9n\u00e8re 60% des emplois,&nbsp; est pourvoyeuses d\u2019activit\u00e9s \u00e9conomiques en Afrique. A l\u2019origine de [&hellip;]","og_url":"https:\/\/macite.tg\/?p=1283","article_published_time":"2022-10-29T16:27:31+00:00","og_image":[{"width":2288,"height":1640,"url":"https:\/\/macite.tg\/wp-content\/uploads\/2022\/10\/Dossier-Presse-SIEA2022-3-1.jpg","type":"image\/jpeg"}],"author":"Jean Pierre BAWELA","twitter_card":"summary_large_image","twitter_misc":{"\u00c9crit par":"Jean Pierre BAWELA","Dur\u00e9e de lecture estim\u00e9e":"2 minutes"},"schema":{"@context":"https:\/\/schema.org","@graph":[{"@type":"Article","@id":"https:\/\/macite.tg\/?p=1283#article","isPartOf":{"@id":"https:\/\/macite.tg\/?p=1283"},"author":{"name":"Jean Pierre BAWELA","@id":"https:\/\/macite.tg\/#\/schema\/person\/e9f2de7e5dbbe7770a9402c7ce82f5c2"},"headline":"ALIMENTATION DURABLE EN AFRIQUE\u00a0: C\u2019est possible avec le Salon International de l\u2019Entrepreneuriat Africain","datePublished":"2022-10-29T16:27:31+00:00","mainEntityOfPage":{"@id":"https:\/\/macite.tg\/?p=1283"},"wordCount":380,"commentCount":0,"image":{"@id":"https:\/\/macite.tg\/?p=1283#primaryimage"},"thumbnailUrl":"https:\/\/macite.tg\/wp-content\/uploads\/2022\/10\/Dossier-Presse-SIEA2022-3-1.jpg","articleSection":["AGRICULTURE"],"inLanguage":"fr-FR","potentialAction":[{"@type":"CommentAction","name":"Comment","target":["https:\/\/macite.tg\/?p=1283#respond"]}]},{"@type":"WebPage","@id":"https:\/\/macite.tg\/?p=1283","url":"https:\/\/macite.tg\/?p=1283","name":"ALIMENTATION DURABLE EN AFRIQUE\u00a0: C\u2019est possible avec le Salon International de l\u2019Entrepreneuriat Africain -","isPartOf":{"@id":"https:\/\/macite.tg\/#website"},"primaryImageOfPage":{"@id":"https:\/\/macite.tg\/?p=1283#primaryimage"},"image":{"@id":"https:\/\/macite.tg\/?p=1283#primaryimage"},"thumbnailUrl":"https:\/\/macite.tg\/wp-content\/uploads\/2022\/10\/Dossier-Presse-SIEA2022-3-1.jpg","datePublished":"2022-10-29T16:27:31+00:00","author":{"@id":"https:\/\/macite.tg\/#\/schema\/person\/e9f2de7e5dbbe7770a9402c7ce82f5c2"},"breadcrumb":{"@id":"https:\/\/macite.tg\/?p=1283#breadcrumb"},"inLanguage":"fr-FR","potentialAction":[{"@type":"ReadAction","target":["https:\/\/macite.tg\/?p=1283"]}]},{"@type":"ImageObject","inLanguage":"fr-FR","@id":"https:\/\/macite.tg\/?p=1283#primaryimage","url":"https:\/\/macite.tg\/wp-content\/uploads\/2022\/10\/Dossier-Presse-SIEA2022-3-1.jpg","contentUrl":"https:\/\/macite.tg\/wp-content\/uploads\/2022\/10\/Dossier-Presse-SIEA2022-3-1.jpg","width":2288,"height":1640},{"@type":"BreadcrumbList","@id":"https:\/\/macite.tg\/?p=1283#breadcrumb","itemListElement":[{"@type":"ListItem","position":1,"name":"Accueil","item":"https:\/\/macite.tg\/"},{"@type":"ListItem","position":2,"name":"ALIMENTATION DURABLE EN AFRIQUE\u00a0: C\u2019est possible avec le Salon International de l\u2019Entrepreneuriat Africain"}]},{"@type":"WebSite","@id":"https:\/\/macite.tg\/#website","url":"https:\/\/macite.tg\/","name":"","description":"L&#039;information, la bonne!!!","potentialAction":[{"@type":"SearchAction","target":{"@type":"EntryPoint","urlTemplate":"https:\/\/macite.tg\/?s={search_term_string}"},"query-input":{"@type":"PropertyValueSpecification","valueRequired":true,"valueName":"search_term_string"}}],"inLanguage":"fr-FR"},{"@type":"Person","@id":"https:\/\/macite.tg\/#\/schema\/person\/e9f2de7e5dbbe7770a9402c7ce82f5c2","name":"Jean Pierre BAWELA","image":{"@type":"ImageObject","inLanguage":"fr-FR","@id":"https:\/\/macite.tg\/wp-content\/uploads\/2023\/09\/WhatsApp-Image-2023-09-19-at-14.44.41-122x122.jpeg","url":"https:\/\/macite.tg\/wp-content\/uploads\/2023\/09\/WhatsApp-Image-2023-09-19-at-14.44.41-122x122.jpeg","contentUrl":"https:\/\/macite.tg\/wp-content\/uploads\/2023\/09\/WhatsApp-Image-2023-09-19-at-14.44.41-122x122.jpeg","caption":"Jean Pierre BAWELA"},"url":"https:\/\/macite.tg\/?author=2"}]}},"_links":{"self":[{"href":"https:\/\/macite.tg\/index.php?rest_route=\/wp\/v2\/posts\/1283","targetHints":{"allow":["GET"]}}],"collection":[{"href":"https:\/\/macite.tg\/index.php?rest_route=\/wp\/v2\/posts"}],"about":[{"href":"https:\/\/macite.tg\/index.php?rest_route=\/wp\/v2\/types\/post"}],"author":[{"embeddable":true,"href":"https:\/\/macite.tg\/index.php?rest_route=\/wp\/v2\/users\/2"}],"replies":[{"embeddable":true,"href":"https:\/\/macite.tg\/index.php?rest_route=%2Fwp%2Fv2%2Fcomments&post=1283"}],"version-history":[{"count":0,"href":"https:\/\/macite.tg\/index.php?rest_route=\/wp\/v2\/posts\/1283\/revisions"}],"wp:featuredmedia":[{"embeddable":true,"href":"https:\/\/macite.tg\/index.php?rest_route=\/wp\/v2\/media\/1285"}],"wp:attachment":[{"href":"https:\/\/macite.tg\/index.php?rest_route=%2Fwp%2Fv2%2Fmedia&parent=1283"}],"wp:term":[{"taxonomy":"category","embeddable":true,"href":"https:\/\/macite.tg\/index.php?rest_route=%2Fwp%2Fv2%2Fcategories&post=1283"},{"taxonomy":"post_tag","embeddable":true,"href":"https:\/\/macite.tg\/index.php?rest_route=%2Fwp%2Fv2%2Ftags&post=1283"}],"curies":[{"name":"wp","href":"https:\/\/api.w.org\/{rel}","templated":true}]}}