{"id":12827,"date":"2024-02-23T17:13:19","date_gmt":"2024-02-23T17:13:19","guid":{"rendered":"https:\/\/macite.tg\/?p=12827"},"modified":"2024-02-23T17:14:12","modified_gmt":"2024-02-23T17:14:12","slug":"senegal-dialogue-national-le-forum-civil-se-desolidarise-vers-louverture-dune-nouvelle-crise","status":"publish","type":"post","link":"https:\/\/macite.tg\/?p=12827","title":{"rendered":"SENEGAL\u00a0\/ DIALOGUE NATIONAL : Le Forum Civil se d\u00e9solidarise&#8230;vers l&rsquo;ouverture d&rsquo;une nouvelle crise?"},"content":{"rendered":"\n<h1 class=\"wp-block-heading\"><i class=\"fas fa-pencil-alt\"> <\/i><span><\/h1>\n\n\n\n<p class=\"wp-block-paragraph\"><strong><em>Dans un contexte de crise politique sans pr\u00e9c\u00e9dent au S\u00e9n\u00e9gal, le Forum Civil a pris la d\u00e9cision de d\u00e9cliner l\u2019invitation du pr\u00e9sident Macky Sall \u00e0 participer au dialogue national, qui devrait d\u00e9buter lundi prochain.<\/em><\/strong><\/p>\n\n\n\n<p class=\"wp-block-paragraph\">Alors que le pays est confront\u00e9 \u00e0 des tensions politiques croissantes, Macky Sall a lanc\u00e9 un appel aux forces vives de la Nation pour engager un dialogue visant \u00e0 fixer la date de l\u2019\u00e9lection pr\u00e9sidentielle. Cependant, les refus de participer \u00e0 ce dialogue se multiplient.<\/p>\n\n\n<div class=\"wp-block-image\">\n<figure class=\"aligncenter size-large is-resized\"><img loading=\"lazy\" decoding=\"async\" src=\"https:\/\/macite.tg\/wp-content\/uploads\/2024\/02\/IMG-20240220-WA0062-868x1024.jpg\" alt=\"\" class=\"wp-image-12721\" width=\"542\" height=\"638\" srcset=\"https:\/\/macite.tg\/wp-content\/uploads\/2024\/02\/IMG-20240220-WA0062-868x1024.jpg 868w, https:\/\/macite.tg\/wp-content\/uploads\/2024\/02\/IMG-20240220-WA0062-254x300.jpg 254w, https:\/\/macite.tg\/wp-content\/uploads\/2024\/02\/IMG-20240220-WA0062-768x906.jpg 768w, https:\/\/macite.tg\/wp-content\/uploads\/2024\/02\/IMG-20240220-WA0062-1302x1536.jpg 1302w\" sizes=\"auto, (max-width: 542px) 100vw, 542px\" \/><\/figure>\n<\/div>\n\n\n<p class=\"wp-block-paragraph\">Parmi les r\u00e9fractaires, on retrouve les candidats valid\u00e9s regroup\u00e9s autour du collectif FC25, qui ont cat\u00e9goriquement rejet\u00e9 l\u2019invitation.&nbsp;<em>\u00ab&nbsp;Le Forum Civil informe le peuple s\u00e9n\u00e9galais qu\u2019il ne participera pas au dialogue annonc\u00e9 par le chef de l\u2019\u00c9tat&nbsp;\u00bb,<\/em>&nbsp;a ainsi d\u00e9clar\u00e9 la section s\u00e9n\u00e9galaise de Transparency International.<\/p>\n\n\n\n<p class=\"wp-block-paragraph\">Cette d\u00e9cision souligne les profondes divisions et le manque de consensus au sein de la classe politique s\u00e9n\u00e9galaise quant \u00e0 l\u2019approche \u00e0 adopter pour r\u00e9soudre la crise actuelle.<\/p>\n\n\n<div class=\"wp-block-image\">\n<figure class=\"aligncenter size-large is-resized\"><img loading=\"lazy\" decoding=\"async\" src=\"https:\/\/macite.tg\/wp-content\/uploads\/2024\/02\/GBps6MVW8AAmcgK-1-819x1024.jpg\" alt=\"\" class=\"wp-image-12599\" width=\"510\" height=\"638\" srcset=\"https:\/\/macite.tg\/wp-content\/uploads\/2024\/02\/GBps6MVW8AAmcgK-1-819x1024.jpg 819w, https:\/\/macite.tg\/wp-content\/uploads\/2024\/02\/GBps6MVW8AAmcgK-1-240x300.jpg 240w, https:\/\/macite.tg\/wp-content\/uploads\/2024\/02\/GBps6MVW8AAmcgK-1-768x960.jpg 768w, https:\/\/macite.tg\/wp-content\/uploads\/2024\/02\/GBps6MVW8AAmcgK-1.jpg 864w\" sizes=\"auto, (max-width: 510px) 100vw, 510px\" \/><\/figure>\n<\/div>\n\n\n<p class=\"wp-block-paragraph\">Le refus de participer au dialogue de la part d\u2019acteurs cl\u00e9s de la soci\u00e9t\u00e9 civile met en \u00e9vidence les d\u00e9fis auxquels est confront\u00e9 le pr\u00e9sident Macky Sall dans sa tentative de trouver une solution \u00e0 la crise politique qui secoue le pays. Crise qu\u2019il a lui d\u00e9clench\u00e9 selon certains membres de l\u2019opposition.<\/p>\n\n\n\n<p class=\"wp-block-paragraph\"><strong>SeneNews<\/strong><\/p>\n\n\n\n<p class=\"wp-block-paragraph\"><a><strong><em>@macite.tg&nbsp;&nbsp;&nbsp;&nbsp;&nbsp;&nbsp;&nbsp;&nbsp;<\/em><\/strong><\/a><\/p>\n\n\n\n<p class=\"wp-block-paragraph\"><strong><em>E-mail&nbsp;: <\/em><\/strong><a href=\"mailto:maciteinfo@gmail.com\"><strong><em>maciteinfo@gmail.com<\/em><\/strong><\/a><strong><em>; <\/em><\/strong><a href=\"mailto:bawela1@gmail.com\"><strong><em>bawela1@gmail.com<\/em><\/strong><\/a><strong><em><\/em><\/strong><\/p>\n\n\n\n<p class=\"wp-block-paragraph\"><strong><em>Pour vos annonces, (publi)reportages, etc., joignez-nous au (00228)91515309\/<strong>79872224 <\/strong>www.macite.tg, L\u2019information, la bonne&nbsp;!<\/em><\/strong><\/p>\n","protected":false},"excerpt":{"rendered":"<p class=\"text-justify mb-2\" >Dans un contexte de crise politique sans pr\u00e9c\u00e9dent au S\u00e9n\u00e9gal, le Forum Civil a pris la d\u00e9cision de d\u00e9cliner l\u2019invitation du pr\u00e9sident Macky Sall \u00e0 participer au dialogue national, qui devrait d\u00e9buter lundi prochain. Alors que le pays est confront\u00e9 \u00e0 des tensions politiques croissantes, [&hellip;]<\/p>\n","protected":false},"author":2,"featured_media":12828,"comment_status":"open","ping_status":"open","sticky":false,"template":"","format":"standard","meta":{"footnotes":""},"categories":[20,1],"tags":[],"class_list":["post-12827","post","type-post","status-publish","format-standard","has-post-thumbnail","hentry","category-actualite","category-politique"],"yoast_head":"<!-- This site is optimized with the Yoast SEO plugin v28.4 - https:\/\/yoast.com\/product\/yoast-seo-wordpress\/ -->\n<title>SENEGAL\u00a0\/ DIALOGUE NATIONAL : Le Forum Civil se d\u00e9solidarise...vers l&#039;ouverture d&#039;une nouvelle crise? -<\/title>\n<meta name=\"robots\" content=\"index, follow, max-snippet:-1, max-image-preview:large, max-video-preview:-1\" \/>\n<link rel=\"canonical\" href=\"https:\/\/macite.tg\/?p=12827\" \/>\n<meta property=\"og:locale\" content=\"fr_FR\" \/>\n<meta property=\"og:type\" content=\"article\" \/>\n<meta property=\"og:title\" content=\"SENEGAL\u00a0\/ DIALOGUE NATIONAL : Le Forum Civil se d\u00e9solidarise...vers l&#039;ouverture d&#039;une nouvelle crise? -\" \/>\n<meta property=\"og:description\" content=\"Dans un contexte de crise politique sans pr\u00e9c\u00e9dent au S\u00e9n\u00e9gal, le Forum Civil a pris la d\u00e9cision de d\u00e9cliner l\u2019invitation du pr\u00e9sident Macky Sall \u00e0 participer au dialogue national, qui devrait d\u00e9buter lundi prochain. Alors que le pays est confront\u00e9 \u00e0 des tensions politiques croissantes, [&hellip;]\" \/>\n<meta property=\"og:url\" content=\"https:\/\/macite.tg\/?p=12827\" \/>\n<meta property=\"article:published_time\" content=\"2024-02-23T17:13:19+00:00\" \/>\n<meta property=\"article:modified_time\" content=\"2024-02-23T17:14:12+00:00\" \/>\n<meta property=\"og:image\" content=\"https:\/\/macite.tg\/wp-content\/uploads\/2024\/02\/image-73.png\" \/>\n\t<meta property=\"og:image:width\" content=\"696\" \/>\n\t<meta property=\"og:image:height\" content=\"414\" \/>\n\t<meta property=\"og:image:type\" content=\"image\/png\" \/>\n<meta name=\"author\" content=\"Jean Pierre BAWELA\" \/>\n<meta name=\"twitter:card\" content=\"summary_large_image\" \/>\n<meta name=\"twitter:label1\" content=\"\u00c9crit par\" \/>\n\t<meta name=\"twitter:data1\" content=\"Jean Pierre BAWELA\" \/>\n\t<meta name=\"twitter:label2\" content=\"Dur\u00e9e de lecture estim\u00e9e\" \/>\n\t<meta name=\"twitter:data2\" content=\"1 minute\" \/>\n<script type=\"application\/ld+json\" class=\"yoast-schema-graph\">{\"@context\":\"https:\\\/\\\/schema.org\",\"@graph\":[{\"@type\":\"Article\",\"@id\":\"https:\\\/\\\/macite.tg\\\/?p=12827#article\",\"isPartOf\":{\"@id\":\"https:\\\/\\\/macite.tg\\\/?p=12827\"},\"author\":{\"name\":\"Jean Pierre BAWELA\",\"@id\":\"https:\\\/\\\/macite.tg\\\/#\\\/schema\\\/person\\\/e9f2de7e5dbbe7770a9402c7ce82f5c2\"},\"headline\":\"SENEGAL\u00a0\\\/ DIALOGUE NATIONAL : Le Forum Civil se d\u00e9solidarise&#8230;vers l&rsquo;ouverture d&rsquo;une nouvelle crise?\",\"datePublished\":\"2024-02-23T17:13:19+00:00\",\"dateModified\":\"2024-02-23T17:14:12+00:00\",\"mainEntityOfPage\":{\"@id\":\"https:\\\/\\\/macite.tg\\\/?p=12827\"},\"wordCount\":289,\"commentCount\":0,\"image\":{\"@id\":\"https:\\\/\\\/macite.tg\\\/?p=12827#primaryimage\"},\"thumbnailUrl\":\"https:\\\/\\\/macite.tg\\\/wp-content\\\/uploads\\\/2024\\\/02\\\/image-73.png\",\"articleSection\":[\"ACTUALITE\",\"POLITIQUE\"],\"inLanguage\":\"fr-FR\",\"potentialAction\":[{\"@type\":\"CommentAction\",\"name\":\"Comment\",\"target\":[\"https:\\\/\\\/macite.tg\\\/?p=12827#respond\"]}]},{\"@type\":\"WebPage\",\"@id\":\"https:\\\/\\\/macite.tg\\\/?p=12827\",\"url\":\"https:\\\/\\\/macite.tg\\\/?p=12827\",\"name\":\"SENEGAL\u00a0\\\/ DIALOGUE NATIONAL : Le Forum Civil se d\u00e9solidarise...vers l'ouverture d'une nouvelle crise? -\",\"isPartOf\":{\"@id\":\"https:\\\/\\\/macite.tg\\\/#website\"},\"primaryImageOfPage\":{\"@id\":\"https:\\\/\\\/macite.tg\\\/?p=12827#primaryimage\"},\"image\":{\"@id\":\"https:\\\/\\\/macite.tg\\\/?p=12827#primaryimage\"},\"thumbnailUrl\":\"https:\\\/\\\/macite.tg\\\/wp-content\\\/uploads\\\/2024\\\/02\\\/image-73.png\",\"datePublished\":\"2024-02-23T17:13:19+00:00\",\"dateModified\":\"2024-02-23T17:14:12+00:00\",\"author\":{\"@id\":\"https:\\\/\\\/macite.tg\\\/#\\\/schema\\\/person\\\/e9f2de7e5dbbe7770a9402c7ce82f5c2\"},\"breadcrumb\":{\"@id\":\"https:\\\/\\\/macite.tg\\\/?p=12827#breadcrumb\"},\"inLanguage\":\"fr-FR\",\"potentialAction\":[{\"@type\":\"ReadAction\",\"target\":[\"https:\\\/\\\/macite.tg\\\/?p=12827\"]}]},{\"@type\":\"ImageObject\",\"inLanguage\":\"fr-FR\",\"@id\":\"https:\\\/\\\/macite.tg\\\/?p=12827#primaryimage\",\"url\":\"https:\\\/\\\/macite.tg\\\/wp-content\\\/uploads\\\/2024\\\/02\\\/image-73.png\",\"contentUrl\":\"https:\\\/\\\/macite.tg\\\/wp-content\\\/uploads\\\/2024\\\/02\\\/image-73.png\",\"width\":696,\"height\":414},{\"@type\":\"BreadcrumbList\",\"@id\":\"https:\\\/\\\/macite.tg\\\/?p=12827#breadcrumb\",\"itemListElement\":[{\"@type\":\"ListItem\",\"position\":1,\"name\":\"Accueil\",\"item\":\"https:\\\/\\\/macite.tg\\\/\"},{\"@type\":\"ListItem\",\"position\":2,\"name\":\"SENEGAL\u00a0\\\/ DIALOGUE NATIONAL : Le Forum Civil se d\u00e9solidarise&#8230;vers l&rsquo;ouverture d&rsquo;une nouvelle crise?\"}]},{\"@type\":\"WebSite\",\"@id\":\"https:\\\/\\\/macite.tg\\\/#website\",\"url\":\"https:\\\/\\\/macite.tg\\\/\",\"name\":\"\",\"description\":\"L&#039;information, la bonne!!!\",\"potentialAction\":[{\"@type\":\"SearchAction\",\"target\":{\"@type\":\"EntryPoint\",\"urlTemplate\":\"https:\\\/\\\/macite.tg\\\/?s={search_term_string}\"},\"query-input\":{\"@type\":\"PropertyValueSpecification\",\"valueRequired\":true,\"valueName\":\"search_term_string\"}}],\"inLanguage\":\"fr-FR\"},{\"@type\":\"Person\",\"@id\":\"https:\\\/\\\/macite.tg\\\/#\\\/schema\\\/person\\\/e9f2de7e5dbbe7770a9402c7ce82f5c2\",\"name\":\"Jean Pierre BAWELA\",\"image\":{\"@type\":\"ImageObject\",\"inLanguage\":\"fr-FR\",\"@id\":\"https:\\\/\\\/macite.tg\\\/wp-content\\\/uploads\\\/2023\\\/09\\\/WhatsApp-Image-2023-09-19-at-14.44.41-122x122.jpeg\",\"url\":\"https:\\\/\\\/macite.tg\\\/wp-content\\\/uploads\\\/2023\\\/09\\\/WhatsApp-Image-2023-09-19-at-14.44.41-122x122.jpeg\",\"contentUrl\":\"https:\\\/\\\/macite.tg\\\/wp-content\\\/uploads\\\/2023\\\/09\\\/WhatsApp-Image-2023-09-19-at-14.44.41-122x122.jpeg\",\"caption\":\"Jean Pierre BAWELA\"},\"url\":\"https:\\\/\\\/macite.tg\\\/?author=2\"}]}<\/script>\n<!-- \/ Yoast SEO plugin. -->","yoast_head_json":{"title":"SENEGAL\u00a0\/ DIALOGUE NATIONAL : Le Forum Civil se d\u00e9solidarise...vers l'ouverture d'une nouvelle crise? -","robots":{"index":"index","follow":"follow","max-snippet":"max-snippet:-1","max-image-preview":"max-image-preview:large","max-video-preview":"max-video-preview:-1"},"canonical":"https:\/\/macite.tg\/?p=12827","og_locale":"fr_FR","og_type":"article","og_title":"SENEGAL\u00a0\/ DIALOGUE NATIONAL : Le Forum Civil se d\u00e9solidarise...vers l'ouverture d'une nouvelle crise? -","og_description":"Dans un contexte de crise politique sans pr\u00e9c\u00e9dent au S\u00e9n\u00e9gal, le Forum Civil a pris la d\u00e9cision de d\u00e9cliner l\u2019invitation du pr\u00e9sident Macky Sall \u00e0 participer au dialogue national, qui devrait d\u00e9buter lundi prochain. Alors que le pays est confront\u00e9 \u00e0 des tensions politiques croissantes, [&hellip;]","og_url":"https:\/\/macite.tg\/?p=12827","article_published_time":"2024-02-23T17:13:19+00:00","article_modified_time":"2024-02-23T17:14:12+00:00","og_image":[{"width":696,"height":414,"url":"https:\/\/macite.tg\/wp-content\/uploads\/2024\/02\/image-73.png","type":"image\/png"}],"author":"Jean Pierre BAWELA","twitter_card":"summary_large_image","twitter_misc":{"\u00c9crit par":"Jean Pierre BAWELA","Dur\u00e9e de lecture estim\u00e9e":"1 minute"},"schema":{"@context":"https:\/\/schema.org","@graph":[{"@type":"Article","@id":"https:\/\/macite.tg\/?p=12827#article","isPartOf":{"@id":"https:\/\/macite.tg\/?p=12827"},"author":{"name":"Jean Pierre BAWELA","@id":"https:\/\/macite.tg\/#\/schema\/person\/e9f2de7e5dbbe7770a9402c7ce82f5c2"},"headline":"SENEGAL\u00a0\/ DIALOGUE NATIONAL : Le Forum Civil se d\u00e9solidarise&#8230;vers l&rsquo;ouverture d&rsquo;une nouvelle crise?","datePublished":"2024-02-23T17:13:19+00:00","dateModified":"2024-02-23T17:14:12+00:00","mainEntityOfPage":{"@id":"https:\/\/macite.tg\/?p=12827"},"wordCount":289,"commentCount":0,"image":{"@id":"https:\/\/macite.tg\/?p=12827#primaryimage"},"thumbnailUrl":"https:\/\/macite.tg\/wp-content\/uploads\/2024\/02\/image-73.png","articleSection":["ACTUALITE","POLITIQUE"],"inLanguage":"fr-FR","potentialAction":[{"@type":"CommentAction","name":"Comment","target":["https:\/\/macite.tg\/?p=12827#respond"]}]},{"@type":"WebPage","@id":"https:\/\/macite.tg\/?p=12827","url":"https:\/\/macite.tg\/?p=12827","name":"SENEGAL\u00a0\/ DIALOGUE NATIONAL : Le Forum Civil se d\u00e9solidarise...vers l'ouverture d'une nouvelle crise? -","isPartOf":{"@id":"https:\/\/macite.tg\/#website"},"primaryImageOfPage":{"@id":"https:\/\/macite.tg\/?p=12827#primaryimage"},"image":{"@id":"https:\/\/macite.tg\/?p=12827#primaryimage"},"thumbnailUrl":"https:\/\/macite.tg\/wp-content\/uploads\/2024\/02\/image-73.png","datePublished":"2024-02-23T17:13:19+00:00","dateModified":"2024-02-23T17:14:12+00:00","author":{"@id":"https:\/\/macite.tg\/#\/schema\/person\/e9f2de7e5dbbe7770a9402c7ce82f5c2"},"breadcrumb":{"@id":"https:\/\/macite.tg\/?p=12827#breadcrumb"},"inLanguage":"fr-FR","potentialAction":[{"@type":"ReadAction","target":["https:\/\/macite.tg\/?p=12827"]}]},{"@type":"ImageObject","inLanguage":"fr-FR","@id":"https:\/\/macite.tg\/?p=12827#primaryimage","url":"https:\/\/macite.tg\/wp-content\/uploads\/2024\/02\/image-73.png","contentUrl":"https:\/\/macite.tg\/wp-content\/uploads\/2024\/02\/image-73.png","width":696,"height":414},{"@type":"BreadcrumbList","@id":"https:\/\/macite.tg\/?p=12827#breadcrumb","itemListElement":[{"@type":"ListItem","position":1,"name":"Accueil","item":"https:\/\/macite.tg\/"},{"@type":"ListItem","position":2,"name":"SENEGAL\u00a0\/ DIALOGUE NATIONAL : Le Forum Civil se d\u00e9solidarise&#8230;vers l&rsquo;ouverture d&rsquo;une nouvelle crise?"}]},{"@type":"WebSite","@id":"https:\/\/macite.tg\/#website","url":"https:\/\/macite.tg\/","name":"","description":"L&#039;information, la bonne!!!","potentialAction":[{"@type":"SearchAction","target":{"@type":"EntryPoint","urlTemplate":"https:\/\/macite.tg\/?s={search_term_string}"},"query-input":{"@type":"PropertyValueSpecification","valueRequired":true,"valueName":"search_term_string"}}],"inLanguage":"fr-FR"},{"@type":"Person","@id":"https:\/\/macite.tg\/#\/schema\/person\/e9f2de7e5dbbe7770a9402c7ce82f5c2","name":"Jean Pierre BAWELA","image":{"@type":"ImageObject","inLanguage":"fr-FR","@id":"https:\/\/macite.tg\/wp-content\/uploads\/2023\/09\/WhatsApp-Image-2023-09-19-at-14.44.41-122x122.jpeg","url":"https:\/\/macite.tg\/wp-content\/uploads\/2023\/09\/WhatsApp-Image-2023-09-19-at-14.44.41-122x122.jpeg","contentUrl":"https:\/\/macite.tg\/wp-content\/uploads\/2023\/09\/WhatsApp-Image-2023-09-19-at-14.44.41-122x122.jpeg","caption":"Jean Pierre BAWELA"},"url":"https:\/\/macite.tg\/?author=2"}]}},"_links":{"self":[{"href":"https:\/\/macite.tg\/index.php?rest_route=\/wp\/v2\/posts\/12827","targetHints":{"allow":["GET"]}}],"collection":[{"href":"https:\/\/macite.tg\/index.php?rest_route=\/wp\/v2\/posts"}],"about":[{"href":"https:\/\/macite.tg\/index.php?rest_route=\/wp\/v2\/types\/post"}],"author":[{"embeddable":true,"href":"https:\/\/macite.tg\/index.php?rest_route=\/wp\/v2\/users\/2"}],"replies":[{"embeddable":true,"href":"https:\/\/macite.tg\/index.php?rest_route=%2Fwp%2Fv2%2Fcomments&post=12827"}],"version-history":[{"count":0,"href":"https:\/\/macite.tg\/index.php?rest_route=\/wp\/v2\/posts\/12827\/revisions"}],"wp:featuredmedia":[{"embeddable":true,"href":"https:\/\/macite.tg\/index.php?rest_route=\/wp\/v2\/media\/12828"}],"wp:attachment":[{"href":"https:\/\/macite.tg\/index.php?rest_route=%2Fwp%2Fv2%2Fmedia&parent=12827"}],"wp:term":[{"taxonomy":"category","embeddable":true,"href":"https:\/\/macite.tg\/index.php?rest_route=%2Fwp%2Fv2%2Fcategories&post=12827"},{"taxonomy":"post_tag","embeddable":true,"href":"https:\/\/macite.tg\/index.php?rest_route=%2Fwp%2Fv2%2Ftags&post=12827"}],"curies":[{"name":"wp","href":"https:\/\/api.w.org\/{rel}","templated":true}]}}