{"id":12821,"date":"2024-02-23T12:33:59","date_gmt":"2024-02-23T12:33:59","guid":{"rendered":"https:\/\/macite.tg\/?p=12821"},"modified":"2024-02-23T12:35:45","modified_gmt":"2024-02-23T12:35:45","slug":"du-sport-a-la-politique-asamoah-gyan-sengage-aux-cotes-du-candidat-du-npp","status":"publish","type":"post","link":"https:\/\/macite.tg\/?p=12821","title":{"rendered":"DU SPORT A LA POLITIQUE\u00a0: Asamoah Gyan s\u2019engage aux c\u00f4t\u00e9s du candidat du Npp"},"content":{"rendered":"\n<p class=\"wp-block-paragraph\"><strong><em>L\u2019ancien capitaine des Black Stars, Asamoah Gyan, a effectu\u00e9 un pas d\u00e9cisif vers le monde politique en rejoignant le comit\u00e9 du manifeste de Mahamudu Bawumia, candidat du Nouveau Parti Patriotique (NPP) \u00e0 l\u2019\u00e9lection pr\u00e9sidentielle de d\u00e9cembre 2024.<\/em><\/strong><em><\/em><\/p>\n\n\n\n<p class=\"wp-block-paragraph\">Gyan a \u00e9t\u00e9 nomm\u00e9 conseiller de Bawumia sur les questions de jeunesse et de sports. Il participera activement \u00e0 la formulation et \u00e0 la communication des politiques et strat\u00e9gies sportives du candidat.<\/p>\n\n\n<div class=\"wp-block-image\">\n<figure class=\"aligncenter size-large is-resized\"><img loading=\"lazy\" decoding=\"async\" src=\"https:\/\/macite.tg\/wp-content\/uploads\/2024\/02\/IMG-20240220-WA0062-868x1024.jpg\" alt=\"\" class=\"wp-image-12721\" width=\"478\" height=\"563\" srcset=\"https:\/\/macite.tg\/wp-content\/uploads\/2024\/02\/IMG-20240220-WA0062-868x1024.jpg 868w, https:\/\/macite.tg\/wp-content\/uploads\/2024\/02\/IMG-20240220-WA0062-254x300.jpg 254w, https:\/\/macite.tg\/wp-content\/uploads\/2024\/02\/IMG-20240220-WA0062-768x906.jpg 768w, https:\/\/macite.tg\/wp-content\/uploads\/2024\/02\/IMG-20240220-WA0062-1302x1536.jpg 1302w, https:\/\/macite.tg\/wp-content\/uploads\/2024\/02\/IMG-20240220-WA0062.jpg 1356w\" sizes=\"auto, (max-width: 478px) 100vw, 478px\" \/><\/figure>\n<\/div>\n\n\n<p class=\"wp-block-paragraph\">Cette nomination s\u2019inscrit dans le cadre d\u2019une&nbsp;<em>\u00ab r\u00e9vision historique des manifestes du parti de 2016 et 2020 pour aboutir \u00e0 \u00e0 un manifeste pragmatique pour 2024 \u00bb.<\/em><\/p>\n\n\n\n<p class=\"wp-block-paragraph\">Le comit\u00e9 du manifeste, compos\u00e9 de 24 membres, est pr\u00e9sid\u00e9 par le leader de la majorit\u00e9 au Parlement, Osei-Kyei-Mensah-Bonsu, et comprend des personnalit\u00e9s influentes telles que le vice-pr\u00e9sident Kojo Oppong Nkrumah et les anciens pr\u00e9sidents JA Kufour et Nana Akufo-Addo.<\/p>\n\n\n\n<p class=\"wp-block-paragraph\">Quelques heures avant sa nomination, Gyan avait appel\u00e9 les anciens sportifs \u00e0 se mobiliser pour insuffler une nouvelle dynamique au sport ghan\u00e9en. Il voit en son engagement politique une opportunit\u00e9 de mettre son influence et ses ressources au service de la jeunesse et du d\u00e9veloppement du sport national.<\/p>\n\n\n<div class=\"wp-block-image\">\n<figure class=\"aligncenter size-large is-resized\"><img loading=\"lazy\" decoding=\"async\" src=\"https:\/\/macite.tg\/wp-content\/uploads\/2024\/02\/GBps6MVW8AAmcgK-1-819x1024.jpg\" alt=\"\" class=\"wp-image-12599\" width=\"523\" height=\"654\" srcset=\"https:\/\/macite.tg\/wp-content\/uploads\/2024\/02\/GBps6MVW8AAmcgK-1-819x1024.jpg 819w, https:\/\/macite.tg\/wp-content\/uploads\/2024\/02\/GBps6MVW8AAmcgK-1-240x300.jpg 240w, https:\/\/macite.tg\/wp-content\/uploads\/2024\/02\/GBps6MVW8AAmcgK-1-768x960.jpg 768w, https:\/\/macite.tg\/wp-content\/uploads\/2024\/02\/GBps6MVW8AAmcgK-1.jpg 864w\" sizes=\"auto, (max-width: 523px) 100vw, 523px\" \/><\/figure>\n<\/div>\n\n\n<p class=\"wp-block-paragraph\">\u00ab<em>Je crois que le moment est venu pour les l\u00e9gendes du sport de se rassembler et d\u2019utiliser leur influence, leur r\u00e9seau et leurs ressources pour attirer des investisseurs dans notre pays et avoir un impact significatif sur notre jeunesse dans la fraternit\u00e9 sportive, c\u2019est-\u00e0-dire le football, la boxe et d\u2019autres sports.\u00bb,<\/em>\u00a0a-t-il \u00e9crit sur X.<\/p>\n\n\n\n<p class=\"wp-block-paragraph\"><strong>Avec OnVoiTout<\/strong><\/p>\n\n\n\n<p class=\"wp-block-paragraph\"><a><strong><em>@macite.tg&nbsp;&nbsp;&nbsp;&nbsp;&nbsp;&nbsp;&nbsp;&nbsp;<\/em><\/strong><\/a><\/p>\n\n\n\n<p class=\"wp-block-paragraph\"><strong><em>E-mail&nbsp;: <\/em><\/strong><a href=\"mailto:maciteinfo@gmail.com\"><strong><em>maciteinfo@gmail.com<\/em><\/strong><\/a><strong><em>; <\/em><\/strong><a href=\"mailto:bawela1@gmail.com\"><strong><em>bawela1@gmail.com<\/em><\/strong><\/a><strong><em><\/em><\/strong><\/p>\n\n\n\n<p class=\"wp-block-paragraph\"><strong><em>Pour vos annonces, (publi)reportages, etc., joignez-nous au (00228)91515309\/<strong>79872224 <\/strong>www.macite.tg, L\u2019information, la bonne&nbsp;!<\/em><\/strong><\/p>\n","protected":false},"excerpt":{"rendered":"<p class=\"text-justify mb-2\" >L\u2019ancien capitaine des Black Stars, Asamoah Gyan, a effectu\u00e9 un pas d\u00e9cisif vers le monde politique en rejoignant le comit\u00e9 du manifeste de Mahamudu Bawumia, candidat du Nouveau Parti Patriotique (NPP) \u00e0 l\u2019\u00e9lection pr\u00e9sidentielle de d\u00e9cembre 2024. Gyan a \u00e9t\u00e9 nomm\u00e9 conseiller de Bawumia sur [&hellip;]<\/p>\n","protected":false},"author":2,"featured_media":12825,"comment_status":"open","ping_status":"open","sticky":false,"template":"","format":"standard","meta":{"footnotes":""},"categories":[20,1],"tags":[],"class_list":["post-12821","post","type-post","status-publish","format-standard","has-post-thumbnail","hentry","category-actualite","category-politique"],"yoast_head":"<!-- This site is optimized with the Yoast SEO plugin v28.4 - https:\/\/yoast.com\/product\/yoast-seo-wordpress\/ -->\n<title>DU SPORT A LA POLITIQUE\u00a0: Asamoah Gyan s\u2019engage aux c\u00f4t\u00e9s du candidat du Npp -<\/title>\n<meta name=\"robots\" content=\"index, follow, max-snippet:-1, max-image-preview:large, max-video-preview:-1\" \/>\n<link rel=\"canonical\" href=\"https:\/\/macite.tg\/?p=12821\" \/>\n<meta property=\"og:locale\" content=\"fr_FR\" \/>\n<meta property=\"og:type\" content=\"article\" \/>\n<meta property=\"og:title\" content=\"DU SPORT A LA POLITIQUE\u00a0: Asamoah Gyan s\u2019engage aux c\u00f4t\u00e9s du candidat du Npp -\" \/>\n<meta property=\"og:description\" content=\"L\u2019ancien capitaine des Black Stars, Asamoah Gyan, a effectu\u00e9 un pas d\u00e9cisif vers le monde politique en rejoignant le comit\u00e9 du manifeste de Mahamudu Bawumia, candidat du Nouveau Parti Patriotique (NPP) \u00e0 l\u2019\u00e9lection pr\u00e9sidentielle de d\u00e9cembre 2024. Gyan a \u00e9t\u00e9 nomm\u00e9 conseiller de Bawumia sur [&hellip;]\" \/>\n<meta property=\"og:url\" content=\"https:\/\/macite.tg\/?p=12821\" \/>\n<meta property=\"article:published_time\" content=\"2024-02-23T12:33:59+00:00\" \/>\n<meta property=\"article:modified_time\" content=\"2024-02-23T12:35:45+00:00\" \/>\n<meta property=\"og:image\" content=\"https:\/\/macite.tg\/wp-content\/uploads\/2024\/02\/image-72.png\" \/>\n\t<meta property=\"og:image:width\" content=\"768\" \/>\n\t<meta property=\"og:image:height\" content=\"460\" \/>\n\t<meta property=\"og:image:type\" content=\"image\/png\" \/>\n<meta name=\"author\" content=\"Jean Pierre BAWELA\" \/>\n<meta name=\"twitter:card\" content=\"summary_large_image\" \/>\n<meta name=\"twitter:label1\" content=\"\u00c9crit par\" \/>\n\t<meta name=\"twitter:data1\" content=\"Jean Pierre BAWELA\" \/>\n\t<meta name=\"twitter:label2\" content=\"Dur\u00e9e de lecture estim\u00e9e\" \/>\n\t<meta name=\"twitter:data2\" content=\"1 minute\" \/>\n<script type=\"application\/ld+json\" class=\"yoast-schema-graph\">{\"@context\":\"https:\\\/\\\/schema.org\",\"@graph\":[{\"@type\":\"Article\",\"@id\":\"https:\\\/\\\/macite.tg\\\/?p=12821#article\",\"isPartOf\":{\"@id\":\"https:\\\/\\\/macite.tg\\\/?p=12821\"},\"author\":{\"name\":\"Jean Pierre BAWELA\",\"@id\":\"https:\\\/\\\/macite.tg\\\/#\\\/schema\\\/person\\\/e9f2de7e5dbbe7770a9402c7ce82f5c2\"},\"headline\":\"DU SPORT A LA POLITIQUE\u00a0: Asamoah Gyan s\u2019engage aux c\u00f4t\u00e9s du candidat du Npp\",\"datePublished\":\"2024-02-23T12:33:59+00:00\",\"dateModified\":\"2024-02-23T12:35:45+00:00\",\"mainEntityOfPage\":{\"@id\":\"https:\\\/\\\/macite.tg\\\/?p=12821\"},\"wordCount\":302,\"commentCount\":0,\"image\":{\"@id\":\"https:\\\/\\\/macite.tg\\\/?p=12821#primaryimage\"},\"thumbnailUrl\":\"https:\\\/\\\/macite.tg\\\/wp-content\\\/uploads\\\/2024\\\/02\\\/image-72.png\",\"articleSection\":[\"ACTUALITE\",\"POLITIQUE\"],\"inLanguage\":\"fr-FR\",\"potentialAction\":[{\"@type\":\"CommentAction\",\"name\":\"Comment\",\"target\":[\"https:\\\/\\\/macite.tg\\\/?p=12821#respond\"]}]},{\"@type\":\"WebPage\",\"@id\":\"https:\\\/\\\/macite.tg\\\/?p=12821\",\"url\":\"https:\\\/\\\/macite.tg\\\/?p=12821\",\"name\":\"DU SPORT A LA POLITIQUE\u00a0: Asamoah Gyan s\u2019engage aux c\u00f4t\u00e9s du candidat du Npp -\",\"isPartOf\":{\"@id\":\"https:\\\/\\\/macite.tg\\\/#website\"},\"primaryImageOfPage\":{\"@id\":\"https:\\\/\\\/macite.tg\\\/?p=12821#primaryimage\"},\"image\":{\"@id\":\"https:\\\/\\\/macite.tg\\\/?p=12821#primaryimage\"},\"thumbnailUrl\":\"https:\\\/\\\/macite.tg\\\/wp-content\\\/uploads\\\/2024\\\/02\\\/image-72.png\",\"datePublished\":\"2024-02-23T12:33:59+00:00\",\"dateModified\":\"2024-02-23T12:35:45+00:00\",\"author\":{\"@id\":\"https:\\\/\\\/macite.tg\\\/#\\\/schema\\\/person\\\/e9f2de7e5dbbe7770a9402c7ce82f5c2\"},\"breadcrumb\":{\"@id\":\"https:\\\/\\\/macite.tg\\\/?p=12821#breadcrumb\"},\"inLanguage\":\"fr-FR\",\"potentialAction\":[{\"@type\":\"ReadAction\",\"target\":[\"https:\\\/\\\/macite.tg\\\/?p=12821\"]}]},{\"@type\":\"ImageObject\",\"inLanguage\":\"fr-FR\",\"@id\":\"https:\\\/\\\/macite.tg\\\/?p=12821#primaryimage\",\"url\":\"https:\\\/\\\/macite.tg\\\/wp-content\\\/uploads\\\/2024\\\/02\\\/image-72.png\",\"contentUrl\":\"https:\\\/\\\/macite.tg\\\/wp-content\\\/uploads\\\/2024\\\/02\\\/image-72.png\",\"width\":768,\"height\":460},{\"@type\":\"BreadcrumbList\",\"@id\":\"https:\\\/\\\/macite.tg\\\/?p=12821#breadcrumb\",\"itemListElement\":[{\"@type\":\"ListItem\",\"position\":1,\"name\":\"Accueil\",\"item\":\"https:\\\/\\\/macite.tg\\\/\"},{\"@type\":\"ListItem\",\"position\":2,\"name\":\"DU SPORT A LA POLITIQUE\u00a0: Asamoah Gyan s\u2019engage aux c\u00f4t\u00e9s du candidat du Npp\"}]},{\"@type\":\"WebSite\",\"@id\":\"https:\\\/\\\/macite.tg\\\/#website\",\"url\":\"https:\\\/\\\/macite.tg\\\/\",\"name\":\"\",\"description\":\"L&#039;information, la bonne!!!\",\"potentialAction\":[{\"@type\":\"SearchAction\",\"target\":{\"@type\":\"EntryPoint\",\"urlTemplate\":\"https:\\\/\\\/macite.tg\\\/?s={search_term_string}\"},\"query-input\":{\"@type\":\"PropertyValueSpecification\",\"valueRequired\":true,\"valueName\":\"search_term_string\"}}],\"inLanguage\":\"fr-FR\"},{\"@type\":\"Person\",\"@id\":\"https:\\\/\\\/macite.tg\\\/#\\\/schema\\\/person\\\/e9f2de7e5dbbe7770a9402c7ce82f5c2\",\"name\":\"Jean Pierre BAWELA\",\"image\":{\"@type\":\"ImageObject\",\"inLanguage\":\"fr-FR\",\"@id\":\"https:\\\/\\\/macite.tg\\\/wp-content\\\/uploads\\\/2023\\\/09\\\/WhatsApp-Image-2023-09-19-at-14.44.41-122x122.jpeg\",\"url\":\"https:\\\/\\\/macite.tg\\\/wp-content\\\/uploads\\\/2023\\\/09\\\/WhatsApp-Image-2023-09-19-at-14.44.41-122x122.jpeg\",\"contentUrl\":\"https:\\\/\\\/macite.tg\\\/wp-content\\\/uploads\\\/2023\\\/09\\\/WhatsApp-Image-2023-09-19-at-14.44.41-122x122.jpeg\",\"caption\":\"Jean Pierre BAWELA\"},\"url\":\"https:\\\/\\\/macite.tg\\\/?author=2\"}]}<\/script>\n<!-- \/ Yoast SEO plugin. -->","yoast_head_json":{"title":"DU SPORT A LA POLITIQUE\u00a0: Asamoah Gyan s\u2019engage aux c\u00f4t\u00e9s du candidat du Npp -","robots":{"index":"index","follow":"follow","max-snippet":"max-snippet:-1","max-image-preview":"max-image-preview:large","max-video-preview":"max-video-preview:-1"},"canonical":"https:\/\/macite.tg\/?p=12821","og_locale":"fr_FR","og_type":"article","og_title":"DU SPORT A LA POLITIQUE\u00a0: Asamoah Gyan s\u2019engage aux c\u00f4t\u00e9s du candidat du Npp -","og_description":"L\u2019ancien capitaine des Black Stars, Asamoah Gyan, a effectu\u00e9 un pas d\u00e9cisif vers le monde politique en rejoignant le comit\u00e9 du manifeste de Mahamudu Bawumia, candidat du Nouveau Parti Patriotique (NPP) \u00e0 l\u2019\u00e9lection pr\u00e9sidentielle de d\u00e9cembre 2024. Gyan a \u00e9t\u00e9 nomm\u00e9 conseiller de Bawumia sur [&hellip;]","og_url":"https:\/\/macite.tg\/?p=12821","article_published_time":"2024-02-23T12:33:59+00:00","article_modified_time":"2024-02-23T12:35:45+00:00","og_image":[{"width":768,"height":460,"url":"https:\/\/macite.tg\/wp-content\/uploads\/2024\/02\/image-72.png","type":"image\/png"}],"author":"Jean Pierre BAWELA","twitter_card":"summary_large_image","twitter_misc":{"\u00c9crit par":"Jean Pierre BAWELA","Dur\u00e9e de lecture estim\u00e9e":"1 minute"},"schema":{"@context":"https:\/\/schema.org","@graph":[{"@type":"Article","@id":"https:\/\/macite.tg\/?p=12821#article","isPartOf":{"@id":"https:\/\/macite.tg\/?p=12821"},"author":{"name":"Jean Pierre BAWELA","@id":"https:\/\/macite.tg\/#\/schema\/person\/e9f2de7e5dbbe7770a9402c7ce82f5c2"},"headline":"DU SPORT A LA POLITIQUE\u00a0: Asamoah Gyan s\u2019engage aux c\u00f4t\u00e9s du candidat du Npp","datePublished":"2024-02-23T12:33:59+00:00","dateModified":"2024-02-23T12:35:45+00:00","mainEntityOfPage":{"@id":"https:\/\/macite.tg\/?p=12821"},"wordCount":302,"commentCount":0,"image":{"@id":"https:\/\/macite.tg\/?p=12821#primaryimage"},"thumbnailUrl":"https:\/\/macite.tg\/wp-content\/uploads\/2024\/02\/image-72.png","articleSection":["ACTUALITE","POLITIQUE"],"inLanguage":"fr-FR","potentialAction":[{"@type":"CommentAction","name":"Comment","target":["https:\/\/macite.tg\/?p=12821#respond"]}]},{"@type":"WebPage","@id":"https:\/\/macite.tg\/?p=12821","url":"https:\/\/macite.tg\/?p=12821","name":"DU SPORT A LA POLITIQUE\u00a0: Asamoah Gyan s\u2019engage aux c\u00f4t\u00e9s du candidat du Npp -","isPartOf":{"@id":"https:\/\/macite.tg\/#website"},"primaryImageOfPage":{"@id":"https:\/\/macite.tg\/?p=12821#primaryimage"},"image":{"@id":"https:\/\/macite.tg\/?p=12821#primaryimage"},"thumbnailUrl":"https:\/\/macite.tg\/wp-content\/uploads\/2024\/02\/image-72.png","datePublished":"2024-02-23T12:33:59+00:00","dateModified":"2024-02-23T12:35:45+00:00","author":{"@id":"https:\/\/macite.tg\/#\/schema\/person\/e9f2de7e5dbbe7770a9402c7ce82f5c2"},"breadcrumb":{"@id":"https:\/\/macite.tg\/?p=12821#breadcrumb"},"inLanguage":"fr-FR","potentialAction":[{"@type":"ReadAction","target":["https:\/\/macite.tg\/?p=12821"]}]},{"@type":"ImageObject","inLanguage":"fr-FR","@id":"https:\/\/macite.tg\/?p=12821#primaryimage","url":"https:\/\/macite.tg\/wp-content\/uploads\/2024\/02\/image-72.png","contentUrl":"https:\/\/macite.tg\/wp-content\/uploads\/2024\/02\/image-72.png","width":768,"height":460},{"@type":"BreadcrumbList","@id":"https:\/\/macite.tg\/?p=12821#breadcrumb","itemListElement":[{"@type":"ListItem","position":1,"name":"Accueil","item":"https:\/\/macite.tg\/"},{"@type":"ListItem","position":2,"name":"DU SPORT A LA POLITIQUE\u00a0: Asamoah Gyan s\u2019engage aux c\u00f4t\u00e9s du candidat du Npp"}]},{"@type":"WebSite","@id":"https:\/\/macite.tg\/#website","url":"https:\/\/macite.tg\/","name":"","description":"L&#039;information, la bonne!!!","potentialAction":[{"@type":"SearchAction","target":{"@type":"EntryPoint","urlTemplate":"https:\/\/macite.tg\/?s={search_term_string}"},"query-input":{"@type":"PropertyValueSpecification","valueRequired":true,"valueName":"search_term_string"}}],"inLanguage":"fr-FR"},{"@type":"Person","@id":"https:\/\/macite.tg\/#\/schema\/person\/e9f2de7e5dbbe7770a9402c7ce82f5c2","name":"Jean Pierre BAWELA","image":{"@type":"ImageObject","inLanguage":"fr-FR","@id":"https:\/\/macite.tg\/wp-content\/uploads\/2023\/09\/WhatsApp-Image-2023-09-19-at-14.44.41-122x122.jpeg","url":"https:\/\/macite.tg\/wp-content\/uploads\/2023\/09\/WhatsApp-Image-2023-09-19-at-14.44.41-122x122.jpeg","contentUrl":"https:\/\/macite.tg\/wp-content\/uploads\/2023\/09\/WhatsApp-Image-2023-09-19-at-14.44.41-122x122.jpeg","caption":"Jean Pierre BAWELA"},"url":"https:\/\/macite.tg\/?author=2"}]}},"_links":{"self":[{"href":"https:\/\/macite.tg\/index.php?rest_route=\/wp\/v2\/posts\/12821","targetHints":{"allow":["GET"]}}],"collection":[{"href":"https:\/\/macite.tg\/index.php?rest_route=\/wp\/v2\/posts"}],"about":[{"href":"https:\/\/macite.tg\/index.php?rest_route=\/wp\/v2\/types\/post"}],"author":[{"embeddable":true,"href":"https:\/\/macite.tg\/index.php?rest_route=\/wp\/v2\/users\/2"}],"replies":[{"embeddable":true,"href":"https:\/\/macite.tg\/index.php?rest_route=%2Fwp%2Fv2%2Fcomments&post=12821"}],"version-history":[{"count":0,"href":"https:\/\/macite.tg\/index.php?rest_route=\/wp\/v2\/posts\/12821\/revisions"}],"wp:featuredmedia":[{"embeddable":true,"href":"https:\/\/macite.tg\/index.php?rest_route=\/wp\/v2\/media\/12825"}],"wp:attachment":[{"href":"https:\/\/macite.tg\/index.php?rest_route=%2Fwp%2Fv2%2Fmedia&parent=12821"}],"wp:term":[{"taxonomy":"category","embeddable":true,"href":"https:\/\/macite.tg\/index.php?rest_route=%2Fwp%2Fv2%2Fcategories&post=12821"},{"taxonomy":"post_tag","embeddable":true,"href":"https:\/\/macite.tg\/index.php?rest_route=%2Fwp%2Fv2%2Ftags&post=12821"}],"curies":[{"name":"wp","href":"https:\/\/api.w.org\/{rel}","templated":true}]}}