{"id":12817,"date":"2024-02-23T11:02:06","date_gmt":"2024-02-23T11:02:06","guid":{"rendered":"https:\/\/macite.tg\/?p=12817"},"modified":"2024-02-23T11:40:23","modified_gmt":"2024-02-23T11:40:23","slug":"crise-politique-au-senegal-le-president-macky-sall-met-fin-au-debat-houleux-sur","status":"publish","type":"post","link":"https:\/\/macite.tg\/?p=12817","title":{"rendered":"CRISE POLITIQUE AU SENEGAL : Le Pr\u00e9sident Macky Sall met fin au d\u00e9bat houleux sur\u2026"},"content":{"rendered":"\n<h1 class=\"wp-block-heading\"><i class=\"fas fa-pencil-alt\"> <\/i><span><\/h1>\n\n\n\n<p class=\"wp-block-paragraph\"><strong><em>Le pr\u00e9sident Macky Sall \u00e9tait hier soir face \u00e0 la presse s\u00e9n\u00e9galaise. Lors de ce face-\u00e0-face, le Chef de l\u2019Etat est revenu sur la question de son mandat.<\/em><\/strong><\/p>\n\n\n\n<p class=\"wp-block-paragraph\">Macky Sall met fin au d\u00e9bat houleux concernant son mandat. Macky Sall de confirmer qu\u2019il quittera le pouvoir \u00e0 la fin de son mandat le 02 avril 2024.&nbsp;<\/p>\n\n\n<div class=\"wp-block-image\">\n<figure class=\"aligncenter size-large is-resized\"><img loading=\"lazy\" decoding=\"async\" src=\"https:\/\/macite.tg\/wp-content\/uploads\/2024\/02\/IMG-20240220-WA0062-868x1024.jpg\" alt=\"\" class=\"wp-image-12721\" width=\"526\" height=\"620\" srcset=\"https:\/\/macite.tg\/wp-content\/uploads\/2024\/02\/IMG-20240220-WA0062-868x1024.jpg 868w, https:\/\/macite.tg\/wp-content\/uploads\/2024\/02\/IMG-20240220-WA0062-254x300.jpg 254w, https:\/\/macite.tg\/wp-content\/uploads\/2024\/02\/IMG-20240220-WA0062-768x906.jpg 768w, https:\/\/macite.tg\/wp-content\/uploads\/2024\/02\/IMG-20240220-WA0062-1302x1536.jpg 1302w, https:\/\/macite.tg\/wp-content\/uploads\/2024\/02\/IMG-20240220-WA0062.jpg 1356w\" sizes=\"auto, (max-width: 526px) 100vw, 526px\" \/><\/figure>\n<\/div>\n\n\n<p class=\"wp-block-paragraph\"><em>\u00ab Je compte, apr\u00e8s le 2 avril, quitter mes fonctions de pr\u00e9sident de la R\u00e9publique. Maintenant il est clair que le pays ne peut pas rester sans pr\u00e9sident de la R\u00e9publique.<\/em><\/p>\n\n\n\n<p class=\"wp-block-paragraph\"><em>Le dialogue qui vient devra trancher ou proposer si un consensus peut \u00eatre obtenu sur la suite, c\u2019est souhaitable&nbsp;\u00bb, a d\u00e9clar\u00e9 le pr\u00e9sident Macky Sall.<\/em><\/p>\n\n\n\n<p class=\"wp-block-paragraph\"><em>\u00ab&nbsp;Je souhaite que les acteurs, qui vont se r\u00e9unir avec moi, pour l\u2019int\u00e9r\u00eat sup\u00e9rieur de la nation, dans ce contexte bien particulier, puissent voir comment nous allons enjamber.<\/em><\/p>\n\n\n<div class=\"wp-block-image\">\n<figure class=\"aligncenter size-large is-resized\"><img loading=\"lazy\" decoding=\"async\" src=\"https:\/\/macite.tg\/wp-content\/uploads\/2024\/02\/GBps6MVW8AAmcgK-1-819x1024.jpg\" alt=\"\" class=\"wp-image-12599\" width=\"491\" height=\"614\" srcset=\"https:\/\/macite.tg\/wp-content\/uploads\/2024\/02\/GBps6MVW8AAmcgK-1-819x1024.jpg 819w, https:\/\/macite.tg\/wp-content\/uploads\/2024\/02\/GBps6MVW8AAmcgK-1-240x300.jpg 240w, https:\/\/macite.tg\/wp-content\/uploads\/2024\/02\/GBps6MVW8AAmcgK-1-768x960.jpg 768w, https:\/\/macite.tg\/wp-content\/uploads\/2024\/02\/GBps6MVW8AAmcgK-1.jpg 864w\" sizes=\"auto, (max-width: 491px) 100vw, 491px\" \/><\/figure>\n<\/div>\n\n\n<p class=\"wp-block-paragraph\"><em>Pour cela, j\u2019\u00e9couterai ce que le dialogue dira et apr\u00e8s le dialogue certainement le conseil constitutionnel pourrait \u00eatre amen\u00e9 \u00e0 clarifier \u00bb, ajoute le Chef de l\u2019Etat.<\/em><\/p>\n\n\n\n<p class=\"wp-block-paragraph\"><em>Les d\u00e9s sont ainsi jet\u00e9s et la course pour la succession de Macky Sall lanc\u00e9e. Reste aux acteurs en lice de s\u2019entendre sur les derni\u00e8res r\u00e8gles de jeu de cette comp\u00e9tition qui a mis du temps \u00e0 se d\u00e9canter.<\/em><\/p>\n\n\n\n<p class=\"wp-block-paragraph\"><strong><em>@macite.tg&nbsp;&nbsp;&nbsp;&nbsp;&nbsp;&nbsp;&nbsp;&nbsp;<\/em><\/strong><\/p>\n\n\n\n<p class=\"wp-block-paragraph\"><strong><em>E-mail&nbsp;: <\/em><\/strong><a href=\"mailto:maciteinfo@gmail.com\"><strong><em>maciteinfo@gmail.com<\/em><\/strong><\/a><strong><em>; <\/em><\/strong><a href=\"mailto:bawela1@gmail.com\"><strong><em>bawela1@gmail.com<\/em><\/strong><\/a><strong><em><\/em><\/strong><\/p>\n\n\n\n<p class=\"wp-block-paragraph\"><strong><em>Pour vos annonces, (publi)reportages, etc., joignez-nous au (00228)91515309\/<strong>79872224 <\/strong>www.macite.tg, L\u2019information, la bonne&nbsp;!<\/em><\/strong><\/p>\n","protected":false},"excerpt":{"rendered":"<p class=\"text-justify mb-2\" >Le pr\u00e9sident Macky Sall \u00e9tait hier soir face \u00e0 la presse s\u00e9n\u00e9galaise. Lors de ce face-\u00e0-face, le Chef de l\u2019Etat est revenu sur la question de son mandat. Macky Sall met fin au d\u00e9bat houleux concernant son mandat. Macky Sall de confirmer qu\u2019il quittera le [&hellip;]<\/p>\n","protected":false},"author":2,"featured_media":12818,"comment_status":"open","ping_status":"open","sticky":false,"template":"","format":"standard","meta":{"footnotes":""},"categories":[20,1],"tags":[],"class_list":["post-12817","post","type-post","status-publish","format-standard","has-post-thumbnail","hentry","category-actualite","category-politique"],"yoast_head":"<!-- This site is optimized with the Yoast SEO plugin v28.4 - https:\/\/yoast.com\/product\/yoast-seo-wordpress\/ -->\n<title>CRISE POLITIQUE AU SENEGAL : Le Pr\u00e9sident Macky Sall met fin au d\u00e9bat houleux sur\u2026 -<\/title>\n<meta name=\"robots\" content=\"index, follow, max-snippet:-1, max-image-preview:large, max-video-preview:-1\" \/>\n<link rel=\"canonical\" href=\"https:\/\/macite.tg\/?p=12817\" \/>\n<meta property=\"og:locale\" content=\"fr_FR\" \/>\n<meta property=\"og:type\" content=\"article\" \/>\n<meta property=\"og:title\" content=\"CRISE POLITIQUE AU SENEGAL : Le Pr\u00e9sident Macky Sall met fin au d\u00e9bat houleux sur\u2026 -\" \/>\n<meta property=\"og:description\" content=\"Le pr\u00e9sident Macky Sall \u00e9tait hier soir face \u00e0 la presse s\u00e9n\u00e9galaise. Lors de ce face-\u00e0-face, le Chef de l\u2019Etat est revenu sur la question de son mandat. Macky Sall met fin au d\u00e9bat houleux concernant son mandat. Macky Sall de confirmer qu\u2019il quittera le [&hellip;]\" \/>\n<meta property=\"og:url\" content=\"https:\/\/macite.tg\/?p=12817\" \/>\n<meta property=\"article:published_time\" content=\"2024-02-23T11:02:06+00:00\" \/>\n<meta property=\"article:modified_time\" content=\"2024-02-23T11:40:23+00:00\" \/>\n<meta property=\"og:image\" content=\"https:\/\/macite.tg\/wp-content\/uploads\/2024\/02\/image-70.png\" \/>\n\t<meta property=\"og:image:width\" content=\"696\" \/>\n\t<meta property=\"og:image:height\" content=\"323\" \/>\n\t<meta property=\"og:image:type\" content=\"image\/png\" \/>\n<meta name=\"author\" content=\"Jean Pierre BAWELA\" \/>\n<meta name=\"twitter:card\" content=\"summary_large_image\" \/>\n<meta name=\"twitter:label1\" content=\"\u00c9crit par\" \/>\n\t<meta name=\"twitter:data1\" content=\"Jean Pierre BAWELA\" \/>\n\t<meta name=\"twitter:label2\" content=\"Dur\u00e9e de lecture estim\u00e9e\" \/>\n\t<meta name=\"twitter:data2\" content=\"1 minute\" \/>\n<script type=\"application\/ld+json\" class=\"yoast-schema-graph\">{\"@context\":\"https:\\\/\\\/schema.org\",\"@graph\":[{\"@type\":\"Article\",\"@id\":\"https:\\\/\\\/macite.tg\\\/?p=12817#article\",\"isPartOf\":{\"@id\":\"https:\\\/\\\/macite.tg\\\/?p=12817\"},\"author\":{\"name\":\"Jean Pierre BAWELA\",\"@id\":\"https:\\\/\\\/macite.tg\\\/#\\\/schema\\\/person\\\/e9f2de7e5dbbe7770a9402c7ce82f5c2\"},\"headline\":\"CRISE POLITIQUE AU SENEGAL : Le Pr\u00e9sident Macky Sall met fin au d\u00e9bat houleux sur\u2026\",\"datePublished\":\"2024-02-23T11:02:06+00:00\",\"dateModified\":\"2024-02-23T11:40:23+00:00\",\"mainEntityOfPage\":{\"@id\":\"https:\\\/\\\/macite.tg\\\/?p=12817\"},\"wordCount\":281,\"commentCount\":0,\"image\":{\"@id\":\"https:\\\/\\\/macite.tg\\\/?p=12817#primaryimage\"},\"thumbnailUrl\":\"https:\\\/\\\/macite.tg\\\/wp-content\\\/uploads\\\/2024\\\/02\\\/image-70.png\",\"articleSection\":[\"ACTUALITE\",\"POLITIQUE\"],\"inLanguage\":\"fr-FR\",\"potentialAction\":[{\"@type\":\"CommentAction\",\"name\":\"Comment\",\"target\":[\"https:\\\/\\\/macite.tg\\\/?p=12817#respond\"]}]},{\"@type\":\"WebPage\",\"@id\":\"https:\\\/\\\/macite.tg\\\/?p=12817\",\"url\":\"https:\\\/\\\/macite.tg\\\/?p=12817\",\"name\":\"CRISE POLITIQUE AU SENEGAL : Le Pr\u00e9sident Macky Sall met fin au d\u00e9bat houleux sur\u2026 -\",\"isPartOf\":{\"@id\":\"https:\\\/\\\/macite.tg\\\/#website\"},\"primaryImageOfPage\":{\"@id\":\"https:\\\/\\\/macite.tg\\\/?p=12817#primaryimage\"},\"image\":{\"@id\":\"https:\\\/\\\/macite.tg\\\/?p=12817#primaryimage\"},\"thumbnailUrl\":\"https:\\\/\\\/macite.tg\\\/wp-content\\\/uploads\\\/2024\\\/02\\\/image-70.png\",\"datePublished\":\"2024-02-23T11:02:06+00:00\",\"dateModified\":\"2024-02-23T11:40:23+00:00\",\"author\":{\"@id\":\"https:\\\/\\\/macite.tg\\\/#\\\/schema\\\/person\\\/e9f2de7e5dbbe7770a9402c7ce82f5c2\"},\"breadcrumb\":{\"@id\":\"https:\\\/\\\/macite.tg\\\/?p=12817#breadcrumb\"},\"inLanguage\":\"fr-FR\",\"potentialAction\":[{\"@type\":\"ReadAction\",\"target\":[\"https:\\\/\\\/macite.tg\\\/?p=12817\"]}]},{\"@type\":\"ImageObject\",\"inLanguage\":\"fr-FR\",\"@id\":\"https:\\\/\\\/macite.tg\\\/?p=12817#primaryimage\",\"url\":\"https:\\\/\\\/macite.tg\\\/wp-content\\\/uploads\\\/2024\\\/02\\\/image-70.png\",\"contentUrl\":\"https:\\\/\\\/macite.tg\\\/wp-content\\\/uploads\\\/2024\\\/02\\\/image-70.png\",\"width\":696,\"height\":323},{\"@type\":\"BreadcrumbList\",\"@id\":\"https:\\\/\\\/macite.tg\\\/?p=12817#breadcrumb\",\"itemListElement\":[{\"@type\":\"ListItem\",\"position\":1,\"name\":\"Accueil\",\"item\":\"https:\\\/\\\/macite.tg\\\/\"},{\"@type\":\"ListItem\",\"position\":2,\"name\":\"CRISE POLITIQUE AU SENEGAL : Le Pr\u00e9sident Macky Sall met fin au d\u00e9bat houleux sur\u2026\"}]},{\"@type\":\"WebSite\",\"@id\":\"https:\\\/\\\/macite.tg\\\/#website\",\"url\":\"https:\\\/\\\/macite.tg\\\/\",\"name\":\"\",\"description\":\"L&#039;information, la bonne!!!\",\"potentialAction\":[{\"@type\":\"SearchAction\",\"target\":{\"@type\":\"EntryPoint\",\"urlTemplate\":\"https:\\\/\\\/macite.tg\\\/?s={search_term_string}\"},\"query-input\":{\"@type\":\"PropertyValueSpecification\",\"valueRequired\":true,\"valueName\":\"search_term_string\"}}],\"inLanguage\":\"fr-FR\"},{\"@type\":\"Person\",\"@id\":\"https:\\\/\\\/macite.tg\\\/#\\\/schema\\\/person\\\/e9f2de7e5dbbe7770a9402c7ce82f5c2\",\"name\":\"Jean Pierre BAWELA\",\"image\":{\"@type\":\"ImageObject\",\"inLanguage\":\"fr-FR\",\"@id\":\"https:\\\/\\\/macite.tg\\\/wp-content\\\/uploads\\\/2023\\\/09\\\/WhatsApp-Image-2023-09-19-at-14.44.41-122x122.jpeg\",\"url\":\"https:\\\/\\\/macite.tg\\\/wp-content\\\/uploads\\\/2023\\\/09\\\/WhatsApp-Image-2023-09-19-at-14.44.41-122x122.jpeg\",\"contentUrl\":\"https:\\\/\\\/macite.tg\\\/wp-content\\\/uploads\\\/2023\\\/09\\\/WhatsApp-Image-2023-09-19-at-14.44.41-122x122.jpeg\",\"caption\":\"Jean Pierre BAWELA\"},\"url\":\"https:\\\/\\\/macite.tg\\\/?author=2\"}]}<\/script>\n<!-- \/ Yoast SEO plugin. -->","yoast_head_json":{"title":"CRISE POLITIQUE AU SENEGAL : Le Pr\u00e9sident Macky Sall met fin au d\u00e9bat houleux sur\u2026 -","robots":{"index":"index","follow":"follow","max-snippet":"max-snippet:-1","max-image-preview":"max-image-preview:large","max-video-preview":"max-video-preview:-1"},"canonical":"https:\/\/macite.tg\/?p=12817","og_locale":"fr_FR","og_type":"article","og_title":"CRISE POLITIQUE AU SENEGAL : Le Pr\u00e9sident Macky Sall met fin au d\u00e9bat houleux sur\u2026 -","og_description":"Le pr\u00e9sident Macky Sall \u00e9tait hier soir face \u00e0 la presse s\u00e9n\u00e9galaise. Lors de ce face-\u00e0-face, le Chef de l\u2019Etat est revenu sur la question de son mandat. Macky Sall met fin au d\u00e9bat houleux concernant son mandat. Macky Sall de confirmer qu\u2019il quittera le [&hellip;]","og_url":"https:\/\/macite.tg\/?p=12817","article_published_time":"2024-02-23T11:02:06+00:00","article_modified_time":"2024-02-23T11:40:23+00:00","og_image":[{"width":696,"height":323,"url":"https:\/\/macite.tg\/wp-content\/uploads\/2024\/02\/image-70.png","type":"image\/png"}],"author":"Jean Pierre BAWELA","twitter_card":"summary_large_image","twitter_misc":{"\u00c9crit par":"Jean Pierre BAWELA","Dur\u00e9e de lecture estim\u00e9e":"1 minute"},"schema":{"@context":"https:\/\/schema.org","@graph":[{"@type":"Article","@id":"https:\/\/macite.tg\/?p=12817#article","isPartOf":{"@id":"https:\/\/macite.tg\/?p=12817"},"author":{"name":"Jean Pierre BAWELA","@id":"https:\/\/macite.tg\/#\/schema\/person\/e9f2de7e5dbbe7770a9402c7ce82f5c2"},"headline":"CRISE POLITIQUE AU SENEGAL : Le Pr\u00e9sident Macky Sall met fin au d\u00e9bat houleux sur\u2026","datePublished":"2024-02-23T11:02:06+00:00","dateModified":"2024-02-23T11:40:23+00:00","mainEntityOfPage":{"@id":"https:\/\/macite.tg\/?p=12817"},"wordCount":281,"commentCount":0,"image":{"@id":"https:\/\/macite.tg\/?p=12817#primaryimage"},"thumbnailUrl":"https:\/\/macite.tg\/wp-content\/uploads\/2024\/02\/image-70.png","articleSection":["ACTUALITE","POLITIQUE"],"inLanguage":"fr-FR","potentialAction":[{"@type":"CommentAction","name":"Comment","target":["https:\/\/macite.tg\/?p=12817#respond"]}]},{"@type":"WebPage","@id":"https:\/\/macite.tg\/?p=12817","url":"https:\/\/macite.tg\/?p=12817","name":"CRISE POLITIQUE AU SENEGAL : Le Pr\u00e9sident Macky Sall met fin au d\u00e9bat houleux sur\u2026 -","isPartOf":{"@id":"https:\/\/macite.tg\/#website"},"primaryImageOfPage":{"@id":"https:\/\/macite.tg\/?p=12817#primaryimage"},"image":{"@id":"https:\/\/macite.tg\/?p=12817#primaryimage"},"thumbnailUrl":"https:\/\/macite.tg\/wp-content\/uploads\/2024\/02\/image-70.png","datePublished":"2024-02-23T11:02:06+00:00","dateModified":"2024-02-23T11:40:23+00:00","author":{"@id":"https:\/\/macite.tg\/#\/schema\/person\/e9f2de7e5dbbe7770a9402c7ce82f5c2"},"breadcrumb":{"@id":"https:\/\/macite.tg\/?p=12817#breadcrumb"},"inLanguage":"fr-FR","potentialAction":[{"@type":"ReadAction","target":["https:\/\/macite.tg\/?p=12817"]}]},{"@type":"ImageObject","inLanguage":"fr-FR","@id":"https:\/\/macite.tg\/?p=12817#primaryimage","url":"https:\/\/macite.tg\/wp-content\/uploads\/2024\/02\/image-70.png","contentUrl":"https:\/\/macite.tg\/wp-content\/uploads\/2024\/02\/image-70.png","width":696,"height":323},{"@type":"BreadcrumbList","@id":"https:\/\/macite.tg\/?p=12817#breadcrumb","itemListElement":[{"@type":"ListItem","position":1,"name":"Accueil","item":"https:\/\/macite.tg\/"},{"@type":"ListItem","position":2,"name":"CRISE POLITIQUE AU SENEGAL : Le Pr\u00e9sident Macky Sall met fin au d\u00e9bat houleux sur\u2026"}]},{"@type":"WebSite","@id":"https:\/\/macite.tg\/#website","url":"https:\/\/macite.tg\/","name":"","description":"L&#039;information, la bonne!!!","potentialAction":[{"@type":"SearchAction","target":{"@type":"EntryPoint","urlTemplate":"https:\/\/macite.tg\/?s={search_term_string}"},"query-input":{"@type":"PropertyValueSpecification","valueRequired":true,"valueName":"search_term_string"}}],"inLanguage":"fr-FR"},{"@type":"Person","@id":"https:\/\/macite.tg\/#\/schema\/person\/e9f2de7e5dbbe7770a9402c7ce82f5c2","name":"Jean Pierre BAWELA","image":{"@type":"ImageObject","inLanguage":"fr-FR","@id":"https:\/\/macite.tg\/wp-content\/uploads\/2023\/09\/WhatsApp-Image-2023-09-19-at-14.44.41-122x122.jpeg","url":"https:\/\/macite.tg\/wp-content\/uploads\/2023\/09\/WhatsApp-Image-2023-09-19-at-14.44.41-122x122.jpeg","contentUrl":"https:\/\/macite.tg\/wp-content\/uploads\/2023\/09\/WhatsApp-Image-2023-09-19-at-14.44.41-122x122.jpeg","caption":"Jean Pierre BAWELA"},"url":"https:\/\/macite.tg\/?author=2"}]}},"_links":{"self":[{"href":"https:\/\/macite.tg\/index.php?rest_route=\/wp\/v2\/posts\/12817","targetHints":{"allow":["GET"]}}],"collection":[{"href":"https:\/\/macite.tg\/index.php?rest_route=\/wp\/v2\/posts"}],"about":[{"href":"https:\/\/macite.tg\/index.php?rest_route=\/wp\/v2\/types\/post"}],"author":[{"embeddable":true,"href":"https:\/\/macite.tg\/index.php?rest_route=\/wp\/v2\/users\/2"}],"replies":[{"embeddable":true,"href":"https:\/\/macite.tg\/index.php?rest_route=%2Fwp%2Fv2%2Fcomments&post=12817"}],"version-history":[{"count":0,"href":"https:\/\/macite.tg\/index.php?rest_route=\/wp\/v2\/posts\/12817\/revisions"}],"wp:featuredmedia":[{"embeddable":true,"href":"https:\/\/macite.tg\/index.php?rest_route=\/wp\/v2\/media\/12818"}],"wp:attachment":[{"href":"https:\/\/macite.tg\/index.php?rest_route=%2Fwp%2Fv2%2Fmedia&parent=12817"}],"wp:term":[{"taxonomy":"category","embeddable":true,"href":"https:\/\/macite.tg\/index.php?rest_route=%2Fwp%2Fv2%2Fcategories&post=12817"},{"taxonomy":"post_tag","embeddable":true,"href":"https:\/\/macite.tg\/index.php?rest_route=%2Fwp%2Fv2%2Ftags&post=12817"}],"curies":[{"name":"wp","href":"https:\/\/api.w.org\/{rel}","templated":true}]}}