{"id":12800,"date":"2024-02-22T15:39:28","date_gmt":"2024-02-22T15:39:28","guid":{"rendered":"https:\/\/macite.tg\/?p=12800"},"modified":"2024-02-22T15:56:55","modified_gmt":"2024-02-22T15:56:55","slug":"demissionnez-et-lappel-dun-senateur-americain","status":"publish","type":"post","link":"https:\/\/macite.tg\/?p=12800","title":{"rendered":"\u00ab\u00a0DEMISSIONNEZ ET\u2026\u00a0\u00bb\u00a0: L\u2019appel d\u2019un s\u00e9nateur am\u00e9ricain au pr\u00e9sident s\u00e9n\u00e9galais"},"content":{"rendered":"\n<p class=\"wp-block-paragraph\"><strong><em>Le s\u00e9nateur am\u00e9ricain Ben Cardin, d\u00e9mocrate du Maryland et pr\u00e9sident de la Commission s\u00e9natoriale des relations \u00e9trang\u00e8res, a exprim\u00e9 son soutien \u00e0 l\u2019annonce du pr\u00e9sident s\u00e9n\u00e9galais Macky Sall concernant la tenue prochaine d\u2019\u00e9lections.<\/em><\/strong><\/p>\n\n\n<div class=\"wp-block-image\">\n<figure class=\"aligncenter size-large is-resized\"><img loading=\"lazy\" decoding=\"async\" src=\"https:\/\/macite.tg\/wp-content\/uploads\/2024\/02\/IMG-20240220-WA0062-868x1024.jpg\" alt=\"\" class=\"wp-image-12721\" width=\"436\" height=\"513\" srcset=\"https:\/\/macite.tg\/wp-content\/uploads\/2024\/02\/IMG-20240220-WA0062-868x1024.jpg 868w, https:\/\/macite.tg\/wp-content\/uploads\/2024\/02\/IMG-20240220-WA0062-254x300.jpg 254w, https:\/\/macite.tg\/wp-content\/uploads\/2024\/02\/IMG-20240220-WA0062-768x906.jpg 768w, https:\/\/macite.tg\/wp-content\/uploads\/2024\/02\/IMG-20240220-WA0062-1302x1536.jpg 1302w, https:\/\/macite.tg\/wp-content\/uploads\/2024\/02\/IMG-20240220-WA0062.jpg 1356w\" sizes=\"auto, (max-width: 436px) 100vw, 436px\" \/><\/figure>\n<\/div>\n\n\n<p class=\"wp-block-paragraph\">La d\u00e9claration de Macky Sall intervient dans un contexte o\u00f9 le S\u00e9n\u00e9gal se pr\u00e9pare \u00e0 des \u00e9lections cruciales, conform\u00e9ment \u00e0 la d\u00e9cision du Conseil constitutionnel et \u00e0 la volont\u00e9 exprim\u00e9e par le peuple s\u00e9n\u00e9galais.<\/p>\n\n\n\n<p class=\"wp-block-paragraph\"><em>\u00ab&nbsp;Je salue l\u2019annonce du pr\u00e9sident Sall de tenir des \u00e9lections au plus vite, conform\u00e9ment \u00e0 la d\u00e9cision du Conseil constitutionnel et \u00e0 la volont\u00e9 du peuple s\u00e9n\u00e9galais&nbsp;\u00bb,<\/em> a d\u00e9clar\u00e9 le s\u00e9nateur Cardin.<\/p>\n\n\n<div class=\"wp-block-image\">\n<figure class=\"aligncenter size-large is-resized\"><img loading=\"lazy\" decoding=\"async\" src=\"https:\/\/macite.tg\/wp-content\/uploads\/2024\/02\/GBps6MVW8AAmcgK-1-819x1024.jpg\" alt=\"\" class=\"wp-image-12599\" width=\"452\" height=\"565\" srcset=\"https:\/\/macite.tg\/wp-content\/uploads\/2024\/02\/GBps6MVW8AAmcgK-1-819x1024.jpg 819w, https:\/\/macite.tg\/wp-content\/uploads\/2024\/02\/GBps6MVW8AAmcgK-1-240x300.jpg 240w, https:\/\/macite.tg\/wp-content\/uploads\/2024\/02\/GBps6MVW8AAmcgK-1-768x960.jpg 768w, https:\/\/macite.tg\/wp-content\/uploads\/2024\/02\/GBps6MVW8AAmcgK-1.jpg 864w\" sizes=\"auto, (max-width: 452px) 100vw, 452px\" \/><\/figure>\n<\/div>\n\n\n<p class=\"wp-block-paragraph\">Il exhorte ainsi le chef de l\u2019\u00c9tat&nbsp;<em>\u00ab&nbsp;\u00e0 fixer une date d\u2019\u00e9lection et de d\u00e9missionner \u00e0 la fin de (son) mandat&nbsp;\u00bb.<\/em>&nbsp;Cette r\u00e9action du s\u00e9nateur Cardin t\u00e9moigne de l\u2019attention port\u00e9e par la communaut\u00e9 internationale \u00e0 l\u2019\u00e9volution politique au sS\u00e9n\u00e9gal.<\/p>\n\n\n\n<p class=\"wp-block-paragraph\">SeneNews<\/p>\n\n\n\n<p class=\"wp-block-paragraph\"><a><strong><em>@macite.tg&nbsp;&nbsp;&nbsp;&nbsp;&nbsp;&nbsp;&nbsp;&nbsp;<\/em><\/strong><\/a><\/p>\n\n\n\n<p class=\"wp-block-paragraph\"><strong><em>E-mail&nbsp;: <\/em><\/strong><a href=\"mailto:maciteinfo@gmail.com\"><strong><em>maciteinfo@gmail.com<\/em><\/strong><\/a><strong><em>; <\/em><\/strong><a href=\"mailto:bawela1@gmail.com\"><strong><em>bawela1@gmail.com<\/em><\/strong><\/a><strong><em><\/em><\/strong><\/p>\n\n\n\n<p class=\"wp-block-paragraph\"><strong><em>Pour vos annonces, (publi)reportages, etc., joignez-nous au (00228)91515309\/<strong>79872224 <\/strong>www.macite.tg, L\u2019information, la bonne&nbsp;!<\/em><\/strong><\/p>\n","protected":false},"excerpt":{"rendered":"<p class=\"text-justify mb-2\" >Le s\u00e9nateur am\u00e9ricain Ben Cardin, d\u00e9mocrate du Maryland et pr\u00e9sident de la Commission s\u00e9natoriale des relations \u00e9trang\u00e8res, a exprim\u00e9 son soutien \u00e0 l\u2019annonce du pr\u00e9sident s\u00e9n\u00e9galais Macky Sall concernant la tenue prochaine d\u2019\u00e9lections. La d\u00e9claration de Macky Sall intervient dans un contexte o\u00f9 le S\u00e9n\u00e9gal [&hellip;]<\/p>\n","protected":false},"author":2,"featured_media":12802,"comment_status":"open","ping_status":"open","sticky":false,"template":"","format":"standard","meta":{"footnotes":""},"categories":[20,1],"tags":[],"class_list":["post-12800","post","type-post","status-publish","format-standard","has-post-thumbnail","hentry","category-actualite","category-politique"],"yoast_head":"<!-- This site is optimized with the Yoast SEO plugin v28.4 - https:\/\/yoast.com\/product\/yoast-seo-wordpress\/ -->\n<title>\u00ab\u00a0DEMISSIONNEZ ET\u2026\u00a0\u00bb\u00a0: L\u2019appel d\u2019un s\u00e9nateur am\u00e9ricain au pr\u00e9sident s\u00e9n\u00e9galais -<\/title>\n<meta name=\"robots\" content=\"index, follow, max-snippet:-1, max-image-preview:large, max-video-preview:-1\" \/>\n<link rel=\"canonical\" href=\"https:\/\/macite.tg\/?p=12800\" \/>\n<meta property=\"og:locale\" content=\"fr_FR\" \/>\n<meta property=\"og:type\" content=\"article\" \/>\n<meta property=\"og:title\" content=\"\u00ab\u00a0DEMISSIONNEZ ET\u2026\u00a0\u00bb\u00a0: L\u2019appel d\u2019un s\u00e9nateur am\u00e9ricain au pr\u00e9sident s\u00e9n\u00e9galais -\" \/>\n<meta property=\"og:description\" content=\"Le s\u00e9nateur am\u00e9ricain Ben Cardin, d\u00e9mocrate du Maryland et pr\u00e9sident de la Commission s\u00e9natoriale des relations \u00e9trang\u00e8res, a exprim\u00e9 son soutien \u00e0 l\u2019annonce du pr\u00e9sident s\u00e9n\u00e9galais Macky Sall concernant la tenue prochaine d\u2019\u00e9lections. La d\u00e9claration de Macky Sall intervient dans un contexte o\u00f9 le S\u00e9n\u00e9gal [&hellip;]\" \/>\n<meta property=\"og:url\" content=\"https:\/\/macite.tg\/?p=12800\" \/>\n<meta property=\"article:published_time\" content=\"2024-02-22T15:39:28+00:00\" \/>\n<meta property=\"article:modified_time\" content=\"2024-02-22T15:56:55+00:00\" \/>\n<meta property=\"og:image\" content=\"https:\/\/macite.tg\/wp-content\/uploads\/2024\/02\/image-66.png\" \/>\n\t<meta property=\"og:image:width\" content=\"696\" \/>\n\t<meta property=\"og:image:height\" content=\"319\" \/>\n\t<meta property=\"og:image:type\" content=\"image\/png\" \/>\n<meta name=\"author\" content=\"Jean Pierre BAWELA\" \/>\n<meta name=\"twitter:card\" content=\"summary_large_image\" \/>\n<meta name=\"twitter:label1\" content=\"\u00c9crit par\" \/>\n\t<meta name=\"twitter:data1\" content=\"Jean Pierre BAWELA\" \/>\n\t<meta name=\"twitter:label2\" content=\"Dur\u00e9e de lecture estim\u00e9e\" \/>\n\t<meta name=\"twitter:data2\" content=\"1 minute\" \/>\n<script type=\"application\/ld+json\" class=\"yoast-schema-graph\">{\"@context\":\"https:\\\/\\\/schema.org\",\"@graph\":[{\"@type\":\"Article\",\"@id\":\"https:\\\/\\\/macite.tg\\\/?p=12800#article\",\"isPartOf\":{\"@id\":\"https:\\\/\\\/macite.tg\\\/?p=12800\"},\"author\":{\"name\":\"Jean Pierre BAWELA\",\"@id\":\"https:\\\/\\\/macite.tg\\\/#\\\/schema\\\/person\\\/e9f2de7e5dbbe7770a9402c7ce82f5c2\"},\"headline\":\"\u00ab\u00a0DEMISSIONNEZ ET\u2026\u00a0\u00bb\u00a0: L\u2019appel d\u2019un s\u00e9nateur am\u00e9ricain au pr\u00e9sident s\u00e9n\u00e9galais\",\"datePublished\":\"2024-02-22T15:39:28+00:00\",\"dateModified\":\"2024-02-22T15:56:55+00:00\",\"mainEntityOfPage\":{\"@id\":\"https:\\\/\\\/macite.tg\\\/?p=12800\"},\"wordCount\":225,\"commentCount\":0,\"image\":{\"@id\":\"https:\\\/\\\/macite.tg\\\/?p=12800#primaryimage\"},\"thumbnailUrl\":\"https:\\\/\\\/macite.tg\\\/wp-content\\\/uploads\\\/2024\\\/02\\\/image-66.png\",\"articleSection\":[\"ACTUALITE\",\"POLITIQUE\"],\"inLanguage\":\"fr-FR\",\"potentialAction\":[{\"@type\":\"CommentAction\",\"name\":\"Comment\",\"target\":[\"https:\\\/\\\/macite.tg\\\/?p=12800#respond\"]}]},{\"@type\":\"WebPage\",\"@id\":\"https:\\\/\\\/macite.tg\\\/?p=12800\",\"url\":\"https:\\\/\\\/macite.tg\\\/?p=12800\",\"name\":\"\u00ab\u00a0DEMISSIONNEZ ET\u2026\u00a0\u00bb\u00a0: L\u2019appel d\u2019un s\u00e9nateur am\u00e9ricain au pr\u00e9sident s\u00e9n\u00e9galais -\",\"isPartOf\":{\"@id\":\"https:\\\/\\\/macite.tg\\\/#website\"},\"primaryImageOfPage\":{\"@id\":\"https:\\\/\\\/macite.tg\\\/?p=12800#primaryimage\"},\"image\":{\"@id\":\"https:\\\/\\\/macite.tg\\\/?p=12800#primaryimage\"},\"thumbnailUrl\":\"https:\\\/\\\/macite.tg\\\/wp-content\\\/uploads\\\/2024\\\/02\\\/image-66.png\",\"datePublished\":\"2024-02-22T15:39:28+00:00\",\"dateModified\":\"2024-02-22T15:56:55+00:00\",\"author\":{\"@id\":\"https:\\\/\\\/macite.tg\\\/#\\\/schema\\\/person\\\/e9f2de7e5dbbe7770a9402c7ce82f5c2\"},\"breadcrumb\":{\"@id\":\"https:\\\/\\\/macite.tg\\\/?p=12800#breadcrumb\"},\"inLanguage\":\"fr-FR\",\"potentialAction\":[{\"@type\":\"ReadAction\",\"target\":[\"https:\\\/\\\/macite.tg\\\/?p=12800\"]}]},{\"@type\":\"ImageObject\",\"inLanguage\":\"fr-FR\",\"@id\":\"https:\\\/\\\/macite.tg\\\/?p=12800#primaryimage\",\"url\":\"https:\\\/\\\/macite.tg\\\/wp-content\\\/uploads\\\/2024\\\/02\\\/image-66.png\",\"contentUrl\":\"https:\\\/\\\/macite.tg\\\/wp-content\\\/uploads\\\/2024\\\/02\\\/image-66.png\",\"width\":696,\"height\":319},{\"@type\":\"BreadcrumbList\",\"@id\":\"https:\\\/\\\/macite.tg\\\/?p=12800#breadcrumb\",\"itemListElement\":[{\"@type\":\"ListItem\",\"position\":1,\"name\":\"Accueil\",\"item\":\"https:\\\/\\\/macite.tg\\\/\"},{\"@type\":\"ListItem\",\"position\":2,\"name\":\"\u00ab\u00a0DEMISSIONNEZ ET\u2026\u00a0\u00bb\u00a0: L\u2019appel d\u2019un s\u00e9nateur am\u00e9ricain au pr\u00e9sident s\u00e9n\u00e9galais\"}]},{\"@type\":\"WebSite\",\"@id\":\"https:\\\/\\\/macite.tg\\\/#website\",\"url\":\"https:\\\/\\\/macite.tg\\\/\",\"name\":\"\",\"description\":\"L&#039;information, la bonne!!!\",\"potentialAction\":[{\"@type\":\"SearchAction\",\"target\":{\"@type\":\"EntryPoint\",\"urlTemplate\":\"https:\\\/\\\/macite.tg\\\/?s={search_term_string}\"},\"query-input\":{\"@type\":\"PropertyValueSpecification\",\"valueRequired\":true,\"valueName\":\"search_term_string\"}}],\"inLanguage\":\"fr-FR\"},{\"@type\":\"Person\",\"@id\":\"https:\\\/\\\/macite.tg\\\/#\\\/schema\\\/person\\\/e9f2de7e5dbbe7770a9402c7ce82f5c2\",\"name\":\"Jean Pierre BAWELA\",\"image\":{\"@type\":\"ImageObject\",\"inLanguage\":\"fr-FR\",\"@id\":\"https:\\\/\\\/macite.tg\\\/wp-content\\\/uploads\\\/2023\\\/09\\\/WhatsApp-Image-2023-09-19-at-14.44.41-122x122.jpeg\",\"url\":\"https:\\\/\\\/macite.tg\\\/wp-content\\\/uploads\\\/2023\\\/09\\\/WhatsApp-Image-2023-09-19-at-14.44.41-122x122.jpeg\",\"contentUrl\":\"https:\\\/\\\/macite.tg\\\/wp-content\\\/uploads\\\/2023\\\/09\\\/WhatsApp-Image-2023-09-19-at-14.44.41-122x122.jpeg\",\"caption\":\"Jean Pierre BAWELA\"},\"url\":\"https:\\\/\\\/macite.tg\\\/?author=2\"}]}<\/script>\n<!-- \/ Yoast SEO plugin. -->","yoast_head_json":{"title":"\u00ab\u00a0DEMISSIONNEZ ET\u2026\u00a0\u00bb\u00a0: L\u2019appel d\u2019un s\u00e9nateur am\u00e9ricain au pr\u00e9sident s\u00e9n\u00e9galais -","robots":{"index":"index","follow":"follow","max-snippet":"max-snippet:-1","max-image-preview":"max-image-preview:large","max-video-preview":"max-video-preview:-1"},"canonical":"https:\/\/macite.tg\/?p=12800","og_locale":"fr_FR","og_type":"article","og_title":"\u00ab\u00a0DEMISSIONNEZ ET\u2026\u00a0\u00bb\u00a0: L\u2019appel d\u2019un s\u00e9nateur am\u00e9ricain au pr\u00e9sident s\u00e9n\u00e9galais -","og_description":"Le s\u00e9nateur am\u00e9ricain Ben Cardin, d\u00e9mocrate du Maryland et pr\u00e9sident de la Commission s\u00e9natoriale des relations \u00e9trang\u00e8res, a exprim\u00e9 son soutien \u00e0 l\u2019annonce du pr\u00e9sident s\u00e9n\u00e9galais Macky Sall concernant la tenue prochaine d\u2019\u00e9lections. La d\u00e9claration de Macky Sall intervient dans un contexte o\u00f9 le S\u00e9n\u00e9gal [&hellip;]","og_url":"https:\/\/macite.tg\/?p=12800","article_published_time":"2024-02-22T15:39:28+00:00","article_modified_time":"2024-02-22T15:56:55+00:00","og_image":[{"width":696,"height":319,"url":"https:\/\/macite.tg\/wp-content\/uploads\/2024\/02\/image-66.png","type":"image\/png"}],"author":"Jean Pierre BAWELA","twitter_card":"summary_large_image","twitter_misc":{"\u00c9crit par":"Jean Pierre BAWELA","Dur\u00e9e de lecture estim\u00e9e":"1 minute"},"schema":{"@context":"https:\/\/schema.org","@graph":[{"@type":"Article","@id":"https:\/\/macite.tg\/?p=12800#article","isPartOf":{"@id":"https:\/\/macite.tg\/?p=12800"},"author":{"name":"Jean Pierre BAWELA","@id":"https:\/\/macite.tg\/#\/schema\/person\/e9f2de7e5dbbe7770a9402c7ce82f5c2"},"headline":"\u00ab\u00a0DEMISSIONNEZ ET\u2026\u00a0\u00bb\u00a0: L\u2019appel d\u2019un s\u00e9nateur am\u00e9ricain au pr\u00e9sident s\u00e9n\u00e9galais","datePublished":"2024-02-22T15:39:28+00:00","dateModified":"2024-02-22T15:56:55+00:00","mainEntityOfPage":{"@id":"https:\/\/macite.tg\/?p=12800"},"wordCount":225,"commentCount":0,"image":{"@id":"https:\/\/macite.tg\/?p=12800#primaryimage"},"thumbnailUrl":"https:\/\/macite.tg\/wp-content\/uploads\/2024\/02\/image-66.png","articleSection":["ACTUALITE","POLITIQUE"],"inLanguage":"fr-FR","potentialAction":[{"@type":"CommentAction","name":"Comment","target":["https:\/\/macite.tg\/?p=12800#respond"]}]},{"@type":"WebPage","@id":"https:\/\/macite.tg\/?p=12800","url":"https:\/\/macite.tg\/?p=12800","name":"\u00ab\u00a0DEMISSIONNEZ ET\u2026\u00a0\u00bb\u00a0: L\u2019appel d\u2019un s\u00e9nateur am\u00e9ricain au pr\u00e9sident s\u00e9n\u00e9galais -","isPartOf":{"@id":"https:\/\/macite.tg\/#website"},"primaryImageOfPage":{"@id":"https:\/\/macite.tg\/?p=12800#primaryimage"},"image":{"@id":"https:\/\/macite.tg\/?p=12800#primaryimage"},"thumbnailUrl":"https:\/\/macite.tg\/wp-content\/uploads\/2024\/02\/image-66.png","datePublished":"2024-02-22T15:39:28+00:00","dateModified":"2024-02-22T15:56:55+00:00","author":{"@id":"https:\/\/macite.tg\/#\/schema\/person\/e9f2de7e5dbbe7770a9402c7ce82f5c2"},"breadcrumb":{"@id":"https:\/\/macite.tg\/?p=12800#breadcrumb"},"inLanguage":"fr-FR","potentialAction":[{"@type":"ReadAction","target":["https:\/\/macite.tg\/?p=12800"]}]},{"@type":"ImageObject","inLanguage":"fr-FR","@id":"https:\/\/macite.tg\/?p=12800#primaryimage","url":"https:\/\/macite.tg\/wp-content\/uploads\/2024\/02\/image-66.png","contentUrl":"https:\/\/macite.tg\/wp-content\/uploads\/2024\/02\/image-66.png","width":696,"height":319},{"@type":"BreadcrumbList","@id":"https:\/\/macite.tg\/?p=12800#breadcrumb","itemListElement":[{"@type":"ListItem","position":1,"name":"Accueil","item":"https:\/\/macite.tg\/"},{"@type":"ListItem","position":2,"name":"\u00ab\u00a0DEMISSIONNEZ ET\u2026\u00a0\u00bb\u00a0: L\u2019appel d\u2019un s\u00e9nateur am\u00e9ricain au pr\u00e9sident s\u00e9n\u00e9galais"}]},{"@type":"WebSite","@id":"https:\/\/macite.tg\/#website","url":"https:\/\/macite.tg\/","name":"","description":"L&#039;information, la bonne!!!","potentialAction":[{"@type":"SearchAction","target":{"@type":"EntryPoint","urlTemplate":"https:\/\/macite.tg\/?s={search_term_string}"},"query-input":{"@type":"PropertyValueSpecification","valueRequired":true,"valueName":"search_term_string"}}],"inLanguage":"fr-FR"},{"@type":"Person","@id":"https:\/\/macite.tg\/#\/schema\/person\/e9f2de7e5dbbe7770a9402c7ce82f5c2","name":"Jean Pierre BAWELA","image":{"@type":"ImageObject","inLanguage":"fr-FR","@id":"https:\/\/macite.tg\/wp-content\/uploads\/2023\/09\/WhatsApp-Image-2023-09-19-at-14.44.41-122x122.jpeg","url":"https:\/\/macite.tg\/wp-content\/uploads\/2023\/09\/WhatsApp-Image-2023-09-19-at-14.44.41-122x122.jpeg","contentUrl":"https:\/\/macite.tg\/wp-content\/uploads\/2023\/09\/WhatsApp-Image-2023-09-19-at-14.44.41-122x122.jpeg","caption":"Jean Pierre BAWELA"},"url":"https:\/\/macite.tg\/?author=2"}]}},"_links":{"self":[{"href":"https:\/\/macite.tg\/index.php?rest_route=\/wp\/v2\/posts\/12800","targetHints":{"allow":["GET"]}}],"collection":[{"href":"https:\/\/macite.tg\/index.php?rest_route=\/wp\/v2\/posts"}],"about":[{"href":"https:\/\/macite.tg\/index.php?rest_route=\/wp\/v2\/types\/post"}],"author":[{"embeddable":true,"href":"https:\/\/macite.tg\/index.php?rest_route=\/wp\/v2\/users\/2"}],"replies":[{"embeddable":true,"href":"https:\/\/macite.tg\/index.php?rest_route=%2Fwp%2Fv2%2Fcomments&post=12800"}],"version-history":[{"count":0,"href":"https:\/\/macite.tg\/index.php?rest_route=\/wp\/v2\/posts\/12800\/revisions"}],"wp:featuredmedia":[{"embeddable":true,"href":"https:\/\/macite.tg\/index.php?rest_route=\/wp\/v2\/media\/12802"}],"wp:attachment":[{"href":"https:\/\/macite.tg\/index.php?rest_route=%2Fwp%2Fv2%2Fmedia&parent=12800"}],"wp:term":[{"taxonomy":"category","embeddable":true,"href":"https:\/\/macite.tg\/index.php?rest_route=%2Fwp%2Fv2%2Fcategories&post=12800"},{"taxonomy":"post_tag","embeddable":true,"href":"https:\/\/macite.tg\/index.php?rest_route=%2Fwp%2Fv2%2Ftags&post=12800"}],"curies":[{"name":"wp","href":"https:\/\/api.w.org\/{rel}","templated":true}]}}