{"id":12797,"date":"2024-02-22T15:12:46","date_gmt":"2024-02-22T15:12:46","guid":{"rendered":"https:\/\/macite.tg\/?p=12797"},"modified":"2024-02-22T15:12:50","modified_gmt":"2024-02-22T15:12:50","slug":"cooperation-maroc-espagne-sa-majeste-le-roi-mohammed-vi-a-echange-avec-le-chef-du-gouvernement-espagnol-a-rabat","status":"publish","type":"post","link":"https:\/\/macite.tg\/?p=12797","title":{"rendered":"COOPERATION MAROC \u2013 ESPAGNE : Sa Majest\u00e9 le Roi Mohammed VI a \u00e9chang\u00e9 avec le Chef du Gouvernement espagnol \u00e0 Rabat"},"content":{"rendered":"\n<p class=\"wp-block-paragraph\"><strong><em>La coop\u00e9ration entre les Royaumes du Maroc et d\u2019Espagne se renforce et se dynamise un peu plus chaque jour. Le Pr\u00e9sident du Gouvernement espagnol, Pedro Sanchez, est en visite de travail \u00e0 Rabat, au Maroc. Hier 21 f\u00e9vrier 2024, Sa Majest\u00e9 le Roi Mohammed VI, que Dieu Le glorifie, a re\u00e7u en audience ce haut responsable espagnol avec qui, Il a \u00e9chang\u00e9 sur plusieurs points portant sur la coop\u00e9ration notamment.<\/em><\/strong><\/p>\n\n\n\n<p class=\"wp-block-paragraph\">Le Pr\u00e9sident du Gouvernement espagnol, Pedro Sanchez, est en visite de travail au Royaume du Maroc. Le haut responsable espagnol a \u00e9t\u00e9 re\u00e7u, hier 21 f\u00e9vrier, en audience au Palais Royal de Rabat par Sa Majest\u00e9 le Roi Mohammed VI, que Dieu L\u2019assiste.<\/p>\n\n\n<div class=\"wp-block-image\">\n<figure class=\"aligncenter size-large is-resized\"><img loading=\"lazy\" decoding=\"async\" src=\"https:\/\/macite.tg\/wp-content\/uploads\/2024\/02\/IMG-20240220-WA0062-868x1024.jpg\" alt=\"\" class=\"wp-image-12721\" width=\"521\" height=\"614\" srcset=\"https:\/\/macite.tg\/wp-content\/uploads\/2024\/02\/IMG-20240220-WA0062-868x1024.jpg 868w, https:\/\/macite.tg\/wp-content\/uploads\/2024\/02\/IMG-20240220-WA0062-254x300.jpg 254w, https:\/\/macite.tg\/wp-content\/uploads\/2024\/02\/IMG-20240220-WA0062-768x906.jpg 768w, https:\/\/macite.tg\/wp-content\/uploads\/2024\/02\/IMG-20240220-WA0062-1302x1536.jpg 1302w, https:\/\/macite.tg\/wp-content\/uploads\/2024\/02\/IMG-20240220-WA0062.jpg 1356w\" sizes=\"auto, (max-width: 521px) 100vw, 521px\" \/><\/figure>\n<\/div>\n\n\n<p class=\"wp-block-paragraph\">Selon le Communiqu\u00e9 du Cabinet Royal, cette visite s\u2019inscrit dans la poursuite de la nouvelle dynamique de relations bilat\u00e9rales entre les Royaumes du Maroc et d\u2019Espagne, entam\u00e9e depuis avril 2022, lors de la rencontre entre le Souverain marocain et le chef du Gouvernement espagnol, et qui avait d\u00e9bouch\u00e9 sur l\u2019adoption de la <em>\u00ab&nbsp;D\u00e9claration conjointe entre les deux pays&nbsp;\u00bb.<\/em><\/p>\n\n\n\n<p class=\"wp-block-paragraph\">Tout en indiquant que <em>\u00ab&nbsp;cette nouvelle dynamique se d\u00e9ploie de mani\u00e8re satisfaisante&nbsp;\u00bb,<\/em> le Communiqu\u00e9 du Cabinet Royal note qu\u2019elle est marqu\u00e9e par le <em>\u00ab&nbsp;renforcement de la coop\u00e9ration, de la coordination et du partenariat dans tous les domaines, sur la base des principes de la confiance, du respect mutuel, de l\u2019ambition, du bon voisinage et du respect des engagements&nbsp;\u00bb.<\/em><\/p>\n\n\n<div class=\"wp-block-image\">\n<figure class=\"aligncenter size-full\"><img loading=\"lazy\" decoding=\"async\" width=\"768\" height=\"319\" src=\"https:\/\/macite.tg\/wp-content\/uploads\/2024\/02\/ANNONCES-1-768x319-2.jpg\" alt=\"\" class=\"wp-image-12679\" srcset=\"https:\/\/macite.tg\/wp-content\/uploads\/2024\/02\/ANNONCES-1-768x319-2.jpg 768w, https:\/\/macite.tg\/wp-content\/uploads\/2024\/02\/ANNONCES-1-768x319-2-300x125.jpg 300w\" sizes=\"auto, (max-width: 768px) 100vw, 768px\" \/><\/figure>\n<\/div>\n\n\n<p class=\"wp-block-paragraph\">A Rabat hier 21 f\u00e9vrier, Son Excellence Monsieur Pedro Sanchez a \u00ab<em>&nbsp;salu\u00e9 les initiatives strat\u00e9giques lanc\u00e9es par Sa Majest\u00e9 le Roi, que Dieu L\u2019assiste, notamment l\u2019Initiative des pays africains riverains de l\u2019Atlantique, l\u2019Initiative Royale pour favoriser l\u2019acc\u00e8s des pays du Sahel \u00e0 l\u2019Oc\u00e9an Atlantique, ainsi que le Gazoduc Africain-Atlantique Nig\u00e9ria-Maroc&nbsp;\u00bb,<\/em> avant de relever l\u2019int\u00e9r\u00eat de l\u2019Espagne pour ces initiatives strat\u00e9giques prises par le Souverain marocain.<\/p>\n\n\n\n<p class=\"wp-block-paragraph\">Le Pr\u00e9sident du Gouvernement espagnol a saisi l\u2019occasion pour r\u00e9it\u00e9rer la position de l\u2019Espagne sur la question du Sahara, telle que contenue dans la d\u00e9claration conjointe d\u2019avril 2022. Pedro Sanchez a clairement soulign\u00e9 que <em>\u00ab&nbsp;l\u2019initiative marocaine d\u2019autonomie comme la base la plus s\u00e9rieuse, r\u00e9aliste et cr\u00e9dible pour la r\u00e9solution de ce diff\u00e9rend&nbsp;\u00bb.<\/em><\/p>\n\n\n\n<p class=\"wp-block-paragraph\">Notons que le Souverain, pour sa part, s\u2019est r\u00e9joui de cette <em>\u00ab&nbsp;nouvelle position constructive et importante&nbsp;\u00bb<\/em> de l\u2019Espagne. Les deux Hautes Personnalit\u00e9s ont relev\u00e9 ensemble <em>\u00ab&nbsp;les perspectives uniques de coop\u00e9ration qui s\u2019ouvrent aux deux pays voisins&nbsp;\u00bb<\/em>, notamment l\u2019organisation conjointe, avec le Portugal, de la Coupe du Monde de football 2030, qui constitue, \u00e0 leurs yeux, <em>\u00ab&nbsp;un levier suppl\u00e9mentaire de renforcement des relations bilat\u00e9rales&nbsp;\u00bb<\/em>.<\/p>\n\n\n<div class=\"wp-block-image\">\n<figure class=\"aligncenter size-large is-resized\"><img loading=\"lazy\" decoding=\"async\" src=\"https:\/\/macite.tg\/wp-content\/uploads\/2024\/02\/GBps6MVW8AAmcgK-1-819x1024.jpg\" alt=\"\" class=\"wp-image-12599\" width=\"460\" height=\"575\" srcset=\"https:\/\/macite.tg\/wp-content\/uploads\/2024\/02\/GBps6MVW8AAmcgK-1-819x1024.jpg 819w, https:\/\/macite.tg\/wp-content\/uploads\/2024\/02\/GBps6MVW8AAmcgK-1-240x300.jpg 240w, https:\/\/macite.tg\/wp-content\/uploads\/2024\/02\/GBps6MVW8AAmcgK-1-768x960.jpg 768w, https:\/\/macite.tg\/wp-content\/uploads\/2024\/02\/GBps6MVW8AAmcgK-1.jpg 864w\" sizes=\"auto, (max-width: 460px) 100vw, 460px\" \/><\/figure>\n<\/div>\n\n\n<p class=\"wp-block-paragraph\">Rappelons que plusieurs personnalit\u00e9s ont pris part \u00e0 cette audience au Palais Royal au rangs desquelles, M. Jos\u00e9 Manuel Albares, ministre des Affaires \u00e9trang\u00e8res, de l&rsquo;Union Europ\u00e9enne et de la Coop\u00e9ration, Mme Emma Aparici, secr\u00e9taire g\u00e9n\u00e9rale des Affaires \u00e9trang\u00e8res \u00e0 la Pr\u00e9sidence du gouvernement (c\u00f4t\u00e9 espagnol), alors que M. Fouad Ali El Himma, Conseiller de SM le Roi et M. Nasser Bourita, ministre des Affaires \u00e9trang\u00e8res, de la Coop\u00e9ration africaine et des Marocains r\u00e9sidant \u00e0 l\u2019\u00e9tranger, repr\u00e9sentaient le gouvernement marocain.<\/p>\n\n\n\n<p class=\"wp-block-paragraph\"><strong>MC<\/strong><\/p>\n\n\n\n<p class=\"wp-block-paragraph\"><a><strong><em>@macite.tg&nbsp;&nbsp;&nbsp;&nbsp;&nbsp;&nbsp;&nbsp;&nbsp;<\/em><\/strong><\/a><\/p>\n\n\n\n<p class=\"wp-block-paragraph\"><strong><em>E-mail&nbsp;: <\/em><\/strong><a href=\"mailto:maciteinfo@gmail.com\"><strong><em>maciteinfo@gmail.com<\/em><\/strong><\/a><strong><em>; <\/em><\/strong><a href=\"mailto:bawela1@gmail.com\"><strong><em>bawela1@gmail.com<\/em><\/strong><\/a><strong><em><\/em><\/strong><\/p>\n\n\n\n<p class=\"wp-block-paragraph\"><strong><em>Pour vos annonces, (publi)reportages, etc., joignez-nous au (00228)91515309\/<strong>79872224 <\/strong>www.macite.tg, L\u2019information, la bonne&nbsp;!<\/em><\/strong><\/p>\n","protected":false},"excerpt":{"rendered":"<p class=\"text-justify mb-2\" >La coop\u00e9ration entre les Royaumes du Maroc et d\u2019Espagne se renforce et se dynamise un peu plus chaque jour. Le Pr\u00e9sident du Gouvernement espagnol, Pedro Sanchez, est en visite de travail \u00e0 Rabat, au Maroc. Hier 21 f\u00e9vrier 2024, Sa Majest\u00e9 le Roi Mohammed VI, [&hellip;]<\/p>\n","protected":false},"author":2,"featured_media":12798,"comment_status":"open","ping_status":"open","sticky":false,"template":"","format":"standard","meta":{"footnotes":""},"categories":[20,16],"tags":[],"class_list":["post-12797","post","type-post","status-publish","format-standard","has-post-thumbnail","hentry","category-actualite","category-cooperation"],"yoast_head":"<!-- This site is optimized with the Yoast SEO plugin v28.4 - https:\/\/yoast.com\/product\/yoast-seo-wordpress\/ -->\n<title>COOPERATION MAROC \u2013 ESPAGNE : Sa Majest\u00e9 le Roi Mohammed VI a \u00e9chang\u00e9 avec le Chef du Gouvernement espagnol \u00e0 Rabat -<\/title>\n<meta name=\"robots\" content=\"index, follow, max-snippet:-1, max-image-preview:large, max-video-preview:-1\" \/>\n<link rel=\"canonical\" href=\"https:\/\/macite.tg\/?p=12797\" \/>\n<meta property=\"og:locale\" content=\"fr_FR\" \/>\n<meta property=\"og:type\" content=\"article\" \/>\n<meta property=\"og:title\" content=\"COOPERATION MAROC \u2013 ESPAGNE : Sa Majest\u00e9 le Roi Mohammed VI a \u00e9chang\u00e9 avec le Chef du Gouvernement espagnol \u00e0 Rabat -\" \/>\n<meta property=\"og:description\" content=\"La coop\u00e9ration entre les Royaumes du Maroc et d\u2019Espagne se renforce et se dynamise un peu plus chaque jour. Le Pr\u00e9sident du Gouvernement espagnol, Pedro Sanchez, est en visite de travail \u00e0 Rabat, au Maroc. Hier 21 f\u00e9vrier 2024, Sa Majest\u00e9 le Roi Mohammed VI, [&hellip;]\" \/>\n<meta property=\"og:url\" content=\"https:\/\/macite.tg\/?p=12797\" \/>\n<meta property=\"article:published_time\" content=\"2024-02-22T15:12:46+00:00\" \/>\n<meta property=\"article:modified_time\" content=\"2024-02-22T15:12:50+00:00\" \/>\n<meta property=\"og:image\" content=\"https:\/\/macite.tg\/wp-content\/uploads\/2024\/02\/IMG-20240222-WA0096.jpg\" \/>\n\t<meta property=\"og:image:width\" content=\"612\" \/>\n\t<meta property=\"og:image:height\" content=\"306\" \/>\n\t<meta property=\"og:image:type\" content=\"image\/jpeg\" \/>\n<meta name=\"author\" content=\"Jean Pierre BAWELA\" \/>\n<meta name=\"twitter:card\" content=\"summary_large_image\" \/>\n<meta name=\"twitter:label1\" content=\"\u00c9crit par\" \/>\n\t<meta name=\"twitter:data1\" content=\"Jean Pierre BAWELA\" \/>\n\t<meta name=\"twitter:label2\" content=\"Dur\u00e9e de lecture estim\u00e9e\" \/>\n\t<meta name=\"twitter:data2\" content=\"3 minutes\" \/>\n<script type=\"application\/ld+json\" class=\"yoast-schema-graph\">{\"@context\":\"https:\\\/\\\/schema.org\",\"@graph\":[{\"@type\":\"Article\",\"@id\":\"https:\\\/\\\/macite.tg\\\/?p=12797#article\",\"isPartOf\":{\"@id\":\"https:\\\/\\\/macite.tg\\\/?p=12797\"},\"author\":{\"name\":\"Jean Pierre BAWELA\",\"@id\":\"https:\\\/\\\/macite.tg\\\/#\\\/schema\\\/person\\\/e9f2de7e5dbbe7770a9402c7ce82f5c2\"},\"headline\":\"COOPERATION MAROC \u2013 ESPAGNE : Sa Majest\u00e9 le Roi Mohammed VI a \u00e9chang\u00e9 avec le Chef du Gouvernement espagnol \u00e0 Rabat\",\"datePublished\":\"2024-02-22T15:12:46+00:00\",\"dateModified\":\"2024-02-22T15:12:50+00:00\",\"mainEntityOfPage\":{\"@id\":\"https:\\\/\\\/macite.tg\\\/?p=12797\"},\"wordCount\":624,\"commentCount\":0,\"image\":{\"@id\":\"https:\\\/\\\/macite.tg\\\/?p=12797#primaryimage\"},\"thumbnailUrl\":\"https:\\\/\\\/macite.tg\\\/wp-content\\\/uploads\\\/2024\\\/02\\\/IMG-20240222-WA0096.jpg\",\"articleSection\":[\"ACTUALITE\",\"COOPERATION\"],\"inLanguage\":\"fr-FR\",\"potentialAction\":[{\"@type\":\"CommentAction\",\"name\":\"Comment\",\"target\":[\"https:\\\/\\\/macite.tg\\\/?p=12797#respond\"]}]},{\"@type\":\"WebPage\",\"@id\":\"https:\\\/\\\/macite.tg\\\/?p=12797\",\"url\":\"https:\\\/\\\/macite.tg\\\/?p=12797\",\"name\":\"COOPERATION MAROC \u2013 ESPAGNE : Sa Majest\u00e9 le Roi Mohammed VI a \u00e9chang\u00e9 avec le Chef du Gouvernement espagnol \u00e0 Rabat -\",\"isPartOf\":{\"@id\":\"https:\\\/\\\/macite.tg\\\/#website\"},\"primaryImageOfPage\":{\"@id\":\"https:\\\/\\\/macite.tg\\\/?p=12797#primaryimage\"},\"image\":{\"@id\":\"https:\\\/\\\/macite.tg\\\/?p=12797#primaryimage\"},\"thumbnailUrl\":\"https:\\\/\\\/macite.tg\\\/wp-content\\\/uploads\\\/2024\\\/02\\\/IMG-20240222-WA0096.jpg\",\"datePublished\":\"2024-02-22T15:12:46+00:00\",\"dateModified\":\"2024-02-22T15:12:50+00:00\",\"author\":{\"@id\":\"https:\\\/\\\/macite.tg\\\/#\\\/schema\\\/person\\\/e9f2de7e5dbbe7770a9402c7ce82f5c2\"},\"breadcrumb\":{\"@id\":\"https:\\\/\\\/macite.tg\\\/?p=12797#breadcrumb\"},\"inLanguage\":\"fr-FR\",\"potentialAction\":[{\"@type\":\"ReadAction\",\"target\":[\"https:\\\/\\\/macite.tg\\\/?p=12797\"]}]},{\"@type\":\"ImageObject\",\"inLanguage\":\"fr-FR\",\"@id\":\"https:\\\/\\\/macite.tg\\\/?p=12797#primaryimage\",\"url\":\"https:\\\/\\\/macite.tg\\\/wp-content\\\/uploads\\\/2024\\\/02\\\/IMG-20240222-WA0096.jpg\",\"contentUrl\":\"https:\\\/\\\/macite.tg\\\/wp-content\\\/uploads\\\/2024\\\/02\\\/IMG-20240222-WA0096.jpg\",\"width\":612,\"height\":306},{\"@type\":\"BreadcrumbList\",\"@id\":\"https:\\\/\\\/macite.tg\\\/?p=12797#breadcrumb\",\"itemListElement\":[{\"@type\":\"ListItem\",\"position\":1,\"name\":\"Accueil\",\"item\":\"https:\\\/\\\/macite.tg\\\/\"},{\"@type\":\"ListItem\",\"position\":2,\"name\":\"COOPERATION MAROC \u2013 ESPAGNE : Sa Majest\u00e9 le Roi Mohammed VI a \u00e9chang\u00e9 avec le Chef du Gouvernement espagnol \u00e0 Rabat\"}]},{\"@type\":\"WebSite\",\"@id\":\"https:\\\/\\\/macite.tg\\\/#website\",\"url\":\"https:\\\/\\\/macite.tg\\\/\",\"name\":\"\",\"description\":\"L&#039;information, la bonne!!!\",\"potentialAction\":[{\"@type\":\"SearchAction\",\"target\":{\"@type\":\"EntryPoint\",\"urlTemplate\":\"https:\\\/\\\/macite.tg\\\/?s={search_term_string}\"},\"query-input\":{\"@type\":\"PropertyValueSpecification\",\"valueRequired\":true,\"valueName\":\"search_term_string\"}}],\"inLanguage\":\"fr-FR\"},{\"@type\":\"Person\",\"@id\":\"https:\\\/\\\/macite.tg\\\/#\\\/schema\\\/person\\\/e9f2de7e5dbbe7770a9402c7ce82f5c2\",\"name\":\"Jean Pierre BAWELA\",\"image\":{\"@type\":\"ImageObject\",\"inLanguage\":\"fr-FR\",\"@id\":\"https:\\\/\\\/macite.tg\\\/wp-content\\\/uploads\\\/2023\\\/09\\\/WhatsApp-Image-2023-09-19-at-14.44.41-122x122.jpeg\",\"url\":\"https:\\\/\\\/macite.tg\\\/wp-content\\\/uploads\\\/2023\\\/09\\\/WhatsApp-Image-2023-09-19-at-14.44.41-122x122.jpeg\",\"contentUrl\":\"https:\\\/\\\/macite.tg\\\/wp-content\\\/uploads\\\/2023\\\/09\\\/WhatsApp-Image-2023-09-19-at-14.44.41-122x122.jpeg\",\"caption\":\"Jean Pierre BAWELA\"},\"url\":\"https:\\\/\\\/macite.tg\\\/?author=2\"}]}<\/script>\n<!-- \/ Yoast SEO plugin. -->","yoast_head_json":{"title":"COOPERATION MAROC \u2013 ESPAGNE : Sa Majest\u00e9 le Roi Mohammed VI a \u00e9chang\u00e9 avec le Chef du Gouvernement espagnol \u00e0 Rabat -","robots":{"index":"index","follow":"follow","max-snippet":"max-snippet:-1","max-image-preview":"max-image-preview:large","max-video-preview":"max-video-preview:-1"},"canonical":"https:\/\/macite.tg\/?p=12797","og_locale":"fr_FR","og_type":"article","og_title":"COOPERATION MAROC \u2013 ESPAGNE : Sa Majest\u00e9 le Roi Mohammed VI a \u00e9chang\u00e9 avec le Chef du Gouvernement espagnol \u00e0 Rabat -","og_description":"La coop\u00e9ration entre les Royaumes du Maroc et d\u2019Espagne se renforce et se dynamise un peu plus chaque jour. Le Pr\u00e9sident du Gouvernement espagnol, Pedro Sanchez, est en visite de travail \u00e0 Rabat, au Maroc. Hier 21 f\u00e9vrier 2024, Sa Majest\u00e9 le Roi Mohammed VI, [&hellip;]","og_url":"https:\/\/macite.tg\/?p=12797","article_published_time":"2024-02-22T15:12:46+00:00","article_modified_time":"2024-02-22T15:12:50+00:00","og_image":[{"width":612,"height":306,"url":"https:\/\/macite.tg\/wp-content\/uploads\/2024\/02\/IMG-20240222-WA0096.jpg","type":"image\/jpeg"}],"author":"Jean Pierre BAWELA","twitter_card":"summary_large_image","twitter_misc":{"\u00c9crit par":"Jean Pierre BAWELA","Dur\u00e9e de lecture estim\u00e9e":"3 minutes"},"schema":{"@context":"https:\/\/schema.org","@graph":[{"@type":"Article","@id":"https:\/\/macite.tg\/?p=12797#article","isPartOf":{"@id":"https:\/\/macite.tg\/?p=12797"},"author":{"name":"Jean Pierre BAWELA","@id":"https:\/\/macite.tg\/#\/schema\/person\/e9f2de7e5dbbe7770a9402c7ce82f5c2"},"headline":"COOPERATION MAROC \u2013 ESPAGNE : Sa Majest\u00e9 le Roi Mohammed VI a \u00e9chang\u00e9 avec le Chef du Gouvernement espagnol \u00e0 Rabat","datePublished":"2024-02-22T15:12:46+00:00","dateModified":"2024-02-22T15:12:50+00:00","mainEntityOfPage":{"@id":"https:\/\/macite.tg\/?p=12797"},"wordCount":624,"commentCount":0,"image":{"@id":"https:\/\/macite.tg\/?p=12797#primaryimage"},"thumbnailUrl":"https:\/\/macite.tg\/wp-content\/uploads\/2024\/02\/IMG-20240222-WA0096.jpg","articleSection":["ACTUALITE","COOPERATION"],"inLanguage":"fr-FR","potentialAction":[{"@type":"CommentAction","name":"Comment","target":["https:\/\/macite.tg\/?p=12797#respond"]}]},{"@type":"WebPage","@id":"https:\/\/macite.tg\/?p=12797","url":"https:\/\/macite.tg\/?p=12797","name":"COOPERATION MAROC \u2013 ESPAGNE : Sa Majest\u00e9 le Roi Mohammed VI a \u00e9chang\u00e9 avec le Chef du Gouvernement espagnol \u00e0 Rabat -","isPartOf":{"@id":"https:\/\/macite.tg\/#website"},"primaryImageOfPage":{"@id":"https:\/\/macite.tg\/?p=12797#primaryimage"},"image":{"@id":"https:\/\/macite.tg\/?p=12797#primaryimage"},"thumbnailUrl":"https:\/\/macite.tg\/wp-content\/uploads\/2024\/02\/IMG-20240222-WA0096.jpg","datePublished":"2024-02-22T15:12:46+00:00","dateModified":"2024-02-22T15:12:50+00:00","author":{"@id":"https:\/\/macite.tg\/#\/schema\/person\/e9f2de7e5dbbe7770a9402c7ce82f5c2"},"breadcrumb":{"@id":"https:\/\/macite.tg\/?p=12797#breadcrumb"},"inLanguage":"fr-FR","potentialAction":[{"@type":"ReadAction","target":["https:\/\/macite.tg\/?p=12797"]}]},{"@type":"ImageObject","inLanguage":"fr-FR","@id":"https:\/\/macite.tg\/?p=12797#primaryimage","url":"https:\/\/macite.tg\/wp-content\/uploads\/2024\/02\/IMG-20240222-WA0096.jpg","contentUrl":"https:\/\/macite.tg\/wp-content\/uploads\/2024\/02\/IMG-20240222-WA0096.jpg","width":612,"height":306},{"@type":"BreadcrumbList","@id":"https:\/\/macite.tg\/?p=12797#breadcrumb","itemListElement":[{"@type":"ListItem","position":1,"name":"Accueil","item":"https:\/\/macite.tg\/"},{"@type":"ListItem","position":2,"name":"COOPERATION MAROC \u2013 ESPAGNE : Sa Majest\u00e9 le Roi Mohammed VI a \u00e9chang\u00e9 avec le Chef du Gouvernement espagnol \u00e0 Rabat"}]},{"@type":"WebSite","@id":"https:\/\/macite.tg\/#website","url":"https:\/\/macite.tg\/","name":"","description":"L&#039;information, la bonne!!!","potentialAction":[{"@type":"SearchAction","target":{"@type":"EntryPoint","urlTemplate":"https:\/\/macite.tg\/?s={search_term_string}"},"query-input":{"@type":"PropertyValueSpecification","valueRequired":true,"valueName":"search_term_string"}}],"inLanguage":"fr-FR"},{"@type":"Person","@id":"https:\/\/macite.tg\/#\/schema\/person\/e9f2de7e5dbbe7770a9402c7ce82f5c2","name":"Jean Pierre BAWELA","image":{"@type":"ImageObject","inLanguage":"fr-FR","@id":"https:\/\/macite.tg\/wp-content\/uploads\/2023\/09\/WhatsApp-Image-2023-09-19-at-14.44.41-122x122.jpeg","url":"https:\/\/macite.tg\/wp-content\/uploads\/2023\/09\/WhatsApp-Image-2023-09-19-at-14.44.41-122x122.jpeg","contentUrl":"https:\/\/macite.tg\/wp-content\/uploads\/2023\/09\/WhatsApp-Image-2023-09-19-at-14.44.41-122x122.jpeg","caption":"Jean Pierre BAWELA"},"url":"https:\/\/macite.tg\/?author=2"}]}},"_links":{"self":[{"href":"https:\/\/macite.tg\/index.php?rest_route=\/wp\/v2\/posts\/12797","targetHints":{"allow":["GET"]}}],"collection":[{"href":"https:\/\/macite.tg\/index.php?rest_route=\/wp\/v2\/posts"}],"about":[{"href":"https:\/\/macite.tg\/index.php?rest_route=\/wp\/v2\/types\/post"}],"author":[{"embeddable":true,"href":"https:\/\/macite.tg\/index.php?rest_route=\/wp\/v2\/users\/2"}],"replies":[{"embeddable":true,"href":"https:\/\/macite.tg\/index.php?rest_route=%2Fwp%2Fv2%2Fcomments&post=12797"}],"version-history":[{"count":0,"href":"https:\/\/macite.tg\/index.php?rest_route=\/wp\/v2\/posts\/12797\/revisions"}],"wp:featuredmedia":[{"embeddable":true,"href":"https:\/\/macite.tg\/index.php?rest_route=\/wp\/v2\/media\/12798"}],"wp:attachment":[{"href":"https:\/\/macite.tg\/index.php?rest_route=%2Fwp%2Fv2%2Fmedia&parent=12797"}],"wp:term":[{"taxonomy":"category","embeddable":true,"href":"https:\/\/macite.tg\/index.php?rest_route=%2Fwp%2Fv2%2Fcategories&post=12797"},{"taxonomy":"post_tag","embeddable":true,"href":"https:\/\/macite.tg\/index.php?rest_route=%2Fwp%2Fv2%2Ftags&post=12797"}],"curies":[{"name":"wp","href":"https:\/\/api.w.org\/{rel}","templated":true}]}}