{"id":12794,"date":"2024-02-22T12:57:41","date_gmt":"2024-02-22T12:57:41","guid":{"rendered":"https:\/\/macite.tg\/?p=12794"},"modified":"2024-02-22T12:57:43","modified_gmt":"2024-02-22T12:57:43","slug":"creation-dun-conseil-economique-social-et-culturel-de-lafrique-de-louest-ecosocc-ao-debut-de-la-concertation-entre-la-cedeao-et-les-osc-a-abuja","status":"publish","type":"post","link":"https:\/\/macite.tg\/?p=12794","title":{"rendered":"CREATION D\u2019UN CONSEIL ECONOMIQUE, SOCIAL ET CULTUREL DE L\u2019AFRIQUE DE L\u2019OUEST (ECOSOCC-AO)\u00a0: D\u00e9but de la concertation entre la Cedeao et les Osc \u00e0 Abuja"},"content":{"rendered":"\n<p class=\"wp-block-paragraph\"><strong><em>Une r\u00e9union consultative de la Cedeao avec les Organisations de la Soci\u00e9t\u00e9 Civile (Osc) s\u2019est ouverte ce matin \u00e0 Abuja en pr\u00e9sence de l\u2019Ambassadeur Abdel-Fatau Musah, Commissaire Affaires Politiques, Paix et S\u00e9curit\u00e9 de la Cedeao. L\u2019objet de cette r\u00e9union est de cr\u00e9er un Conseil \u00e9conomique, social et culturel de l\u2019Afrique de l\u2019Ouest (Ecosocc-Ao).<\/em><\/strong><\/p>\n\n\n\n<p class=\"wp-block-paragraph\">Il avait \u00e0 ses c\u00f4t\u00e9s pour la circonstance monsieur Toga Gayewa Mcintosh, ancien Vice-Pr\u00e9sident de la Commission de la Cedeao et personne ressource, Dr Sintiki Ugbe, Directrice des Affaires Humanitaires de la Cedeao, DrCyriaque Agnekethom, Directeur Maintien de la paix et de la s\u00e9curit\u00e9 r\u00e9gionale de la Cedeao et Mr Ebenezer Asiedu de la direction des affaires politiques de la Cedeao.<\/p>\n\n\n<div class=\"wp-block-image\">\n<figure class=\"aligncenter size-large is-resized\"><img loading=\"lazy\" decoding=\"async\" src=\"https:\/\/macite.tg\/wp-content\/uploads\/2024\/02\/IMG-20240220-WA0062-868x1024.jpg\" alt=\"\" class=\"wp-image-12721\" width=\"491\" height=\"578\" srcset=\"https:\/\/macite.tg\/wp-content\/uploads\/2024\/02\/IMG-20240220-WA0062-868x1024.jpg 868w, https:\/\/macite.tg\/wp-content\/uploads\/2024\/02\/IMG-20240220-WA0062-254x300.jpg 254w, https:\/\/macite.tg\/wp-content\/uploads\/2024\/02\/IMG-20240220-WA0062-768x906.jpg 768w, https:\/\/macite.tg\/wp-content\/uploads\/2024\/02\/IMG-20240220-WA0062-1302x1536.jpg 1302w, https:\/\/macite.tg\/wp-content\/uploads\/2024\/02\/IMG-20240220-WA0062.jpg 1356w\" sizes=\"auto, (max-width: 491px) 100vw, 491px\" \/><\/figure>\n<\/div>\n\n\n<p class=\"wp-block-paragraph\">Dans son allocution de circonstance, l&rsquo;Ambassadeur Abdel-Fatau Musah, Commissaire Affaires Politiques, Paix et S\u00e9curit\u00e9 de la Cedeao a fait l\u2019historique de la Cedeao et rappel\u00e9 que l\u2019institution r\u00e9gionale est \u00e0 un carrefour aujourd\u2019hui car beaucoup de choses s\u2019y passent.<\/p>\n\n\n\n<p class=\"wp-block-paragraph\">Selon l\u2019Ambassadeur Musah, avec le d\u00e9sir manifeste du Burkina, du Mali et du Niger de sortir de la Communaut\u00e9, il existe aujourd\u2019hui une menace existentielle \u00e0 l\u2019int\u00e9gration de la Cedeao. Il a soulign\u00e9 que la r\u00e9gion ouest africaine est la toute premi\u00e8re \u00e0 avoir d\u00e9clarer la libre circulation des personnes et des biens.<\/p>\n\n\n\n<p class=\"wp-block-paragraph\"><em>\u00ab\u00a0Le r\u00f4le de la Soci\u00e9t\u00e9 Civile est de cr\u00e9er un environnement favorable \u00e0 l\u2019expression des ressources, des valeurs, des capacit\u00e9s, des potentialit\u00e9s dont regorge la Cedeao\u00a0\u00bb<\/em>, a insist\u00e9 l\u2019Ambassadeur Abdel-Fatau Musah, Commissaire Affaires Politiques, Paix et S\u00e9curit\u00e9 de la Cedeao.<\/p>\n\n\n<div class=\"wp-block-image\">\n<figure class=\"aligncenter size-full\"><img loading=\"lazy\" decoding=\"async\" width=\"768\" height=\"319\" src=\"https:\/\/macite.tg\/wp-content\/uploads\/2024\/02\/ANNONCES-1-768x319-2.jpg\" alt=\"\" class=\"wp-image-12679\" srcset=\"https:\/\/macite.tg\/wp-content\/uploads\/2024\/02\/ANNONCES-1-768x319-2.jpg 768w, https:\/\/macite.tg\/wp-content\/uploads\/2024\/02\/ANNONCES-1-768x319-2-300x125.jpg 300w\" sizes=\"auto, (max-width: 768px) 100vw, 768px\" \/><\/figure>\n<\/div>\n\n\n<p class=\"wp-block-paragraph\">Pendant deux jours, les participants \u00e0 cette r\u00e9union vont construire des ponts solides pour la cr\u00e9ation d&rsquo;un Conseil des citoyens \u00e0 l&rsquo;\u00e9chelle r\u00e9gionale, en vue de promouvoir un syst\u00e8me de gouvernance plus inclusif et participatif, et surtout encourager une soci\u00e9t\u00e9 civile r\u00e9gionale r\u00e9active.<\/p>\n\n\n\n<p class=\"wp-block-paragraph\">Pr\u00e9cisons qu\u2019en mettant en place de l&rsquo;Ecosocc-Ao, les organisations de la soci\u00e9t\u00e9 civile ouest-africaine pourront consid\u00e9rablement contribuer et de fa\u00e7on directe aux politiques et initiatives r\u00e9gionales. Elles auront l\u2019avantage de porter leurs voix et bien \u00e9videmment de s\u2019assurer que les pr\u00e9occupations des citoyens de l\u2019espace Cedeao sur les questions br\u00fblantes, aux plans national, r\u00e9gional et mondial sont effectivement prises en compte.&nbsp;<\/p>\n\n\n\n<p class=\"wp-block-paragraph\">Pour rappel, la Conf\u00e9rence des Chefs d\u2019Etat de la Cedeao a d\u00e9cid\u00e9 de faire de l\u2019espace Cedeao&nbsp;<em>\u00ab&nbsp;une r\u00e9gion sans fronti\u00e8re, paisible, prosp\u00e8re et coh\u00e9rente, b\u00e2tie sur la bonne gouvernance, et o\u00f9 les populations ont la capacit\u00e9 d\u2019acc\u00e9der et d\u2019exploiter ses \u00e9normes ressources par la cr\u00e9ation d\u2019opportunit\u00e9s de d\u00e9veloppement durable et de pr\u00e9servation de l\u2019environnement&nbsp;\u00bb.<\/em><\/p>\n\n\n<div class=\"wp-block-image\">\n<figure class=\"aligncenter size-large is-resized\"><img loading=\"lazy\" decoding=\"async\" src=\"https:\/\/macite.tg\/wp-content\/uploads\/2024\/02\/GBps6MVW8AAmcgK-1-819x1024.jpg\" alt=\"\" class=\"wp-image-12599\" width=\"478\" height=\"598\" srcset=\"https:\/\/macite.tg\/wp-content\/uploads\/2024\/02\/GBps6MVW8AAmcgK-1-819x1024.jpg 819w, https:\/\/macite.tg\/wp-content\/uploads\/2024\/02\/GBps6MVW8AAmcgK-1-240x300.jpg 240w, https:\/\/macite.tg\/wp-content\/uploads\/2024\/02\/GBps6MVW8AAmcgK-1-768x960.jpg 768w, https:\/\/macite.tg\/wp-content\/uploads\/2024\/02\/GBps6MVW8AAmcgK-1.jpg 864w\" sizes=\"auto, (max-width: 478px) 100vw, 478px\" \/><\/figure>\n<\/div>\n\n\n<p class=\"wp-block-paragraph\">Cr\u00e9e le 28 mai 1975 \u00e0 Lagos (Nigeria), la Communaut\u00e9 \u00e9conomique des Etats de l\u2019Afrique de l\u2019Ouest (Cedeao) a comme objectif principal de promouvoir la coop\u00e9ration et le d\u00e9veloppement dans tous les domaines des activit\u00e9s \u00e9conomiques, sociales et culturelles des Etats membres.<\/p>\n\n\n\n<p class=\"wp-block-paragraph\"><strong>D\u2019Abuja, Cr\u00e9do TETTEH<\/strong><\/p>\n\n\n\n<p class=\"wp-block-paragraph\"><a><strong><em>@macite.tg&nbsp;&nbsp;&nbsp;&nbsp;&nbsp;&nbsp;&nbsp;&nbsp;<\/em><\/strong><\/a><\/p>\n\n\n\n<p class=\"wp-block-paragraph\"><strong><em>E-mail&nbsp;: <\/em><\/strong><a href=\"mailto:maciteinfo@gmail.com\"><strong><em>maciteinfo@gmail.com<\/em><\/strong><\/a><strong><em>; <\/em><\/strong><a href=\"mailto:bawela1@gmail.com\"><strong><em>bawela1@gmail.com<\/em><\/strong><\/a><strong><em><\/em><\/strong><\/p>\n\n\n\n<p class=\"wp-block-paragraph\"><strong><em>Pour vos annonces, (publi)reportages, etc., joignez-nous au (00228)91515309\/<strong>79872224 <\/strong>www.macite.tg, L\u2019information, la bonne&nbsp;!<\/em><\/strong><\/p>\n","protected":false},"excerpt":{"rendered":"<p class=\"text-justify mb-2\" >Une r\u00e9union consultative de la Cedeao avec les Organisations de la Soci\u00e9t\u00e9 Civile (Osc) s\u2019est ouverte ce matin \u00e0 Abuja en pr\u00e9sence de l\u2019Ambassadeur Abdel-Fatau Musah, Commissaire Affaires Politiques, Paix et S\u00e9curit\u00e9 de la Cedeao. L\u2019objet de cette r\u00e9union est de cr\u00e9er un Conseil \u00e9conomique, [&hellip;]<\/p>\n","protected":false},"author":2,"featured_media":12795,"comment_status":"open","ping_status":"open","sticky":false,"template":"","format":"standard","meta":{"footnotes":""},"categories":[20,6],"tags":[],"class_list":["post-12794","post","type-post","status-publish","format-standard","has-post-thumbnail","hentry","category-actualite","category-societe"],"yoast_head":"<!-- This site is optimized with the Yoast SEO plugin v28.4 - https:\/\/yoast.com\/product\/yoast-seo-wordpress\/ -->\n<title>CREATION D\u2019UN CONSEIL ECONOMIQUE, SOCIAL ET CULTUREL DE L\u2019AFRIQUE DE L\u2019OUEST (ECOSOCC-AO)\u00a0: D\u00e9but de la concertation entre la Cedeao et les Osc \u00e0 Abuja -<\/title>\n<meta name=\"robots\" content=\"index, follow, max-snippet:-1, max-image-preview:large, max-video-preview:-1\" \/>\n<link rel=\"canonical\" href=\"https:\/\/macite.tg\/?p=12794\" \/>\n<meta property=\"og:locale\" content=\"fr_FR\" \/>\n<meta property=\"og:type\" content=\"article\" \/>\n<meta property=\"og:title\" content=\"CREATION D\u2019UN CONSEIL ECONOMIQUE, SOCIAL ET CULTUREL DE L\u2019AFRIQUE DE L\u2019OUEST (ECOSOCC-AO)\u00a0: D\u00e9but de la concertation entre la Cedeao et les Osc \u00e0 Abuja -\" \/>\n<meta property=\"og:description\" content=\"Une r\u00e9union consultative de la Cedeao avec les Organisations de la Soci\u00e9t\u00e9 Civile (Osc) s\u2019est ouverte ce matin \u00e0 Abuja en pr\u00e9sence de l\u2019Ambassadeur Abdel-Fatau Musah, Commissaire Affaires Politiques, Paix et S\u00e9curit\u00e9 de la Cedeao. L\u2019objet de cette r\u00e9union est de cr\u00e9er un Conseil \u00e9conomique, [&hellip;]\" \/>\n<meta property=\"og:url\" content=\"https:\/\/macite.tg\/?p=12794\" \/>\n<meta property=\"article:published_time\" content=\"2024-02-22T12:57:41+00:00\" \/>\n<meta property=\"article:modified_time\" content=\"2024-02-22T12:57:43+00:00\" \/>\n<meta property=\"og:image\" content=\"https:\/\/macite.tg\/wp-content\/uploads\/2024\/02\/Abuja-bon.jpg\" \/>\n\t<meta property=\"og:image:width\" content=\"572\" \/>\n\t<meta property=\"og:image:height\" content=\"191\" \/>\n\t<meta property=\"og:image:type\" content=\"image\/jpeg\" \/>\n<meta name=\"author\" content=\"Jean Pierre BAWELA\" \/>\n<meta name=\"twitter:card\" content=\"summary_large_image\" \/>\n<meta name=\"twitter:label1\" content=\"\u00c9crit par\" \/>\n\t<meta name=\"twitter:data1\" content=\"Jean Pierre BAWELA\" \/>\n\t<meta name=\"twitter:label2\" content=\"Dur\u00e9e de lecture estim\u00e9e\" \/>\n\t<meta name=\"twitter:data2\" content=\"3 minutes\" \/>\n<script type=\"application\/ld+json\" class=\"yoast-schema-graph\">{\"@context\":\"https:\\\/\\\/schema.org\",\"@graph\":[{\"@type\":\"Article\",\"@id\":\"https:\\\/\\\/macite.tg\\\/?p=12794#article\",\"isPartOf\":{\"@id\":\"https:\\\/\\\/macite.tg\\\/?p=12794\"},\"author\":{\"name\":\"Jean Pierre BAWELA\",\"@id\":\"https:\\\/\\\/macite.tg\\\/#\\\/schema\\\/person\\\/e9f2de7e5dbbe7770a9402c7ce82f5c2\"},\"headline\":\"CREATION D\u2019UN CONSEIL ECONOMIQUE, SOCIAL ET CULTUREL DE L\u2019AFRIQUE DE L\u2019OUEST (ECOSOCC-AO)\u00a0: D\u00e9but de la concertation entre la Cedeao et les Osc \u00e0 Abuja\",\"datePublished\":\"2024-02-22T12:57:41+00:00\",\"dateModified\":\"2024-02-22T12:57:43+00:00\",\"mainEntityOfPage\":{\"@id\":\"https:\\\/\\\/macite.tg\\\/?p=12794\"},\"wordCount\":591,\"commentCount\":0,\"image\":{\"@id\":\"https:\\\/\\\/macite.tg\\\/?p=12794#primaryimage\"},\"thumbnailUrl\":\"https:\\\/\\\/macite.tg\\\/wp-content\\\/uploads\\\/2024\\\/02\\\/Abuja-bon.jpg\",\"articleSection\":[\"ACTUALITE\",\"SOCIETE\"],\"inLanguage\":\"fr-FR\",\"potentialAction\":[{\"@type\":\"CommentAction\",\"name\":\"Comment\",\"target\":[\"https:\\\/\\\/macite.tg\\\/?p=12794#respond\"]}]},{\"@type\":\"WebPage\",\"@id\":\"https:\\\/\\\/macite.tg\\\/?p=12794\",\"url\":\"https:\\\/\\\/macite.tg\\\/?p=12794\",\"name\":\"CREATION D\u2019UN CONSEIL ECONOMIQUE, SOCIAL ET CULTUREL DE L\u2019AFRIQUE DE L\u2019OUEST (ECOSOCC-AO)\u00a0: D\u00e9but de la concertation entre la Cedeao et les Osc \u00e0 Abuja -\",\"isPartOf\":{\"@id\":\"https:\\\/\\\/macite.tg\\\/#website\"},\"primaryImageOfPage\":{\"@id\":\"https:\\\/\\\/macite.tg\\\/?p=12794#primaryimage\"},\"image\":{\"@id\":\"https:\\\/\\\/macite.tg\\\/?p=12794#primaryimage\"},\"thumbnailUrl\":\"https:\\\/\\\/macite.tg\\\/wp-content\\\/uploads\\\/2024\\\/02\\\/Abuja-bon.jpg\",\"datePublished\":\"2024-02-22T12:57:41+00:00\",\"dateModified\":\"2024-02-22T12:57:43+00:00\",\"author\":{\"@id\":\"https:\\\/\\\/macite.tg\\\/#\\\/schema\\\/person\\\/e9f2de7e5dbbe7770a9402c7ce82f5c2\"},\"breadcrumb\":{\"@id\":\"https:\\\/\\\/macite.tg\\\/?p=12794#breadcrumb\"},\"inLanguage\":\"fr-FR\",\"potentialAction\":[{\"@type\":\"ReadAction\",\"target\":[\"https:\\\/\\\/macite.tg\\\/?p=12794\"]}]},{\"@type\":\"ImageObject\",\"inLanguage\":\"fr-FR\",\"@id\":\"https:\\\/\\\/macite.tg\\\/?p=12794#primaryimage\",\"url\":\"https:\\\/\\\/macite.tg\\\/wp-content\\\/uploads\\\/2024\\\/02\\\/Abuja-bon.jpg\",\"contentUrl\":\"https:\\\/\\\/macite.tg\\\/wp-content\\\/uploads\\\/2024\\\/02\\\/Abuja-bon.jpg\",\"width\":572,\"height\":191},{\"@type\":\"BreadcrumbList\",\"@id\":\"https:\\\/\\\/macite.tg\\\/?p=12794#breadcrumb\",\"itemListElement\":[{\"@type\":\"ListItem\",\"position\":1,\"name\":\"Accueil\",\"item\":\"https:\\\/\\\/macite.tg\\\/\"},{\"@type\":\"ListItem\",\"position\":2,\"name\":\"CREATION D\u2019UN CONSEIL ECONOMIQUE, SOCIAL ET CULTUREL DE L\u2019AFRIQUE DE L\u2019OUEST (ECOSOCC-AO)\u00a0: D\u00e9but de la concertation entre la Cedeao et les Osc \u00e0 Abuja\"}]},{\"@type\":\"WebSite\",\"@id\":\"https:\\\/\\\/macite.tg\\\/#website\",\"url\":\"https:\\\/\\\/macite.tg\\\/\",\"name\":\"\",\"description\":\"L&#039;information, la bonne!!!\",\"potentialAction\":[{\"@type\":\"SearchAction\",\"target\":{\"@type\":\"EntryPoint\",\"urlTemplate\":\"https:\\\/\\\/macite.tg\\\/?s={search_term_string}\"},\"query-input\":{\"@type\":\"PropertyValueSpecification\",\"valueRequired\":true,\"valueName\":\"search_term_string\"}}],\"inLanguage\":\"fr-FR\"},{\"@type\":\"Person\",\"@id\":\"https:\\\/\\\/macite.tg\\\/#\\\/schema\\\/person\\\/e9f2de7e5dbbe7770a9402c7ce82f5c2\",\"name\":\"Jean Pierre BAWELA\",\"image\":{\"@type\":\"ImageObject\",\"inLanguage\":\"fr-FR\",\"@id\":\"https:\\\/\\\/macite.tg\\\/wp-content\\\/uploads\\\/2023\\\/09\\\/WhatsApp-Image-2023-09-19-at-14.44.41-122x122.jpeg\",\"url\":\"https:\\\/\\\/macite.tg\\\/wp-content\\\/uploads\\\/2023\\\/09\\\/WhatsApp-Image-2023-09-19-at-14.44.41-122x122.jpeg\",\"contentUrl\":\"https:\\\/\\\/macite.tg\\\/wp-content\\\/uploads\\\/2023\\\/09\\\/WhatsApp-Image-2023-09-19-at-14.44.41-122x122.jpeg\",\"caption\":\"Jean Pierre BAWELA\"},\"url\":\"https:\\\/\\\/macite.tg\\\/?author=2\"}]}<\/script>\n<!-- \/ Yoast SEO plugin. -->","yoast_head_json":{"title":"CREATION D\u2019UN CONSEIL ECONOMIQUE, SOCIAL ET CULTUREL DE L\u2019AFRIQUE DE L\u2019OUEST (ECOSOCC-AO)\u00a0: D\u00e9but de la concertation entre la Cedeao et les Osc \u00e0 Abuja -","robots":{"index":"index","follow":"follow","max-snippet":"max-snippet:-1","max-image-preview":"max-image-preview:large","max-video-preview":"max-video-preview:-1"},"canonical":"https:\/\/macite.tg\/?p=12794","og_locale":"fr_FR","og_type":"article","og_title":"CREATION D\u2019UN CONSEIL ECONOMIQUE, SOCIAL ET CULTUREL DE L\u2019AFRIQUE DE L\u2019OUEST (ECOSOCC-AO)\u00a0: D\u00e9but de la concertation entre la Cedeao et les Osc \u00e0 Abuja -","og_description":"Une r\u00e9union consultative de la Cedeao avec les Organisations de la Soci\u00e9t\u00e9 Civile (Osc) s\u2019est ouverte ce matin \u00e0 Abuja en pr\u00e9sence de l\u2019Ambassadeur Abdel-Fatau Musah, Commissaire Affaires Politiques, Paix et S\u00e9curit\u00e9 de la Cedeao. L\u2019objet de cette r\u00e9union est de cr\u00e9er un Conseil \u00e9conomique, [&hellip;]","og_url":"https:\/\/macite.tg\/?p=12794","article_published_time":"2024-02-22T12:57:41+00:00","article_modified_time":"2024-02-22T12:57:43+00:00","og_image":[{"width":572,"height":191,"url":"https:\/\/macite.tg\/wp-content\/uploads\/2024\/02\/Abuja-bon.jpg","type":"image\/jpeg"}],"author":"Jean Pierre BAWELA","twitter_card":"summary_large_image","twitter_misc":{"\u00c9crit par":"Jean Pierre BAWELA","Dur\u00e9e de lecture estim\u00e9e":"3 minutes"},"schema":{"@context":"https:\/\/schema.org","@graph":[{"@type":"Article","@id":"https:\/\/macite.tg\/?p=12794#article","isPartOf":{"@id":"https:\/\/macite.tg\/?p=12794"},"author":{"name":"Jean Pierre BAWELA","@id":"https:\/\/macite.tg\/#\/schema\/person\/e9f2de7e5dbbe7770a9402c7ce82f5c2"},"headline":"CREATION D\u2019UN CONSEIL ECONOMIQUE, SOCIAL ET CULTUREL DE L\u2019AFRIQUE DE L\u2019OUEST (ECOSOCC-AO)\u00a0: D\u00e9but de la concertation entre la Cedeao et les Osc \u00e0 Abuja","datePublished":"2024-02-22T12:57:41+00:00","dateModified":"2024-02-22T12:57:43+00:00","mainEntityOfPage":{"@id":"https:\/\/macite.tg\/?p=12794"},"wordCount":591,"commentCount":0,"image":{"@id":"https:\/\/macite.tg\/?p=12794#primaryimage"},"thumbnailUrl":"https:\/\/macite.tg\/wp-content\/uploads\/2024\/02\/Abuja-bon.jpg","articleSection":["ACTUALITE","SOCIETE"],"inLanguage":"fr-FR","potentialAction":[{"@type":"CommentAction","name":"Comment","target":["https:\/\/macite.tg\/?p=12794#respond"]}]},{"@type":"WebPage","@id":"https:\/\/macite.tg\/?p=12794","url":"https:\/\/macite.tg\/?p=12794","name":"CREATION D\u2019UN CONSEIL ECONOMIQUE, SOCIAL ET CULTUREL DE L\u2019AFRIQUE DE L\u2019OUEST (ECOSOCC-AO)\u00a0: D\u00e9but de la concertation entre la Cedeao et les Osc \u00e0 Abuja -","isPartOf":{"@id":"https:\/\/macite.tg\/#website"},"primaryImageOfPage":{"@id":"https:\/\/macite.tg\/?p=12794#primaryimage"},"image":{"@id":"https:\/\/macite.tg\/?p=12794#primaryimage"},"thumbnailUrl":"https:\/\/macite.tg\/wp-content\/uploads\/2024\/02\/Abuja-bon.jpg","datePublished":"2024-02-22T12:57:41+00:00","dateModified":"2024-02-22T12:57:43+00:00","author":{"@id":"https:\/\/macite.tg\/#\/schema\/person\/e9f2de7e5dbbe7770a9402c7ce82f5c2"},"breadcrumb":{"@id":"https:\/\/macite.tg\/?p=12794#breadcrumb"},"inLanguage":"fr-FR","potentialAction":[{"@type":"ReadAction","target":["https:\/\/macite.tg\/?p=12794"]}]},{"@type":"ImageObject","inLanguage":"fr-FR","@id":"https:\/\/macite.tg\/?p=12794#primaryimage","url":"https:\/\/macite.tg\/wp-content\/uploads\/2024\/02\/Abuja-bon.jpg","contentUrl":"https:\/\/macite.tg\/wp-content\/uploads\/2024\/02\/Abuja-bon.jpg","width":572,"height":191},{"@type":"BreadcrumbList","@id":"https:\/\/macite.tg\/?p=12794#breadcrumb","itemListElement":[{"@type":"ListItem","position":1,"name":"Accueil","item":"https:\/\/macite.tg\/"},{"@type":"ListItem","position":2,"name":"CREATION D\u2019UN CONSEIL ECONOMIQUE, SOCIAL ET CULTUREL DE L\u2019AFRIQUE DE L\u2019OUEST (ECOSOCC-AO)\u00a0: D\u00e9but de la concertation entre la Cedeao et les Osc \u00e0 Abuja"}]},{"@type":"WebSite","@id":"https:\/\/macite.tg\/#website","url":"https:\/\/macite.tg\/","name":"","description":"L&#039;information, la bonne!!!","potentialAction":[{"@type":"SearchAction","target":{"@type":"EntryPoint","urlTemplate":"https:\/\/macite.tg\/?s={search_term_string}"},"query-input":{"@type":"PropertyValueSpecification","valueRequired":true,"valueName":"search_term_string"}}],"inLanguage":"fr-FR"},{"@type":"Person","@id":"https:\/\/macite.tg\/#\/schema\/person\/e9f2de7e5dbbe7770a9402c7ce82f5c2","name":"Jean Pierre BAWELA","image":{"@type":"ImageObject","inLanguage":"fr-FR","@id":"https:\/\/macite.tg\/wp-content\/uploads\/2023\/09\/WhatsApp-Image-2023-09-19-at-14.44.41-122x122.jpeg","url":"https:\/\/macite.tg\/wp-content\/uploads\/2023\/09\/WhatsApp-Image-2023-09-19-at-14.44.41-122x122.jpeg","contentUrl":"https:\/\/macite.tg\/wp-content\/uploads\/2023\/09\/WhatsApp-Image-2023-09-19-at-14.44.41-122x122.jpeg","caption":"Jean Pierre BAWELA"},"url":"https:\/\/macite.tg\/?author=2"}]}},"_links":{"self":[{"href":"https:\/\/macite.tg\/index.php?rest_route=\/wp\/v2\/posts\/12794","targetHints":{"allow":["GET"]}}],"collection":[{"href":"https:\/\/macite.tg\/index.php?rest_route=\/wp\/v2\/posts"}],"about":[{"href":"https:\/\/macite.tg\/index.php?rest_route=\/wp\/v2\/types\/post"}],"author":[{"embeddable":true,"href":"https:\/\/macite.tg\/index.php?rest_route=\/wp\/v2\/users\/2"}],"replies":[{"embeddable":true,"href":"https:\/\/macite.tg\/index.php?rest_route=%2Fwp%2Fv2%2Fcomments&post=12794"}],"version-history":[{"count":0,"href":"https:\/\/macite.tg\/index.php?rest_route=\/wp\/v2\/posts\/12794\/revisions"}],"wp:featuredmedia":[{"embeddable":true,"href":"https:\/\/macite.tg\/index.php?rest_route=\/wp\/v2\/media\/12795"}],"wp:attachment":[{"href":"https:\/\/macite.tg\/index.php?rest_route=%2Fwp%2Fv2%2Fmedia&parent=12794"}],"wp:term":[{"taxonomy":"category","embeddable":true,"href":"https:\/\/macite.tg\/index.php?rest_route=%2Fwp%2Fv2%2Fcategories&post=12794"},{"taxonomy":"post_tag","embeddable":true,"href":"https:\/\/macite.tg\/index.php?rest_route=%2Fwp%2Fv2%2Ftags&post=12794"}],"curies":[{"name":"wp","href":"https:\/\/api.w.org\/{rel}","templated":true}]}}