{"id":12785,"date":"2024-02-22T12:10:21","date_gmt":"2024-02-22T12:10:21","guid":{"rendered":"https:\/\/macite.tg\/?p=12785"},"modified":"2024-02-22T12:10:23","modified_gmt":"2024-02-22T12:10:23","slug":"australie-un-eveque-accuse-de-viols-et-agressions-sexuelles-arrete","status":"publish","type":"post","link":"https:\/\/macite.tg\/?p=12785","title":{"rendered":"AUSTRALIE : Un \u00e9v\u00eaque accus\u00e9 de viols et agressions sexuelles, arr\u00eat\u00e9"},"content":{"rendered":"\n<p class=\"wp-block-paragraph\"><strong><em>Un \u00e9v\u00eaque australien, accus\u00e9 de viols et agressions sexuelles, a \u00e9t\u00e9 arr\u00eat\u00e9 hier mercredi par la police, apr\u00e8s une enqu\u00eate interne men\u00e9e par l\u2019\u00c9glise catholique.<\/em><\/strong><\/p>\n\n\n\n<p class=\"wp-block-paragraph\">L\u2019\u00e9v\u00eaque \u00e9m\u00e9rite Christopher Alan Saunders fait l\u2019objet de 14 chefs d\u2019accusation d\u2019agression ill\u00e9gale et ind\u00e9cente et de deux chefs d\u2019accusation de p\u00e9n\u00e9tration sexuelle sans consentement \u2013 un terme juridique pour viol, a indiqu\u00e9 la police.<\/p>\n\n\n<div class=\"wp-block-image\">\n<figure class=\"aligncenter size-large is-resized\"><img loading=\"lazy\" decoding=\"async\" src=\"https:\/\/macite.tg\/wp-content\/uploads\/2024\/02\/IMG-20240220-WA0062-868x1024.jpg\" alt=\"\" class=\"wp-image-12721\" width=\"537\" height=\"633\" srcset=\"https:\/\/macite.tg\/wp-content\/uploads\/2024\/02\/IMG-20240220-WA0062-868x1024.jpg 868w, https:\/\/macite.tg\/wp-content\/uploads\/2024\/02\/IMG-20240220-WA0062-254x300.jpg 254w, https:\/\/macite.tg\/wp-content\/uploads\/2024\/02\/IMG-20240220-WA0062-768x906.jpg 768w, https:\/\/macite.tg\/wp-content\/uploads\/2024\/02\/IMG-20240220-WA0062-1302x1536.jpg 1302w, https:\/\/macite.tg\/wp-content\/uploads\/2024\/02\/IMG-20240220-WA0062.jpg 1356w\" sizes=\"auto, (max-width: 537px) 100vw, 537px\" \/><\/figure>\n<\/div>\n\n\n<p class=\"wp-block-paragraph\">\u00c2g\u00e9 de 74 ans, le pr\u00e9lat qui doit compara\u00eetre devant un tribunal jeudi, a \u00e9galement \u00e9t\u00e9 inculp\u00e9 de trois chefs d\u2019accusation pour \u00ab<em>atteinte \u00e0 la pudeur d\u2019un enfant\u00bb <\/em>\u00e2g\u00e9 de 16 \u00e0 18 ans.<\/p>\n\n\n\n<p class=\"wp-block-paragraph\">L\u2019archev\u00eaque de Perth, Timothy Costelloe, pr\u00e9sident de la Conf\u00e9rence des \u00e9v\u00eaques catholiques d\u2019Australie, a qualifi\u00e9 ces accusations de \u00ab<em>profond\u00e9ment bouleversantes\u00bb.<\/em><\/p>\n\n\n\n<p class=\"wp-block-paragraph\">\u00ab<em>Il est juste et appropri\u00e9, et m\u00eame n\u00e9cessaire, que toutes ces accusations fassent l\u2019objet d\u2019une enqu\u00eate approfondie\u00bb,<\/em> a-t-il d\u00e9clar\u00e9 dans un communiqu\u00e9.<\/p>\n\n\n\n<p class=\"wp-block-paragraph\">Selon des documents judiciaires, les faits auraient \u00e9t\u00e9 commis entre 2008 et 2014. Pendant plus de 20 ans, le pr\u00e9lat a pr\u00e9sid\u00e9 le dioc\u00e8se de Broome, une vaste r\u00e9gion situ\u00e9e dans l\u2019\u00c9tat d\u2019Australie-Occidentale o\u00f9 vivent des dizaines de communaut\u00e9s aborig\u00e8nes isol\u00e9es. <\/p>\n\n\n<div class=\"wp-block-image\">\n<figure class=\"aligncenter size-full is-resized\"><img loading=\"lazy\" decoding=\"async\" src=\"https:\/\/macite.tg\/wp-content\/uploads\/2024\/02\/ANNONCES-1-768x319-2.jpg\" alt=\"\" class=\"wp-image-12679\" width=\"724\" height=\"301\" srcset=\"https:\/\/macite.tg\/wp-content\/uploads\/2024\/02\/ANNONCES-1-768x319-2.jpg 768w, https:\/\/macite.tg\/wp-content\/uploads\/2024\/02\/ANNONCES-1-768x319-2-300x125.jpg 300w\" sizes=\"auto, (max-width: 724px) 100vw, 724px\" \/><\/figure>\n<\/div>\n\n\n<p class=\"wp-block-paragraph\">Il a d\u00e9missionn\u00e9 de son poste d\u2019\u00e9v\u00eaque en 2020 apr\u00e8s que des m\u00e9dias locaux eurent \u00e9voqu\u00e9 les soup\u00e7ons d\u2019agressions sexuelles dont il faisait l\u2019objet. Il a cependant conserv\u00e9 le titre honorifique d\u2019<em>\u00ab \u00e9v\u00eaque \u00e9m\u00e9rite\u00bb.<\/em><\/p>\n\n\n\n<p class=\"wp-block-paragraph\"><strong>George Pell finalement blanchi et lib\u00e9r\u00e9<\/strong><\/p>\n\n\n\n<p class=\"wp-block-paragraph\">Une premi\u00e8re enqu\u00eate de police n\u2019avait pas permis de trouver des preuves suffisantes pour inculper le pr\u00e9lat qui a toujours ni\u00e9 les faits. Mais devant les rumeurs qui persistaient, le Vatican a ouvert sa propre enqu\u00eate en 2022, dans le cadre du texte Vous \u00eates la lumi\u00e8re du monde publi\u00e9 en 2019 par le pape Fran\u00e7ois.<\/p>\n\n\n\n<p class=\"wp-block-paragraph\">Il somme notamment tous les dioc\u00e8ses du monde de mettre en place un syst\u00e8me permettant au public de signaler des cas d\u2019agressions et d\u00e9taille le d\u00e9roulement des enqu\u00eates internes qui devront \u00eatre men\u00e9es localement puis transmises au Vatican pour un \u00e9ventuel proc\u00e8s. Les conclusions confidentielles de l\u2019enqu\u00eate men\u00e9es par l\u2019\u00c9glise ont ensuite \u00e9t\u00e9 communiqu\u00e9es \u00e0 la police qui a rouvert une enqu\u00eate.<\/p>\n\n\n<div class=\"wp-block-image\">\n<figure class=\"aligncenter size-full is-resized\"><img loading=\"lazy\" decoding=\"async\" src=\"https:\/\/macite.tg\/wp-content\/uploads\/2024\/02\/426709901_909930414475099_6338070050102141440_n.jpg\" alt=\"\" class=\"wp-image-12603\" width=\"463\" height=\"463\" srcset=\"https:\/\/macite.tg\/wp-content\/uploads\/2024\/02\/426709901_909930414475099_6338070050102141440_n.jpg 843w, https:\/\/macite.tg\/wp-content\/uploads\/2024\/02\/426709901_909930414475099_6338070050102141440_n-300x300.jpg 300w, https:\/\/macite.tg\/wp-content\/uploads\/2024\/02\/426709901_909930414475099_6338070050102141440_n-150x150.jpg 150w, https:\/\/macite.tg\/wp-content\/uploads\/2024\/02\/426709901_909930414475099_6338070050102141440_n-768x768.jpg 768w, https:\/\/macite.tg\/wp-content\/uploads\/2024\/02\/426709901_909930414475099_6338070050102141440_n-122x122.jpg 122w\" sizes=\"auto, (max-width: 463px) 100vw, 463px\" \/><\/figure>\n<\/div>\n\n\n<p class=\"wp-block-paragraph\">En 2019, le cardinal australien George Pell, un temps consid\u00e9r\u00e9 comme le troisi\u00e8me homme le plus influent du Vatican, avait \u00e9t\u00e9 condamn\u00e9 \u00e0 six ans de prison pour des agressions sexuelles sur deux enfants de ch\u0153ur dans les ann\u00e9es 1990. Le pr\u00e9lat avait finalement \u00e9t\u00e9 blanchi au b\u00e9n\u00e9fice du doute par la Haute Cour australienne et lib\u00e9r\u00e9 en 2020.<\/p>\n\n\n\n<p class=\"wp-block-paragraph\"><strong>Avec AFP<\/strong><\/p>\n\n\n\n<p class=\"wp-block-paragraph\"><strong><em>@macite.tg&nbsp;&nbsp;&nbsp;&nbsp;&nbsp;&nbsp;&nbsp;&nbsp;<\/em><\/strong><\/p>\n\n\n\n<p class=\"wp-block-paragraph\"><strong><em>E-mail&nbsp;: <\/em><\/strong><a href=\"mailto:maciteinfo@gmail.com\"><strong><em>maciteinfo@gmail.com<\/em><\/strong><\/a><strong><em>; <\/em><\/strong><a href=\"mailto:bawela1@gmail.com\"><strong><em>bawela1@gmail.com<\/em><\/strong><\/a><strong><em><\/em><\/strong><\/p>\n\n\n\n<p class=\"wp-block-paragraph\"><strong><em>Pour vos annonces, (publi)reportages, etc., joignez-nous au (00228)91515309\/<strong>79872224 <\/strong>www.macite.tg, L\u2019information, la bonne&nbsp;<\/em><\/strong><\/p>\n","protected":false},"excerpt":{"rendered":"<p class=\"text-justify mb-2\" >Un \u00e9v\u00eaque australien, accus\u00e9 de viols et agressions sexuelles, a \u00e9t\u00e9 arr\u00eat\u00e9 hier mercredi par la police, apr\u00e8s une enqu\u00eate interne men\u00e9e par l\u2019\u00c9glise catholique. L\u2019\u00e9v\u00eaque \u00e9m\u00e9rite Christopher Alan Saunders fait l\u2019objet de 14 chefs d\u2019accusation d\u2019agression ill\u00e9gale et ind\u00e9cente et de deux chefs d\u2019accusation [&hellip;]<\/p>\n","protected":false},"author":2,"featured_media":12788,"comment_status":"open","ping_status":"open","sticky":false,"template":"","format":"standard","meta":{"footnotes":""},"categories":[20,26],"tags":[],"class_list":["post-12785","post","type-post","status-publish","format-standard","has-post-thumbnail","hentry","category-actualite","category-justice"],"yoast_head":"<!-- This site is optimized with the Yoast SEO plugin v28.4 - https:\/\/yoast.com\/product\/yoast-seo-wordpress\/ -->\n<title>AUSTRALIE : Un \u00e9v\u00eaque accus\u00e9 de viols et agressions sexuelles, arr\u00eat\u00e9 -<\/title>\n<meta name=\"robots\" content=\"index, follow, max-snippet:-1, max-image-preview:large, max-video-preview:-1\" \/>\n<link rel=\"canonical\" href=\"https:\/\/macite.tg\/?p=12785\" \/>\n<meta property=\"og:locale\" content=\"fr_FR\" \/>\n<meta property=\"og:type\" content=\"article\" \/>\n<meta property=\"og:title\" content=\"AUSTRALIE : Un \u00e9v\u00eaque accus\u00e9 de viols et agressions sexuelles, arr\u00eat\u00e9 -\" \/>\n<meta property=\"og:description\" content=\"Un \u00e9v\u00eaque australien, accus\u00e9 de viols et agressions sexuelles, a \u00e9t\u00e9 arr\u00eat\u00e9 hier mercredi par la police, apr\u00e8s une enqu\u00eate interne men\u00e9e par l\u2019\u00c9glise catholique. L\u2019\u00e9v\u00eaque \u00e9m\u00e9rite Christopher Alan Saunders fait l\u2019objet de 14 chefs d\u2019accusation d\u2019agression ill\u00e9gale et ind\u00e9cente et de deux chefs d\u2019accusation [&hellip;]\" \/>\n<meta property=\"og:url\" content=\"https:\/\/macite.tg\/?p=12785\" \/>\n<meta property=\"article:published_time\" content=\"2024-02-22T12:10:21+00:00\" \/>\n<meta property=\"article:modified_time\" content=\"2024-02-22T12:10:23+00:00\" \/>\n<meta property=\"og:image\" content=\"https:\/\/macite.tg\/wp-content\/uploads\/2024\/02\/image-63.png\" \/>\n\t<meta property=\"og:image:width\" content=\"704\" \/>\n\t<meta property=\"og:image:height\" content=\"396\" \/>\n\t<meta property=\"og:image:type\" content=\"image\/png\" \/>\n<meta name=\"author\" content=\"Jean Pierre BAWELA\" \/>\n<meta name=\"twitter:card\" content=\"summary_large_image\" \/>\n<meta name=\"twitter:label1\" content=\"\u00c9crit par\" \/>\n\t<meta name=\"twitter:data1\" content=\"Jean Pierre BAWELA\" \/>\n\t<meta name=\"twitter:label2\" content=\"Dur\u00e9e de lecture estim\u00e9e\" \/>\n\t<meta name=\"twitter:data2\" content=\"2 minutes\" \/>\n<script type=\"application\/ld+json\" class=\"yoast-schema-graph\">{\"@context\":\"https:\\\/\\\/schema.org\",\"@graph\":[{\"@type\":\"Article\",\"@id\":\"https:\\\/\\\/macite.tg\\\/?p=12785#article\",\"isPartOf\":{\"@id\":\"https:\\\/\\\/macite.tg\\\/?p=12785\"},\"author\":{\"name\":\"Jean Pierre BAWELA\",\"@id\":\"https:\\\/\\\/macite.tg\\\/#\\\/schema\\\/person\\\/e9f2de7e5dbbe7770a9402c7ce82f5c2\"},\"headline\":\"AUSTRALIE : Un \u00e9v\u00eaque accus\u00e9 de viols et agressions sexuelles, arr\u00eat\u00e9\",\"datePublished\":\"2024-02-22T12:10:21+00:00\",\"dateModified\":\"2024-02-22T12:10:23+00:00\",\"mainEntityOfPage\":{\"@id\":\"https:\\\/\\\/macite.tg\\\/?p=12785\"},\"wordCount\":508,\"commentCount\":0,\"image\":{\"@id\":\"https:\\\/\\\/macite.tg\\\/?p=12785#primaryimage\"},\"thumbnailUrl\":\"https:\\\/\\\/macite.tg\\\/wp-content\\\/uploads\\\/2024\\\/02\\\/image-63.png\",\"articleSection\":[\"ACTUALITE\",\"JUSTICE\"],\"inLanguage\":\"fr-FR\",\"potentialAction\":[{\"@type\":\"CommentAction\",\"name\":\"Comment\",\"target\":[\"https:\\\/\\\/macite.tg\\\/?p=12785#respond\"]}]},{\"@type\":\"WebPage\",\"@id\":\"https:\\\/\\\/macite.tg\\\/?p=12785\",\"url\":\"https:\\\/\\\/macite.tg\\\/?p=12785\",\"name\":\"AUSTRALIE : Un \u00e9v\u00eaque accus\u00e9 de viols et agressions sexuelles, arr\u00eat\u00e9 -\",\"isPartOf\":{\"@id\":\"https:\\\/\\\/macite.tg\\\/#website\"},\"primaryImageOfPage\":{\"@id\":\"https:\\\/\\\/macite.tg\\\/?p=12785#primaryimage\"},\"image\":{\"@id\":\"https:\\\/\\\/macite.tg\\\/?p=12785#primaryimage\"},\"thumbnailUrl\":\"https:\\\/\\\/macite.tg\\\/wp-content\\\/uploads\\\/2024\\\/02\\\/image-63.png\",\"datePublished\":\"2024-02-22T12:10:21+00:00\",\"dateModified\":\"2024-02-22T12:10:23+00:00\",\"author\":{\"@id\":\"https:\\\/\\\/macite.tg\\\/#\\\/schema\\\/person\\\/e9f2de7e5dbbe7770a9402c7ce82f5c2\"},\"breadcrumb\":{\"@id\":\"https:\\\/\\\/macite.tg\\\/?p=12785#breadcrumb\"},\"inLanguage\":\"fr-FR\",\"potentialAction\":[{\"@type\":\"ReadAction\",\"target\":[\"https:\\\/\\\/macite.tg\\\/?p=12785\"]}]},{\"@type\":\"ImageObject\",\"inLanguage\":\"fr-FR\",\"@id\":\"https:\\\/\\\/macite.tg\\\/?p=12785#primaryimage\",\"url\":\"https:\\\/\\\/macite.tg\\\/wp-content\\\/uploads\\\/2024\\\/02\\\/image-63.png\",\"contentUrl\":\"https:\\\/\\\/macite.tg\\\/wp-content\\\/uploads\\\/2024\\\/02\\\/image-63.png\",\"width\":704,\"height\":396},{\"@type\":\"BreadcrumbList\",\"@id\":\"https:\\\/\\\/macite.tg\\\/?p=12785#breadcrumb\",\"itemListElement\":[{\"@type\":\"ListItem\",\"position\":1,\"name\":\"Accueil\",\"item\":\"https:\\\/\\\/macite.tg\\\/\"},{\"@type\":\"ListItem\",\"position\":2,\"name\":\"AUSTRALIE : Un \u00e9v\u00eaque accus\u00e9 de viols et agressions sexuelles, arr\u00eat\u00e9\"}]},{\"@type\":\"WebSite\",\"@id\":\"https:\\\/\\\/macite.tg\\\/#website\",\"url\":\"https:\\\/\\\/macite.tg\\\/\",\"name\":\"\",\"description\":\"L&#039;information, la bonne!!!\",\"potentialAction\":[{\"@type\":\"SearchAction\",\"target\":{\"@type\":\"EntryPoint\",\"urlTemplate\":\"https:\\\/\\\/macite.tg\\\/?s={search_term_string}\"},\"query-input\":{\"@type\":\"PropertyValueSpecification\",\"valueRequired\":true,\"valueName\":\"search_term_string\"}}],\"inLanguage\":\"fr-FR\"},{\"@type\":\"Person\",\"@id\":\"https:\\\/\\\/macite.tg\\\/#\\\/schema\\\/person\\\/e9f2de7e5dbbe7770a9402c7ce82f5c2\",\"name\":\"Jean Pierre BAWELA\",\"image\":{\"@type\":\"ImageObject\",\"inLanguage\":\"fr-FR\",\"@id\":\"https:\\\/\\\/macite.tg\\\/wp-content\\\/uploads\\\/2023\\\/09\\\/WhatsApp-Image-2023-09-19-at-14.44.41-122x122.jpeg\",\"url\":\"https:\\\/\\\/macite.tg\\\/wp-content\\\/uploads\\\/2023\\\/09\\\/WhatsApp-Image-2023-09-19-at-14.44.41-122x122.jpeg\",\"contentUrl\":\"https:\\\/\\\/macite.tg\\\/wp-content\\\/uploads\\\/2023\\\/09\\\/WhatsApp-Image-2023-09-19-at-14.44.41-122x122.jpeg\",\"caption\":\"Jean Pierre BAWELA\"},\"url\":\"https:\\\/\\\/macite.tg\\\/?author=2\"}]}<\/script>\n<!-- \/ Yoast SEO plugin. -->","yoast_head_json":{"title":"AUSTRALIE : Un \u00e9v\u00eaque accus\u00e9 de viols et agressions sexuelles, arr\u00eat\u00e9 -","robots":{"index":"index","follow":"follow","max-snippet":"max-snippet:-1","max-image-preview":"max-image-preview:large","max-video-preview":"max-video-preview:-1"},"canonical":"https:\/\/macite.tg\/?p=12785","og_locale":"fr_FR","og_type":"article","og_title":"AUSTRALIE : Un \u00e9v\u00eaque accus\u00e9 de viols et agressions sexuelles, arr\u00eat\u00e9 -","og_description":"Un \u00e9v\u00eaque australien, accus\u00e9 de viols et agressions sexuelles, a \u00e9t\u00e9 arr\u00eat\u00e9 hier mercredi par la police, apr\u00e8s une enqu\u00eate interne men\u00e9e par l\u2019\u00c9glise catholique. L\u2019\u00e9v\u00eaque \u00e9m\u00e9rite Christopher Alan Saunders fait l\u2019objet de 14 chefs d\u2019accusation d\u2019agression ill\u00e9gale et ind\u00e9cente et de deux chefs d\u2019accusation [&hellip;]","og_url":"https:\/\/macite.tg\/?p=12785","article_published_time":"2024-02-22T12:10:21+00:00","article_modified_time":"2024-02-22T12:10:23+00:00","og_image":[{"width":704,"height":396,"url":"https:\/\/macite.tg\/wp-content\/uploads\/2024\/02\/image-63.png","type":"image\/png"}],"author":"Jean Pierre BAWELA","twitter_card":"summary_large_image","twitter_misc":{"\u00c9crit par":"Jean Pierre BAWELA","Dur\u00e9e de lecture estim\u00e9e":"2 minutes"},"schema":{"@context":"https:\/\/schema.org","@graph":[{"@type":"Article","@id":"https:\/\/macite.tg\/?p=12785#article","isPartOf":{"@id":"https:\/\/macite.tg\/?p=12785"},"author":{"name":"Jean Pierre BAWELA","@id":"https:\/\/macite.tg\/#\/schema\/person\/e9f2de7e5dbbe7770a9402c7ce82f5c2"},"headline":"AUSTRALIE : Un \u00e9v\u00eaque accus\u00e9 de viols et agressions sexuelles, arr\u00eat\u00e9","datePublished":"2024-02-22T12:10:21+00:00","dateModified":"2024-02-22T12:10:23+00:00","mainEntityOfPage":{"@id":"https:\/\/macite.tg\/?p=12785"},"wordCount":508,"commentCount":0,"image":{"@id":"https:\/\/macite.tg\/?p=12785#primaryimage"},"thumbnailUrl":"https:\/\/macite.tg\/wp-content\/uploads\/2024\/02\/image-63.png","articleSection":["ACTUALITE","JUSTICE"],"inLanguage":"fr-FR","potentialAction":[{"@type":"CommentAction","name":"Comment","target":["https:\/\/macite.tg\/?p=12785#respond"]}]},{"@type":"WebPage","@id":"https:\/\/macite.tg\/?p=12785","url":"https:\/\/macite.tg\/?p=12785","name":"AUSTRALIE : Un \u00e9v\u00eaque accus\u00e9 de viols et agressions sexuelles, arr\u00eat\u00e9 -","isPartOf":{"@id":"https:\/\/macite.tg\/#website"},"primaryImageOfPage":{"@id":"https:\/\/macite.tg\/?p=12785#primaryimage"},"image":{"@id":"https:\/\/macite.tg\/?p=12785#primaryimage"},"thumbnailUrl":"https:\/\/macite.tg\/wp-content\/uploads\/2024\/02\/image-63.png","datePublished":"2024-02-22T12:10:21+00:00","dateModified":"2024-02-22T12:10:23+00:00","author":{"@id":"https:\/\/macite.tg\/#\/schema\/person\/e9f2de7e5dbbe7770a9402c7ce82f5c2"},"breadcrumb":{"@id":"https:\/\/macite.tg\/?p=12785#breadcrumb"},"inLanguage":"fr-FR","potentialAction":[{"@type":"ReadAction","target":["https:\/\/macite.tg\/?p=12785"]}]},{"@type":"ImageObject","inLanguage":"fr-FR","@id":"https:\/\/macite.tg\/?p=12785#primaryimage","url":"https:\/\/macite.tg\/wp-content\/uploads\/2024\/02\/image-63.png","contentUrl":"https:\/\/macite.tg\/wp-content\/uploads\/2024\/02\/image-63.png","width":704,"height":396},{"@type":"BreadcrumbList","@id":"https:\/\/macite.tg\/?p=12785#breadcrumb","itemListElement":[{"@type":"ListItem","position":1,"name":"Accueil","item":"https:\/\/macite.tg\/"},{"@type":"ListItem","position":2,"name":"AUSTRALIE : Un \u00e9v\u00eaque accus\u00e9 de viols et agressions sexuelles, arr\u00eat\u00e9"}]},{"@type":"WebSite","@id":"https:\/\/macite.tg\/#website","url":"https:\/\/macite.tg\/","name":"","description":"L&#039;information, la bonne!!!","potentialAction":[{"@type":"SearchAction","target":{"@type":"EntryPoint","urlTemplate":"https:\/\/macite.tg\/?s={search_term_string}"},"query-input":{"@type":"PropertyValueSpecification","valueRequired":true,"valueName":"search_term_string"}}],"inLanguage":"fr-FR"},{"@type":"Person","@id":"https:\/\/macite.tg\/#\/schema\/person\/e9f2de7e5dbbe7770a9402c7ce82f5c2","name":"Jean Pierre BAWELA","image":{"@type":"ImageObject","inLanguage":"fr-FR","@id":"https:\/\/macite.tg\/wp-content\/uploads\/2023\/09\/WhatsApp-Image-2023-09-19-at-14.44.41-122x122.jpeg","url":"https:\/\/macite.tg\/wp-content\/uploads\/2023\/09\/WhatsApp-Image-2023-09-19-at-14.44.41-122x122.jpeg","contentUrl":"https:\/\/macite.tg\/wp-content\/uploads\/2023\/09\/WhatsApp-Image-2023-09-19-at-14.44.41-122x122.jpeg","caption":"Jean Pierre BAWELA"},"url":"https:\/\/macite.tg\/?author=2"}]}},"_links":{"self":[{"href":"https:\/\/macite.tg\/index.php?rest_route=\/wp\/v2\/posts\/12785","targetHints":{"allow":["GET"]}}],"collection":[{"href":"https:\/\/macite.tg\/index.php?rest_route=\/wp\/v2\/posts"}],"about":[{"href":"https:\/\/macite.tg\/index.php?rest_route=\/wp\/v2\/types\/post"}],"author":[{"embeddable":true,"href":"https:\/\/macite.tg\/index.php?rest_route=\/wp\/v2\/users\/2"}],"replies":[{"embeddable":true,"href":"https:\/\/macite.tg\/index.php?rest_route=%2Fwp%2Fv2%2Fcomments&post=12785"}],"version-history":[{"count":0,"href":"https:\/\/macite.tg\/index.php?rest_route=\/wp\/v2\/posts\/12785\/revisions"}],"wp:featuredmedia":[{"embeddable":true,"href":"https:\/\/macite.tg\/index.php?rest_route=\/wp\/v2\/media\/12788"}],"wp:attachment":[{"href":"https:\/\/macite.tg\/index.php?rest_route=%2Fwp%2Fv2%2Fmedia&parent=12785"}],"wp:term":[{"taxonomy":"category","embeddable":true,"href":"https:\/\/macite.tg\/index.php?rest_route=%2Fwp%2Fv2%2Fcategories&post=12785"},{"taxonomy":"post_tag","embeddable":true,"href":"https:\/\/macite.tg\/index.php?rest_route=%2Fwp%2Fv2%2Ftags&post=12785"}],"curies":[{"name":"wp","href":"https:\/\/api.w.org\/{rel}","templated":true}]}}