{"id":12782,"date":"2024-02-22T11:17:10","date_gmt":"2024-02-22T11:17:10","guid":{"rendered":"https:\/\/macite.tg\/?p=12782"},"modified":"2024-02-22T11:17:12","modified_gmt":"2024-02-22T11:17:12","slug":"cote-divoire-la-seduisante-proposition-de-gianni-infantino","status":"publish","type":"post","link":"https:\/\/macite.tg\/?p=12782","title":{"rendered":"COTE D\u2019IVOIRE\u00a0: La s\u00e9duisante proposition de Gianni Infantino"},"content":{"rendered":"\n<p class=\"wp-block-paragraph\"><\/p>\n\n\n\n<p class=\"wp-block-paragraph\"><strong><em>Gianni Infantino, pr\u00e9sident de la F\u00e9d\u00e9ration internationale de football association (Fifa), a \u00e9t\u00e9 s\u00e9duit par l\u2019organisation de la Coupe d\u2019Afrique des Nations (Can) 2023 en C\u00f4te d\u2019Ivoire. \u00c0 en croire ses dires, le dirigeant suisse se souviendra pendant longtemps de la 34\u00e8me \u00e9dition de la CAN, remport\u00e9e par le pays h\u00f4te.<\/em><\/strong><\/p>\n\n\n\n<p class=\"wp-block-paragraph\"><em>\u00ab J\u2019ai \u00e9t\u00e9 en C\u00f4te d\u2019Ivoire pour assister \u00e0 la finale de la Can, c\u2019\u00e9tait vraiment incroyable, tout ce que mes yeux voyaient pour l\u2019organisation de cette Can, les infrastructures tr\u00e8s d\u00e9velopp\u00e9es de ce pays, l\u2019accueil tr\u00e8s chaleureux de ses habitants, les h\u00f4tels sont d\u2019une telle classe, que l\u2019on croirait que nous sommes \u00e0 Paris\u00a0\u00bb<\/em>, aurait-il lanc\u00e9 dans des d\u00e9clarations rapport\u00e9es par le site\u00a0<a href=\"https:\/\/livoirienexpress.com\/actualite\/sport\/la-coupe-du-monde-2038-en-cote-divoire-gianni-infantino-fait-une-proposition.html\/amp\" target=\"_blank\" rel=\"noreferrer noopener\"><em>livoirienexpress.com<\/em><\/a>.<\/p>\n\n\n<div class=\"wp-block-image\">\n<figure class=\"aligncenter size-large is-resized\"><img loading=\"lazy\" decoding=\"async\" src=\"https:\/\/macite.tg\/wp-content\/uploads\/2024\/02\/IMG-20240220-WA0062-868x1024.jpg\" alt=\"\" class=\"wp-image-12721\" width=\"476\" height=\"561\" srcset=\"https:\/\/macite.tg\/wp-content\/uploads\/2024\/02\/IMG-20240220-WA0062-868x1024.jpg 868w, https:\/\/macite.tg\/wp-content\/uploads\/2024\/02\/IMG-20240220-WA0062-254x300.jpg 254w, https:\/\/macite.tg\/wp-content\/uploads\/2024\/02\/IMG-20240220-WA0062-768x906.jpg 768w, https:\/\/macite.tg\/wp-content\/uploads\/2024\/02\/IMG-20240220-WA0062-1302x1536.jpg 1302w, https:\/\/macite.tg\/wp-content\/uploads\/2024\/02\/IMG-20240220-WA0062.jpg 1356w\" sizes=\"auto, (max-width: 476px) 100vw, 476px\" \/><\/figure>\n<\/div>\n\n\n<p class=\"wp-block-paragraph\">Le patron de l\u2019instance dirigeante du football mondial voit plus grand plus grand pour la nation, qu\u2019elle sollicite pour organiser le Mondial 2038.&nbsp;<em>\u00ab Selon nos analyses et interpr\u00e9tations, la C\u00f4te&nbsp;d\u2019Ivoire est pr\u00eate pour accueillir la Coupe du monde 2038 et nous mettons d\u00e9j\u00e0 tout en \u0153uvre pour leur confier cette t\u00e2che \u00bb<\/em>, aurait ajout\u00e9 Infantino.<\/p>\n\n\n<div class=\"wp-block-image\">\n<figure class=\"aligncenter size-large is-resized\"><img loading=\"lazy\" decoding=\"async\" src=\"https:\/\/macite.tg\/wp-content\/uploads\/2024\/02\/GBps6MVW8AAmcgK-1-819x1024.jpg\" alt=\"\" class=\"wp-image-12599\" width=\"524\" height=\"655\" srcset=\"https:\/\/macite.tg\/wp-content\/uploads\/2024\/02\/GBps6MVW8AAmcgK-1-819x1024.jpg 819w, https:\/\/macite.tg\/wp-content\/uploads\/2024\/02\/GBps6MVW8AAmcgK-1-240x300.jpg 240w, https:\/\/macite.tg\/wp-content\/uploads\/2024\/02\/GBps6MVW8AAmcgK-1-768x960.jpg 768w, https:\/\/macite.tg\/wp-content\/uploads\/2024\/02\/GBps6MVW8AAmcgK-1.jpg 864w\" sizes=\"auto, (max-width: 524px) 100vw, 524px\" \/><\/figure>\n<\/div>\n\n\n<p class=\"wp-block-paragraph\">Enfin, l\u2019ancien pr\u00e9sident de l\u2019Uefa a exprim\u00e9 sa gratitude envers la l\u00e9gende du football ivoirien, Didier Drogba. Ce dernier lui aurait permis de se sentir bien en C\u00f4te d\u2019Ivoire.<\/p>\n\n\n\n<p class=\"wp-block-paragraph\"><em>\u00a0\u00ab\u00a0Un grand merci \u00e0 la l\u00e9gende Didier Drogba d\u2019avoir rendu favorable mon s\u00e9jour dans le plus beau pays d\u2019Afrique ouest \u00bb<\/em>, aurait conclu Gianni Infantino.<\/p>\n\n\n\n<p class=\"wp-block-paragraph\"><strong>Source&nbsp;: Onzedafrik<\/strong><\/p>\n\n\n\n<p class=\"wp-block-paragraph\"><strong><em>@macite.tg&nbsp;&nbsp;&nbsp;&nbsp;&nbsp;&nbsp;&nbsp;&nbsp;<\/em><\/strong><\/p>\n\n\n\n<p class=\"wp-block-paragraph\"><strong><em>E-mail&nbsp;: <\/em><\/strong><a href=\"mailto:maciteinfo@gmail.com\"><strong><em>maciteinfo@gmail.com<\/em><\/strong><\/a><strong><em>; <\/em><\/strong><a href=\"mailto:bawela1@gmail.com\"><strong><em>bawela1@gmail.com<\/em><\/strong><\/a><strong><em><\/em><\/strong><\/p>\n\n\n\n<p class=\"wp-block-paragraph\"><strong><em>Pour vos annonces, (publi)reportages, etc., joignez-nous au (00228)91515309\/<strong>79872224 <\/strong>www.macite.tg, L\u2019information, la bonne&nbsp;!<\/em><\/strong><\/p>\n","protected":false},"excerpt":{"rendered":"<p class=\"text-justify mb-2\" >Gianni Infantino, pr\u00e9sident de la F\u00e9d\u00e9ration internationale de football association (Fifa), a \u00e9t\u00e9 s\u00e9duit par l\u2019organisation de la Coupe d\u2019Afrique des Nations (Can) 2023 en C\u00f4te d\u2019Ivoire. \u00c0 en croire ses dires, le dirigeant suisse se souviendra pendant longtemps de la 34\u00e8me \u00e9dition de la [&hellip;]<\/p>\n","protected":false},"author":2,"featured_media":12784,"comment_status":"open","ping_status":"open","sticky":false,"template":"","format":"standard","meta":{"footnotes":""},"categories":[20,7],"tags":[],"class_list":["post-12782","post","type-post","status-publish","format-standard","has-post-thumbnail","hentry","category-actualite","category-sports"],"yoast_head":"<!-- This site is optimized with the Yoast SEO plugin v28.4 - https:\/\/yoast.com\/product\/yoast-seo-wordpress\/ -->\n<title>COTE D\u2019IVOIRE\u00a0: La s\u00e9duisante proposition de Gianni Infantino -<\/title>\n<meta name=\"robots\" content=\"index, follow, max-snippet:-1, max-image-preview:large, max-video-preview:-1\" \/>\n<link rel=\"canonical\" href=\"https:\/\/macite.tg\/?p=12782\" \/>\n<meta property=\"og:locale\" content=\"fr_FR\" \/>\n<meta property=\"og:type\" content=\"article\" \/>\n<meta property=\"og:title\" content=\"COTE D\u2019IVOIRE\u00a0: La s\u00e9duisante proposition de Gianni Infantino -\" \/>\n<meta property=\"og:description\" content=\"Gianni Infantino, pr\u00e9sident de la F\u00e9d\u00e9ration internationale de football association (Fifa), a \u00e9t\u00e9 s\u00e9duit par l\u2019organisation de la Coupe d\u2019Afrique des Nations (Can) 2023 en C\u00f4te d\u2019Ivoire. \u00c0 en croire ses dires, le dirigeant suisse se souviendra pendant longtemps de la 34\u00e8me \u00e9dition de la [&hellip;]\" \/>\n<meta property=\"og:url\" content=\"https:\/\/macite.tg\/?p=12782\" \/>\n<meta property=\"article:published_time\" content=\"2024-02-22T11:17:10+00:00\" \/>\n<meta property=\"article:modified_time\" content=\"2024-02-22T11:17:12+00:00\" \/>\n<meta property=\"og:image\" content=\"https:\/\/macite.tg\/wp-content\/uploads\/2024\/02\/image-62.png\" \/>\n\t<meta property=\"og:image:width\" content=\"810\" \/>\n\t<meta property=\"og:image:height\" content=\"580\" \/>\n\t<meta property=\"og:image:type\" content=\"image\/png\" \/>\n<meta name=\"author\" content=\"Jean Pierre BAWELA\" \/>\n<meta name=\"twitter:card\" content=\"summary_large_image\" \/>\n<meta name=\"twitter:label1\" content=\"\u00c9crit par\" \/>\n\t<meta name=\"twitter:data1\" content=\"Jean Pierre BAWELA\" \/>\n\t<meta name=\"twitter:label2\" content=\"Dur\u00e9e de lecture estim\u00e9e\" \/>\n\t<meta name=\"twitter:data2\" content=\"1 minute\" \/>\n<script type=\"application\/ld+json\" class=\"yoast-schema-graph\">{\"@context\":\"https:\\\/\\\/schema.org\",\"@graph\":[{\"@type\":\"Article\",\"@id\":\"https:\\\/\\\/macite.tg\\\/?p=12782#article\",\"isPartOf\":{\"@id\":\"https:\\\/\\\/macite.tg\\\/?p=12782\"},\"author\":{\"name\":\"Jean Pierre BAWELA\",\"@id\":\"https:\\\/\\\/macite.tg\\\/#\\\/schema\\\/person\\\/e9f2de7e5dbbe7770a9402c7ce82f5c2\"},\"headline\":\"COTE D\u2019IVOIRE\u00a0: La s\u00e9duisante proposition de Gianni Infantino\",\"datePublished\":\"2024-02-22T11:17:10+00:00\",\"dateModified\":\"2024-02-22T11:17:12+00:00\",\"mainEntityOfPage\":{\"@id\":\"https:\\\/\\\/macite.tg\\\/?p=12782\"},\"wordCount\":309,\"commentCount\":0,\"image\":{\"@id\":\"https:\\\/\\\/macite.tg\\\/?p=12782#primaryimage\"},\"thumbnailUrl\":\"https:\\\/\\\/macite.tg\\\/wp-content\\\/uploads\\\/2024\\\/02\\\/image-62.png\",\"articleSection\":[\"ACTUALITE\",\"SPORTS\"],\"inLanguage\":\"fr-FR\",\"potentialAction\":[{\"@type\":\"CommentAction\",\"name\":\"Comment\",\"target\":[\"https:\\\/\\\/macite.tg\\\/?p=12782#respond\"]}]},{\"@type\":\"WebPage\",\"@id\":\"https:\\\/\\\/macite.tg\\\/?p=12782\",\"url\":\"https:\\\/\\\/macite.tg\\\/?p=12782\",\"name\":\"COTE D\u2019IVOIRE\u00a0: La s\u00e9duisante proposition de Gianni Infantino -\",\"isPartOf\":{\"@id\":\"https:\\\/\\\/macite.tg\\\/#website\"},\"primaryImageOfPage\":{\"@id\":\"https:\\\/\\\/macite.tg\\\/?p=12782#primaryimage\"},\"image\":{\"@id\":\"https:\\\/\\\/macite.tg\\\/?p=12782#primaryimage\"},\"thumbnailUrl\":\"https:\\\/\\\/macite.tg\\\/wp-content\\\/uploads\\\/2024\\\/02\\\/image-62.png\",\"datePublished\":\"2024-02-22T11:17:10+00:00\",\"dateModified\":\"2024-02-22T11:17:12+00:00\",\"author\":{\"@id\":\"https:\\\/\\\/macite.tg\\\/#\\\/schema\\\/person\\\/e9f2de7e5dbbe7770a9402c7ce82f5c2\"},\"breadcrumb\":{\"@id\":\"https:\\\/\\\/macite.tg\\\/?p=12782#breadcrumb\"},\"inLanguage\":\"fr-FR\",\"potentialAction\":[{\"@type\":\"ReadAction\",\"target\":[\"https:\\\/\\\/macite.tg\\\/?p=12782\"]}]},{\"@type\":\"ImageObject\",\"inLanguage\":\"fr-FR\",\"@id\":\"https:\\\/\\\/macite.tg\\\/?p=12782#primaryimage\",\"url\":\"https:\\\/\\\/macite.tg\\\/wp-content\\\/uploads\\\/2024\\\/02\\\/image-62.png\",\"contentUrl\":\"https:\\\/\\\/macite.tg\\\/wp-content\\\/uploads\\\/2024\\\/02\\\/image-62.png\",\"width\":810,\"height\":580},{\"@type\":\"BreadcrumbList\",\"@id\":\"https:\\\/\\\/macite.tg\\\/?p=12782#breadcrumb\",\"itemListElement\":[{\"@type\":\"ListItem\",\"position\":1,\"name\":\"Accueil\",\"item\":\"https:\\\/\\\/macite.tg\\\/\"},{\"@type\":\"ListItem\",\"position\":2,\"name\":\"COTE D\u2019IVOIRE\u00a0: La s\u00e9duisante proposition de Gianni Infantino\"}]},{\"@type\":\"WebSite\",\"@id\":\"https:\\\/\\\/macite.tg\\\/#website\",\"url\":\"https:\\\/\\\/macite.tg\\\/\",\"name\":\"\",\"description\":\"L&#039;information, la bonne!!!\",\"potentialAction\":[{\"@type\":\"SearchAction\",\"target\":{\"@type\":\"EntryPoint\",\"urlTemplate\":\"https:\\\/\\\/macite.tg\\\/?s={search_term_string}\"},\"query-input\":{\"@type\":\"PropertyValueSpecification\",\"valueRequired\":true,\"valueName\":\"search_term_string\"}}],\"inLanguage\":\"fr-FR\"},{\"@type\":\"Person\",\"@id\":\"https:\\\/\\\/macite.tg\\\/#\\\/schema\\\/person\\\/e9f2de7e5dbbe7770a9402c7ce82f5c2\",\"name\":\"Jean Pierre BAWELA\",\"image\":{\"@type\":\"ImageObject\",\"inLanguage\":\"fr-FR\",\"@id\":\"https:\\\/\\\/macite.tg\\\/wp-content\\\/uploads\\\/2023\\\/09\\\/WhatsApp-Image-2023-09-19-at-14.44.41-122x122.jpeg\",\"url\":\"https:\\\/\\\/macite.tg\\\/wp-content\\\/uploads\\\/2023\\\/09\\\/WhatsApp-Image-2023-09-19-at-14.44.41-122x122.jpeg\",\"contentUrl\":\"https:\\\/\\\/macite.tg\\\/wp-content\\\/uploads\\\/2023\\\/09\\\/WhatsApp-Image-2023-09-19-at-14.44.41-122x122.jpeg\",\"caption\":\"Jean Pierre BAWELA\"},\"url\":\"https:\\\/\\\/macite.tg\\\/?author=2\"}]}<\/script>\n<!-- \/ Yoast SEO plugin. -->","yoast_head_json":{"title":"COTE D\u2019IVOIRE\u00a0: La s\u00e9duisante proposition de Gianni Infantino -","robots":{"index":"index","follow":"follow","max-snippet":"max-snippet:-1","max-image-preview":"max-image-preview:large","max-video-preview":"max-video-preview:-1"},"canonical":"https:\/\/macite.tg\/?p=12782","og_locale":"fr_FR","og_type":"article","og_title":"COTE D\u2019IVOIRE\u00a0: La s\u00e9duisante proposition de Gianni Infantino -","og_description":"Gianni Infantino, pr\u00e9sident de la F\u00e9d\u00e9ration internationale de football association (Fifa), a \u00e9t\u00e9 s\u00e9duit par l\u2019organisation de la Coupe d\u2019Afrique des Nations (Can) 2023 en C\u00f4te d\u2019Ivoire. \u00c0 en croire ses dires, le dirigeant suisse se souviendra pendant longtemps de la 34\u00e8me \u00e9dition de la [&hellip;]","og_url":"https:\/\/macite.tg\/?p=12782","article_published_time":"2024-02-22T11:17:10+00:00","article_modified_time":"2024-02-22T11:17:12+00:00","og_image":[{"width":810,"height":580,"url":"https:\/\/macite.tg\/wp-content\/uploads\/2024\/02\/image-62.png","type":"image\/png"}],"author":"Jean Pierre BAWELA","twitter_card":"summary_large_image","twitter_misc":{"\u00c9crit par":"Jean Pierre BAWELA","Dur\u00e9e de lecture estim\u00e9e":"1 minute"},"schema":{"@context":"https:\/\/schema.org","@graph":[{"@type":"Article","@id":"https:\/\/macite.tg\/?p=12782#article","isPartOf":{"@id":"https:\/\/macite.tg\/?p=12782"},"author":{"name":"Jean Pierre BAWELA","@id":"https:\/\/macite.tg\/#\/schema\/person\/e9f2de7e5dbbe7770a9402c7ce82f5c2"},"headline":"COTE D\u2019IVOIRE\u00a0: La s\u00e9duisante proposition de Gianni Infantino","datePublished":"2024-02-22T11:17:10+00:00","dateModified":"2024-02-22T11:17:12+00:00","mainEntityOfPage":{"@id":"https:\/\/macite.tg\/?p=12782"},"wordCount":309,"commentCount":0,"image":{"@id":"https:\/\/macite.tg\/?p=12782#primaryimage"},"thumbnailUrl":"https:\/\/macite.tg\/wp-content\/uploads\/2024\/02\/image-62.png","articleSection":["ACTUALITE","SPORTS"],"inLanguage":"fr-FR","potentialAction":[{"@type":"CommentAction","name":"Comment","target":["https:\/\/macite.tg\/?p=12782#respond"]}]},{"@type":"WebPage","@id":"https:\/\/macite.tg\/?p=12782","url":"https:\/\/macite.tg\/?p=12782","name":"COTE D\u2019IVOIRE\u00a0: La s\u00e9duisante proposition de Gianni Infantino -","isPartOf":{"@id":"https:\/\/macite.tg\/#website"},"primaryImageOfPage":{"@id":"https:\/\/macite.tg\/?p=12782#primaryimage"},"image":{"@id":"https:\/\/macite.tg\/?p=12782#primaryimage"},"thumbnailUrl":"https:\/\/macite.tg\/wp-content\/uploads\/2024\/02\/image-62.png","datePublished":"2024-02-22T11:17:10+00:00","dateModified":"2024-02-22T11:17:12+00:00","author":{"@id":"https:\/\/macite.tg\/#\/schema\/person\/e9f2de7e5dbbe7770a9402c7ce82f5c2"},"breadcrumb":{"@id":"https:\/\/macite.tg\/?p=12782#breadcrumb"},"inLanguage":"fr-FR","potentialAction":[{"@type":"ReadAction","target":["https:\/\/macite.tg\/?p=12782"]}]},{"@type":"ImageObject","inLanguage":"fr-FR","@id":"https:\/\/macite.tg\/?p=12782#primaryimage","url":"https:\/\/macite.tg\/wp-content\/uploads\/2024\/02\/image-62.png","contentUrl":"https:\/\/macite.tg\/wp-content\/uploads\/2024\/02\/image-62.png","width":810,"height":580},{"@type":"BreadcrumbList","@id":"https:\/\/macite.tg\/?p=12782#breadcrumb","itemListElement":[{"@type":"ListItem","position":1,"name":"Accueil","item":"https:\/\/macite.tg\/"},{"@type":"ListItem","position":2,"name":"COTE D\u2019IVOIRE\u00a0: La s\u00e9duisante proposition de Gianni Infantino"}]},{"@type":"WebSite","@id":"https:\/\/macite.tg\/#website","url":"https:\/\/macite.tg\/","name":"","description":"L&#039;information, la bonne!!!","potentialAction":[{"@type":"SearchAction","target":{"@type":"EntryPoint","urlTemplate":"https:\/\/macite.tg\/?s={search_term_string}"},"query-input":{"@type":"PropertyValueSpecification","valueRequired":true,"valueName":"search_term_string"}}],"inLanguage":"fr-FR"},{"@type":"Person","@id":"https:\/\/macite.tg\/#\/schema\/person\/e9f2de7e5dbbe7770a9402c7ce82f5c2","name":"Jean Pierre BAWELA","image":{"@type":"ImageObject","inLanguage":"fr-FR","@id":"https:\/\/macite.tg\/wp-content\/uploads\/2023\/09\/WhatsApp-Image-2023-09-19-at-14.44.41-122x122.jpeg","url":"https:\/\/macite.tg\/wp-content\/uploads\/2023\/09\/WhatsApp-Image-2023-09-19-at-14.44.41-122x122.jpeg","contentUrl":"https:\/\/macite.tg\/wp-content\/uploads\/2023\/09\/WhatsApp-Image-2023-09-19-at-14.44.41-122x122.jpeg","caption":"Jean Pierre BAWELA"},"url":"https:\/\/macite.tg\/?author=2"}]}},"_links":{"self":[{"href":"https:\/\/macite.tg\/index.php?rest_route=\/wp\/v2\/posts\/12782","targetHints":{"allow":["GET"]}}],"collection":[{"href":"https:\/\/macite.tg\/index.php?rest_route=\/wp\/v2\/posts"}],"about":[{"href":"https:\/\/macite.tg\/index.php?rest_route=\/wp\/v2\/types\/post"}],"author":[{"embeddable":true,"href":"https:\/\/macite.tg\/index.php?rest_route=\/wp\/v2\/users\/2"}],"replies":[{"embeddable":true,"href":"https:\/\/macite.tg\/index.php?rest_route=%2Fwp%2Fv2%2Fcomments&post=12782"}],"version-history":[{"count":0,"href":"https:\/\/macite.tg\/index.php?rest_route=\/wp\/v2\/posts\/12782\/revisions"}],"wp:featuredmedia":[{"embeddable":true,"href":"https:\/\/macite.tg\/index.php?rest_route=\/wp\/v2\/media\/12784"}],"wp:attachment":[{"href":"https:\/\/macite.tg\/index.php?rest_route=%2Fwp%2Fv2%2Fmedia&parent=12782"}],"wp:term":[{"taxonomy":"category","embeddable":true,"href":"https:\/\/macite.tg\/index.php?rest_route=%2Fwp%2Fv2%2Fcategories&post=12782"},{"taxonomy":"post_tag","embeddable":true,"href":"https:\/\/macite.tg\/index.php?rest_route=%2Fwp%2Fv2%2Ftags&post=12782"}],"curies":[{"name":"wp","href":"https:\/\/api.w.org\/{rel}","templated":true}]}}