{"id":12779,"date":"2024-02-22T10:51:38","date_gmt":"2024-02-22T10:51:38","guid":{"rendered":"https:\/\/macite.tg\/?p=12779"},"modified":"2024-02-22T11:04:09","modified_gmt":"2024-02-22T11:04:09","slug":"securite-alimentaire-durable-au-sein-de-luemoa-des-experts-planchent-a-lome-sur-lactualisation-de-la-politique-agricoles","status":"publish","type":"post","link":"https:\/\/macite.tg\/?p=12779","title":{"rendered":"SECURITE ALIMENTAIRE DURABLE AU SEIN DE L\u2019UEMOA\u00a0: Des experts planchent \u00e0 Lom\u00e9 sur l\u2019actualisation de la politique agricole"},"content":{"rendered":"\n<p class=\"wp-block-paragraph\"><strong><em>Depuis le mardi 20 f\u00e9vrier dernier, les experts agricoles des pays membres de l\u2019Union \u00e9conomique et mon\u00e9taire ouest-africaine (Uemoa) sont en concertation dans la capitale togolaise, afin d\u2019\u00e9valuer la mise \u00e0 jour de la politique agricole dans l\u2019espace communautaire.<\/em><\/strong><\/p>\n\n\n\n<p class=\"wp-block-paragraph\">Du 20 u 23 f\u00e9vrier 2024, des experts agricoles des pays membres de l\u2019Uemoa ont en atelier r\u00e9gionale \u00e0 Lom\u00e9, au Togo. Cette rencontre consacr\u00e9e \u00e0 l\u2019actualisation de la politique agricole au sein de l\u2019espace communautaire, se veut, au finish, de l\u2019adapter aux d\u00e9fis actuels, avec pour ambition de garantir d\u2019une mani\u00e8re durable la s\u00e9curit\u00e9 alimentaire.<\/p>\n\n\n<div class=\"wp-block-image\">\n<figure class=\"aligncenter size-large is-resized\"><img loading=\"lazy\" decoding=\"async\" src=\"https:\/\/macite.tg\/wp-content\/uploads\/2024\/02\/IMG-20240220-WA0062-868x1024.jpg\" alt=\"\" class=\"wp-image-12721\" width=\"519\" height=\"611\" srcset=\"https:\/\/macite.tg\/wp-content\/uploads\/2024\/02\/IMG-20240220-WA0062-868x1024.jpg 868w, https:\/\/macite.tg\/wp-content\/uploads\/2024\/02\/IMG-20240220-WA0062-254x300.jpg 254w, https:\/\/macite.tg\/wp-content\/uploads\/2024\/02\/IMG-20240220-WA0062-768x906.jpg 768w, https:\/\/macite.tg\/wp-content\/uploads\/2024\/02\/IMG-20240220-WA0062-1302x1536.jpg 1302w, https:\/\/macite.tg\/wp-content\/uploads\/2024\/02\/IMG-20240220-WA0062.jpg 1356w\" sizes=\"auto, (max-width: 519px) 100vw, 519px\" \/><\/figure>\n<\/div>\n\n\n<p class=\"wp-block-paragraph\">Pour le Commissaire de l\u2019Uemoa en charge du d\u00e9partement de l\u2019Agriculture, des ressources en eau et de l\u2019environnement, le Togolais Kako Nubukpo, il est question de de s\u2019unir et penser \u00e0 une action commune pour s\u2019assurer des \u00ab&nbsp;performances et des impacts de la politique agricole commune&nbsp;\u00bb.<\/p>\n\n\n\n<p class=\"wp-block-paragraph\">Ainsi, cette politique commune adopt\u00e9e en 2001, m\u00e9rite relecture afin <em>\u00ab d\u2019aboutir \u00e0 l\u2019adoption d\u2019une nouvelle politique agricole, on a trouv\u00e9 indispensable de se r\u00e9unir \u00e0 Lom\u00e9 pour mettre en place, d\u00e8s \u00e0 pr\u00e9sent, le cadre de suivi-\u00e9valuation des performances et des impacts de la politique agricole commune&nbsp;<\/em>\u00bb, a indiqu\u00e9 le Togolais.<\/p>\n\n\n\n<p class=\"wp-block-paragraph\">Aux termes des travaux demains, les participants vont adopter une feuille de route 2024-2026, pour un meilleur suivi des politiques agricoles au niveau r\u00e9gional et des Etats.<\/p>\n\n\n<div class=\"wp-block-image\">\n<figure class=\"aligncenter size-full is-resized\"><img loading=\"lazy\" decoding=\"async\" src=\"https:\/\/macite.tg\/wp-content\/uploads\/2024\/02\/426709901_909930414475099_6338070050102141440_n.jpg\" alt=\"\" class=\"wp-image-12603\" width=\"513\" height=\"513\" srcset=\"https:\/\/macite.tg\/wp-content\/uploads\/2024\/02\/426709901_909930414475099_6338070050102141440_n.jpg 843w, https:\/\/macite.tg\/wp-content\/uploads\/2024\/02\/426709901_909930414475099_6338070050102141440_n-300x300.jpg 300w, https:\/\/macite.tg\/wp-content\/uploads\/2024\/02\/426709901_909930414475099_6338070050102141440_n-150x150.jpg 150w, https:\/\/macite.tg\/wp-content\/uploads\/2024\/02\/426709901_909930414475099_6338070050102141440_n-768x768.jpg 768w, https:\/\/macite.tg\/wp-content\/uploads\/2024\/02\/426709901_909930414475099_6338070050102141440_n-122x122.jpg 122w\" sizes=\"auto, (max-width: 513px) 100vw, 513px\" \/><\/figure>\n<\/div>\n\n\n<p class=\"wp-block-paragraph\">Notons qu\u2019au Togo, les autorit\u00e9s ambitionnent de parvenir \u00e0 une souverainet\u00e9 alimentaire. Et cette nouvelle dynamique impuls\u00e9e au sein de l\u2019Union devra permettre<em>,<\/em> selon le directeur de cabinet du minist\u00e8re de l\u2019agriculture, Kombat\u00e9 Dindiogue Kolani,<em> \u00ab&nbsp;de mieux capter les effets et les impacts de la mise en \u0153uvre de ladite politique sur le quotidien des populations des pays membres<\/em>&nbsp;\u00bb.<\/p>\n\n\n\n<p class=\"wp-block-paragraph\"><strong>JPB<\/strong><\/p>\n\n\n\n<p class=\"wp-block-paragraph\"><a><strong><em>@macite.tg&nbsp;&nbsp;&nbsp;&nbsp;&nbsp;&nbsp;&nbsp;&nbsp;<\/em><\/strong><\/a><\/p>\n\n\n\n<p class=\"wp-block-paragraph\"><strong><em>E-mail&nbsp;: <\/em><\/strong><a href=\"mailto:maciteinfo@gmail.com\"><strong><em>maciteinfo@gmail.com<\/em><\/strong><\/a><strong><em>; <\/em><\/strong><a href=\"mailto:bawela1@gmail.com\"><strong><em>bawela1@gmail.com<\/em><\/strong><\/a><strong><em><\/em><\/strong><\/p>\n\n\n\n<p class=\"wp-block-paragraph\"><strong><em>Pour vos annonces, (publi)reportages, etc., joignez-nous au (00228)91515309\/<strong>79872224 <\/strong>www.macite.tg, L\u2019information, la bonne&nbsp;!<\/em><\/strong><\/p>\n","protected":false},"excerpt":{"rendered":"<p class=\"text-justify mb-2\" >Depuis le mardi 20 f\u00e9vrier dernier, les experts agricoles des pays membres de l\u2019Union \u00e9conomique et mon\u00e9taire ouest-africaine (Uemoa) sont en concertation dans la capitale togolaise, afin d\u2019\u00e9valuer la mise \u00e0 jour de la politique agricole dans l\u2019espace communautaire. Du 20 u 23 f\u00e9vrier 2024, [&hellip;]<\/p>\n","protected":false},"author":2,"featured_media":12780,"comment_status":"open","ping_status":"open","sticky":false,"template":"","format":"standard","meta":{"footnotes":""},"categories":[20,22],"tags":[],"class_list":["post-12779","post","type-post","status-publish","format-standard","has-post-thumbnail","hentry","category-actualite","category-agriculture"],"yoast_head":"<!-- This site is optimized with the Yoast SEO plugin v28.4 - https:\/\/yoast.com\/product\/yoast-seo-wordpress\/ -->\n<title>SECURITE ALIMENTAIRE DURABLE AU SEIN DE L\u2019UEMOA\u00a0: Des experts planchent \u00e0 Lom\u00e9 sur l\u2019actualisation de la politique agricole -<\/title>\n<meta name=\"robots\" content=\"index, follow, max-snippet:-1, max-image-preview:large, max-video-preview:-1\" \/>\n<link rel=\"canonical\" href=\"https:\/\/macite.tg\/?p=12779\" \/>\n<meta property=\"og:locale\" content=\"fr_FR\" \/>\n<meta property=\"og:type\" content=\"article\" \/>\n<meta property=\"og:title\" content=\"SECURITE ALIMENTAIRE DURABLE AU SEIN DE L\u2019UEMOA\u00a0: Des experts planchent \u00e0 Lom\u00e9 sur l\u2019actualisation de la politique agricole -\" \/>\n<meta property=\"og:description\" content=\"Depuis le mardi 20 f\u00e9vrier dernier, les experts agricoles des pays membres de l\u2019Union \u00e9conomique et mon\u00e9taire ouest-africaine (Uemoa) sont en concertation dans la capitale togolaise, afin d\u2019\u00e9valuer la mise \u00e0 jour de la politique agricole dans l\u2019espace communautaire. Du 20 u 23 f\u00e9vrier 2024, [&hellip;]\" \/>\n<meta property=\"og:url\" content=\"https:\/\/macite.tg\/?p=12779\" \/>\n<meta property=\"article:published_time\" content=\"2024-02-22T10:51:38+00:00\" \/>\n<meta property=\"article:modified_time\" content=\"2024-02-22T11:04:09+00:00\" \/>\n<meta property=\"og:image\" content=\"https:\/\/macite.tg\/wp-content\/uploads\/2024\/02\/c6e6fc0eb780a2900dcd9bf234e7798f_L.jpg\" \/>\n\t<meta property=\"og:image:width\" content=\"500\" \/>\n\t<meta property=\"og:image:height\" content=\"284\" \/>\n\t<meta property=\"og:image:type\" content=\"image\/jpeg\" \/>\n<meta name=\"author\" content=\"Jean Pierre BAWELA\" \/>\n<meta name=\"twitter:card\" content=\"summary_large_image\" \/>\n<meta name=\"twitter:label1\" content=\"\u00c9crit par\" \/>\n\t<meta name=\"twitter:data1\" content=\"Jean Pierre BAWELA\" \/>\n\t<meta name=\"twitter:label2\" content=\"Dur\u00e9e de lecture estim\u00e9e\" \/>\n\t<meta name=\"twitter:data2\" content=\"2 minutes\" \/>\n<script type=\"application\/ld+json\" class=\"yoast-schema-graph\">{\"@context\":\"https:\\\/\\\/schema.org\",\"@graph\":[{\"@type\":\"Article\",\"@id\":\"https:\\\/\\\/macite.tg\\\/?p=12779#article\",\"isPartOf\":{\"@id\":\"https:\\\/\\\/macite.tg\\\/?p=12779\"},\"author\":{\"name\":\"Jean Pierre BAWELA\",\"@id\":\"https:\\\/\\\/macite.tg\\\/#\\\/schema\\\/person\\\/e9f2de7e5dbbe7770a9402c7ce82f5c2\"},\"headline\":\"SECURITE ALIMENTAIRE DURABLE AU SEIN DE L\u2019UEMOA\u00a0: Des experts planchent \u00e0 Lom\u00e9 sur l\u2019actualisation de la politique agricole\",\"datePublished\":\"2024-02-22T10:51:38+00:00\",\"dateModified\":\"2024-02-22T11:04:09+00:00\",\"mainEntityOfPage\":{\"@id\":\"https:\\\/\\\/macite.tg\\\/?p=12779\"},\"wordCount\":362,\"commentCount\":0,\"image\":{\"@id\":\"https:\\\/\\\/macite.tg\\\/?p=12779#primaryimage\"},\"thumbnailUrl\":\"https:\\\/\\\/macite.tg\\\/wp-content\\\/uploads\\\/2024\\\/02\\\/c6e6fc0eb780a2900dcd9bf234e7798f_L.jpg\",\"articleSection\":[\"ACTUALITE\",\"AGRICULTURE\"],\"inLanguage\":\"fr-FR\",\"potentialAction\":[{\"@type\":\"CommentAction\",\"name\":\"Comment\",\"target\":[\"https:\\\/\\\/macite.tg\\\/?p=12779#respond\"]}]},{\"@type\":\"WebPage\",\"@id\":\"https:\\\/\\\/macite.tg\\\/?p=12779\",\"url\":\"https:\\\/\\\/macite.tg\\\/?p=12779\",\"name\":\"SECURITE ALIMENTAIRE DURABLE AU SEIN DE L\u2019UEMOA\u00a0: Des experts planchent \u00e0 Lom\u00e9 sur l\u2019actualisation de la politique agricole -\",\"isPartOf\":{\"@id\":\"https:\\\/\\\/macite.tg\\\/#website\"},\"primaryImageOfPage\":{\"@id\":\"https:\\\/\\\/macite.tg\\\/?p=12779#primaryimage\"},\"image\":{\"@id\":\"https:\\\/\\\/macite.tg\\\/?p=12779#primaryimage\"},\"thumbnailUrl\":\"https:\\\/\\\/macite.tg\\\/wp-content\\\/uploads\\\/2024\\\/02\\\/c6e6fc0eb780a2900dcd9bf234e7798f_L.jpg\",\"datePublished\":\"2024-02-22T10:51:38+00:00\",\"dateModified\":\"2024-02-22T11:04:09+00:00\",\"author\":{\"@id\":\"https:\\\/\\\/macite.tg\\\/#\\\/schema\\\/person\\\/e9f2de7e5dbbe7770a9402c7ce82f5c2\"},\"breadcrumb\":{\"@id\":\"https:\\\/\\\/macite.tg\\\/?p=12779#breadcrumb\"},\"inLanguage\":\"fr-FR\",\"potentialAction\":[{\"@type\":\"ReadAction\",\"target\":[\"https:\\\/\\\/macite.tg\\\/?p=12779\"]}]},{\"@type\":\"ImageObject\",\"inLanguage\":\"fr-FR\",\"@id\":\"https:\\\/\\\/macite.tg\\\/?p=12779#primaryimage\",\"url\":\"https:\\\/\\\/macite.tg\\\/wp-content\\\/uploads\\\/2024\\\/02\\\/c6e6fc0eb780a2900dcd9bf234e7798f_L.jpg\",\"contentUrl\":\"https:\\\/\\\/macite.tg\\\/wp-content\\\/uploads\\\/2024\\\/02\\\/c6e6fc0eb780a2900dcd9bf234e7798f_L.jpg\",\"width\":500,\"height\":284},{\"@type\":\"BreadcrumbList\",\"@id\":\"https:\\\/\\\/macite.tg\\\/?p=12779#breadcrumb\",\"itemListElement\":[{\"@type\":\"ListItem\",\"position\":1,\"name\":\"Accueil\",\"item\":\"https:\\\/\\\/macite.tg\\\/\"},{\"@type\":\"ListItem\",\"position\":2,\"name\":\"SECURITE ALIMENTAIRE DURABLE AU SEIN DE L\u2019UEMOA\u00a0: Des experts planchent \u00e0 Lom\u00e9 sur l\u2019actualisation de la politique agricole\"}]},{\"@type\":\"WebSite\",\"@id\":\"https:\\\/\\\/macite.tg\\\/#website\",\"url\":\"https:\\\/\\\/macite.tg\\\/\",\"name\":\"\",\"description\":\"L&#039;information, la bonne!!!\",\"potentialAction\":[{\"@type\":\"SearchAction\",\"target\":{\"@type\":\"EntryPoint\",\"urlTemplate\":\"https:\\\/\\\/macite.tg\\\/?s={search_term_string}\"},\"query-input\":{\"@type\":\"PropertyValueSpecification\",\"valueRequired\":true,\"valueName\":\"search_term_string\"}}],\"inLanguage\":\"fr-FR\"},{\"@type\":\"Person\",\"@id\":\"https:\\\/\\\/macite.tg\\\/#\\\/schema\\\/person\\\/e9f2de7e5dbbe7770a9402c7ce82f5c2\",\"name\":\"Jean Pierre BAWELA\",\"image\":{\"@type\":\"ImageObject\",\"inLanguage\":\"fr-FR\",\"@id\":\"https:\\\/\\\/macite.tg\\\/wp-content\\\/uploads\\\/2023\\\/09\\\/WhatsApp-Image-2023-09-19-at-14.44.41-122x122.jpeg\",\"url\":\"https:\\\/\\\/macite.tg\\\/wp-content\\\/uploads\\\/2023\\\/09\\\/WhatsApp-Image-2023-09-19-at-14.44.41-122x122.jpeg\",\"contentUrl\":\"https:\\\/\\\/macite.tg\\\/wp-content\\\/uploads\\\/2023\\\/09\\\/WhatsApp-Image-2023-09-19-at-14.44.41-122x122.jpeg\",\"caption\":\"Jean Pierre BAWELA\"},\"url\":\"https:\\\/\\\/macite.tg\\\/?author=2\"}]}<\/script>\n<!-- \/ Yoast SEO plugin. -->","yoast_head_json":{"title":"SECURITE ALIMENTAIRE DURABLE AU SEIN DE L\u2019UEMOA\u00a0: Des experts planchent \u00e0 Lom\u00e9 sur l\u2019actualisation de la politique agricole -","robots":{"index":"index","follow":"follow","max-snippet":"max-snippet:-1","max-image-preview":"max-image-preview:large","max-video-preview":"max-video-preview:-1"},"canonical":"https:\/\/macite.tg\/?p=12779","og_locale":"fr_FR","og_type":"article","og_title":"SECURITE ALIMENTAIRE DURABLE AU SEIN DE L\u2019UEMOA\u00a0: Des experts planchent \u00e0 Lom\u00e9 sur l\u2019actualisation de la politique agricole -","og_description":"Depuis le mardi 20 f\u00e9vrier dernier, les experts agricoles des pays membres de l\u2019Union \u00e9conomique et mon\u00e9taire ouest-africaine (Uemoa) sont en concertation dans la capitale togolaise, afin d\u2019\u00e9valuer la mise \u00e0 jour de la politique agricole dans l\u2019espace communautaire. Du 20 u 23 f\u00e9vrier 2024, [&hellip;]","og_url":"https:\/\/macite.tg\/?p=12779","article_published_time":"2024-02-22T10:51:38+00:00","article_modified_time":"2024-02-22T11:04:09+00:00","og_image":[{"width":500,"height":284,"url":"https:\/\/macite.tg\/wp-content\/uploads\/2024\/02\/c6e6fc0eb780a2900dcd9bf234e7798f_L.jpg","type":"image\/jpeg"}],"author":"Jean Pierre BAWELA","twitter_card":"summary_large_image","twitter_misc":{"\u00c9crit par":"Jean Pierre BAWELA","Dur\u00e9e de lecture estim\u00e9e":"2 minutes"},"schema":{"@context":"https:\/\/schema.org","@graph":[{"@type":"Article","@id":"https:\/\/macite.tg\/?p=12779#article","isPartOf":{"@id":"https:\/\/macite.tg\/?p=12779"},"author":{"name":"Jean Pierre BAWELA","@id":"https:\/\/macite.tg\/#\/schema\/person\/e9f2de7e5dbbe7770a9402c7ce82f5c2"},"headline":"SECURITE ALIMENTAIRE DURABLE AU SEIN DE L\u2019UEMOA\u00a0: Des experts planchent \u00e0 Lom\u00e9 sur l\u2019actualisation de la politique agricole","datePublished":"2024-02-22T10:51:38+00:00","dateModified":"2024-02-22T11:04:09+00:00","mainEntityOfPage":{"@id":"https:\/\/macite.tg\/?p=12779"},"wordCount":362,"commentCount":0,"image":{"@id":"https:\/\/macite.tg\/?p=12779#primaryimage"},"thumbnailUrl":"https:\/\/macite.tg\/wp-content\/uploads\/2024\/02\/c6e6fc0eb780a2900dcd9bf234e7798f_L.jpg","articleSection":["ACTUALITE","AGRICULTURE"],"inLanguage":"fr-FR","potentialAction":[{"@type":"CommentAction","name":"Comment","target":["https:\/\/macite.tg\/?p=12779#respond"]}]},{"@type":"WebPage","@id":"https:\/\/macite.tg\/?p=12779","url":"https:\/\/macite.tg\/?p=12779","name":"SECURITE ALIMENTAIRE DURABLE AU SEIN DE L\u2019UEMOA\u00a0: Des experts planchent \u00e0 Lom\u00e9 sur l\u2019actualisation de la politique agricole -","isPartOf":{"@id":"https:\/\/macite.tg\/#website"},"primaryImageOfPage":{"@id":"https:\/\/macite.tg\/?p=12779#primaryimage"},"image":{"@id":"https:\/\/macite.tg\/?p=12779#primaryimage"},"thumbnailUrl":"https:\/\/macite.tg\/wp-content\/uploads\/2024\/02\/c6e6fc0eb780a2900dcd9bf234e7798f_L.jpg","datePublished":"2024-02-22T10:51:38+00:00","dateModified":"2024-02-22T11:04:09+00:00","author":{"@id":"https:\/\/macite.tg\/#\/schema\/person\/e9f2de7e5dbbe7770a9402c7ce82f5c2"},"breadcrumb":{"@id":"https:\/\/macite.tg\/?p=12779#breadcrumb"},"inLanguage":"fr-FR","potentialAction":[{"@type":"ReadAction","target":["https:\/\/macite.tg\/?p=12779"]}]},{"@type":"ImageObject","inLanguage":"fr-FR","@id":"https:\/\/macite.tg\/?p=12779#primaryimage","url":"https:\/\/macite.tg\/wp-content\/uploads\/2024\/02\/c6e6fc0eb780a2900dcd9bf234e7798f_L.jpg","contentUrl":"https:\/\/macite.tg\/wp-content\/uploads\/2024\/02\/c6e6fc0eb780a2900dcd9bf234e7798f_L.jpg","width":500,"height":284},{"@type":"BreadcrumbList","@id":"https:\/\/macite.tg\/?p=12779#breadcrumb","itemListElement":[{"@type":"ListItem","position":1,"name":"Accueil","item":"https:\/\/macite.tg\/"},{"@type":"ListItem","position":2,"name":"SECURITE ALIMENTAIRE DURABLE AU SEIN DE L\u2019UEMOA\u00a0: Des experts planchent \u00e0 Lom\u00e9 sur l\u2019actualisation de la politique agricole"}]},{"@type":"WebSite","@id":"https:\/\/macite.tg\/#website","url":"https:\/\/macite.tg\/","name":"","description":"L&#039;information, la bonne!!!","potentialAction":[{"@type":"SearchAction","target":{"@type":"EntryPoint","urlTemplate":"https:\/\/macite.tg\/?s={search_term_string}"},"query-input":{"@type":"PropertyValueSpecification","valueRequired":true,"valueName":"search_term_string"}}],"inLanguage":"fr-FR"},{"@type":"Person","@id":"https:\/\/macite.tg\/#\/schema\/person\/e9f2de7e5dbbe7770a9402c7ce82f5c2","name":"Jean Pierre BAWELA","image":{"@type":"ImageObject","inLanguage":"fr-FR","@id":"https:\/\/macite.tg\/wp-content\/uploads\/2023\/09\/WhatsApp-Image-2023-09-19-at-14.44.41-122x122.jpeg","url":"https:\/\/macite.tg\/wp-content\/uploads\/2023\/09\/WhatsApp-Image-2023-09-19-at-14.44.41-122x122.jpeg","contentUrl":"https:\/\/macite.tg\/wp-content\/uploads\/2023\/09\/WhatsApp-Image-2023-09-19-at-14.44.41-122x122.jpeg","caption":"Jean Pierre BAWELA"},"url":"https:\/\/macite.tg\/?author=2"}]}},"_links":{"self":[{"href":"https:\/\/macite.tg\/index.php?rest_route=\/wp\/v2\/posts\/12779","targetHints":{"allow":["GET"]}}],"collection":[{"href":"https:\/\/macite.tg\/index.php?rest_route=\/wp\/v2\/posts"}],"about":[{"href":"https:\/\/macite.tg\/index.php?rest_route=\/wp\/v2\/types\/post"}],"author":[{"embeddable":true,"href":"https:\/\/macite.tg\/index.php?rest_route=\/wp\/v2\/users\/2"}],"replies":[{"embeddable":true,"href":"https:\/\/macite.tg\/index.php?rest_route=%2Fwp%2Fv2%2Fcomments&post=12779"}],"version-history":[{"count":0,"href":"https:\/\/macite.tg\/index.php?rest_route=\/wp\/v2\/posts\/12779\/revisions"}],"wp:featuredmedia":[{"embeddable":true,"href":"https:\/\/macite.tg\/index.php?rest_route=\/wp\/v2\/media\/12780"}],"wp:attachment":[{"href":"https:\/\/macite.tg\/index.php?rest_route=%2Fwp%2Fv2%2Fmedia&parent=12779"}],"wp:term":[{"taxonomy":"category","embeddable":true,"href":"https:\/\/macite.tg\/index.php?rest_route=%2Fwp%2Fv2%2Fcategories&post=12779"},{"taxonomy":"post_tag","embeddable":true,"href":"https:\/\/macite.tg\/index.php?rest_route=%2Fwp%2Fv2%2Ftags&post=12779"}],"curies":[{"name":"wp","href":"https:\/\/api.w.org\/{rel}","templated":true}]}}