{"id":12776,"date":"2024-02-22T10:40:44","date_gmt":"2024-02-22T10:40:44","guid":{"rendered":"https:\/\/macite.tg\/?p=12776"},"modified":"2024-02-22T10:40:46","modified_gmt":"2024-02-22T10:40:46","slug":"cedeao-ecosocc-ao-des-osc-en-concertation-a-abuja","status":"publish","type":"post","link":"https:\/\/macite.tg\/?p=12776","title":{"rendered":"CEDEAO \/ ECOSOCC-AO\u00a0: Des Osc en concertation \u00e0 Abuja"},"content":{"rendered":"\n<p class=\"wp-block-paragraph\"><strong><em>Sur l\u2019initiative de la Commission de la Cedeao \u00e0 travers son D\u00e9partement des Affaires politiques, de la Paix et de la S\u00e9curit\u00e9, une r\u00e9union r\u00e9gionale consultative avec les organisations de la soci\u00e9t\u00e9 civile d\u00e9bute ce jour \u00e0 Abuja. Cette grande r\u00e9union entend r\u00e9fl\u00e9chir sur les m\u00e9canismes en vue de la cr\u00e9ation d\u2019un Conseil \u00e9conomique, social et culturel de l\u2019Afrique de l\u2019Ouest (Ecosocc-Ao).<\/em><\/strong><\/p>\n\n\n\n<p class=\"wp-block-paragraph\">Pr\u00e9vue sur deux jours, cette r\u00e9union entend jeter des bases solides pour la cr\u00e9ation d&rsquo;un Conseil des citoyens \u00e0 l&rsquo;\u00e9chelle r\u00e9gionale, en vue de promouvoir un syst\u00e8me de gouvernance plus inclusif et participatif, et surtout encourager une soci\u00e9t\u00e9 civile r\u00e9gionale r\u00e9active.<\/p>\n\n\n<div class=\"wp-block-image\">\n<figure class=\"aligncenter size-large is-resized\"><img loading=\"lazy\" decoding=\"async\" src=\"https:\/\/macite.tg\/wp-content\/uploads\/2024\/02\/IMG-20240220-WA0062-868x1024.jpg\" alt=\"\" class=\"wp-image-12721\" width=\"429\" height=\"505\" srcset=\"https:\/\/macite.tg\/wp-content\/uploads\/2024\/02\/IMG-20240220-WA0062-868x1024.jpg 868w, https:\/\/macite.tg\/wp-content\/uploads\/2024\/02\/IMG-20240220-WA0062-254x300.jpg 254w, https:\/\/macite.tg\/wp-content\/uploads\/2024\/02\/IMG-20240220-WA0062-768x906.jpg 768w, https:\/\/macite.tg\/wp-content\/uploads\/2024\/02\/IMG-20240220-WA0062-1302x1536.jpg 1302w, https:\/\/macite.tg\/wp-content\/uploads\/2024\/02\/IMG-20240220-WA0062.jpg 1356w\" sizes=\"auto, (max-width: 429px) 100vw, 429px\" \/><\/figure>\n<\/div>\n\n\n<p class=\"wp-block-paragraph\">En mettant en place de l&rsquo;Ecosocc-Ao, les organisations de la soci\u00e9t\u00e9 civile ouest-africaine pourront consid\u00e9rablement contribuer et de fa\u00e7on directe aux politiques et initiatives r\u00e9gionales. Elles auront l\u2019avantage de porter leurs voix et bien \u00e9videmment de s\u2019assurer que les pr\u00e9occupations des citoyens de l\u2019espace Cedeao sur les questions br\u00fblantes, aux plans national, r\u00e9gional et mondial sont effectivement prises en compte.&nbsp;<\/p>\n\n\n\n<p class=\"wp-block-paragraph\">Il s\u2019agira \u00e9galement au cours des deux jours de travaux pour les participants \u00e0 la r\u00e9union d\u2019Abuja d\u2019aider \u00e0 orienter la renaissance d&rsquo;un mouvement actif de la soci\u00e9t\u00e9 civile, afin de cr\u00e9er dans les \u00c9tats membres et dans la r\u00e9gion un espace, des r\u00e9seaux et des conditions favorables \u00e0 la promotion et \u00e0 la consolidation de la s\u00e9curit\u00e9 humaine. Ceci, \u00e0 travers un Conseil r\u00e9gional qui \u0153uvrera \u00e0 la satisfaction des besoins et \u00e0 la d\u00e9fense des int\u00e9r\u00eats sp\u00e9cifiques des citoyens.<\/p>\n\n\n<div class=\"wp-block-image\">\n<figure class=\"aligncenter size-full is-resized\"><img loading=\"lazy\" decoding=\"async\" src=\"https:\/\/macite.tg\/wp-content\/uploads\/2024\/02\/ANNONCES-1-768x319-2.jpg\" alt=\"\" class=\"wp-image-12679\" width=\"652\" height=\"271\" srcset=\"https:\/\/macite.tg\/wp-content\/uploads\/2024\/02\/ANNONCES-1-768x319-2.jpg 768w, https:\/\/macite.tg\/wp-content\/uploads\/2024\/02\/ANNONCES-1-768x319-2-300x125.jpg 300w\" sizes=\"auto, (max-width: 652px) 100vw, 652px\" \/><\/figure>\n<\/div>\n\n\n<p class=\"wp-block-paragraph\">Pr\u00e9cisons que les pays d&rsquo;Afrique de l&rsquo;Ouest font face \u00e0 plusieurs d\u00e9fis communs, notamment la pauvret\u00e9, les in\u00e9galit\u00e9s, l&rsquo;instabilit\u00e9 politique, les probl\u00e8mes environnementaux et les conflits.<\/p>\n\n\n\n<p class=\"wp-block-paragraph\">L\u2019effectivit\u00e9 de ce Conseil \u00e9conomique, social et culturel r\u00e9gional contribuera outre \u00e0 identifier et \u00e0 relever ces d\u00e9fis par le dialogue, le plaidoyer et les recommandations politiques mais \u00e9galement \u00e0 faciliter la coop\u00e9ration r\u00e9gionale et l&rsquo;action collective, en s\u2019appuyant sur l&rsquo;expertise et les ressources des organisations de la soci\u00e9t\u00e9 civile, pour lutter plus efficacement contre ces fl\u00e9aux complexes.&nbsp;<\/p>\n\n\n\n<p class=\"wp-block-paragraph\">Les participants \u00e0 la r\u00e9union sont des repr\u00e9sentants d\u2019importantes organisations de la soci\u00e9t\u00e9 civile, des experts en d\u00e9veloppement, des experts M\u00e9dias et des fonctionnaires de la Commission et des institutions de la Cedeao.<\/p>\n\n\n<div class=\"wp-block-image\">\n<figure class=\"aligncenter size-full is-resized\"><img loading=\"lazy\" decoding=\"async\" src=\"https:\/\/macite.tg\/wp-content\/uploads\/2024\/02\/426709901_909930414475099_6338070050102141440_n.jpg\" alt=\"\" class=\"wp-image-12603\" width=\"522\" height=\"522\" srcset=\"https:\/\/macite.tg\/wp-content\/uploads\/2024\/02\/426709901_909930414475099_6338070050102141440_n.jpg 843w, https:\/\/macite.tg\/wp-content\/uploads\/2024\/02\/426709901_909930414475099_6338070050102141440_n-300x300.jpg 300w, https:\/\/macite.tg\/wp-content\/uploads\/2024\/02\/426709901_909930414475099_6338070050102141440_n-150x150.jpg 150w, https:\/\/macite.tg\/wp-content\/uploads\/2024\/02\/426709901_909930414475099_6338070050102141440_n-768x768.jpg 768w, https:\/\/macite.tg\/wp-content\/uploads\/2024\/02\/426709901_909930414475099_6338070050102141440_n-122x122.jpg 122w\" sizes=\"auto, (max-width: 522px) 100vw, 522px\" \/><\/figure>\n<\/div>\n\n\n<p class=\"wp-block-paragraph\">&nbsp;La r\u00e9union d&rsquo;Abuja est organis\u00e9e par le D\u00e9partement des Affaires politiques, de la Paix et de la S\u00e9curit\u00e9 (PAPS) avec le soutien de l&rsquo;Agence danoise de d\u00e9veloppement international (Danida). Elle fait suite \u00e0 l\u2019atelier consultatif interne sur la mise en place de l&rsquo;Ecosocc-Ao tenu \u00e0 Lagos (Nigeria), les 12et 13 d\u00e9cembre 2023.<\/p>\n\n\n\n<p class=\"wp-block-paragraph\"><strong>D\u2019Abuja, Cr\u00e9do TETTEH<\/strong><\/p>\n\n\n\n<p class=\"wp-block-paragraph\"><a><strong><em>@macite.tg&nbsp;&nbsp;&nbsp;&nbsp;&nbsp;&nbsp;&nbsp;&nbsp;<\/em><\/strong><\/a><\/p>\n\n\n\n<p class=\"wp-block-paragraph\"><strong><em>E-mail&nbsp;: <\/em><\/strong><a href=\"mailto:maciteinfo@gmail.com\"><strong><em>maciteinfo@gmail.com<\/em><\/strong><\/a><strong><em>; <\/em><\/strong><a href=\"mailto:bawela1@gmail.com\"><strong><em>bawela1@gmail.com<\/em><\/strong><\/a><strong><em><\/em><\/strong><\/p>\n\n\n\n<p class=\"wp-block-paragraph\"><strong><em>Pour vos annonces, (publi)reportages, etc., joignez-nous au (00228)91515309\/<strong>79872224 <\/strong>www.macite.tg, L\u2019information, la bonne&nbsp;!<\/em><\/strong><\/p>\n","protected":false},"excerpt":{"rendered":"<p class=\"text-justify mb-2\" >Sur l\u2019initiative de la Commission de la Cedeao \u00e0 travers son D\u00e9partement des Affaires politiques, de la Paix et de la S\u00e9curit\u00e9, une r\u00e9union r\u00e9gionale consultative avec les organisations de la soci\u00e9t\u00e9 civile d\u00e9bute ce jour \u00e0 Abuja. Cette grande r\u00e9union entend r\u00e9fl\u00e9chir sur les [&hellip;]<\/p>\n","protected":false},"author":2,"featured_media":12777,"comment_status":"open","ping_status":"open","sticky":false,"template":"","format":"standard","meta":{"footnotes":""},"categories":[20,6],"tags":[],"class_list":["post-12776","post","type-post","status-publish","format-standard","has-post-thumbnail","hentry","category-actualite","category-societe"],"yoast_head":"<!-- This site is optimized with the Yoast SEO plugin v28.4 - https:\/\/yoast.com\/product\/yoast-seo-wordpress\/ -->\n<title>CEDEAO \/ ECOSOCC-AO\u00a0: Des Osc en concertation \u00e0 Abuja -<\/title>\n<meta name=\"robots\" content=\"index, follow, max-snippet:-1, max-image-preview:large, max-video-preview:-1\" \/>\n<link rel=\"canonical\" href=\"https:\/\/macite.tg\/?p=12776\" \/>\n<meta property=\"og:locale\" content=\"fr_FR\" \/>\n<meta property=\"og:type\" content=\"article\" \/>\n<meta property=\"og:title\" content=\"CEDEAO \/ ECOSOCC-AO\u00a0: Des Osc en concertation \u00e0 Abuja -\" \/>\n<meta property=\"og:description\" content=\"Sur l\u2019initiative de la Commission de la Cedeao \u00e0 travers son D\u00e9partement des Affaires politiques, de la Paix et de la S\u00e9curit\u00e9, une r\u00e9union r\u00e9gionale consultative avec les organisations de la soci\u00e9t\u00e9 civile d\u00e9bute ce jour \u00e0 Abuja. Cette grande r\u00e9union entend r\u00e9fl\u00e9chir sur les [&hellip;]\" \/>\n<meta property=\"og:url\" content=\"https:\/\/macite.tg\/?p=12776\" \/>\n<meta property=\"article:published_time\" content=\"2024-02-22T10:40:44+00:00\" \/>\n<meta property=\"article:modified_time\" content=\"2024-02-22T10:40:46+00:00\" \/>\n<meta property=\"og:image\" content=\"https:\/\/macite.tg\/wp-content\/uploads\/2024\/02\/Abuja.jpg\" \/>\n\t<meta property=\"og:image:width\" content=\"200\" \/>\n\t<meta property=\"og:image:height\" content=\"118\" \/>\n\t<meta property=\"og:image:type\" content=\"image\/jpeg\" \/>\n<meta name=\"author\" content=\"Jean Pierre BAWELA\" \/>\n<meta name=\"twitter:card\" content=\"summary_large_image\" \/>\n<meta name=\"twitter:label1\" content=\"\u00c9crit par\" \/>\n\t<meta name=\"twitter:data1\" content=\"Jean Pierre BAWELA\" \/>\n\t<meta name=\"twitter:label2\" content=\"Dur\u00e9e de lecture estim\u00e9e\" \/>\n\t<meta name=\"twitter:data2\" content=\"3 minutes\" \/>\n<script type=\"application\/ld+json\" class=\"yoast-schema-graph\">{\"@context\":\"https:\\\/\\\/schema.org\",\"@graph\":[{\"@type\":\"Article\",\"@id\":\"https:\\\/\\\/macite.tg\\\/?p=12776#article\",\"isPartOf\":{\"@id\":\"https:\\\/\\\/macite.tg\\\/?p=12776\"},\"author\":{\"name\":\"Jean Pierre BAWELA\",\"@id\":\"https:\\\/\\\/macite.tg\\\/#\\\/schema\\\/person\\\/e9f2de7e5dbbe7770a9402c7ce82f5c2\"},\"headline\":\"CEDEAO \\\/ ECOSOCC-AO\u00a0: Des Osc en concertation \u00e0 Abuja\",\"datePublished\":\"2024-02-22T10:40:44+00:00\",\"dateModified\":\"2024-02-22T10:40:46+00:00\",\"mainEntityOfPage\":{\"@id\":\"https:\\\/\\\/macite.tg\\\/?p=12776\"},\"wordCount\":528,\"commentCount\":0,\"image\":{\"@id\":\"https:\\\/\\\/macite.tg\\\/?p=12776#primaryimage\"},\"thumbnailUrl\":\"https:\\\/\\\/macite.tg\\\/wp-content\\\/uploads\\\/2024\\\/02\\\/Abuja.jpg\",\"articleSection\":[\"ACTUALITE\",\"SOCIETE\"],\"inLanguage\":\"fr-FR\",\"potentialAction\":[{\"@type\":\"CommentAction\",\"name\":\"Comment\",\"target\":[\"https:\\\/\\\/macite.tg\\\/?p=12776#respond\"]}]},{\"@type\":\"WebPage\",\"@id\":\"https:\\\/\\\/macite.tg\\\/?p=12776\",\"url\":\"https:\\\/\\\/macite.tg\\\/?p=12776\",\"name\":\"CEDEAO \\\/ ECOSOCC-AO\u00a0: Des Osc en concertation \u00e0 Abuja -\",\"isPartOf\":{\"@id\":\"https:\\\/\\\/macite.tg\\\/#website\"},\"primaryImageOfPage\":{\"@id\":\"https:\\\/\\\/macite.tg\\\/?p=12776#primaryimage\"},\"image\":{\"@id\":\"https:\\\/\\\/macite.tg\\\/?p=12776#primaryimage\"},\"thumbnailUrl\":\"https:\\\/\\\/macite.tg\\\/wp-content\\\/uploads\\\/2024\\\/02\\\/Abuja.jpg\",\"datePublished\":\"2024-02-22T10:40:44+00:00\",\"dateModified\":\"2024-02-22T10:40:46+00:00\",\"author\":{\"@id\":\"https:\\\/\\\/macite.tg\\\/#\\\/schema\\\/person\\\/e9f2de7e5dbbe7770a9402c7ce82f5c2\"},\"breadcrumb\":{\"@id\":\"https:\\\/\\\/macite.tg\\\/?p=12776#breadcrumb\"},\"inLanguage\":\"fr-FR\",\"potentialAction\":[{\"@type\":\"ReadAction\",\"target\":[\"https:\\\/\\\/macite.tg\\\/?p=12776\"]}]},{\"@type\":\"ImageObject\",\"inLanguage\":\"fr-FR\",\"@id\":\"https:\\\/\\\/macite.tg\\\/?p=12776#primaryimage\",\"url\":\"https:\\\/\\\/macite.tg\\\/wp-content\\\/uploads\\\/2024\\\/02\\\/Abuja.jpg\",\"contentUrl\":\"https:\\\/\\\/macite.tg\\\/wp-content\\\/uploads\\\/2024\\\/02\\\/Abuja.jpg\",\"width\":200,\"height\":118},{\"@type\":\"BreadcrumbList\",\"@id\":\"https:\\\/\\\/macite.tg\\\/?p=12776#breadcrumb\",\"itemListElement\":[{\"@type\":\"ListItem\",\"position\":1,\"name\":\"Accueil\",\"item\":\"https:\\\/\\\/macite.tg\\\/\"},{\"@type\":\"ListItem\",\"position\":2,\"name\":\"CEDEAO \\\/ ECOSOCC-AO\u00a0: Des Osc en concertation \u00e0 Abuja\"}]},{\"@type\":\"WebSite\",\"@id\":\"https:\\\/\\\/macite.tg\\\/#website\",\"url\":\"https:\\\/\\\/macite.tg\\\/\",\"name\":\"\",\"description\":\"L&#039;information, la bonne!!!\",\"potentialAction\":[{\"@type\":\"SearchAction\",\"target\":{\"@type\":\"EntryPoint\",\"urlTemplate\":\"https:\\\/\\\/macite.tg\\\/?s={search_term_string}\"},\"query-input\":{\"@type\":\"PropertyValueSpecification\",\"valueRequired\":true,\"valueName\":\"search_term_string\"}}],\"inLanguage\":\"fr-FR\"},{\"@type\":\"Person\",\"@id\":\"https:\\\/\\\/macite.tg\\\/#\\\/schema\\\/person\\\/e9f2de7e5dbbe7770a9402c7ce82f5c2\",\"name\":\"Jean Pierre BAWELA\",\"image\":{\"@type\":\"ImageObject\",\"inLanguage\":\"fr-FR\",\"@id\":\"https:\\\/\\\/macite.tg\\\/wp-content\\\/uploads\\\/2023\\\/09\\\/WhatsApp-Image-2023-09-19-at-14.44.41-122x122.jpeg\",\"url\":\"https:\\\/\\\/macite.tg\\\/wp-content\\\/uploads\\\/2023\\\/09\\\/WhatsApp-Image-2023-09-19-at-14.44.41-122x122.jpeg\",\"contentUrl\":\"https:\\\/\\\/macite.tg\\\/wp-content\\\/uploads\\\/2023\\\/09\\\/WhatsApp-Image-2023-09-19-at-14.44.41-122x122.jpeg\",\"caption\":\"Jean Pierre BAWELA\"},\"url\":\"https:\\\/\\\/macite.tg\\\/?author=2\"}]}<\/script>\n<!-- \/ Yoast SEO plugin. -->","yoast_head_json":{"title":"CEDEAO \/ ECOSOCC-AO\u00a0: Des Osc en concertation \u00e0 Abuja -","robots":{"index":"index","follow":"follow","max-snippet":"max-snippet:-1","max-image-preview":"max-image-preview:large","max-video-preview":"max-video-preview:-1"},"canonical":"https:\/\/macite.tg\/?p=12776","og_locale":"fr_FR","og_type":"article","og_title":"CEDEAO \/ ECOSOCC-AO\u00a0: Des Osc en concertation \u00e0 Abuja -","og_description":"Sur l\u2019initiative de la Commission de la Cedeao \u00e0 travers son D\u00e9partement des Affaires politiques, de la Paix et de la S\u00e9curit\u00e9, une r\u00e9union r\u00e9gionale consultative avec les organisations de la soci\u00e9t\u00e9 civile d\u00e9bute ce jour \u00e0 Abuja. Cette grande r\u00e9union entend r\u00e9fl\u00e9chir sur les [&hellip;]","og_url":"https:\/\/macite.tg\/?p=12776","article_published_time":"2024-02-22T10:40:44+00:00","article_modified_time":"2024-02-22T10:40:46+00:00","og_image":[{"width":200,"height":118,"url":"https:\/\/macite.tg\/wp-content\/uploads\/2024\/02\/Abuja.jpg","type":"image\/jpeg"}],"author":"Jean Pierre BAWELA","twitter_card":"summary_large_image","twitter_misc":{"\u00c9crit par":"Jean Pierre BAWELA","Dur\u00e9e de lecture estim\u00e9e":"3 minutes"},"schema":{"@context":"https:\/\/schema.org","@graph":[{"@type":"Article","@id":"https:\/\/macite.tg\/?p=12776#article","isPartOf":{"@id":"https:\/\/macite.tg\/?p=12776"},"author":{"name":"Jean Pierre BAWELA","@id":"https:\/\/macite.tg\/#\/schema\/person\/e9f2de7e5dbbe7770a9402c7ce82f5c2"},"headline":"CEDEAO \/ ECOSOCC-AO\u00a0: Des Osc en concertation \u00e0 Abuja","datePublished":"2024-02-22T10:40:44+00:00","dateModified":"2024-02-22T10:40:46+00:00","mainEntityOfPage":{"@id":"https:\/\/macite.tg\/?p=12776"},"wordCount":528,"commentCount":0,"image":{"@id":"https:\/\/macite.tg\/?p=12776#primaryimage"},"thumbnailUrl":"https:\/\/macite.tg\/wp-content\/uploads\/2024\/02\/Abuja.jpg","articleSection":["ACTUALITE","SOCIETE"],"inLanguage":"fr-FR","potentialAction":[{"@type":"CommentAction","name":"Comment","target":["https:\/\/macite.tg\/?p=12776#respond"]}]},{"@type":"WebPage","@id":"https:\/\/macite.tg\/?p=12776","url":"https:\/\/macite.tg\/?p=12776","name":"CEDEAO \/ ECOSOCC-AO\u00a0: Des Osc en concertation \u00e0 Abuja -","isPartOf":{"@id":"https:\/\/macite.tg\/#website"},"primaryImageOfPage":{"@id":"https:\/\/macite.tg\/?p=12776#primaryimage"},"image":{"@id":"https:\/\/macite.tg\/?p=12776#primaryimage"},"thumbnailUrl":"https:\/\/macite.tg\/wp-content\/uploads\/2024\/02\/Abuja.jpg","datePublished":"2024-02-22T10:40:44+00:00","dateModified":"2024-02-22T10:40:46+00:00","author":{"@id":"https:\/\/macite.tg\/#\/schema\/person\/e9f2de7e5dbbe7770a9402c7ce82f5c2"},"breadcrumb":{"@id":"https:\/\/macite.tg\/?p=12776#breadcrumb"},"inLanguage":"fr-FR","potentialAction":[{"@type":"ReadAction","target":["https:\/\/macite.tg\/?p=12776"]}]},{"@type":"ImageObject","inLanguage":"fr-FR","@id":"https:\/\/macite.tg\/?p=12776#primaryimage","url":"https:\/\/macite.tg\/wp-content\/uploads\/2024\/02\/Abuja.jpg","contentUrl":"https:\/\/macite.tg\/wp-content\/uploads\/2024\/02\/Abuja.jpg","width":200,"height":118},{"@type":"BreadcrumbList","@id":"https:\/\/macite.tg\/?p=12776#breadcrumb","itemListElement":[{"@type":"ListItem","position":1,"name":"Accueil","item":"https:\/\/macite.tg\/"},{"@type":"ListItem","position":2,"name":"CEDEAO \/ ECOSOCC-AO\u00a0: Des Osc en concertation \u00e0 Abuja"}]},{"@type":"WebSite","@id":"https:\/\/macite.tg\/#website","url":"https:\/\/macite.tg\/","name":"","description":"L&#039;information, la bonne!!!","potentialAction":[{"@type":"SearchAction","target":{"@type":"EntryPoint","urlTemplate":"https:\/\/macite.tg\/?s={search_term_string}"},"query-input":{"@type":"PropertyValueSpecification","valueRequired":true,"valueName":"search_term_string"}}],"inLanguage":"fr-FR"},{"@type":"Person","@id":"https:\/\/macite.tg\/#\/schema\/person\/e9f2de7e5dbbe7770a9402c7ce82f5c2","name":"Jean Pierre BAWELA","image":{"@type":"ImageObject","inLanguage":"fr-FR","@id":"https:\/\/macite.tg\/wp-content\/uploads\/2023\/09\/WhatsApp-Image-2023-09-19-at-14.44.41-122x122.jpeg","url":"https:\/\/macite.tg\/wp-content\/uploads\/2023\/09\/WhatsApp-Image-2023-09-19-at-14.44.41-122x122.jpeg","contentUrl":"https:\/\/macite.tg\/wp-content\/uploads\/2023\/09\/WhatsApp-Image-2023-09-19-at-14.44.41-122x122.jpeg","caption":"Jean Pierre BAWELA"},"url":"https:\/\/macite.tg\/?author=2"}]}},"_links":{"self":[{"href":"https:\/\/macite.tg\/index.php?rest_route=\/wp\/v2\/posts\/12776","targetHints":{"allow":["GET"]}}],"collection":[{"href":"https:\/\/macite.tg\/index.php?rest_route=\/wp\/v2\/posts"}],"about":[{"href":"https:\/\/macite.tg\/index.php?rest_route=\/wp\/v2\/types\/post"}],"author":[{"embeddable":true,"href":"https:\/\/macite.tg\/index.php?rest_route=\/wp\/v2\/users\/2"}],"replies":[{"embeddable":true,"href":"https:\/\/macite.tg\/index.php?rest_route=%2Fwp%2Fv2%2Fcomments&post=12776"}],"version-history":[{"count":0,"href":"https:\/\/macite.tg\/index.php?rest_route=\/wp\/v2\/posts\/12776\/revisions"}],"wp:featuredmedia":[{"embeddable":true,"href":"https:\/\/macite.tg\/index.php?rest_route=\/wp\/v2\/media\/12777"}],"wp:attachment":[{"href":"https:\/\/macite.tg\/index.php?rest_route=%2Fwp%2Fv2%2Fmedia&parent=12776"}],"wp:term":[{"taxonomy":"category","embeddable":true,"href":"https:\/\/macite.tg\/index.php?rest_route=%2Fwp%2Fv2%2Fcategories&post=12776"},{"taxonomy":"post_tag","embeddable":true,"href":"https:\/\/macite.tg\/index.php?rest_route=%2Fwp%2Fv2%2Ftags&post=12776"}],"curies":[{"name":"wp","href":"https:\/\/api.w.org\/{rel}","templated":true}]}}