{"id":12765,"date":"2024-02-21T17:34:23","date_gmt":"2024-02-21T17:34:23","guid":{"rendered":"https:\/\/macite.tg\/?p=12765"},"modified":"2024-02-21T17:34:25","modified_gmt":"2024-02-21T17:34:25","slug":"expo-2023-a-doha-les-atouts-horticoles-togolais-exposes-au-qatar","status":"publish","type":"post","link":"https:\/\/macite.tg\/?p=12765","title":{"rendered":"EXPO 2023 A DOHA : Les atouts horticoles togolais expos\u00e9s au Qatar"},"content":{"rendered":"\n<p class=\"wp-block-paragraph\"><strong><em>Le Togo prend part \u00e0 l\u2019Exposition internationale d\u2019horticulture 2023 (Expo 2023 Doha) qui se d\u00e9roule du 02 octobre 2023 au 28 mars 2024, au Qatar. Le samedi 17 f\u00e9vrier dernier, le pays de Faure Gnassingb\u00e9 \u00e9tait \u00e0 l\u2019honneur.<\/em><\/strong><\/p>\n\n\n\n<p class=\"wp-block-paragraph\">Cette journ\u00e9e marqu\u00e9e par la mont\u00e9e des couleurs puis l\u2019ex\u00e9cution des hymnes nationaux du Togo et du Qatar, a connu la pr\u00e9sence effective du Secr\u00e9taire g\u00e9n\u00e9ral de l\u2019Expo 2023 Doha Mohammad Ali Al-Khouri.<\/p>\n\n\n<div class=\"wp-block-image\">\n<figure class=\"aligncenter size-large is-resized\"><img loading=\"lazy\" decoding=\"async\" src=\"https:\/\/macite.tg\/wp-content\/uploads\/2024\/02\/IMG-20240220-WA0062-868x1024.jpg\" alt=\"\" class=\"wp-image-12721\" width=\"511\" height=\"602\" srcset=\"https:\/\/macite.tg\/wp-content\/uploads\/2024\/02\/IMG-20240220-WA0062-868x1024.jpg 868w, https:\/\/macite.tg\/wp-content\/uploads\/2024\/02\/IMG-20240220-WA0062-254x300.jpg 254w, https:\/\/macite.tg\/wp-content\/uploads\/2024\/02\/IMG-20240220-WA0062-768x906.jpg 768w, https:\/\/macite.tg\/wp-content\/uploads\/2024\/02\/IMG-20240220-WA0062-1302x1536.jpg 1302w, https:\/\/macite.tg\/wp-content\/uploads\/2024\/02\/IMG-20240220-WA0062.jpg 1356w\" sizes=\"auto, (max-width: 511px) 100vw, 511px\" \/><\/figure>\n<\/div>\n\n\n<p class=\"wp-block-paragraph\">Discours, une parade de danses folkloriques et visites du pavillon du Togo ont rythm\u00e9 cette journ\u00e9e d\u00e9di\u00e9e au Togo.<\/p>\n\n\n\n<p class=\"wp-block-paragraph\">Entre la mise en place des Zones d&rsquo;am\u00e9nagement agricoles planifi\u00e9es (Zaap), l\u2019instauration d\u2019une journ\u00e9e nationale de l&rsquo;arbre observ\u00e9e chaque 1er juin, le Secr\u00e9taire g\u00e9n\u00e9ral du minist\u00e8re du Commerce, Yakpey Comlan Nomadoli, repr\u00e9sentant le ministre de tutelle, a fait la lumi\u00e8re sur les efforts de l\u2019ex\u00e9cutif togolais dans l\u2019optique d\u2019am\u00e9liorer la production agricole, tout en ayant un regard focalis\u00e9 sur la protection de l\u2019environnement.<\/p>\n\n\n\n<p class=\"wp-block-paragraph\">Pour sa part, le Secr\u00e9taire g\u00e9n\u00e9ral de l\u2019Expo 2023 Doha, Mohammad Ali Al-Khouri, qui a pr\u00e9sid\u00e9 cette journ\u00e9e, a saisi l\u2019occasion pour saluer le riche parcours politique et \u00e9conomique du Togo, ceci de son ind\u00e9pendance \u00e0 nos jours. Il n\u2019est pas pass\u00e9 sous silence le riche potentiel du pays qui suscitent des investissements locaux et \u00e9trangers.<\/p>\n\n\n<div class=\"wp-block-image\">\n<figure class=\"aligncenter size-full is-resized\"><img loading=\"lazy\" decoding=\"async\" src=\"https:\/\/macite.tg\/wp-content\/uploads\/2024\/02\/426709901_909930414475099_6338070050102141440_n.jpg\" alt=\"\" class=\"wp-image-12603\" width=\"560\" height=\"560\" srcset=\"https:\/\/macite.tg\/wp-content\/uploads\/2024\/02\/426709901_909930414475099_6338070050102141440_n.jpg 843w, https:\/\/macite.tg\/wp-content\/uploads\/2024\/02\/426709901_909930414475099_6338070050102141440_n-300x300.jpg 300w, https:\/\/macite.tg\/wp-content\/uploads\/2024\/02\/426709901_909930414475099_6338070050102141440_n-150x150.jpg 150w, https:\/\/macite.tg\/wp-content\/uploads\/2024\/02\/426709901_909930414475099_6338070050102141440_n-768x768.jpg 768w, https:\/\/macite.tg\/wp-content\/uploads\/2024\/02\/426709901_909930414475099_6338070050102141440_n-122x122.jpg 122w\" sizes=\"auto, (max-width: 560px) 100vw, 560px\" \/><\/figure>\n<\/div>\n\n\n<p class=\"wp-block-paragraph\">Notons qu\u2019une visite dans le pavillon du Togo a permis de d\u00e9couvrir les produits agricoles togolais expos\u00e9s \u00e0 cet effet, notamment le caf\u00e9, le cacao, le soja, le gari, le tapioca, entre autres, le tout dans une ambiance festive anim\u00e9e par le groupe folklorique Atchina-Danse venu du Togo.<\/p>\n\n\n\n<p class=\"wp-block-paragraph\">Rappelons que l\u2019Expo 2023 Doha baisse ses rideaux le 28 mars prochain.<\/p>\n\n\n\n<p class=\"wp-block-paragraph\"><strong>JPB<\/strong><\/p>\n\n\n\n<p class=\"wp-block-paragraph\"><strong><em>@macite.tg&nbsp;&nbsp;&nbsp;&nbsp;&nbsp;&nbsp;&nbsp;&nbsp;<\/em><\/strong><\/p>\n\n\n\n<p class=\"wp-block-paragraph\"><strong><em>E-mail&nbsp;: <\/em><\/strong><a href=\"mailto:maciteinfo@gmail.com\"><strong><em>maciteinfo@gmail.com<\/em><\/strong><\/a><strong><em>; <\/em><\/strong><a href=\"mailto:bawela1@gmail.com\"><strong><em>bawela1@gmail.com<\/em><\/strong><\/a><strong><em><\/em><\/strong><\/p>\n\n\n\n<p class=\"wp-block-paragraph\"><strong><em>Pour vos annonces, (publi)reportages, etc., joignez-nous au (00228)91515309\/<strong>79872224 <\/strong>www.macite.tg, L\u2019information, la bonne&nbsp;!<\/em><\/strong><\/p>\n","protected":false},"excerpt":{"rendered":"<p class=\"text-justify mb-2\" >Le Togo prend part \u00e0 l\u2019Exposition internationale d\u2019horticulture 2023 (Expo 2023 Doha) qui se d\u00e9roule du 02 octobre 2023 au 28 mars 2024, au Qatar. Le samedi 17 f\u00e9vrier dernier, le pays de Faure Gnassingb\u00e9 \u00e9tait \u00e0 l\u2019honneur. Cette journ\u00e9e marqu\u00e9e par la mont\u00e9e des [&hellip;]<\/p>\n","protected":false},"author":2,"featured_media":12768,"comment_status":"open","ping_status":"open","sticky":false,"template":"","format":"standard","meta":{"footnotes":""},"categories":[20,3],"tags":[],"class_list":["post-12765","post","type-post","status-publish","format-standard","has-post-thumbnail","hentry","category-actualite","category-economie"],"yoast_head":"<!-- This site is optimized with the Yoast SEO plugin v28.4 - https:\/\/yoast.com\/product\/yoast-seo-wordpress\/ -->\n<title>EXPO 2023 A DOHA : Les atouts horticoles togolais expos\u00e9s au Qatar -<\/title>\n<meta name=\"robots\" content=\"index, follow, max-snippet:-1, max-image-preview:large, max-video-preview:-1\" \/>\n<link rel=\"canonical\" href=\"https:\/\/macite.tg\/?p=12765\" \/>\n<meta property=\"og:locale\" content=\"fr_FR\" \/>\n<meta property=\"og:type\" content=\"article\" \/>\n<meta property=\"og:title\" content=\"EXPO 2023 A DOHA : Les atouts horticoles togolais expos\u00e9s au Qatar -\" \/>\n<meta property=\"og:description\" content=\"Le Togo prend part \u00e0 l\u2019Exposition internationale d\u2019horticulture 2023 (Expo 2023 Doha) qui se d\u00e9roule du 02 octobre 2023 au 28 mars 2024, au Qatar. Le samedi 17 f\u00e9vrier dernier, le pays de Faure Gnassingb\u00e9 \u00e9tait \u00e0 l\u2019honneur. Cette journ\u00e9e marqu\u00e9e par la mont\u00e9e des [&hellip;]\" \/>\n<meta property=\"og:url\" content=\"https:\/\/macite.tg\/?p=12765\" \/>\n<meta property=\"article:published_time\" content=\"2024-02-21T17:34:23+00:00\" \/>\n<meta property=\"article:modified_time\" content=\"2024-02-21T17:34:25+00:00\" \/>\n<meta property=\"og:image\" content=\"https:\/\/macite.tg\/wp-content\/uploads\/2024\/02\/a2d706aaf7614e5cc251c821a3387b39_XL.jpg\" \/>\n\t<meta property=\"og:image:width\" content=\"1080\" \/>\n\t<meta property=\"og:image:height\" content=\"720\" \/>\n\t<meta property=\"og:image:type\" content=\"image\/jpeg\" \/>\n<meta name=\"author\" content=\"Jean Pierre BAWELA\" \/>\n<meta name=\"twitter:card\" content=\"summary_large_image\" \/>\n<meta name=\"twitter:label1\" content=\"\u00c9crit par\" \/>\n\t<meta name=\"twitter:data1\" content=\"Jean Pierre BAWELA\" \/>\n\t<meta name=\"twitter:label2\" content=\"Dur\u00e9e de lecture estim\u00e9e\" \/>\n\t<meta name=\"twitter:data2\" content=\"2 minutes\" \/>\n<script type=\"application\/ld+json\" class=\"yoast-schema-graph\">{\"@context\":\"https:\\\/\\\/schema.org\",\"@graph\":[{\"@type\":\"Article\",\"@id\":\"https:\\\/\\\/macite.tg\\\/?p=12765#article\",\"isPartOf\":{\"@id\":\"https:\\\/\\\/macite.tg\\\/?p=12765\"},\"author\":{\"name\":\"Jean Pierre BAWELA\",\"@id\":\"https:\\\/\\\/macite.tg\\\/#\\\/schema\\\/person\\\/e9f2de7e5dbbe7770a9402c7ce82f5c2\"},\"headline\":\"EXPO 2023 A DOHA : Les atouts horticoles togolais expos\u00e9s au Qatar\",\"datePublished\":\"2024-02-21T17:34:23+00:00\",\"dateModified\":\"2024-02-21T17:34:25+00:00\",\"mainEntityOfPage\":{\"@id\":\"https:\\\/\\\/macite.tg\\\/?p=12765\"},\"wordCount\":352,\"commentCount\":0,\"image\":{\"@id\":\"https:\\\/\\\/macite.tg\\\/?p=12765#primaryimage\"},\"thumbnailUrl\":\"https:\\\/\\\/macite.tg\\\/wp-content\\\/uploads\\\/2024\\\/02\\\/a2d706aaf7614e5cc251c821a3387b39_XL.jpg\",\"articleSection\":[\"ACTUALITE\",\"ECONOMIE\"],\"inLanguage\":\"fr-FR\",\"potentialAction\":[{\"@type\":\"CommentAction\",\"name\":\"Comment\",\"target\":[\"https:\\\/\\\/macite.tg\\\/?p=12765#respond\"]}]},{\"@type\":\"WebPage\",\"@id\":\"https:\\\/\\\/macite.tg\\\/?p=12765\",\"url\":\"https:\\\/\\\/macite.tg\\\/?p=12765\",\"name\":\"EXPO 2023 A DOHA : Les atouts horticoles togolais expos\u00e9s au Qatar -\",\"isPartOf\":{\"@id\":\"https:\\\/\\\/macite.tg\\\/#website\"},\"primaryImageOfPage\":{\"@id\":\"https:\\\/\\\/macite.tg\\\/?p=12765#primaryimage\"},\"image\":{\"@id\":\"https:\\\/\\\/macite.tg\\\/?p=12765#primaryimage\"},\"thumbnailUrl\":\"https:\\\/\\\/macite.tg\\\/wp-content\\\/uploads\\\/2024\\\/02\\\/a2d706aaf7614e5cc251c821a3387b39_XL.jpg\",\"datePublished\":\"2024-02-21T17:34:23+00:00\",\"dateModified\":\"2024-02-21T17:34:25+00:00\",\"author\":{\"@id\":\"https:\\\/\\\/macite.tg\\\/#\\\/schema\\\/person\\\/e9f2de7e5dbbe7770a9402c7ce82f5c2\"},\"breadcrumb\":{\"@id\":\"https:\\\/\\\/macite.tg\\\/?p=12765#breadcrumb\"},\"inLanguage\":\"fr-FR\",\"potentialAction\":[{\"@type\":\"ReadAction\",\"target\":[\"https:\\\/\\\/macite.tg\\\/?p=12765\"]}]},{\"@type\":\"ImageObject\",\"inLanguage\":\"fr-FR\",\"@id\":\"https:\\\/\\\/macite.tg\\\/?p=12765#primaryimage\",\"url\":\"https:\\\/\\\/macite.tg\\\/wp-content\\\/uploads\\\/2024\\\/02\\\/a2d706aaf7614e5cc251c821a3387b39_XL.jpg\",\"contentUrl\":\"https:\\\/\\\/macite.tg\\\/wp-content\\\/uploads\\\/2024\\\/02\\\/a2d706aaf7614e5cc251c821a3387b39_XL.jpg\",\"width\":1080,\"height\":720},{\"@type\":\"BreadcrumbList\",\"@id\":\"https:\\\/\\\/macite.tg\\\/?p=12765#breadcrumb\",\"itemListElement\":[{\"@type\":\"ListItem\",\"position\":1,\"name\":\"Accueil\",\"item\":\"https:\\\/\\\/macite.tg\\\/\"},{\"@type\":\"ListItem\",\"position\":2,\"name\":\"EXPO 2023 A DOHA : Les atouts horticoles togolais expos\u00e9s au Qatar\"}]},{\"@type\":\"WebSite\",\"@id\":\"https:\\\/\\\/macite.tg\\\/#website\",\"url\":\"https:\\\/\\\/macite.tg\\\/\",\"name\":\"\",\"description\":\"L&#039;information, la bonne!!!\",\"potentialAction\":[{\"@type\":\"SearchAction\",\"target\":{\"@type\":\"EntryPoint\",\"urlTemplate\":\"https:\\\/\\\/macite.tg\\\/?s={search_term_string}\"},\"query-input\":{\"@type\":\"PropertyValueSpecification\",\"valueRequired\":true,\"valueName\":\"search_term_string\"}}],\"inLanguage\":\"fr-FR\"},{\"@type\":\"Person\",\"@id\":\"https:\\\/\\\/macite.tg\\\/#\\\/schema\\\/person\\\/e9f2de7e5dbbe7770a9402c7ce82f5c2\",\"name\":\"Jean Pierre BAWELA\",\"image\":{\"@type\":\"ImageObject\",\"inLanguage\":\"fr-FR\",\"@id\":\"https:\\\/\\\/macite.tg\\\/wp-content\\\/uploads\\\/2023\\\/09\\\/WhatsApp-Image-2023-09-19-at-14.44.41-122x122.jpeg\",\"url\":\"https:\\\/\\\/macite.tg\\\/wp-content\\\/uploads\\\/2023\\\/09\\\/WhatsApp-Image-2023-09-19-at-14.44.41-122x122.jpeg\",\"contentUrl\":\"https:\\\/\\\/macite.tg\\\/wp-content\\\/uploads\\\/2023\\\/09\\\/WhatsApp-Image-2023-09-19-at-14.44.41-122x122.jpeg\",\"caption\":\"Jean Pierre BAWELA\"},\"url\":\"https:\\\/\\\/macite.tg\\\/?author=2\"}]}<\/script>\n<!-- \/ Yoast SEO plugin. -->","yoast_head_json":{"title":"EXPO 2023 A DOHA : Les atouts horticoles togolais expos\u00e9s au Qatar -","robots":{"index":"index","follow":"follow","max-snippet":"max-snippet:-1","max-image-preview":"max-image-preview:large","max-video-preview":"max-video-preview:-1"},"canonical":"https:\/\/macite.tg\/?p=12765","og_locale":"fr_FR","og_type":"article","og_title":"EXPO 2023 A DOHA : Les atouts horticoles togolais expos\u00e9s au Qatar -","og_description":"Le Togo prend part \u00e0 l\u2019Exposition internationale d\u2019horticulture 2023 (Expo 2023 Doha) qui se d\u00e9roule du 02 octobre 2023 au 28 mars 2024, au Qatar. Le samedi 17 f\u00e9vrier dernier, le pays de Faure Gnassingb\u00e9 \u00e9tait \u00e0 l\u2019honneur. Cette journ\u00e9e marqu\u00e9e par la mont\u00e9e des [&hellip;]","og_url":"https:\/\/macite.tg\/?p=12765","article_published_time":"2024-02-21T17:34:23+00:00","article_modified_time":"2024-02-21T17:34:25+00:00","og_image":[{"width":1080,"height":720,"url":"https:\/\/macite.tg\/wp-content\/uploads\/2024\/02\/a2d706aaf7614e5cc251c821a3387b39_XL.jpg","type":"image\/jpeg"}],"author":"Jean Pierre BAWELA","twitter_card":"summary_large_image","twitter_misc":{"\u00c9crit par":"Jean Pierre BAWELA","Dur\u00e9e de lecture estim\u00e9e":"2 minutes"},"schema":{"@context":"https:\/\/schema.org","@graph":[{"@type":"Article","@id":"https:\/\/macite.tg\/?p=12765#article","isPartOf":{"@id":"https:\/\/macite.tg\/?p=12765"},"author":{"name":"Jean Pierre BAWELA","@id":"https:\/\/macite.tg\/#\/schema\/person\/e9f2de7e5dbbe7770a9402c7ce82f5c2"},"headline":"EXPO 2023 A DOHA : Les atouts horticoles togolais expos\u00e9s au Qatar","datePublished":"2024-02-21T17:34:23+00:00","dateModified":"2024-02-21T17:34:25+00:00","mainEntityOfPage":{"@id":"https:\/\/macite.tg\/?p=12765"},"wordCount":352,"commentCount":0,"image":{"@id":"https:\/\/macite.tg\/?p=12765#primaryimage"},"thumbnailUrl":"https:\/\/macite.tg\/wp-content\/uploads\/2024\/02\/a2d706aaf7614e5cc251c821a3387b39_XL.jpg","articleSection":["ACTUALITE","ECONOMIE"],"inLanguage":"fr-FR","potentialAction":[{"@type":"CommentAction","name":"Comment","target":["https:\/\/macite.tg\/?p=12765#respond"]}]},{"@type":"WebPage","@id":"https:\/\/macite.tg\/?p=12765","url":"https:\/\/macite.tg\/?p=12765","name":"EXPO 2023 A DOHA : Les atouts horticoles togolais expos\u00e9s au Qatar -","isPartOf":{"@id":"https:\/\/macite.tg\/#website"},"primaryImageOfPage":{"@id":"https:\/\/macite.tg\/?p=12765#primaryimage"},"image":{"@id":"https:\/\/macite.tg\/?p=12765#primaryimage"},"thumbnailUrl":"https:\/\/macite.tg\/wp-content\/uploads\/2024\/02\/a2d706aaf7614e5cc251c821a3387b39_XL.jpg","datePublished":"2024-02-21T17:34:23+00:00","dateModified":"2024-02-21T17:34:25+00:00","author":{"@id":"https:\/\/macite.tg\/#\/schema\/person\/e9f2de7e5dbbe7770a9402c7ce82f5c2"},"breadcrumb":{"@id":"https:\/\/macite.tg\/?p=12765#breadcrumb"},"inLanguage":"fr-FR","potentialAction":[{"@type":"ReadAction","target":["https:\/\/macite.tg\/?p=12765"]}]},{"@type":"ImageObject","inLanguage":"fr-FR","@id":"https:\/\/macite.tg\/?p=12765#primaryimage","url":"https:\/\/macite.tg\/wp-content\/uploads\/2024\/02\/a2d706aaf7614e5cc251c821a3387b39_XL.jpg","contentUrl":"https:\/\/macite.tg\/wp-content\/uploads\/2024\/02\/a2d706aaf7614e5cc251c821a3387b39_XL.jpg","width":1080,"height":720},{"@type":"BreadcrumbList","@id":"https:\/\/macite.tg\/?p=12765#breadcrumb","itemListElement":[{"@type":"ListItem","position":1,"name":"Accueil","item":"https:\/\/macite.tg\/"},{"@type":"ListItem","position":2,"name":"EXPO 2023 A DOHA : Les atouts horticoles togolais expos\u00e9s au Qatar"}]},{"@type":"WebSite","@id":"https:\/\/macite.tg\/#website","url":"https:\/\/macite.tg\/","name":"","description":"L&#039;information, la bonne!!!","potentialAction":[{"@type":"SearchAction","target":{"@type":"EntryPoint","urlTemplate":"https:\/\/macite.tg\/?s={search_term_string}"},"query-input":{"@type":"PropertyValueSpecification","valueRequired":true,"valueName":"search_term_string"}}],"inLanguage":"fr-FR"},{"@type":"Person","@id":"https:\/\/macite.tg\/#\/schema\/person\/e9f2de7e5dbbe7770a9402c7ce82f5c2","name":"Jean Pierre BAWELA","image":{"@type":"ImageObject","inLanguage":"fr-FR","@id":"https:\/\/macite.tg\/wp-content\/uploads\/2023\/09\/WhatsApp-Image-2023-09-19-at-14.44.41-122x122.jpeg","url":"https:\/\/macite.tg\/wp-content\/uploads\/2023\/09\/WhatsApp-Image-2023-09-19-at-14.44.41-122x122.jpeg","contentUrl":"https:\/\/macite.tg\/wp-content\/uploads\/2023\/09\/WhatsApp-Image-2023-09-19-at-14.44.41-122x122.jpeg","caption":"Jean Pierre BAWELA"},"url":"https:\/\/macite.tg\/?author=2"}]}},"_links":{"self":[{"href":"https:\/\/macite.tg\/index.php?rest_route=\/wp\/v2\/posts\/12765","targetHints":{"allow":["GET"]}}],"collection":[{"href":"https:\/\/macite.tg\/index.php?rest_route=\/wp\/v2\/posts"}],"about":[{"href":"https:\/\/macite.tg\/index.php?rest_route=\/wp\/v2\/types\/post"}],"author":[{"embeddable":true,"href":"https:\/\/macite.tg\/index.php?rest_route=\/wp\/v2\/users\/2"}],"replies":[{"embeddable":true,"href":"https:\/\/macite.tg\/index.php?rest_route=%2Fwp%2Fv2%2Fcomments&post=12765"}],"version-history":[{"count":0,"href":"https:\/\/macite.tg\/index.php?rest_route=\/wp\/v2\/posts\/12765\/revisions"}],"wp:featuredmedia":[{"embeddable":true,"href":"https:\/\/macite.tg\/index.php?rest_route=\/wp\/v2\/media\/12768"}],"wp:attachment":[{"href":"https:\/\/macite.tg\/index.php?rest_route=%2Fwp%2Fv2%2Fmedia&parent=12765"}],"wp:term":[{"taxonomy":"category","embeddable":true,"href":"https:\/\/macite.tg\/index.php?rest_route=%2Fwp%2Fv2%2Fcategories&post=12765"},{"taxonomy":"post_tag","embeddable":true,"href":"https:\/\/macite.tg\/index.php?rest_route=%2Fwp%2Fv2%2Ftags&post=12765"}],"curies":[{"name":"wp","href":"https:\/\/api.w.org\/{rel}","templated":true}]}}