{"id":12759,"date":"2024-02-21T16:10:32","date_gmt":"2024-02-21T16:10:32","guid":{"rendered":"https:\/\/macite.tg\/?p=12759"},"modified":"2024-02-21T16:10:33","modified_gmt":"2024-02-21T16:10:33","slug":"crise-politique-au-senegal-si-javais-voulu-prolonger-jaurais-tout-simplement-macky-sall","status":"publish","type":"post","link":"https:\/\/macite.tg\/?p=12759","title":{"rendered":"CRISE POLITIQUE AU SENEGAL : \u00ab Si j\u2019avais voulu prolonger, j\u2019aurais tout simplement\u2026 \u00bb (Macky Sall)"},"content":{"rendered":"\n<h1 class=\"wp-block-heading\"><i class=\"fas fa-pencil-alt\"> <\/i><span><\/h1>\n\n\n\n<p class=\"wp-block-paragraph\"><strong><em>Au S\u00e9n\u00e9gal, la grande majorit\u00e9 des 16 candidats sur 19 en lice ont exprim\u00e9 leur m\u00e9contentement face \u00e0 ce qu\u2019ils consid\u00e8rent comme un refus du pr\u00e9sident Macky Sall de remplir son devoir r\u00e9galien d\u2019organiser des \u00e9lections libres et transparentes. Face \u00e0 ces attaques, le camp pr\u00e9sidentiel se d\u00e9fend\u2026<\/em><\/strong><\/p>\n\n\n\n<p class=\"wp-block-paragraph\">Selon le directeur de publication de <em>\u00ab\u00a0Jeune Afrique\u00a0\u00bb,<\/em> Macky Sall ne chercherait pas \u00e0 prolonger son mandat. Marwane Ben Yahmed affirme m\u00eame que le Chef de l&rsquo;Etat\u00a0sortant est press\u00e9 de quitter le pouvoir.<\/p>\n\n\n<div class=\"wp-block-image\">\n<figure class=\"aligncenter size-large is-resized\"><img loading=\"lazy\" decoding=\"async\" src=\"https:\/\/macite.tg\/wp-content\/uploads\/2024\/02\/IMG-20240220-WA0062-868x1024.jpg\" alt=\"\" class=\"wp-image-12721\" width=\"546\" height=\"643\" srcset=\"https:\/\/macite.tg\/wp-content\/uploads\/2024\/02\/IMG-20240220-WA0062-868x1024.jpg 868w, https:\/\/macite.tg\/wp-content\/uploads\/2024\/02\/IMG-20240220-WA0062-254x300.jpg 254w, https:\/\/macite.tg\/wp-content\/uploads\/2024\/02\/IMG-20240220-WA0062-768x906.jpg 768w, https:\/\/macite.tg\/wp-content\/uploads\/2024\/02\/IMG-20240220-WA0062-1302x1536.jpg 1302w, https:\/\/macite.tg\/wp-content\/uploads\/2024\/02\/IMG-20240220-WA0062.jpg 1356w\" sizes=\"auto, (max-width: 546px) 100vw, 546px\" \/><\/figure>\n<\/div>\n\n\n<p class=\"wp-block-paragraph\">Fatigu\u00e9 d\u2019\u00eatre critiqu\u00e9 sans rel\u00e2che, Macky Sall serait d\u00e9sireux de passer le relais, contrairement \u00e0 l\u2019image qui lui est souvent associ\u00e9e.<\/p>\n\n\n\n<p class=\"wp-block-paragraph\">Selon les propos rapport\u00e9s par Marwane Ben Yahmed dans un \u00e9ditorial, lors d\u2019un entretien au palais mi-f\u00e9vrier, le pr\u00e9sident aurait d\u00e9clar\u00e9 :<em>&nbsp;\u00ab&nbsp;On ne peut pas me faire ce proc\u00e8s. Si j\u2019avais voulu prolonger mon mandat, j\u2019aurais simplement brigu\u00e9 un troisi\u00e8me mandat, comme le permet la Constitution. J\u2019ai dit et r\u00e9p\u00e9t\u00e9 que je renon\u00e7ais \u00e0 cela. Ce n\u2019est pas pour me d\u00e9dire aujourd\u2019hui !&nbsp;\u00bb<\/em><\/p>\n\n\n<div class=\"wp-block-image\">\n<figure class=\"aligncenter size-full is-resized\"><img loading=\"lazy\" decoding=\"async\" src=\"https:\/\/macite.tg\/wp-content\/uploads\/2024\/02\/426709901_909930414475099_6338070050102141440_n.jpg\" alt=\"\" class=\"wp-image-12603\" width=\"550\" height=\"550\" srcset=\"https:\/\/macite.tg\/wp-content\/uploads\/2024\/02\/426709901_909930414475099_6338070050102141440_n.jpg 843w, https:\/\/macite.tg\/wp-content\/uploads\/2024\/02\/426709901_909930414475099_6338070050102141440_n-300x300.jpg 300w, https:\/\/macite.tg\/wp-content\/uploads\/2024\/02\/426709901_909930414475099_6338070050102141440_n-150x150.jpg 150w, https:\/\/macite.tg\/wp-content\/uploads\/2024\/02\/426709901_909930414475099_6338070050102141440_n-768x768.jpg 768w, https:\/\/macite.tg\/wp-content\/uploads\/2024\/02\/426709901_909930414475099_6338070050102141440_n-122x122.jpg 122w\" sizes=\"auto, (max-width: 550px) 100vw, 550px\" \/><\/figure>\n<\/div>\n\n\n<p class=\"wp-block-paragraph\"><em>\u00ab\u00a0Il \u00e9tait, en revanche, irresponsable d\u2019aller aux \u00e9lections dans les conditions qui pr\u00e9valaient \u00e0 la veille du d\u00e9but de la campagne. J\u2019ai pris mes responsabilit\u00e9s\u2026\u00a0\u00bb<\/em>, a-t-il ajout\u00e9. Marwane Ben Yahmed de dire :<em>\u00a0\u00ab\u00a0Reste \u00e0 savoir s\u2019il parviendra \u00e0 imposer son (dernier) choix ou s\u2019il c\u00e9dera \u00e0 la pression g\u00e9n\u00e9rale\u00a0\u00bb.<\/em><\/p>\n\n\n\n<p class=\"wp-block-paragraph\"><strong>SeneNews<\/strong><\/p>\n\n\n\n<p class=\"wp-block-paragraph\"><a><strong><em>@macite.tg&nbsp;&nbsp;&nbsp;&nbsp;&nbsp;&nbsp;&nbsp;&nbsp;<\/em><\/strong><\/a><\/p>\n\n\n\n<p class=\"wp-block-paragraph\"><strong><em>E-mail&nbsp;: <\/em><\/strong><a href=\"mailto:maciteinfo@gmail.com\"><strong><em>maciteinfo@gmail.com<\/em><\/strong><\/a><strong><em>; <\/em><\/strong><a href=\"mailto:bawela1@gmail.com\"><strong><em>bawela1@gmail.com<\/em><\/strong><\/a><strong><em><\/em><\/strong><\/p>\n\n\n\n<p class=\"wp-block-paragraph\"><strong><em>Pour vos annonces, (publi)reportages, etc., joignez-nous au (00228)91515309\/<strong>79872224 <\/strong>www.macite.tg, L\u2019information, la bonne&nbsp;!<\/em><\/strong><\/p>\n","protected":false},"excerpt":{"rendered":"<p class=\"text-justify mb-2\" >Au S\u00e9n\u00e9gal, la grande majorit\u00e9 des 16 candidats sur 19 en lice ont exprim\u00e9 leur m\u00e9contentement face \u00e0 ce qu\u2019ils consid\u00e8rent comme un refus du pr\u00e9sident Macky Sall de remplir son devoir r\u00e9galien d\u2019organiser des \u00e9lections libres et transparentes. Face \u00e0 ces attaques, le camp [&hellip;]<\/p>\n","protected":false},"author":2,"featured_media":12762,"comment_status":"open","ping_status":"open","sticky":false,"template":"","format":"standard","meta":{"footnotes":""},"categories":[1],"tags":[],"class_list":["post-12759","post","type-post","status-publish","format-standard","has-post-thumbnail","hentry","category-politique"],"yoast_head":"<!-- This site is optimized with the Yoast SEO plugin v28.4 - https:\/\/yoast.com\/product\/yoast-seo-wordpress\/ -->\n<title>CRISE POLITIQUE AU SENEGAL : \u00ab Si j\u2019avais voulu prolonger, j\u2019aurais tout simplement\u2026 \u00bb (Macky Sall) -<\/title>\n<meta name=\"robots\" content=\"index, follow, max-snippet:-1, max-image-preview:large, max-video-preview:-1\" \/>\n<link rel=\"canonical\" href=\"https:\/\/macite.tg\/?p=12759\" \/>\n<meta property=\"og:locale\" content=\"fr_FR\" \/>\n<meta property=\"og:type\" content=\"article\" \/>\n<meta property=\"og:title\" content=\"CRISE POLITIQUE AU SENEGAL : \u00ab Si j\u2019avais voulu prolonger, j\u2019aurais tout simplement\u2026 \u00bb (Macky Sall) -\" \/>\n<meta property=\"og:description\" content=\"Au S\u00e9n\u00e9gal, la grande majorit\u00e9 des 16 candidats sur 19 en lice ont exprim\u00e9 leur m\u00e9contentement face \u00e0 ce qu\u2019ils consid\u00e8rent comme un refus du pr\u00e9sident Macky Sall de remplir son devoir r\u00e9galien d\u2019organiser des \u00e9lections libres et transparentes. Face \u00e0 ces attaques, le camp [&hellip;]\" \/>\n<meta property=\"og:url\" content=\"https:\/\/macite.tg\/?p=12759\" \/>\n<meta property=\"article:published_time\" content=\"2024-02-21T16:10:32+00:00\" \/>\n<meta property=\"article:modified_time\" content=\"2024-02-21T16:10:33+00:00\" \/>\n<meta property=\"og:image\" content=\"https:\/\/macite.tg\/wp-content\/uploads\/2024\/02\/image-59.png\" \/>\n\t<meta property=\"og:image:width\" content=\"696\" \/>\n\t<meta property=\"og:image:height\" content=\"367\" \/>\n\t<meta property=\"og:image:type\" content=\"image\/png\" \/>\n<meta name=\"author\" content=\"Jean Pierre BAWELA\" \/>\n<meta name=\"twitter:card\" content=\"summary_large_image\" \/>\n<meta name=\"twitter:label1\" content=\"\u00c9crit par\" \/>\n\t<meta name=\"twitter:data1\" content=\"Jean Pierre BAWELA\" \/>\n\t<meta name=\"twitter:label2\" content=\"Dur\u00e9e de lecture estim\u00e9e\" \/>\n\t<meta name=\"twitter:data2\" content=\"1 minute\" \/>\n<script type=\"application\/ld+json\" class=\"yoast-schema-graph\">{\"@context\":\"https:\\\/\\\/schema.org\",\"@graph\":[{\"@type\":\"Article\",\"@id\":\"https:\\\/\\\/macite.tg\\\/?p=12759#article\",\"isPartOf\":{\"@id\":\"https:\\\/\\\/macite.tg\\\/?p=12759\"},\"author\":{\"name\":\"Jean Pierre BAWELA\",\"@id\":\"https:\\\/\\\/macite.tg\\\/#\\\/schema\\\/person\\\/e9f2de7e5dbbe7770a9402c7ce82f5c2\"},\"headline\":\"CRISE POLITIQUE AU SENEGAL : \u00ab Si j\u2019avais voulu prolonger, j\u2019aurais tout simplement\u2026 \u00bb (Macky Sall)\",\"datePublished\":\"2024-02-21T16:10:32+00:00\",\"dateModified\":\"2024-02-21T16:10:33+00:00\",\"mainEntityOfPage\":{\"@id\":\"https:\\\/\\\/macite.tg\\\/?p=12759\"},\"wordCount\":299,\"commentCount\":0,\"image\":{\"@id\":\"https:\\\/\\\/macite.tg\\\/?p=12759#primaryimage\"},\"thumbnailUrl\":\"https:\\\/\\\/macite.tg\\\/wp-content\\\/uploads\\\/2024\\\/02\\\/image-59.png\",\"articleSection\":[\"POLITIQUE\"],\"inLanguage\":\"fr-FR\",\"potentialAction\":[{\"@type\":\"CommentAction\",\"name\":\"Comment\",\"target\":[\"https:\\\/\\\/macite.tg\\\/?p=12759#respond\"]}]},{\"@type\":\"WebPage\",\"@id\":\"https:\\\/\\\/macite.tg\\\/?p=12759\",\"url\":\"https:\\\/\\\/macite.tg\\\/?p=12759\",\"name\":\"CRISE POLITIQUE AU SENEGAL : \u00ab Si j\u2019avais voulu prolonger, j\u2019aurais tout simplement\u2026 \u00bb (Macky Sall) -\",\"isPartOf\":{\"@id\":\"https:\\\/\\\/macite.tg\\\/#website\"},\"primaryImageOfPage\":{\"@id\":\"https:\\\/\\\/macite.tg\\\/?p=12759#primaryimage\"},\"image\":{\"@id\":\"https:\\\/\\\/macite.tg\\\/?p=12759#primaryimage\"},\"thumbnailUrl\":\"https:\\\/\\\/macite.tg\\\/wp-content\\\/uploads\\\/2024\\\/02\\\/image-59.png\",\"datePublished\":\"2024-02-21T16:10:32+00:00\",\"dateModified\":\"2024-02-21T16:10:33+00:00\",\"author\":{\"@id\":\"https:\\\/\\\/macite.tg\\\/#\\\/schema\\\/person\\\/e9f2de7e5dbbe7770a9402c7ce82f5c2\"},\"breadcrumb\":{\"@id\":\"https:\\\/\\\/macite.tg\\\/?p=12759#breadcrumb\"},\"inLanguage\":\"fr-FR\",\"potentialAction\":[{\"@type\":\"ReadAction\",\"target\":[\"https:\\\/\\\/macite.tg\\\/?p=12759\"]}]},{\"@type\":\"ImageObject\",\"inLanguage\":\"fr-FR\",\"@id\":\"https:\\\/\\\/macite.tg\\\/?p=12759#primaryimage\",\"url\":\"https:\\\/\\\/macite.tg\\\/wp-content\\\/uploads\\\/2024\\\/02\\\/image-59.png\",\"contentUrl\":\"https:\\\/\\\/macite.tg\\\/wp-content\\\/uploads\\\/2024\\\/02\\\/image-59.png\",\"width\":696,\"height\":367},{\"@type\":\"BreadcrumbList\",\"@id\":\"https:\\\/\\\/macite.tg\\\/?p=12759#breadcrumb\",\"itemListElement\":[{\"@type\":\"ListItem\",\"position\":1,\"name\":\"Accueil\",\"item\":\"https:\\\/\\\/macite.tg\\\/\"},{\"@type\":\"ListItem\",\"position\":2,\"name\":\"CRISE POLITIQUE AU SENEGAL : \u00ab Si j\u2019avais voulu prolonger, j\u2019aurais tout simplement\u2026 \u00bb (Macky Sall)\"}]},{\"@type\":\"WebSite\",\"@id\":\"https:\\\/\\\/macite.tg\\\/#website\",\"url\":\"https:\\\/\\\/macite.tg\\\/\",\"name\":\"\",\"description\":\"L&#039;information, la bonne!!!\",\"potentialAction\":[{\"@type\":\"SearchAction\",\"target\":{\"@type\":\"EntryPoint\",\"urlTemplate\":\"https:\\\/\\\/macite.tg\\\/?s={search_term_string}\"},\"query-input\":{\"@type\":\"PropertyValueSpecification\",\"valueRequired\":true,\"valueName\":\"search_term_string\"}}],\"inLanguage\":\"fr-FR\"},{\"@type\":\"Person\",\"@id\":\"https:\\\/\\\/macite.tg\\\/#\\\/schema\\\/person\\\/e9f2de7e5dbbe7770a9402c7ce82f5c2\",\"name\":\"Jean Pierre BAWELA\",\"image\":{\"@type\":\"ImageObject\",\"inLanguage\":\"fr-FR\",\"@id\":\"https:\\\/\\\/macite.tg\\\/wp-content\\\/uploads\\\/2023\\\/09\\\/WhatsApp-Image-2023-09-19-at-14.44.41-122x122.jpeg\",\"url\":\"https:\\\/\\\/macite.tg\\\/wp-content\\\/uploads\\\/2023\\\/09\\\/WhatsApp-Image-2023-09-19-at-14.44.41-122x122.jpeg\",\"contentUrl\":\"https:\\\/\\\/macite.tg\\\/wp-content\\\/uploads\\\/2023\\\/09\\\/WhatsApp-Image-2023-09-19-at-14.44.41-122x122.jpeg\",\"caption\":\"Jean Pierre BAWELA\"},\"url\":\"https:\\\/\\\/macite.tg\\\/?author=2\"}]}<\/script>\n<!-- \/ Yoast SEO plugin. -->","yoast_head_json":{"title":"CRISE POLITIQUE AU SENEGAL : \u00ab Si j\u2019avais voulu prolonger, j\u2019aurais tout simplement\u2026 \u00bb (Macky Sall) -","robots":{"index":"index","follow":"follow","max-snippet":"max-snippet:-1","max-image-preview":"max-image-preview:large","max-video-preview":"max-video-preview:-1"},"canonical":"https:\/\/macite.tg\/?p=12759","og_locale":"fr_FR","og_type":"article","og_title":"CRISE POLITIQUE AU SENEGAL : \u00ab Si j\u2019avais voulu prolonger, j\u2019aurais tout simplement\u2026 \u00bb (Macky Sall) -","og_description":"Au S\u00e9n\u00e9gal, la grande majorit\u00e9 des 16 candidats sur 19 en lice ont exprim\u00e9 leur m\u00e9contentement face \u00e0 ce qu\u2019ils consid\u00e8rent comme un refus du pr\u00e9sident Macky Sall de remplir son devoir r\u00e9galien d\u2019organiser des \u00e9lections libres et transparentes. Face \u00e0 ces attaques, le camp [&hellip;]","og_url":"https:\/\/macite.tg\/?p=12759","article_published_time":"2024-02-21T16:10:32+00:00","article_modified_time":"2024-02-21T16:10:33+00:00","og_image":[{"width":696,"height":367,"url":"https:\/\/macite.tg\/wp-content\/uploads\/2024\/02\/image-59.png","type":"image\/png"}],"author":"Jean Pierre BAWELA","twitter_card":"summary_large_image","twitter_misc":{"\u00c9crit par":"Jean Pierre BAWELA","Dur\u00e9e de lecture estim\u00e9e":"1 minute"},"schema":{"@context":"https:\/\/schema.org","@graph":[{"@type":"Article","@id":"https:\/\/macite.tg\/?p=12759#article","isPartOf":{"@id":"https:\/\/macite.tg\/?p=12759"},"author":{"name":"Jean Pierre BAWELA","@id":"https:\/\/macite.tg\/#\/schema\/person\/e9f2de7e5dbbe7770a9402c7ce82f5c2"},"headline":"CRISE POLITIQUE AU SENEGAL : \u00ab Si j\u2019avais voulu prolonger, j\u2019aurais tout simplement\u2026 \u00bb (Macky Sall)","datePublished":"2024-02-21T16:10:32+00:00","dateModified":"2024-02-21T16:10:33+00:00","mainEntityOfPage":{"@id":"https:\/\/macite.tg\/?p=12759"},"wordCount":299,"commentCount":0,"image":{"@id":"https:\/\/macite.tg\/?p=12759#primaryimage"},"thumbnailUrl":"https:\/\/macite.tg\/wp-content\/uploads\/2024\/02\/image-59.png","articleSection":["POLITIQUE"],"inLanguage":"fr-FR","potentialAction":[{"@type":"CommentAction","name":"Comment","target":["https:\/\/macite.tg\/?p=12759#respond"]}]},{"@type":"WebPage","@id":"https:\/\/macite.tg\/?p=12759","url":"https:\/\/macite.tg\/?p=12759","name":"CRISE POLITIQUE AU SENEGAL : \u00ab Si j\u2019avais voulu prolonger, j\u2019aurais tout simplement\u2026 \u00bb (Macky Sall) -","isPartOf":{"@id":"https:\/\/macite.tg\/#website"},"primaryImageOfPage":{"@id":"https:\/\/macite.tg\/?p=12759#primaryimage"},"image":{"@id":"https:\/\/macite.tg\/?p=12759#primaryimage"},"thumbnailUrl":"https:\/\/macite.tg\/wp-content\/uploads\/2024\/02\/image-59.png","datePublished":"2024-02-21T16:10:32+00:00","dateModified":"2024-02-21T16:10:33+00:00","author":{"@id":"https:\/\/macite.tg\/#\/schema\/person\/e9f2de7e5dbbe7770a9402c7ce82f5c2"},"breadcrumb":{"@id":"https:\/\/macite.tg\/?p=12759#breadcrumb"},"inLanguage":"fr-FR","potentialAction":[{"@type":"ReadAction","target":["https:\/\/macite.tg\/?p=12759"]}]},{"@type":"ImageObject","inLanguage":"fr-FR","@id":"https:\/\/macite.tg\/?p=12759#primaryimage","url":"https:\/\/macite.tg\/wp-content\/uploads\/2024\/02\/image-59.png","contentUrl":"https:\/\/macite.tg\/wp-content\/uploads\/2024\/02\/image-59.png","width":696,"height":367},{"@type":"BreadcrumbList","@id":"https:\/\/macite.tg\/?p=12759#breadcrumb","itemListElement":[{"@type":"ListItem","position":1,"name":"Accueil","item":"https:\/\/macite.tg\/"},{"@type":"ListItem","position":2,"name":"CRISE POLITIQUE AU SENEGAL : \u00ab Si j\u2019avais voulu prolonger, j\u2019aurais tout simplement\u2026 \u00bb (Macky Sall)"}]},{"@type":"WebSite","@id":"https:\/\/macite.tg\/#website","url":"https:\/\/macite.tg\/","name":"","description":"L&#039;information, la bonne!!!","potentialAction":[{"@type":"SearchAction","target":{"@type":"EntryPoint","urlTemplate":"https:\/\/macite.tg\/?s={search_term_string}"},"query-input":{"@type":"PropertyValueSpecification","valueRequired":true,"valueName":"search_term_string"}}],"inLanguage":"fr-FR"},{"@type":"Person","@id":"https:\/\/macite.tg\/#\/schema\/person\/e9f2de7e5dbbe7770a9402c7ce82f5c2","name":"Jean Pierre BAWELA","image":{"@type":"ImageObject","inLanguage":"fr-FR","@id":"https:\/\/macite.tg\/wp-content\/uploads\/2023\/09\/WhatsApp-Image-2023-09-19-at-14.44.41-122x122.jpeg","url":"https:\/\/macite.tg\/wp-content\/uploads\/2023\/09\/WhatsApp-Image-2023-09-19-at-14.44.41-122x122.jpeg","contentUrl":"https:\/\/macite.tg\/wp-content\/uploads\/2023\/09\/WhatsApp-Image-2023-09-19-at-14.44.41-122x122.jpeg","caption":"Jean Pierre BAWELA"},"url":"https:\/\/macite.tg\/?author=2"}]}},"_links":{"self":[{"href":"https:\/\/macite.tg\/index.php?rest_route=\/wp\/v2\/posts\/12759","targetHints":{"allow":["GET"]}}],"collection":[{"href":"https:\/\/macite.tg\/index.php?rest_route=\/wp\/v2\/posts"}],"about":[{"href":"https:\/\/macite.tg\/index.php?rest_route=\/wp\/v2\/types\/post"}],"author":[{"embeddable":true,"href":"https:\/\/macite.tg\/index.php?rest_route=\/wp\/v2\/users\/2"}],"replies":[{"embeddable":true,"href":"https:\/\/macite.tg\/index.php?rest_route=%2Fwp%2Fv2%2Fcomments&post=12759"}],"version-history":[{"count":0,"href":"https:\/\/macite.tg\/index.php?rest_route=\/wp\/v2\/posts\/12759\/revisions"}],"wp:featuredmedia":[{"embeddable":true,"href":"https:\/\/macite.tg\/index.php?rest_route=\/wp\/v2\/media\/12762"}],"wp:attachment":[{"href":"https:\/\/macite.tg\/index.php?rest_route=%2Fwp%2Fv2%2Fmedia&parent=12759"}],"wp:term":[{"taxonomy":"category","embeddable":true,"href":"https:\/\/macite.tg\/index.php?rest_route=%2Fwp%2Fv2%2Fcategories&post=12759"},{"taxonomy":"post_tag","embeddable":true,"href":"https:\/\/macite.tg\/index.php?rest_route=%2Fwp%2Fv2%2Ftags&post=12759"}],"curies":[{"name":"wp","href":"https:\/\/api.w.org\/{rel}","templated":true}]}}