{"id":12735,"date":"2024-02-20T17:46:22","date_gmt":"2024-02-20T17:46:22","guid":{"rendered":"https:\/\/macite.tg\/?p=12735"},"modified":"2024-02-20T17:46:25","modified_gmt":"2024-02-20T17:46:25","slug":"show-biz-apres-avoir-touche-le-fond-petit-denis-de-retour-sur-scene","status":"publish","type":"post","link":"https:\/\/macite.tg\/?p=12735","title":{"rendered":"SHOW BIZ\u00a0: Apr\u00e8s avoir touch\u00e9 le fond, Petit Denis de retour sur sc\u00e8ne"},"content":{"rendered":"\n<h1 class=\"wp-block-heading\"><i class=\"fas fa-pencil-alt\"> <\/i><span><\/h1>\n\n\n\n<p class=\"wp-block-paragraph\"><strong><em>Il y a plus de peur que de mal pour l\u2019artiste Zouglou, Petit Denis. Tr\u00e8s malade et hospitalis\u00e9 dans une clinique de la place, Denco est retour pour le grand bonheur de ses fans avec un nouveau single.\u00a0<\/em><\/strong><\/p>\n\n\n\n<h3 class=\"wp-block-heading\"><i class=\"fas fa-pencil-alt\"> <\/i><span><strong>Petit D\u00e9nis :&nbsp;<\/strong>&nbsp;\u00ab&nbsp;<em>Je faisais tout juste une petite crise de fatigue&nbsp;\u00bb<\/em><\/h3>\n\n\n\n<p class=\"wp-block-paragraph\"><strong><em>Le chanteur Zouglou ivoirien, Petit Denis&nbsp;a pass\u00e9 de terribles moments vers les derniers mois de l\u2019ann\u00e9e 2023. Ses fans, les artistes, ses proches et quelques personnalit\u00e9s ont eu une sacr\u00e9e sueur froide pour lui. Pendant cette p\u00e9riode trouble du capitaine du Zouglou, une rumeur avait m\u00eame envahi la toile annon\u00e7ant sa mort. Mais, rien de tout cela \u00e9tait vrai. Le groupe Zouglou, R\u00e9volution a aussi sorti un single pour apporter leur soutien \u00e0 Petit Denis.<\/em><\/strong><\/p>\n\n\n<div class=\"wp-block-image\">\n<figure class=\"aligncenter size-large is-resized\"><img loading=\"lazy\" decoding=\"async\" src=\"https:\/\/macite.tg\/wp-content\/uploads\/2024\/02\/IMG-20240220-WA0062-868x1024.jpg\" alt=\"\" class=\"wp-image-12721\" width=\"541\" height=\"637\" srcset=\"https:\/\/macite.tg\/wp-content\/uploads\/2024\/02\/IMG-20240220-WA0062-868x1024.jpg 868w, https:\/\/macite.tg\/wp-content\/uploads\/2024\/02\/IMG-20240220-WA0062-254x300.jpg 254w, https:\/\/macite.tg\/wp-content\/uploads\/2024\/02\/IMG-20240220-WA0062-768x906.jpg 768w, https:\/\/macite.tg\/wp-content\/uploads\/2024\/02\/IMG-20240220-WA0062-1302x1536.jpg 1302w, https:\/\/macite.tg\/wp-content\/uploads\/2024\/02\/IMG-20240220-WA0062.jpg 1356w\" sizes=\"auto, (max-width: 541px) 100vw, 541px\" \/><\/figure>\n<\/div>\n\n\n<p class=\"wp-block-paragraph\">D\u00e9nis Koulat\u00e9 connu \u00e9galement sous le pseudonyme \u2018\u2019El Capo\u2019\u2019 \u00e9tait pris en charge dans un \u00e9tablissement sanitaire de la capitale du District d\u2019Abidjan, tenu secret par sa maison de production A. Phoenix Music.<\/p>\n\n\n\n<p class=\"wp-block-paragraph\">Plusieurs mois pass\u00e9s dans les mains des toubibs, l\u2019artiste Zouglou s\u2019est remis sur pied pour le grand bonheur de ses nombreux admirateurs.<\/p>\n\n\n\n<p class=\"wp-block-paragraph\">D\u2019ailleurs, Denco a repris quelques prestations musicales en ville. Il a m\u00eame re\u00e7u un standing ovation au concert de remerciement des artistes ivoiriens au Pr\u00e9sident de la R\u00e9publique, Alassane Ouattara le dimanche 18 f\u00e9vrier dernier sur le Boulevard Val\u00e9rie Giscard d\u2019Estaing lorsqu\u2019il a \u00e9t\u00e9 annonc\u00e9 sur le podium.<\/p>\n\n\n<div class=\"wp-block-image\">\n<figure class=\"aligncenter size-full is-resized\"><img loading=\"lazy\" decoding=\"async\" src=\"https:\/\/macite.tg\/wp-content\/uploads\/2024\/02\/ANNONCES-1-768x319-2.jpg\" alt=\"\" class=\"wp-image-12679\" width=\"649\" height=\"270\" srcset=\"https:\/\/macite.tg\/wp-content\/uploads\/2024\/02\/ANNONCES-1-768x319-2.jpg 768w, https:\/\/macite.tg\/wp-content\/uploads\/2024\/02\/ANNONCES-1-768x319-2-300x125.jpg 300w\" sizes=\"auto, (max-width: 649px) 100vw, 649px\" \/><\/figure>\n<\/div>\n\n\n<p class=\"wp-block-paragraph\">Mieux, Petit Denis a sorti un nouveau single intitul\u00e9&nbsp;<em>\u2018\u2019Solawe\u2019\u2019<\/em>, qu\u2019il a pr\u00e9sent\u00e9 en exclusivit\u00e9 hier lundi 19 f\u00e9vrier au cours de l\u2019\u00e9mission \u2018\u2019Willy \u00e0 Midi\u2019\u2019, sur Life TV.<\/p>\n\n\n\n<p class=\"wp-block-paragraph\">Avant une belle prestation bien appr\u00e9ci\u00e9e par le public pr\u00e9sent, le chanteur Zouglou est revenu sur le mal qui le rongeait et qui l\u2019avait \u00e9loign\u00e9 un tout petit peu de ses fans et sur la rumeur de sa mort.&nbsp;<\/p>\n\n\n\n<p class=\"wp-block-paragraph\"><em>\u00ab&nbsp;Je faisais tout juste une petite crise de fatigue. Je suis quelqu\u2019un qui bouge beaucoup. Je ne sais pas d\u2019o\u00f9 cette rumeur est quitt\u00e9e. Ce n\u2019est pas la premi\u00e8re fois qu\u2019on me tue. C\u2019est Dieu qui a le dernier mot. Cette rumeur a jou\u00e9 \u00e9norm\u00e9ment sur mon esprit. Mais, j\u2019ai r\u00e9ussi \u00e0 la surmonter&nbsp;\u00bb<\/em>, dit-il.<\/p>\n\n\n\n<p class=\"wp-block-paragraph\">Au sujet de son comportement \u00e0 pol\u00e9mique, El Capo se remet beaucoup en question et avoue qu\u2019il aimerait changer dans sa vie pour faire plaisir \u00e0 ses fans.<\/p>\n\n\n<div class=\"wp-block-image\">\n<figure class=\"aligncenter size-full is-resized\"><img loading=\"lazy\" decoding=\"async\" src=\"https:\/\/macite.tg\/wp-content\/uploads\/2024\/02\/426709901_909930414475099_6338070050102141440_n.jpg\" alt=\"\" class=\"wp-image-12603\" width=\"587\" height=\"587\" srcset=\"https:\/\/macite.tg\/wp-content\/uploads\/2024\/02\/426709901_909930414475099_6338070050102141440_n.jpg 843w, https:\/\/macite.tg\/wp-content\/uploads\/2024\/02\/426709901_909930414475099_6338070050102141440_n-300x300.jpg 300w, https:\/\/macite.tg\/wp-content\/uploads\/2024\/02\/426709901_909930414475099_6338070050102141440_n-150x150.jpg 150w, https:\/\/macite.tg\/wp-content\/uploads\/2024\/02\/426709901_909930414475099_6338070050102141440_n-768x768.jpg 768w, https:\/\/macite.tg\/wp-content\/uploads\/2024\/02\/426709901_909930414475099_6338070050102141440_n-122x122.jpg 122w\" sizes=\"auto, (max-width: 587px) 100vw, 587px\" \/><\/figure>\n<\/div>\n\n\n<p class=\"wp-block-paragraph\">L\u2019enfant du quartier de Gbatanikro a aussi adress\u00e9 sa gratitude au groupe Zouglou R\u00e9volution qui lui a rendu hommage \u00e0 travers une chanson.&nbsp;<em>\u00ab&nbsp;Je dis vraiment merci au groupe R\u00e9volution pour cette chanson en ma faveur mais j\u2019aimerais leur dire que, je vais leur donner leur r\u00e9ponse en chanson aussi car, ce couloir, n\u2019est pas mon couloir<strong>&nbsp;\u00bb<\/strong><\/em>, souligne-t-il.<\/p>\n\n\n\n<p class=\"wp-block-paragraph\">Source&nbsp;: @netafrique<\/p>\n\n\n\n<p class=\"wp-block-paragraph\"><strong><em>@macite.tg&nbsp;&nbsp;&nbsp;&nbsp;&nbsp;&nbsp;&nbsp;&nbsp;<\/em><\/strong><\/p>\n\n\n\n<p class=\"wp-block-paragraph\"><strong><em>E-mail&nbsp;: <\/em><\/strong><a href=\"mailto:maciteinfo@gmail.com\"><strong><em>maciteinfo@gmail.com<\/em><\/strong><\/a><strong><em>; <\/em><\/strong><a href=\"mailto:bawela1@gmail.com\"><strong><em>bawela1@gmail.com<\/em><\/strong><\/a><strong><em><\/em><\/strong><\/p>\n\n\n\n<p class=\"wp-block-paragraph\"><strong><em>Pour vos annonces, (publi)reportages, etc., joignez-nous au (00228)91515309\/<strong>79872224 <\/strong>www.macite.tg, L\u2019information, la bonne&nbsp;!<\/em><\/strong><\/p>\n","protected":false},"excerpt":{"rendered":"<p class=\"text-justify mb-2\" >Il y a plus de peur que de mal pour l\u2019artiste Zouglou, Petit Denis. Tr\u00e8s malade et hospitalis\u00e9 dans une clinique de la place, Denco est retour pour le grand bonheur de ses fans avec un nouveau single.\u00a0 Petit D\u00e9nis :&nbsp;&nbsp;\u00ab&nbsp;Je faisais tout juste une [&hellip;]<\/p>\n","protected":false},"author":2,"featured_media":12737,"comment_status":"open","ping_status":"open","sticky":false,"template":"","format":"standard","meta":{"footnotes":""},"categories":[20,51],"tags":[],"class_list":["post-12735","post","type-post","status-publish","format-standard","has-post-thumbnail","hentry","category-actualite","category-musique"],"yoast_head":"<!-- This site is optimized with the Yoast SEO plugin v28.4 - https:\/\/yoast.com\/product\/yoast-seo-wordpress\/ -->\n<title>SHOW BIZ\u00a0: Apr\u00e8s avoir touch\u00e9 le fond, Petit Denis de retour sur sc\u00e8ne -<\/title>\n<meta name=\"robots\" content=\"index, follow, max-snippet:-1, max-image-preview:large, max-video-preview:-1\" \/>\n<link rel=\"canonical\" href=\"https:\/\/macite.tg\/?p=12735\" \/>\n<meta property=\"og:locale\" content=\"fr_FR\" \/>\n<meta property=\"og:type\" content=\"article\" \/>\n<meta property=\"og:title\" content=\"SHOW BIZ\u00a0: Apr\u00e8s avoir touch\u00e9 le fond, Petit Denis de retour sur sc\u00e8ne -\" \/>\n<meta property=\"og:description\" content=\"Il y a plus de peur que de mal pour l\u2019artiste Zouglou, Petit Denis. Tr\u00e8s malade et hospitalis\u00e9 dans une clinique de la place, Denco est retour pour le grand bonheur de ses fans avec un nouveau single.\u00a0 Petit D\u00e9nis :&nbsp;&nbsp;\u00ab&nbsp;Je faisais tout juste une [&hellip;]\" \/>\n<meta property=\"og:url\" content=\"https:\/\/macite.tg\/?p=12735\" \/>\n<meta property=\"article:published_time\" content=\"2024-02-20T17:46:22+00:00\" \/>\n<meta property=\"article:modified_time\" content=\"2024-02-20T17:46:25+00:00\" \/>\n<meta property=\"og:image\" content=\"https:\/\/macite.tg\/wp-content\/uploads\/2024\/02\/image-54.png\" \/>\n\t<meta property=\"og:image:width\" content=\"750\" \/>\n\t<meta property=\"og:image:height\" content=\"375\" \/>\n\t<meta property=\"og:image:type\" content=\"image\/png\" \/>\n<meta name=\"author\" content=\"Jean Pierre BAWELA\" \/>\n<meta name=\"twitter:card\" content=\"summary_large_image\" \/>\n<meta name=\"twitter:label1\" content=\"\u00c9crit par\" \/>\n\t<meta name=\"twitter:data1\" content=\"Jean Pierre BAWELA\" \/>\n\t<meta name=\"twitter:label2\" content=\"Dur\u00e9e de lecture estim\u00e9e\" \/>\n\t<meta name=\"twitter:data2\" content=\"3 minutes\" \/>\n<script type=\"application\/ld+json\" class=\"yoast-schema-graph\">{\"@context\":\"https:\\\/\\\/schema.org\",\"@graph\":[{\"@type\":\"Article\",\"@id\":\"https:\\\/\\\/macite.tg\\\/?p=12735#article\",\"isPartOf\":{\"@id\":\"https:\\\/\\\/macite.tg\\\/?p=12735\"},\"author\":{\"name\":\"Jean Pierre BAWELA\",\"@id\":\"https:\\\/\\\/macite.tg\\\/#\\\/schema\\\/person\\\/e9f2de7e5dbbe7770a9402c7ce82f5c2\"},\"headline\":\"SHOW BIZ\u00a0: Apr\u00e8s avoir touch\u00e9 le fond, Petit Denis de retour sur sc\u00e8ne\",\"datePublished\":\"2024-02-20T17:46:22+00:00\",\"dateModified\":\"2024-02-20T17:46:25+00:00\",\"mainEntityOfPage\":{\"@id\":\"https:\\\/\\\/macite.tg\\\/?p=12735\"},\"wordCount\":543,\"commentCount\":0,\"image\":{\"@id\":\"https:\\\/\\\/macite.tg\\\/?p=12735#primaryimage\"},\"thumbnailUrl\":\"https:\\\/\\\/macite.tg\\\/wp-content\\\/uploads\\\/2024\\\/02\\\/image-54.png\",\"articleSection\":[\"ACTUALITE\",\"MUSIQUE\"],\"inLanguage\":\"fr-FR\",\"potentialAction\":[{\"@type\":\"CommentAction\",\"name\":\"Comment\",\"target\":[\"https:\\\/\\\/macite.tg\\\/?p=12735#respond\"]}]},{\"@type\":\"WebPage\",\"@id\":\"https:\\\/\\\/macite.tg\\\/?p=12735\",\"url\":\"https:\\\/\\\/macite.tg\\\/?p=12735\",\"name\":\"SHOW BIZ\u00a0: Apr\u00e8s avoir touch\u00e9 le fond, Petit Denis de retour sur sc\u00e8ne -\",\"isPartOf\":{\"@id\":\"https:\\\/\\\/macite.tg\\\/#website\"},\"primaryImageOfPage\":{\"@id\":\"https:\\\/\\\/macite.tg\\\/?p=12735#primaryimage\"},\"image\":{\"@id\":\"https:\\\/\\\/macite.tg\\\/?p=12735#primaryimage\"},\"thumbnailUrl\":\"https:\\\/\\\/macite.tg\\\/wp-content\\\/uploads\\\/2024\\\/02\\\/image-54.png\",\"datePublished\":\"2024-02-20T17:46:22+00:00\",\"dateModified\":\"2024-02-20T17:46:25+00:00\",\"author\":{\"@id\":\"https:\\\/\\\/macite.tg\\\/#\\\/schema\\\/person\\\/e9f2de7e5dbbe7770a9402c7ce82f5c2\"},\"breadcrumb\":{\"@id\":\"https:\\\/\\\/macite.tg\\\/?p=12735#breadcrumb\"},\"inLanguage\":\"fr-FR\",\"potentialAction\":[{\"@type\":\"ReadAction\",\"target\":[\"https:\\\/\\\/macite.tg\\\/?p=12735\"]}]},{\"@type\":\"ImageObject\",\"inLanguage\":\"fr-FR\",\"@id\":\"https:\\\/\\\/macite.tg\\\/?p=12735#primaryimage\",\"url\":\"https:\\\/\\\/macite.tg\\\/wp-content\\\/uploads\\\/2024\\\/02\\\/image-54.png\",\"contentUrl\":\"https:\\\/\\\/macite.tg\\\/wp-content\\\/uploads\\\/2024\\\/02\\\/image-54.png\",\"width\":750,\"height\":375},{\"@type\":\"BreadcrumbList\",\"@id\":\"https:\\\/\\\/macite.tg\\\/?p=12735#breadcrumb\",\"itemListElement\":[{\"@type\":\"ListItem\",\"position\":1,\"name\":\"Accueil\",\"item\":\"https:\\\/\\\/macite.tg\\\/\"},{\"@type\":\"ListItem\",\"position\":2,\"name\":\"SHOW BIZ\u00a0: Apr\u00e8s avoir touch\u00e9 le fond, Petit Denis de retour sur sc\u00e8ne\"}]},{\"@type\":\"WebSite\",\"@id\":\"https:\\\/\\\/macite.tg\\\/#website\",\"url\":\"https:\\\/\\\/macite.tg\\\/\",\"name\":\"\",\"description\":\"L&#039;information, la bonne!!!\",\"potentialAction\":[{\"@type\":\"SearchAction\",\"target\":{\"@type\":\"EntryPoint\",\"urlTemplate\":\"https:\\\/\\\/macite.tg\\\/?s={search_term_string}\"},\"query-input\":{\"@type\":\"PropertyValueSpecification\",\"valueRequired\":true,\"valueName\":\"search_term_string\"}}],\"inLanguage\":\"fr-FR\"},{\"@type\":\"Person\",\"@id\":\"https:\\\/\\\/macite.tg\\\/#\\\/schema\\\/person\\\/e9f2de7e5dbbe7770a9402c7ce82f5c2\",\"name\":\"Jean Pierre BAWELA\",\"image\":{\"@type\":\"ImageObject\",\"inLanguage\":\"fr-FR\",\"@id\":\"https:\\\/\\\/macite.tg\\\/wp-content\\\/uploads\\\/2023\\\/09\\\/WhatsApp-Image-2023-09-19-at-14.44.41-122x122.jpeg\",\"url\":\"https:\\\/\\\/macite.tg\\\/wp-content\\\/uploads\\\/2023\\\/09\\\/WhatsApp-Image-2023-09-19-at-14.44.41-122x122.jpeg\",\"contentUrl\":\"https:\\\/\\\/macite.tg\\\/wp-content\\\/uploads\\\/2023\\\/09\\\/WhatsApp-Image-2023-09-19-at-14.44.41-122x122.jpeg\",\"caption\":\"Jean Pierre BAWELA\"},\"url\":\"https:\\\/\\\/macite.tg\\\/?author=2\"}]}<\/script>\n<!-- \/ Yoast SEO plugin. -->","yoast_head_json":{"title":"SHOW BIZ\u00a0: Apr\u00e8s avoir touch\u00e9 le fond, Petit Denis de retour sur sc\u00e8ne -","robots":{"index":"index","follow":"follow","max-snippet":"max-snippet:-1","max-image-preview":"max-image-preview:large","max-video-preview":"max-video-preview:-1"},"canonical":"https:\/\/macite.tg\/?p=12735","og_locale":"fr_FR","og_type":"article","og_title":"SHOW BIZ\u00a0: Apr\u00e8s avoir touch\u00e9 le fond, Petit Denis de retour sur sc\u00e8ne -","og_description":"Il y a plus de peur que de mal pour l\u2019artiste Zouglou, Petit Denis. Tr\u00e8s malade et hospitalis\u00e9 dans une clinique de la place, Denco est retour pour le grand bonheur de ses fans avec un nouveau single.\u00a0 Petit D\u00e9nis :&nbsp;&nbsp;\u00ab&nbsp;Je faisais tout juste une [&hellip;]","og_url":"https:\/\/macite.tg\/?p=12735","article_published_time":"2024-02-20T17:46:22+00:00","article_modified_time":"2024-02-20T17:46:25+00:00","og_image":[{"width":750,"height":375,"url":"https:\/\/macite.tg\/wp-content\/uploads\/2024\/02\/image-54.png","type":"image\/png"}],"author":"Jean Pierre BAWELA","twitter_card":"summary_large_image","twitter_misc":{"\u00c9crit par":"Jean Pierre BAWELA","Dur\u00e9e de lecture estim\u00e9e":"3 minutes"},"schema":{"@context":"https:\/\/schema.org","@graph":[{"@type":"Article","@id":"https:\/\/macite.tg\/?p=12735#article","isPartOf":{"@id":"https:\/\/macite.tg\/?p=12735"},"author":{"name":"Jean Pierre BAWELA","@id":"https:\/\/macite.tg\/#\/schema\/person\/e9f2de7e5dbbe7770a9402c7ce82f5c2"},"headline":"SHOW BIZ\u00a0: Apr\u00e8s avoir touch\u00e9 le fond, Petit Denis de retour sur sc\u00e8ne","datePublished":"2024-02-20T17:46:22+00:00","dateModified":"2024-02-20T17:46:25+00:00","mainEntityOfPage":{"@id":"https:\/\/macite.tg\/?p=12735"},"wordCount":543,"commentCount":0,"image":{"@id":"https:\/\/macite.tg\/?p=12735#primaryimage"},"thumbnailUrl":"https:\/\/macite.tg\/wp-content\/uploads\/2024\/02\/image-54.png","articleSection":["ACTUALITE","MUSIQUE"],"inLanguage":"fr-FR","potentialAction":[{"@type":"CommentAction","name":"Comment","target":["https:\/\/macite.tg\/?p=12735#respond"]}]},{"@type":"WebPage","@id":"https:\/\/macite.tg\/?p=12735","url":"https:\/\/macite.tg\/?p=12735","name":"SHOW BIZ\u00a0: Apr\u00e8s avoir touch\u00e9 le fond, Petit Denis de retour sur sc\u00e8ne -","isPartOf":{"@id":"https:\/\/macite.tg\/#website"},"primaryImageOfPage":{"@id":"https:\/\/macite.tg\/?p=12735#primaryimage"},"image":{"@id":"https:\/\/macite.tg\/?p=12735#primaryimage"},"thumbnailUrl":"https:\/\/macite.tg\/wp-content\/uploads\/2024\/02\/image-54.png","datePublished":"2024-02-20T17:46:22+00:00","dateModified":"2024-02-20T17:46:25+00:00","author":{"@id":"https:\/\/macite.tg\/#\/schema\/person\/e9f2de7e5dbbe7770a9402c7ce82f5c2"},"breadcrumb":{"@id":"https:\/\/macite.tg\/?p=12735#breadcrumb"},"inLanguage":"fr-FR","potentialAction":[{"@type":"ReadAction","target":["https:\/\/macite.tg\/?p=12735"]}]},{"@type":"ImageObject","inLanguage":"fr-FR","@id":"https:\/\/macite.tg\/?p=12735#primaryimage","url":"https:\/\/macite.tg\/wp-content\/uploads\/2024\/02\/image-54.png","contentUrl":"https:\/\/macite.tg\/wp-content\/uploads\/2024\/02\/image-54.png","width":750,"height":375},{"@type":"BreadcrumbList","@id":"https:\/\/macite.tg\/?p=12735#breadcrumb","itemListElement":[{"@type":"ListItem","position":1,"name":"Accueil","item":"https:\/\/macite.tg\/"},{"@type":"ListItem","position":2,"name":"SHOW BIZ\u00a0: Apr\u00e8s avoir touch\u00e9 le fond, Petit Denis de retour sur sc\u00e8ne"}]},{"@type":"WebSite","@id":"https:\/\/macite.tg\/#website","url":"https:\/\/macite.tg\/","name":"","description":"L&#039;information, la bonne!!!","potentialAction":[{"@type":"SearchAction","target":{"@type":"EntryPoint","urlTemplate":"https:\/\/macite.tg\/?s={search_term_string}"},"query-input":{"@type":"PropertyValueSpecification","valueRequired":true,"valueName":"search_term_string"}}],"inLanguage":"fr-FR"},{"@type":"Person","@id":"https:\/\/macite.tg\/#\/schema\/person\/e9f2de7e5dbbe7770a9402c7ce82f5c2","name":"Jean Pierre BAWELA","image":{"@type":"ImageObject","inLanguage":"fr-FR","@id":"https:\/\/macite.tg\/wp-content\/uploads\/2023\/09\/WhatsApp-Image-2023-09-19-at-14.44.41-122x122.jpeg","url":"https:\/\/macite.tg\/wp-content\/uploads\/2023\/09\/WhatsApp-Image-2023-09-19-at-14.44.41-122x122.jpeg","contentUrl":"https:\/\/macite.tg\/wp-content\/uploads\/2023\/09\/WhatsApp-Image-2023-09-19-at-14.44.41-122x122.jpeg","caption":"Jean Pierre BAWELA"},"url":"https:\/\/macite.tg\/?author=2"}]}},"_links":{"self":[{"href":"https:\/\/macite.tg\/index.php?rest_route=\/wp\/v2\/posts\/12735","targetHints":{"allow":["GET"]}}],"collection":[{"href":"https:\/\/macite.tg\/index.php?rest_route=\/wp\/v2\/posts"}],"about":[{"href":"https:\/\/macite.tg\/index.php?rest_route=\/wp\/v2\/types\/post"}],"author":[{"embeddable":true,"href":"https:\/\/macite.tg\/index.php?rest_route=\/wp\/v2\/users\/2"}],"replies":[{"embeddable":true,"href":"https:\/\/macite.tg\/index.php?rest_route=%2Fwp%2Fv2%2Fcomments&post=12735"}],"version-history":[{"count":0,"href":"https:\/\/macite.tg\/index.php?rest_route=\/wp\/v2\/posts\/12735\/revisions"}],"wp:featuredmedia":[{"embeddable":true,"href":"https:\/\/macite.tg\/index.php?rest_route=\/wp\/v2\/media\/12737"}],"wp:attachment":[{"href":"https:\/\/macite.tg\/index.php?rest_route=%2Fwp%2Fv2%2Fmedia&parent=12735"}],"wp:term":[{"taxonomy":"category","embeddable":true,"href":"https:\/\/macite.tg\/index.php?rest_route=%2Fwp%2Fv2%2Fcategories&post=12735"},{"taxonomy":"post_tag","embeddable":true,"href":"https:\/\/macite.tg\/index.php?rest_route=%2Fwp%2Fv2%2Ftags&post=12735"}],"curies":[{"name":"wp","href":"https:\/\/api.w.org\/{rel}","templated":true}]}}