{"id":12726,"date":"2024-02-20T16:32:12","date_gmt":"2024-02-20T16:32:12","guid":{"rendered":"https:\/\/macite.tg\/?p=12726"},"modified":"2024-02-20T16:32:14","modified_gmt":"2024-02-20T16:32:14","slug":"richesses-vertes-de-lafrique-une-table-ronde-a-addis-abeba-pour-aider-a-faire-face-au-defi-du-changement-climatique","status":"publish","type":"post","link":"https:\/\/macite.tg\/?p=12726","title":{"rendered":"RICHESSES VERTES DE L\u2019AFRIQUE: Une table-ronde \u00e0 Addis Abeba pour aider \u00e0 faire face au d\u00e9fi du changement climatique"},"content":{"rendered":"\n<p class=\"wp-block-paragraph\"><strong><em>En marge de la 37\u00e8 session ordinaire de la Conf\u00e9rence des chefs d\u2019Etat et de gouvernement de l\u2019Union africaine tenue le weekend dernier \u00e0 Addis Abeba, la Cheffe de l\u2019ex\u00e9cutif togolais, Victoire Tom\u00e9gah-Dogb\u00e9, a particip\u00e9 \u00e0 une table-ronde sur les richesses vertes de l\u2019Afrique dans l\u2019optique de permettre au vieux continent de jouer son r\u00f4le face au d\u00e9fi du changement climatique.<\/em><\/strong><\/p>\n\n\n\n<p class=\"wp-block-paragraph\">Ev\u00e9nement de haut niveau auquel ont \u00e9galement pris part les pr\u00e9sidents du Congo et du Rwanda, le vice-pr\u00e9sident de la C\u00f4te d\u2019Ivoire et le Pr\u00e9sident de la Banque africaine de d\u00e9veloppement (Bad), cette table-ronde a \u00e9t\u00e9 l\u2019occasion pour la cheffe de l\u2019ex\u00e9cutif de rappeler l\u2019urgence climatique et la n\u00e9cessit\u00e9 de \u00ab <em>valoriser [les] ressources naturelles pour une croissance durable et inclusive&nbsp;\u00bb<\/em>.&nbsp;<\/p>\n\n\n<div class=\"wp-block-image\">\n<figure class=\"aligncenter size-full is-resized\"><img loading=\"lazy\" decoding=\"async\" src=\"https:\/\/macite.tg\/wp-content\/uploads\/2024\/02\/IMG-20240217-WA0080.jpg\" alt=\"\" class=\"wp-image-12728\" width=\"580\" height=\"387\" srcset=\"https:\/\/macite.tg\/wp-content\/uploads\/2024\/02\/IMG-20240217-WA0080.jpg 1024w, https:\/\/macite.tg\/wp-content\/uploads\/2024\/02\/IMG-20240217-WA0080-300x200.jpg 300w, https:\/\/macite.tg\/wp-content\/uploads\/2024\/02\/IMG-20240217-WA0080-768x512.jpg 768w, https:\/\/macite.tg\/wp-content\/uploads\/2024\/02\/IMG-20240217-WA0080-650x434.jpg 650w, https:\/\/macite.tg\/wp-content\/uploads\/2024\/02\/IMG-20240217-WA0080-730x487.jpg 730w, https:\/\/macite.tg\/wp-content\/uploads\/2024\/02\/IMG-20240217-WA0080-112x75.jpg 112w, https:\/\/macite.tg\/wp-content\/uploads\/2024\/02\/IMG-20240217-WA0080-425x283.jpg 425w, https:\/\/macite.tg\/wp-content\/uploads\/2024\/02\/IMG-20240217-WA0080-430x287.jpg 430w\" sizes=\"auto, (max-width: 580px) 100vw, 580px\" \/><figcaption class=\"wp-element-caption\"><strong><em>Echanges avec des leaders africains&#8230;<\/em><\/strong><\/figcaption><\/figure>\n<\/div>\n\n\n<p class=\"wp-block-paragraph\">Selon les experts, il faut 250 milliards de dollars aux pays africains, par an et d&rsquo;ici 2030, pour mettre en \u0153uvre leurs plans de contributions d\u00e9termin\u00e9es au niveau national. Ce montant est d\u2019ailleurs loin des 29,5 milliards de dollars qu&rsquo;ils re\u00e7oivent annuellement jusqu&rsquo;ici.<\/p>\n\n\n\n<p class=\"wp-block-paragraph\">C\u2019est bien ce gap de financement qui doit \u00eatre recherch\u00e9 \u00e0 travers des modes nouveaux de financement qui impliquent notamment une valorisation des richesses vertes des pays Africains. Et c\u2019est ce \u00e0 quoi devront s\u2019en tenir les dirigeants africains.<\/p>\n\n\n\n<p class=\"wp-block-paragraph\">Ainsi, les travaux de cette table-ronde ont permis de faire un plaidoyer afin de mobiliser plus de ressources pour faire plus et aller loin dans cette lutte contre les changements climatiques.<\/p>\n\n\n<div class=\"wp-block-image\">\n<figure class=\"aligncenter size-large is-resized\"><img loading=\"lazy\" decoding=\"async\" src=\"https:\/\/macite.tg\/wp-content\/uploads\/2024\/02\/IMG-20240220-WA0062-868x1024.jpg\" alt=\"\" class=\"wp-image-12721\" width=\"563\" height=\"663\" srcset=\"https:\/\/macite.tg\/wp-content\/uploads\/2024\/02\/IMG-20240220-WA0062-868x1024.jpg 868w, https:\/\/macite.tg\/wp-content\/uploads\/2024\/02\/IMG-20240220-WA0062-254x300.jpg 254w, https:\/\/macite.tg\/wp-content\/uploads\/2024\/02\/IMG-20240220-WA0062-768x906.jpg 768w, https:\/\/macite.tg\/wp-content\/uploads\/2024\/02\/IMG-20240220-WA0062-1302x1536.jpg 1302w, https:\/\/macite.tg\/wp-content\/uploads\/2024\/02\/IMG-20240220-WA0062.jpg 1356w\" sizes=\"auto, (max-width: 563px) 100vw, 563px\" \/><\/figure>\n<\/div>\n\n\n<p class=\"wp-block-paragraph\">Un plan strat\u00e9gique de sensibilisation et de plaidoyer visant \u00e0 soutenir cette initiative \u00e0 l\u2019\u00e9chelle continentale et plan\u00e9taire, et dont les r\u00e9sultats seront confi\u00e9s \u00e0 l\u2019expertise de la Commission de l\u2019Ua. Ce plan vis\u00e9, va constituer la position de l\u2019Afrique lors des rencontres internationales futures, notamment la Cop29, les r\u00e9unions du G7 ou du G20, etc.<\/p>\n\n\n\n<p class=\"wp-block-paragraph\">Cette vision est d\u2019ailleurs soutenue par la Banque africaine de d\u00e9veloppement (Bad).<\/p>\n\n\n\n<p class=\"wp-block-paragraph\"><strong>Mab\u00e9 B.<\/strong><\/p>\n\n\n\n<p class=\"wp-block-paragraph\"><a><strong><em>@macite.tg&nbsp;&nbsp;&nbsp;&nbsp;&nbsp;&nbsp;&nbsp;&nbsp;<\/em><\/strong><\/a><\/p>\n\n\n\n<p class=\"wp-block-paragraph\"><strong><em>E-mail&nbsp;: <\/em><\/strong><a href=\"mailto:maciteinfo@gmail.com\"><strong><em>maciteinfo@gmail.com<\/em><\/strong><\/a><strong><em>; <\/em><\/strong><a href=\"mailto:bawela1@gmail.com\"><strong><em>bawela1@gmail.com<\/em><\/strong><\/a><strong><em><\/em><\/strong><\/p>\n\n\n\n<p class=\"wp-block-paragraph\"><strong><em>Pour vos annonces, (publi)reportages, etc., joignez-nous au (00228)91515309\/<strong>79872224 <\/strong>www.macite.tg, L\u2019information, la bonne&nbsp;!<\/em><\/strong><\/p>\n","protected":false},"excerpt":{"rendered":"<p class=\"text-justify mb-2\" >En marge de la 37\u00e8 session ordinaire de la Conf\u00e9rence des chefs d\u2019Etat et de gouvernement de l\u2019Union africaine tenue le weekend dernier \u00e0 Addis Abeba, la Cheffe de l\u2019ex\u00e9cutif togolais, Victoire Tom\u00e9gah-Dogb\u00e9, a particip\u00e9 \u00e0 une table-ronde sur les richesses vertes de l\u2019Afrique dans [&hellip;]<\/p>\n","protected":false},"author":2,"featured_media":12727,"comment_status":"open","ping_status":"open","sticky":false,"template":"","format":"standard","meta":{"footnotes":""},"categories":[20,19],"tags":[],"class_list":["post-12726","post","type-post","status-publish","format-standard","has-post-thumbnail","hentry","category-actualite","category-environnement"],"yoast_head":"<!-- This site is optimized with the Yoast SEO plugin v28.4 - https:\/\/yoast.com\/product\/yoast-seo-wordpress\/ -->\n<title>RICHESSES VERTES DE L\u2019AFRIQUE: Une table-ronde \u00e0 Addis Abeba pour aider \u00e0 faire face au d\u00e9fi du changement climatique -<\/title>\n<meta name=\"robots\" content=\"index, follow, max-snippet:-1, max-image-preview:large, max-video-preview:-1\" \/>\n<link rel=\"canonical\" href=\"https:\/\/macite.tg\/?p=12726\" \/>\n<meta property=\"og:locale\" content=\"fr_FR\" \/>\n<meta property=\"og:type\" content=\"article\" \/>\n<meta property=\"og:title\" content=\"RICHESSES VERTES DE L\u2019AFRIQUE: Une table-ronde \u00e0 Addis Abeba pour aider \u00e0 faire face au d\u00e9fi du changement climatique -\" \/>\n<meta property=\"og:description\" content=\"En marge de la 37\u00e8 session ordinaire de la Conf\u00e9rence des chefs d\u2019Etat et de gouvernement de l\u2019Union africaine tenue le weekend dernier \u00e0 Addis Abeba, la Cheffe de l\u2019ex\u00e9cutif togolais, Victoire Tom\u00e9gah-Dogb\u00e9, a particip\u00e9 \u00e0 une table-ronde sur les richesses vertes de l\u2019Afrique dans [&hellip;]\" \/>\n<meta property=\"og:url\" content=\"https:\/\/macite.tg\/?p=12726\" \/>\n<meta property=\"article:published_time\" content=\"2024-02-20T16:32:12+00:00\" \/>\n<meta property=\"article:modified_time\" content=\"2024-02-20T16:32:14+00:00\" \/>\n<meta property=\"og:image\" content=\"https:\/\/macite.tg\/wp-content\/uploads\/2024\/02\/IMG-20240219-WA0112.jpg\" \/>\n\t<meta property=\"og:image:width\" content=\"1012\" \/>\n\t<meta property=\"og:image:height\" content=\"664\" \/>\n\t<meta property=\"og:image:type\" content=\"image\/jpeg\" \/>\n<meta name=\"author\" content=\"Jean Pierre BAWELA\" \/>\n<meta name=\"twitter:card\" content=\"summary_large_image\" \/>\n<meta name=\"twitter:label1\" content=\"\u00c9crit par\" \/>\n\t<meta name=\"twitter:data1\" content=\"Jean Pierre BAWELA\" \/>\n\t<meta name=\"twitter:label2\" content=\"Dur\u00e9e de lecture estim\u00e9e\" \/>\n\t<meta name=\"twitter:data2\" content=\"2 minutes\" \/>\n<script type=\"application\/ld+json\" class=\"yoast-schema-graph\">{\"@context\":\"https:\\\/\\\/schema.org\",\"@graph\":[{\"@type\":\"Article\",\"@id\":\"https:\\\/\\\/macite.tg\\\/?p=12726#article\",\"isPartOf\":{\"@id\":\"https:\\\/\\\/macite.tg\\\/?p=12726\"},\"author\":{\"name\":\"Jean Pierre BAWELA\",\"@id\":\"https:\\\/\\\/macite.tg\\\/#\\\/schema\\\/person\\\/e9f2de7e5dbbe7770a9402c7ce82f5c2\"},\"headline\":\"RICHESSES VERTES DE L\u2019AFRIQUE: Une table-ronde \u00e0 Addis Abeba pour aider \u00e0 faire face au d\u00e9fi du changement climatique\",\"datePublished\":\"2024-02-20T16:32:12+00:00\",\"dateModified\":\"2024-02-20T16:32:14+00:00\",\"mainEntityOfPage\":{\"@id\":\"https:\\\/\\\/macite.tg\\\/?p=12726\"},\"wordCount\":396,\"commentCount\":0,\"image\":{\"@id\":\"https:\\\/\\\/macite.tg\\\/?p=12726#primaryimage\"},\"thumbnailUrl\":\"https:\\\/\\\/macite.tg\\\/wp-content\\\/uploads\\\/2024\\\/02\\\/IMG-20240219-WA0112.jpg\",\"articleSection\":[\"ACTUALITE\",\"ENVIRONNEMENT\"],\"inLanguage\":\"fr-FR\",\"potentialAction\":[{\"@type\":\"CommentAction\",\"name\":\"Comment\",\"target\":[\"https:\\\/\\\/macite.tg\\\/?p=12726#respond\"]}]},{\"@type\":\"WebPage\",\"@id\":\"https:\\\/\\\/macite.tg\\\/?p=12726\",\"url\":\"https:\\\/\\\/macite.tg\\\/?p=12726\",\"name\":\"RICHESSES VERTES DE L\u2019AFRIQUE: Une table-ronde \u00e0 Addis Abeba pour aider \u00e0 faire face au d\u00e9fi du changement climatique -\",\"isPartOf\":{\"@id\":\"https:\\\/\\\/macite.tg\\\/#website\"},\"primaryImageOfPage\":{\"@id\":\"https:\\\/\\\/macite.tg\\\/?p=12726#primaryimage\"},\"image\":{\"@id\":\"https:\\\/\\\/macite.tg\\\/?p=12726#primaryimage\"},\"thumbnailUrl\":\"https:\\\/\\\/macite.tg\\\/wp-content\\\/uploads\\\/2024\\\/02\\\/IMG-20240219-WA0112.jpg\",\"datePublished\":\"2024-02-20T16:32:12+00:00\",\"dateModified\":\"2024-02-20T16:32:14+00:00\",\"author\":{\"@id\":\"https:\\\/\\\/macite.tg\\\/#\\\/schema\\\/person\\\/e9f2de7e5dbbe7770a9402c7ce82f5c2\"},\"breadcrumb\":{\"@id\":\"https:\\\/\\\/macite.tg\\\/?p=12726#breadcrumb\"},\"inLanguage\":\"fr-FR\",\"potentialAction\":[{\"@type\":\"ReadAction\",\"target\":[\"https:\\\/\\\/macite.tg\\\/?p=12726\"]}]},{\"@type\":\"ImageObject\",\"inLanguage\":\"fr-FR\",\"@id\":\"https:\\\/\\\/macite.tg\\\/?p=12726#primaryimage\",\"url\":\"https:\\\/\\\/macite.tg\\\/wp-content\\\/uploads\\\/2024\\\/02\\\/IMG-20240219-WA0112.jpg\",\"contentUrl\":\"https:\\\/\\\/macite.tg\\\/wp-content\\\/uploads\\\/2024\\\/02\\\/IMG-20240219-WA0112.jpg\",\"width\":1012,\"height\":664},{\"@type\":\"BreadcrumbList\",\"@id\":\"https:\\\/\\\/macite.tg\\\/?p=12726#breadcrumb\",\"itemListElement\":[{\"@type\":\"ListItem\",\"position\":1,\"name\":\"Accueil\",\"item\":\"https:\\\/\\\/macite.tg\\\/\"},{\"@type\":\"ListItem\",\"position\":2,\"name\":\"RICHESSES VERTES DE L\u2019AFRIQUE: Une table-ronde \u00e0 Addis Abeba pour aider \u00e0 faire face au d\u00e9fi du changement climatique\"}]},{\"@type\":\"WebSite\",\"@id\":\"https:\\\/\\\/macite.tg\\\/#website\",\"url\":\"https:\\\/\\\/macite.tg\\\/\",\"name\":\"\",\"description\":\"L&#039;information, la bonne!!!\",\"potentialAction\":[{\"@type\":\"SearchAction\",\"target\":{\"@type\":\"EntryPoint\",\"urlTemplate\":\"https:\\\/\\\/macite.tg\\\/?s={search_term_string}\"},\"query-input\":{\"@type\":\"PropertyValueSpecification\",\"valueRequired\":true,\"valueName\":\"search_term_string\"}}],\"inLanguage\":\"fr-FR\"},{\"@type\":\"Person\",\"@id\":\"https:\\\/\\\/macite.tg\\\/#\\\/schema\\\/person\\\/e9f2de7e5dbbe7770a9402c7ce82f5c2\",\"name\":\"Jean Pierre BAWELA\",\"image\":{\"@type\":\"ImageObject\",\"inLanguage\":\"fr-FR\",\"@id\":\"https:\\\/\\\/macite.tg\\\/wp-content\\\/uploads\\\/2023\\\/09\\\/WhatsApp-Image-2023-09-19-at-14.44.41-122x122.jpeg\",\"url\":\"https:\\\/\\\/macite.tg\\\/wp-content\\\/uploads\\\/2023\\\/09\\\/WhatsApp-Image-2023-09-19-at-14.44.41-122x122.jpeg\",\"contentUrl\":\"https:\\\/\\\/macite.tg\\\/wp-content\\\/uploads\\\/2023\\\/09\\\/WhatsApp-Image-2023-09-19-at-14.44.41-122x122.jpeg\",\"caption\":\"Jean Pierre BAWELA\"},\"url\":\"https:\\\/\\\/macite.tg\\\/?author=2\"}]}<\/script>\n<!-- \/ Yoast SEO plugin. -->","yoast_head_json":{"title":"RICHESSES VERTES DE L\u2019AFRIQUE: Une table-ronde \u00e0 Addis Abeba pour aider \u00e0 faire face au d\u00e9fi du changement climatique -","robots":{"index":"index","follow":"follow","max-snippet":"max-snippet:-1","max-image-preview":"max-image-preview:large","max-video-preview":"max-video-preview:-1"},"canonical":"https:\/\/macite.tg\/?p=12726","og_locale":"fr_FR","og_type":"article","og_title":"RICHESSES VERTES DE L\u2019AFRIQUE: Une table-ronde \u00e0 Addis Abeba pour aider \u00e0 faire face au d\u00e9fi du changement climatique -","og_description":"En marge de la 37\u00e8 session ordinaire de la Conf\u00e9rence des chefs d\u2019Etat et de gouvernement de l\u2019Union africaine tenue le weekend dernier \u00e0 Addis Abeba, la Cheffe de l\u2019ex\u00e9cutif togolais, Victoire Tom\u00e9gah-Dogb\u00e9, a particip\u00e9 \u00e0 une table-ronde sur les richesses vertes de l\u2019Afrique dans [&hellip;]","og_url":"https:\/\/macite.tg\/?p=12726","article_published_time":"2024-02-20T16:32:12+00:00","article_modified_time":"2024-02-20T16:32:14+00:00","og_image":[{"width":1012,"height":664,"url":"https:\/\/macite.tg\/wp-content\/uploads\/2024\/02\/IMG-20240219-WA0112.jpg","type":"image\/jpeg"}],"author":"Jean Pierre BAWELA","twitter_card":"summary_large_image","twitter_misc":{"\u00c9crit par":"Jean Pierre BAWELA","Dur\u00e9e de lecture estim\u00e9e":"2 minutes"},"schema":{"@context":"https:\/\/schema.org","@graph":[{"@type":"Article","@id":"https:\/\/macite.tg\/?p=12726#article","isPartOf":{"@id":"https:\/\/macite.tg\/?p=12726"},"author":{"name":"Jean Pierre BAWELA","@id":"https:\/\/macite.tg\/#\/schema\/person\/e9f2de7e5dbbe7770a9402c7ce82f5c2"},"headline":"RICHESSES VERTES DE L\u2019AFRIQUE: Une table-ronde \u00e0 Addis Abeba pour aider \u00e0 faire face au d\u00e9fi du changement climatique","datePublished":"2024-02-20T16:32:12+00:00","dateModified":"2024-02-20T16:32:14+00:00","mainEntityOfPage":{"@id":"https:\/\/macite.tg\/?p=12726"},"wordCount":396,"commentCount":0,"image":{"@id":"https:\/\/macite.tg\/?p=12726#primaryimage"},"thumbnailUrl":"https:\/\/macite.tg\/wp-content\/uploads\/2024\/02\/IMG-20240219-WA0112.jpg","articleSection":["ACTUALITE","ENVIRONNEMENT"],"inLanguage":"fr-FR","potentialAction":[{"@type":"CommentAction","name":"Comment","target":["https:\/\/macite.tg\/?p=12726#respond"]}]},{"@type":"WebPage","@id":"https:\/\/macite.tg\/?p=12726","url":"https:\/\/macite.tg\/?p=12726","name":"RICHESSES VERTES DE L\u2019AFRIQUE: Une table-ronde \u00e0 Addis Abeba pour aider \u00e0 faire face au d\u00e9fi du changement climatique -","isPartOf":{"@id":"https:\/\/macite.tg\/#website"},"primaryImageOfPage":{"@id":"https:\/\/macite.tg\/?p=12726#primaryimage"},"image":{"@id":"https:\/\/macite.tg\/?p=12726#primaryimage"},"thumbnailUrl":"https:\/\/macite.tg\/wp-content\/uploads\/2024\/02\/IMG-20240219-WA0112.jpg","datePublished":"2024-02-20T16:32:12+00:00","dateModified":"2024-02-20T16:32:14+00:00","author":{"@id":"https:\/\/macite.tg\/#\/schema\/person\/e9f2de7e5dbbe7770a9402c7ce82f5c2"},"breadcrumb":{"@id":"https:\/\/macite.tg\/?p=12726#breadcrumb"},"inLanguage":"fr-FR","potentialAction":[{"@type":"ReadAction","target":["https:\/\/macite.tg\/?p=12726"]}]},{"@type":"ImageObject","inLanguage":"fr-FR","@id":"https:\/\/macite.tg\/?p=12726#primaryimage","url":"https:\/\/macite.tg\/wp-content\/uploads\/2024\/02\/IMG-20240219-WA0112.jpg","contentUrl":"https:\/\/macite.tg\/wp-content\/uploads\/2024\/02\/IMG-20240219-WA0112.jpg","width":1012,"height":664},{"@type":"BreadcrumbList","@id":"https:\/\/macite.tg\/?p=12726#breadcrumb","itemListElement":[{"@type":"ListItem","position":1,"name":"Accueil","item":"https:\/\/macite.tg\/"},{"@type":"ListItem","position":2,"name":"RICHESSES VERTES DE L\u2019AFRIQUE: Une table-ronde \u00e0 Addis Abeba pour aider \u00e0 faire face au d\u00e9fi du changement climatique"}]},{"@type":"WebSite","@id":"https:\/\/macite.tg\/#website","url":"https:\/\/macite.tg\/","name":"","description":"L&#039;information, la bonne!!!","potentialAction":[{"@type":"SearchAction","target":{"@type":"EntryPoint","urlTemplate":"https:\/\/macite.tg\/?s={search_term_string}"},"query-input":{"@type":"PropertyValueSpecification","valueRequired":true,"valueName":"search_term_string"}}],"inLanguage":"fr-FR"},{"@type":"Person","@id":"https:\/\/macite.tg\/#\/schema\/person\/e9f2de7e5dbbe7770a9402c7ce82f5c2","name":"Jean Pierre BAWELA","image":{"@type":"ImageObject","inLanguage":"fr-FR","@id":"https:\/\/macite.tg\/wp-content\/uploads\/2023\/09\/WhatsApp-Image-2023-09-19-at-14.44.41-122x122.jpeg","url":"https:\/\/macite.tg\/wp-content\/uploads\/2023\/09\/WhatsApp-Image-2023-09-19-at-14.44.41-122x122.jpeg","contentUrl":"https:\/\/macite.tg\/wp-content\/uploads\/2023\/09\/WhatsApp-Image-2023-09-19-at-14.44.41-122x122.jpeg","caption":"Jean Pierre BAWELA"},"url":"https:\/\/macite.tg\/?author=2"}]}},"_links":{"self":[{"href":"https:\/\/macite.tg\/index.php?rest_route=\/wp\/v2\/posts\/12726","targetHints":{"allow":["GET"]}}],"collection":[{"href":"https:\/\/macite.tg\/index.php?rest_route=\/wp\/v2\/posts"}],"about":[{"href":"https:\/\/macite.tg\/index.php?rest_route=\/wp\/v2\/types\/post"}],"author":[{"embeddable":true,"href":"https:\/\/macite.tg\/index.php?rest_route=\/wp\/v2\/users\/2"}],"replies":[{"embeddable":true,"href":"https:\/\/macite.tg\/index.php?rest_route=%2Fwp%2Fv2%2Fcomments&post=12726"}],"version-history":[{"count":0,"href":"https:\/\/macite.tg\/index.php?rest_route=\/wp\/v2\/posts\/12726\/revisions"}],"wp:featuredmedia":[{"embeddable":true,"href":"https:\/\/macite.tg\/index.php?rest_route=\/wp\/v2\/media\/12727"}],"wp:attachment":[{"href":"https:\/\/macite.tg\/index.php?rest_route=%2Fwp%2Fv2%2Fmedia&parent=12726"}],"wp:term":[{"taxonomy":"category","embeddable":true,"href":"https:\/\/macite.tg\/index.php?rest_route=%2Fwp%2Fv2%2Fcategories&post=12726"},{"taxonomy":"post_tag","embeddable":true,"href":"https:\/\/macite.tg\/index.php?rest_route=%2Fwp%2Fv2%2Ftags&post=12726"}],"curies":[{"name":"wp","href":"https:\/\/api.w.org\/{rel}","templated":true}]}}