{"id":12717,"date":"2024-02-20T12:07:40","date_gmt":"2024-02-20T12:07:40","guid":{"rendered":"https:\/\/macite.tg\/?p=12717"},"modified":"2024-02-20T12:18:14","modified_gmt":"2024-02-20T12:18:14","slug":"37e-session-de-lua-a-addis-abeba-les-leaders-africains-ont-discute-de-la-position-continentale-sur-lechiquier-international","status":"publish","type":"post","link":"https:\/\/macite.tg\/?p=12717","title":{"rendered":"37E SESSION DE L\u2019UA\u00a0: A Addis Abeba, les leaders africains ont discut\u00e9 de la position continentale sur l\u2019\u00e9chiquier international"},"content":{"rendered":"\n<p class=\"wp-block-paragraph\"><strong><em>Le weekend dernier s\u2019est tenu \u00e0 Addis Abeba, la 37\u00e8 session de l\u2019Union africaine (Ua). Au cours des travaux ont port\u00e9 sur l\u2019examen de plusieurs dossiers importants, \u00e0 savoir&nbsp;: la mise en \u0153uvre de l\u2019Agenda 2063 de l\u2019Union, les crises sur le continent, la position continentale sur l\u2019\u00e9chiquier international, entre autres.&nbsp;<\/em><\/strong><\/p>\n\n\n\n<p class=\"wp-block-paragraph\">La 37\u00e8 session ordinaire de la Conf\u00e9rence des chefs d&rsquo;\u00c9tat et de gouvernement de l&rsquo;Union africaine (Ua) s\u2019est tenue, le weekend dernier, au si\u00e8ge de l&rsquo;organisation \u00e0 Addis-Abeba en \u00c9thiopie.<\/p>\n\n\n<div class=\"wp-block-image\">\n<figure class=\"aligncenter size-full is-resized\"><img loading=\"lazy\" decoding=\"async\" src=\"https:\/\/macite.tg\/wp-content\/uploads\/2024\/02\/IMG-20240219-WA0028.jpg\" alt=\"\" class=\"wp-image-12720\" width=\"553\" height=\"369\" srcset=\"https:\/\/macite.tg\/wp-content\/uploads\/2024\/02\/IMG-20240219-WA0028.jpg 1024w, https:\/\/macite.tg\/wp-content\/uploads\/2024\/02\/IMG-20240219-WA0028-300x200.jpg 300w, https:\/\/macite.tg\/wp-content\/uploads\/2024\/02\/IMG-20240219-WA0028-768x512.jpg 768w, https:\/\/macite.tg\/wp-content\/uploads\/2024\/02\/IMG-20240219-WA0028-650x434.jpg 650w, https:\/\/macite.tg\/wp-content\/uploads\/2024\/02\/IMG-20240219-WA0028-730x487.jpg 730w, https:\/\/macite.tg\/wp-content\/uploads\/2024\/02\/IMG-20240219-WA0028-112x75.jpg 112w, https:\/\/macite.tg\/wp-content\/uploads\/2024\/02\/IMG-20240219-WA0028-425x283.jpg 425w, https:\/\/macite.tg\/wp-content\/uploads\/2024\/02\/IMG-20240219-WA0028-430x287.jpg 430w\" sizes=\"auto, (max-width: 553px) 100vw, 553px\" \/><figcaption class=\"wp-element-caption\"><strong><em>La PM Tom\u00e9gah-Dogb\u00e9 lors des travaux&#8230;<\/em><\/strong><\/figcaption><\/figure>\n<\/div>\n\n\n<p class=\"wp-block-paragraph\">Au menu des travaux, plusieurs dossiers chauds, notamment les crises sur le continent, l\u2019\u00e9ducation, mais aussi la d\u00e9signation d&rsquo;un nouveau pr\u00e9sident en exercice de l\u2019Union.<\/p>\n\n\n\n<p class=\"wp-block-paragraph\">Le tableau non moins reluisant de de la situation sur le continent dress\u00e9 par le pr\u00e9sident de la Commission de l\u2019Ua, Moussa Faki Mahamat, a permis de projeter le filme de la situation sur le continent marqu\u00e9 par des conflits, le terrorisme, l\u2019av\u00e8nement des militaires au pouvoir, la crise politique au S\u00e9n\u00e9gal, mais aussi le retrait de certains \u00c9tats au sein des organisations sous r\u00e9gionales.<\/p>\n\n\n\n<p class=\"wp-block-paragraph\">Mais, rel\u00e8ve le pr\u00e9sident de la Commission de l\u2019Ua, <em>\u00ab&nbsp;au-del\u00e0 de ce tableau peu reluisant et son cort\u00e8ge de difficult\u00e9s, nous avons eu cependant quelques conqu\u00eates&nbsp;\u00bb.<\/em> Il se r\u00e9jouit que <em>\u00ab&nbsp;la r\u00e9forme institutionnelle avance avec succ\u00e8s en d\u00e9pit des insuffisances que nous sommes appel\u00e9s \u00e0 traiter avec lucidit\u00e9. L&rsquo;int\u00e9gration a progress\u00e9 et la zone de libre-\u00e9change continentale se met peu \u00e0 peu en marche. Des mesures de relance sont \u00e0 prendre avec d\u00e9termination&nbsp;\u00bb.<\/em><\/p>\n\n\n<div class=\"wp-block-image\">\n<figure class=\"aligncenter size-large is-resized\"><img loading=\"lazy\" decoding=\"async\" src=\"https:\/\/macite.tg\/wp-content\/uploads\/2024\/02\/IMG-20240220-WA0062-868x1024.jpg\" alt=\"\" class=\"wp-image-12721\" width=\"520\" height=\"612\" srcset=\"https:\/\/macite.tg\/wp-content\/uploads\/2024\/02\/IMG-20240220-WA0062-868x1024.jpg 868w, https:\/\/macite.tg\/wp-content\/uploads\/2024\/02\/IMG-20240220-WA0062-254x300.jpg 254w, https:\/\/macite.tg\/wp-content\/uploads\/2024\/02\/IMG-20240220-WA0062-768x906.jpg 768w, https:\/\/macite.tg\/wp-content\/uploads\/2024\/02\/IMG-20240220-WA0062-1302x1536.jpg 1302w\" sizes=\"auto, (max-width: 520px) 100vw, 520px\" \/><\/figure>\n<\/div>\n\n\n<p class=\"wp-block-paragraph\">Au terme de ces travaux annuels de l\u2019organisation, le pr\u00e9sident de la Mauritanie, Mohamed Ould Cheikh El Ghazouani, a \u00e9t\u00e9 officiellement d\u00e9sign\u00e9 par ses pairs pour succ\u00e9der \u00e0 son homologue des Comores, Azali Assoumani, \u00e0 la pr\u00e9sidence tournante de l\u2019Ua.<\/p>\n\n\n\n<p class=\"wp-block-paragraph\">Notons que le th\u00e8me adopt\u00e9 pour cette <em>ann\u00e9e est&nbsp;: \u00ab&nbsp;<\/em><em>\u00c9ducation africaine pour le 20\u00e8 si\u00e8cle : construction de syst\u00e8mes \u00e9ducatifs r\u00e9silients pour accro\u00eetre l&rsquo;acc\u00e8s \u00e0 une \u00e9ducation inclusive, continue, de qualit\u00e9 et adapt\u00e9e en Afrique&nbsp;\u00bb<\/em>.<\/p>\n\n\n\n<p class=\"wp-block-paragraph\">Selon le nouveau pr\u00e9sident en exercice de l\u2019Ua, ce th\u00e8me rel\u00e8ve l\u2019importance de l\u2019\u00e9ducation comme puissant levier de d\u00e9veloppement pour la s\u00e9curit\u00e9 et la stabilit\u00e9 de nos \u00c9tats. Elle devra contribuer \u00e0 l&rsquo;acquisition de comp\u00e9tences et \u00e0 la r\u00e9duction de la pauvret\u00e9.<\/p>\n\n\n<div class=\"wp-block-image\">\n<figure class=\"aligncenter size-full is-resized\"><img loading=\"lazy\" decoding=\"async\" src=\"https:\/\/macite.tg\/wp-content\/uploads\/2024\/02\/426709901_909930414475099_6338070050102141440_n.jpg\" alt=\"\" class=\"wp-image-12603\" width=\"532\" height=\"532\" srcset=\"https:\/\/macite.tg\/wp-content\/uploads\/2024\/02\/426709901_909930414475099_6338070050102141440_n.jpg 843w, https:\/\/macite.tg\/wp-content\/uploads\/2024\/02\/426709901_909930414475099_6338070050102141440_n-300x300.jpg 300w, https:\/\/macite.tg\/wp-content\/uploads\/2024\/02\/426709901_909930414475099_6338070050102141440_n-150x150.jpg 150w, https:\/\/macite.tg\/wp-content\/uploads\/2024\/02\/426709901_909930414475099_6338070050102141440_n-768x768.jpg 768w, https:\/\/macite.tg\/wp-content\/uploads\/2024\/02\/426709901_909930414475099_6338070050102141440_n-122x122.jpg 122w\" sizes=\"auto, (max-width: 532px) 100vw, 532px\" \/><\/figure>\n<\/div>\n\n\n<p class=\"wp-block-paragraph\">Rappelons que c\u2019est la cheffe de l\u2019ex\u00e9cutif togolais, Victoire Tom\u00e9gah-Dogb\u00e9, qui a repr\u00e9sent\u00e9 \u00e0 ces assises, le Pr\u00e9sident de la R\u00e9publique, Faure Essozimna Gnassingb\u00e9.<\/p>\n\n\n\n<p class=\"wp-block-paragraph\"><strong>JPB<\/strong><\/p>\n\n\n\n<p class=\"wp-block-paragraph\"><a><strong><em>@macite.tg&nbsp;&nbsp;&nbsp;&nbsp;&nbsp;&nbsp;&nbsp;&nbsp;<\/em><\/strong><\/a><\/p>\n\n\n\n<p class=\"wp-block-paragraph\"><strong><em>E-mail&nbsp;: <\/em><\/strong><a href=\"mailto:maciteinfo@gmail.com\"><strong><em>maciteinfo@gmail.com<\/em><\/strong><\/a><strong><em>; <\/em><\/strong><a href=\"mailto:bawela1@gmail.com\"><strong><em>bawela1@gmail.com<\/em><\/strong><\/a><strong><em><\/em><\/strong><\/p>\n\n\n\n<p class=\"wp-block-paragraph\"><strong><em>Pour vos annonces, (publi)reportages, etc., joignez-nous au (00228)91515309\/<strong>79872224 <\/strong>www.macite.tg, L\u2019information, la bonne&nbsp;!<\/em><\/strong><\/p>\n","protected":false},"excerpt":{"rendered":"<p class=\"text-justify mb-2\" >Le weekend dernier s\u2019est tenu \u00e0 Addis Abeba, la 37\u00e8 session de l\u2019Union africaine (Ua). Au cours des travaux ont port\u00e9 sur l\u2019examen de plusieurs dossiers importants, \u00e0 savoir&nbsp;: la mise en \u0153uvre de l\u2019Agenda 2063 de l\u2019Union, les crises sur le continent, la position [&hellip;]<\/p>\n","protected":false},"author":2,"featured_media":12719,"comment_status":"open","ping_status":"open","sticky":false,"template":"","format":"standard","meta":{"footnotes":""},"categories":[20,1],"tags":[],"class_list":["post-12717","post","type-post","status-publish","format-standard","has-post-thumbnail","hentry","category-actualite","category-politique"],"yoast_head":"<!-- This site is optimized with the Yoast SEO plugin v28.4 - https:\/\/yoast.com\/product\/yoast-seo-wordpress\/ -->\n<title>37E SESSION DE L\u2019UA\u00a0: A Addis Abeba, les leaders africains ont discut\u00e9 de la position continentale sur l\u2019\u00e9chiquier international -<\/title>\n<meta name=\"robots\" content=\"index, follow, max-snippet:-1, max-image-preview:large, max-video-preview:-1\" \/>\n<link rel=\"canonical\" href=\"https:\/\/macite.tg\/?p=12717\" \/>\n<meta property=\"og:locale\" content=\"fr_FR\" \/>\n<meta property=\"og:type\" content=\"article\" \/>\n<meta property=\"og:title\" content=\"37E SESSION DE L\u2019UA\u00a0: A Addis Abeba, les leaders africains ont discut\u00e9 de la position continentale sur l\u2019\u00e9chiquier international -\" \/>\n<meta property=\"og:description\" content=\"Le weekend dernier s\u2019est tenu \u00e0 Addis Abeba, la 37\u00e8 session de l\u2019Union africaine (Ua). Au cours des travaux ont port\u00e9 sur l\u2019examen de plusieurs dossiers importants, \u00e0 savoir&nbsp;: la mise en \u0153uvre de l\u2019Agenda 2063 de l\u2019Union, les crises sur le continent, la position [&hellip;]\" \/>\n<meta property=\"og:url\" content=\"https:\/\/macite.tg\/?p=12717\" \/>\n<meta property=\"article:published_time\" content=\"2024-02-20T12:07:40+00:00\" \/>\n<meta property=\"article:modified_time\" content=\"2024-02-20T12:18:14+00:00\" \/>\n<meta property=\"og:image\" content=\"https:\/\/macite.tg\/wp-content\/uploads\/2024\/02\/IMG-20240219-WA0031.jpg\" \/>\n\t<meta property=\"og:image:width\" content=\"1024\" \/>\n\t<meta property=\"og:image:height\" content=\"683\" \/>\n\t<meta property=\"og:image:type\" content=\"image\/jpeg\" \/>\n<meta name=\"author\" content=\"Jean Pierre BAWELA\" \/>\n<meta name=\"twitter:card\" content=\"summary_large_image\" \/>\n<meta name=\"twitter:label1\" content=\"\u00c9crit par\" \/>\n\t<meta name=\"twitter:data1\" content=\"Jean Pierre BAWELA\" \/>\n\t<meta name=\"twitter:label2\" content=\"Dur\u00e9e de lecture estim\u00e9e\" \/>\n\t<meta name=\"twitter:data2\" content=\"2 minutes\" \/>\n<script type=\"application\/ld+json\" class=\"yoast-schema-graph\">{\"@context\":\"https:\\\/\\\/schema.org\",\"@graph\":[{\"@type\":\"Article\",\"@id\":\"https:\\\/\\\/macite.tg\\\/?p=12717#article\",\"isPartOf\":{\"@id\":\"https:\\\/\\\/macite.tg\\\/?p=12717\"},\"author\":{\"name\":\"Jean Pierre BAWELA\",\"@id\":\"https:\\\/\\\/macite.tg\\\/#\\\/schema\\\/person\\\/e9f2de7e5dbbe7770a9402c7ce82f5c2\"},\"headline\":\"37E SESSION DE L\u2019UA\u00a0: A Addis Abeba, les leaders africains ont discut\u00e9 de la position continentale sur l\u2019\u00e9chiquier international\",\"datePublished\":\"2024-02-20T12:07:40+00:00\",\"dateModified\":\"2024-02-20T12:18:14+00:00\",\"mainEntityOfPage\":{\"@id\":\"https:\\\/\\\/macite.tg\\\/?p=12717\"},\"wordCount\":512,\"commentCount\":0,\"image\":{\"@id\":\"https:\\\/\\\/macite.tg\\\/?p=12717#primaryimage\"},\"thumbnailUrl\":\"https:\\\/\\\/macite.tg\\\/wp-content\\\/uploads\\\/2024\\\/02\\\/IMG-20240219-WA0031.jpg\",\"articleSection\":[\"ACTUALITE\",\"POLITIQUE\"],\"inLanguage\":\"fr-FR\",\"potentialAction\":[{\"@type\":\"CommentAction\",\"name\":\"Comment\",\"target\":[\"https:\\\/\\\/macite.tg\\\/?p=12717#respond\"]}]},{\"@type\":\"WebPage\",\"@id\":\"https:\\\/\\\/macite.tg\\\/?p=12717\",\"url\":\"https:\\\/\\\/macite.tg\\\/?p=12717\",\"name\":\"37E SESSION DE L\u2019UA\u00a0: A Addis Abeba, les leaders africains ont discut\u00e9 de la position continentale sur l\u2019\u00e9chiquier international -\",\"isPartOf\":{\"@id\":\"https:\\\/\\\/macite.tg\\\/#website\"},\"primaryImageOfPage\":{\"@id\":\"https:\\\/\\\/macite.tg\\\/?p=12717#primaryimage\"},\"image\":{\"@id\":\"https:\\\/\\\/macite.tg\\\/?p=12717#primaryimage\"},\"thumbnailUrl\":\"https:\\\/\\\/macite.tg\\\/wp-content\\\/uploads\\\/2024\\\/02\\\/IMG-20240219-WA0031.jpg\",\"datePublished\":\"2024-02-20T12:07:40+00:00\",\"dateModified\":\"2024-02-20T12:18:14+00:00\",\"author\":{\"@id\":\"https:\\\/\\\/macite.tg\\\/#\\\/schema\\\/person\\\/e9f2de7e5dbbe7770a9402c7ce82f5c2\"},\"breadcrumb\":{\"@id\":\"https:\\\/\\\/macite.tg\\\/?p=12717#breadcrumb\"},\"inLanguage\":\"fr-FR\",\"potentialAction\":[{\"@type\":\"ReadAction\",\"target\":[\"https:\\\/\\\/macite.tg\\\/?p=12717\"]}]},{\"@type\":\"ImageObject\",\"inLanguage\":\"fr-FR\",\"@id\":\"https:\\\/\\\/macite.tg\\\/?p=12717#primaryimage\",\"url\":\"https:\\\/\\\/macite.tg\\\/wp-content\\\/uploads\\\/2024\\\/02\\\/IMG-20240219-WA0031.jpg\",\"contentUrl\":\"https:\\\/\\\/macite.tg\\\/wp-content\\\/uploads\\\/2024\\\/02\\\/IMG-20240219-WA0031.jpg\",\"width\":1024,\"height\":683,\"caption\":\"Photo de famille (Photo @Republiquetogolaise).\"},{\"@type\":\"BreadcrumbList\",\"@id\":\"https:\\\/\\\/macite.tg\\\/?p=12717#breadcrumb\",\"itemListElement\":[{\"@type\":\"ListItem\",\"position\":1,\"name\":\"Accueil\",\"item\":\"https:\\\/\\\/macite.tg\\\/\"},{\"@type\":\"ListItem\",\"position\":2,\"name\":\"37E SESSION DE L\u2019UA\u00a0: A Addis Abeba, les leaders africains ont discut\u00e9 de la position continentale sur l\u2019\u00e9chiquier international\"}]},{\"@type\":\"WebSite\",\"@id\":\"https:\\\/\\\/macite.tg\\\/#website\",\"url\":\"https:\\\/\\\/macite.tg\\\/\",\"name\":\"\",\"description\":\"L&#039;information, la bonne!!!\",\"potentialAction\":[{\"@type\":\"SearchAction\",\"target\":{\"@type\":\"EntryPoint\",\"urlTemplate\":\"https:\\\/\\\/macite.tg\\\/?s={search_term_string}\"},\"query-input\":{\"@type\":\"PropertyValueSpecification\",\"valueRequired\":true,\"valueName\":\"search_term_string\"}}],\"inLanguage\":\"fr-FR\"},{\"@type\":\"Person\",\"@id\":\"https:\\\/\\\/macite.tg\\\/#\\\/schema\\\/person\\\/e9f2de7e5dbbe7770a9402c7ce82f5c2\",\"name\":\"Jean Pierre BAWELA\",\"image\":{\"@type\":\"ImageObject\",\"inLanguage\":\"fr-FR\",\"@id\":\"https:\\\/\\\/macite.tg\\\/wp-content\\\/uploads\\\/2023\\\/09\\\/WhatsApp-Image-2023-09-19-at-14.44.41-122x122.jpeg\",\"url\":\"https:\\\/\\\/macite.tg\\\/wp-content\\\/uploads\\\/2023\\\/09\\\/WhatsApp-Image-2023-09-19-at-14.44.41-122x122.jpeg\",\"contentUrl\":\"https:\\\/\\\/macite.tg\\\/wp-content\\\/uploads\\\/2023\\\/09\\\/WhatsApp-Image-2023-09-19-at-14.44.41-122x122.jpeg\",\"caption\":\"Jean Pierre BAWELA\"},\"url\":\"https:\\\/\\\/macite.tg\\\/?author=2\"}]}<\/script>\n<!-- \/ Yoast SEO plugin. -->","yoast_head_json":{"title":"37E SESSION DE L\u2019UA\u00a0: A Addis Abeba, les leaders africains ont discut\u00e9 de la position continentale sur l\u2019\u00e9chiquier international -","robots":{"index":"index","follow":"follow","max-snippet":"max-snippet:-1","max-image-preview":"max-image-preview:large","max-video-preview":"max-video-preview:-1"},"canonical":"https:\/\/macite.tg\/?p=12717","og_locale":"fr_FR","og_type":"article","og_title":"37E SESSION DE L\u2019UA\u00a0: A Addis Abeba, les leaders africains ont discut\u00e9 de la position continentale sur l\u2019\u00e9chiquier international -","og_description":"Le weekend dernier s\u2019est tenu \u00e0 Addis Abeba, la 37\u00e8 session de l\u2019Union africaine (Ua). Au cours des travaux ont port\u00e9 sur l\u2019examen de plusieurs dossiers importants, \u00e0 savoir&nbsp;: la mise en \u0153uvre de l\u2019Agenda 2063 de l\u2019Union, les crises sur le continent, la position [&hellip;]","og_url":"https:\/\/macite.tg\/?p=12717","article_published_time":"2024-02-20T12:07:40+00:00","article_modified_time":"2024-02-20T12:18:14+00:00","og_image":[{"width":1024,"height":683,"url":"https:\/\/macite.tg\/wp-content\/uploads\/2024\/02\/IMG-20240219-WA0031.jpg","type":"image\/jpeg"}],"author":"Jean Pierre BAWELA","twitter_card":"summary_large_image","twitter_misc":{"\u00c9crit par":"Jean Pierre BAWELA","Dur\u00e9e de lecture estim\u00e9e":"2 minutes"},"schema":{"@context":"https:\/\/schema.org","@graph":[{"@type":"Article","@id":"https:\/\/macite.tg\/?p=12717#article","isPartOf":{"@id":"https:\/\/macite.tg\/?p=12717"},"author":{"name":"Jean Pierre BAWELA","@id":"https:\/\/macite.tg\/#\/schema\/person\/e9f2de7e5dbbe7770a9402c7ce82f5c2"},"headline":"37E SESSION DE L\u2019UA\u00a0: A Addis Abeba, les leaders africains ont discut\u00e9 de la position continentale sur l\u2019\u00e9chiquier international","datePublished":"2024-02-20T12:07:40+00:00","dateModified":"2024-02-20T12:18:14+00:00","mainEntityOfPage":{"@id":"https:\/\/macite.tg\/?p=12717"},"wordCount":512,"commentCount":0,"image":{"@id":"https:\/\/macite.tg\/?p=12717#primaryimage"},"thumbnailUrl":"https:\/\/macite.tg\/wp-content\/uploads\/2024\/02\/IMG-20240219-WA0031.jpg","articleSection":["ACTUALITE","POLITIQUE"],"inLanguage":"fr-FR","potentialAction":[{"@type":"CommentAction","name":"Comment","target":["https:\/\/macite.tg\/?p=12717#respond"]}]},{"@type":"WebPage","@id":"https:\/\/macite.tg\/?p=12717","url":"https:\/\/macite.tg\/?p=12717","name":"37E SESSION DE L\u2019UA\u00a0: A Addis Abeba, les leaders africains ont discut\u00e9 de la position continentale sur l\u2019\u00e9chiquier international -","isPartOf":{"@id":"https:\/\/macite.tg\/#website"},"primaryImageOfPage":{"@id":"https:\/\/macite.tg\/?p=12717#primaryimage"},"image":{"@id":"https:\/\/macite.tg\/?p=12717#primaryimage"},"thumbnailUrl":"https:\/\/macite.tg\/wp-content\/uploads\/2024\/02\/IMG-20240219-WA0031.jpg","datePublished":"2024-02-20T12:07:40+00:00","dateModified":"2024-02-20T12:18:14+00:00","author":{"@id":"https:\/\/macite.tg\/#\/schema\/person\/e9f2de7e5dbbe7770a9402c7ce82f5c2"},"breadcrumb":{"@id":"https:\/\/macite.tg\/?p=12717#breadcrumb"},"inLanguage":"fr-FR","potentialAction":[{"@type":"ReadAction","target":["https:\/\/macite.tg\/?p=12717"]}]},{"@type":"ImageObject","inLanguage":"fr-FR","@id":"https:\/\/macite.tg\/?p=12717#primaryimage","url":"https:\/\/macite.tg\/wp-content\/uploads\/2024\/02\/IMG-20240219-WA0031.jpg","contentUrl":"https:\/\/macite.tg\/wp-content\/uploads\/2024\/02\/IMG-20240219-WA0031.jpg","width":1024,"height":683,"caption":"Photo de famille (Photo @Republiquetogolaise)."},{"@type":"BreadcrumbList","@id":"https:\/\/macite.tg\/?p=12717#breadcrumb","itemListElement":[{"@type":"ListItem","position":1,"name":"Accueil","item":"https:\/\/macite.tg\/"},{"@type":"ListItem","position":2,"name":"37E SESSION DE L\u2019UA\u00a0: A Addis Abeba, les leaders africains ont discut\u00e9 de la position continentale sur l\u2019\u00e9chiquier international"}]},{"@type":"WebSite","@id":"https:\/\/macite.tg\/#website","url":"https:\/\/macite.tg\/","name":"","description":"L&#039;information, la bonne!!!","potentialAction":[{"@type":"SearchAction","target":{"@type":"EntryPoint","urlTemplate":"https:\/\/macite.tg\/?s={search_term_string}"},"query-input":{"@type":"PropertyValueSpecification","valueRequired":true,"valueName":"search_term_string"}}],"inLanguage":"fr-FR"},{"@type":"Person","@id":"https:\/\/macite.tg\/#\/schema\/person\/e9f2de7e5dbbe7770a9402c7ce82f5c2","name":"Jean Pierre BAWELA","image":{"@type":"ImageObject","inLanguage":"fr-FR","@id":"https:\/\/macite.tg\/wp-content\/uploads\/2023\/09\/WhatsApp-Image-2023-09-19-at-14.44.41-122x122.jpeg","url":"https:\/\/macite.tg\/wp-content\/uploads\/2023\/09\/WhatsApp-Image-2023-09-19-at-14.44.41-122x122.jpeg","contentUrl":"https:\/\/macite.tg\/wp-content\/uploads\/2023\/09\/WhatsApp-Image-2023-09-19-at-14.44.41-122x122.jpeg","caption":"Jean Pierre BAWELA"},"url":"https:\/\/macite.tg\/?author=2"}]}},"_links":{"self":[{"href":"https:\/\/macite.tg\/index.php?rest_route=\/wp\/v2\/posts\/12717","targetHints":{"allow":["GET"]}}],"collection":[{"href":"https:\/\/macite.tg\/index.php?rest_route=\/wp\/v2\/posts"}],"about":[{"href":"https:\/\/macite.tg\/index.php?rest_route=\/wp\/v2\/types\/post"}],"author":[{"embeddable":true,"href":"https:\/\/macite.tg\/index.php?rest_route=\/wp\/v2\/users\/2"}],"replies":[{"embeddable":true,"href":"https:\/\/macite.tg\/index.php?rest_route=%2Fwp%2Fv2%2Fcomments&post=12717"}],"version-history":[{"count":0,"href":"https:\/\/macite.tg\/index.php?rest_route=\/wp\/v2\/posts\/12717\/revisions"}],"wp:featuredmedia":[{"embeddable":true,"href":"https:\/\/macite.tg\/index.php?rest_route=\/wp\/v2\/media\/12719"}],"wp:attachment":[{"href":"https:\/\/macite.tg\/index.php?rest_route=%2Fwp%2Fv2%2Fmedia&parent=12717"}],"wp:term":[{"taxonomy":"category","embeddable":true,"href":"https:\/\/macite.tg\/index.php?rest_route=%2Fwp%2Fv2%2Fcategories&post=12717"},{"taxonomy":"post_tag","embeddable":true,"href":"https:\/\/macite.tg\/index.php?rest_route=%2Fwp%2Fv2%2Ftags&post=12717"}],"curies":[{"name":"wp","href":"https:\/\/api.w.org\/{rel}","templated":true}]}}