{"id":12716,"date":"2024-02-20T15:21:54","date_gmt":"2024-02-20T15:21:54","guid":{"rendered":"https:\/\/macite.tg\/?p=12716"},"modified":"2024-02-20T15:21:56","modified_gmt":"2024-02-20T15:21:56","slug":"signe-damitie-profonde-les-princesses-lalla-meryem-lalla-asmae-et-lalla-hasnaa-invitees-a-lelysee-par-mme-macron","status":"publish","type":"post","link":"https:\/\/macite.tg\/?p=12716","title":{"rendered":"SIGNE D\u2019AMITIE PROFONDE : Les Princesses Lalla Meryem, Lalla Asmae et Lalla Hasnaa invit\u00e9es \u00e0 l\u2019Elys\u00e9e par Mme Macron"},"content":{"rendered":"\n<p class=\"wp-block-paragraph\"><strong><em>L\u2019axe Paris &#8211; Rabat ne cesse de se raffermir un peu plus chaque jour. En signe d\u2019amiti\u00e9 historique qui lie le Royaume du Maroc et la R\u00e9publique Fran\u00e7aise, les Princesses Lalla Meryem, Lalla Asmae et Lalla Hasnaa ont \u00e9t\u00e9 re\u00e7ues \u00e0 d\u00e9jeuner \u00e0 l\u2019Elys\u00e9e hier lundi 19 f\u00e9vrier 2024.<\/em><\/strong><\/p>\n\n\n<div class=\"wp-block-image\">\n<figure class=\"aligncenter size-large is-resized\"><img loading=\"lazy\" decoding=\"async\" src=\"https:\/\/macite.tg\/wp-content\/uploads\/2024\/02\/IMG-20240220-WA0062-868x1024.jpg\" alt=\"\" class=\"wp-image-12721\" width=\"564\" height=\"664\" srcset=\"https:\/\/macite.tg\/wp-content\/uploads\/2024\/02\/IMG-20240220-WA0062-868x1024.jpg 868w, https:\/\/macite.tg\/wp-content\/uploads\/2024\/02\/IMG-20240220-WA0062-254x300.jpg 254w, https:\/\/macite.tg\/wp-content\/uploads\/2024\/02\/IMG-20240220-WA0062-768x906.jpg 768w, https:\/\/macite.tg\/wp-content\/uploads\/2024\/02\/IMG-20240220-WA0062-1302x1536.jpg 1302w, https:\/\/macite.tg\/wp-content\/uploads\/2024\/02\/IMG-20240220-WA0062.jpg 1356w\" sizes=\"auto, (max-width: 564px) 100vw, 564px\" \/><\/figure>\n<\/div>\n\n\n<p class=\"wp-block-paragraph\">A l\u2019invitation de Madame Brigitte Macron, Premi\u00e8re Dame de la R\u00e9publique Fran\u00e7aise, et sur les Tr\u00e8s Hautes instructions de Sa Majest\u00e9 le Roi Mohammed VI, que Dieu L\u2019assiste, Leurs Altesses Royales, la Princesse Lalla Meriem, la Princesse Lalla Asmae et la Princesse Lalla Hasnaa, ont \u00e9t\u00e9 re\u00e7ues \u00e0 d\u00e9jeuner au Palais de l\u2019l\u2019Elys\u00e9e hier lundi 19 f\u00e9vrier 2024.<\/p>\n\n\n\n<p class=\"wp-block-paragraph\">Notons que ce d\u00e9jeuner s\u2019inscrit dans le cadre de la poursuite des relations d\u2019amiti\u00e9 historique qui unissent les peuples marocains et fran\u00e7ais.<\/p>\n\n\n\n<p class=\"wp-block-paragraph\"><strong>MC<\/strong><\/p>\n\n\n\n<p class=\"wp-block-paragraph\"><a><strong><em>@macite.tg&nbsp;&nbsp;&nbsp;&nbsp;&nbsp;&nbsp;&nbsp;&nbsp;<\/em><\/strong><\/a><\/p>\n\n\n\n<p class=\"wp-block-paragraph\"><strong><em>E-mail&nbsp;: <\/em><\/strong><a href=\"mailto:maciteinfo@gmail.com\"><em>maciteinfo@gmail.com<\/em><\/a><strong><em>; <\/em><\/strong><a href=\"mailto:bawela1@gmail.com\"><em>bawela1@gmail.com<\/em><\/a><em> <strong><\/strong><\/em><\/p>\n\n\n\n<p class=\"wp-block-paragraph\"><strong><em>Pour vos annonces, (publi)reportages, etc., joignez-nous au (00228)91515309\/<strong>79872224 <\/strong>www.macite.tg, L\u2019information, la bonne&nbsp;!<\/em><\/strong><\/p>\n","protected":false},"excerpt":{"rendered":"<p class=\"text-justify mb-2\" >L\u2019axe Paris &#8211; Rabat ne cesse de se raffermir un peu plus chaque jour. En signe d\u2019amiti\u00e9 historique qui lie le Royaume du Maroc et la R\u00e9publique Fran\u00e7aise, les Princesses Lalla Meryem, Lalla Asmae et Lalla Hasnaa ont \u00e9t\u00e9 re\u00e7ues \u00e0 d\u00e9jeuner \u00e0 l\u2019Elys\u00e9e hier [&hellip;]<\/p>\n","protected":false},"author":2,"featured_media":12724,"comment_status":"open","ping_status":"open","sticky":false,"template":"","format":"standard","meta":{"footnotes":""},"categories":[20,16],"tags":[],"class_list":["post-12716","post","type-post","status-publish","format-standard","has-post-thumbnail","hentry","category-actualite","category-cooperation"],"yoast_head":"<!-- This site is optimized with the Yoast SEO plugin v28.4 - https:\/\/yoast.com\/product\/yoast-seo-wordpress\/ -->\n<title>SIGNE D\u2019AMITIE PROFONDE : Les Princesses Lalla Meryem, Lalla Asmae et Lalla Hasnaa invit\u00e9es \u00e0 l\u2019Elys\u00e9e par Mme Macron -<\/title>\n<meta name=\"robots\" content=\"index, follow, max-snippet:-1, max-image-preview:large, max-video-preview:-1\" \/>\n<link rel=\"canonical\" href=\"https:\/\/macite.tg\/?p=12716\" \/>\n<meta property=\"og:locale\" content=\"fr_FR\" \/>\n<meta property=\"og:type\" content=\"article\" \/>\n<meta property=\"og:title\" content=\"SIGNE D\u2019AMITIE PROFONDE : Les Princesses Lalla Meryem, Lalla Asmae et Lalla Hasnaa invit\u00e9es \u00e0 l\u2019Elys\u00e9e par Mme Macron -\" \/>\n<meta property=\"og:description\" content=\"L\u2019axe Paris &#8211; Rabat ne cesse de se raffermir un peu plus chaque jour. En signe d\u2019amiti\u00e9 historique qui lie le Royaume du Maroc et la R\u00e9publique Fran\u00e7aise, les Princesses Lalla Meryem, Lalla Asmae et Lalla Hasnaa ont \u00e9t\u00e9 re\u00e7ues \u00e0 d\u00e9jeuner \u00e0 l\u2019Elys\u00e9e hier [&hellip;]\" \/>\n<meta property=\"og:url\" content=\"https:\/\/macite.tg\/?p=12716\" \/>\n<meta property=\"article:published_time\" content=\"2024-02-20T15:21:54+00:00\" \/>\n<meta property=\"article:modified_time\" content=\"2024-02-20T15:21:56+00:00\" \/>\n<meta property=\"og:image\" content=\"https:\/\/macite.tg\/wp-content\/uploads\/2024\/02\/IMG_0684.png\" \/>\n\t<meta property=\"og:image:width\" content=\"508\" \/>\n\t<meta property=\"og:image:height\" content=\"300\" \/>\n\t<meta property=\"og:image:type\" content=\"image\/png\" \/>\n<meta name=\"author\" content=\"Jean Pierre BAWELA\" \/>\n<meta name=\"twitter:card\" content=\"summary_large_image\" \/>\n<meta name=\"twitter:label1\" content=\"\u00c9crit par\" \/>\n\t<meta name=\"twitter:data1\" content=\"Jean Pierre BAWELA\" \/>\n\t<meta name=\"twitter:label2\" content=\"Dur\u00e9e de lecture estim\u00e9e\" \/>\n\t<meta name=\"twitter:data2\" content=\"1 minute\" \/>\n<script type=\"application\/ld+json\" class=\"yoast-schema-graph\">{\"@context\":\"https:\\\/\\\/schema.org\",\"@graph\":[{\"@type\":\"Article\",\"@id\":\"https:\\\/\\\/macite.tg\\\/?p=12716#article\",\"isPartOf\":{\"@id\":\"https:\\\/\\\/macite.tg\\\/?p=12716\"},\"author\":{\"name\":\"Jean Pierre BAWELA\",\"@id\":\"https:\\\/\\\/macite.tg\\\/#\\\/schema\\\/person\\\/e9f2de7e5dbbe7770a9402c7ce82f5c2\"},\"headline\":\"SIGNE D\u2019AMITIE PROFONDE : Les Princesses Lalla Meryem, Lalla Asmae et Lalla Hasnaa invit\u00e9es \u00e0 l\u2019Elys\u00e9e par Mme Macron\",\"datePublished\":\"2024-02-20T15:21:54+00:00\",\"dateModified\":\"2024-02-20T15:21:56+00:00\",\"mainEntityOfPage\":{\"@id\":\"https:\\\/\\\/macite.tg\\\/?p=12716\"},\"wordCount\":203,\"commentCount\":0,\"image\":{\"@id\":\"https:\\\/\\\/macite.tg\\\/?p=12716#primaryimage\"},\"thumbnailUrl\":\"https:\\\/\\\/macite.tg\\\/wp-content\\\/uploads\\\/2024\\\/02\\\/IMG_0684.png\",\"articleSection\":[\"ACTUALITE\",\"COOPERATION\"],\"inLanguage\":\"fr-FR\",\"potentialAction\":[{\"@type\":\"CommentAction\",\"name\":\"Comment\",\"target\":[\"https:\\\/\\\/macite.tg\\\/?p=12716#respond\"]}]},{\"@type\":\"WebPage\",\"@id\":\"https:\\\/\\\/macite.tg\\\/?p=12716\",\"url\":\"https:\\\/\\\/macite.tg\\\/?p=12716\",\"name\":\"SIGNE D\u2019AMITIE PROFONDE : Les Princesses Lalla Meryem, Lalla Asmae et Lalla Hasnaa invit\u00e9es \u00e0 l\u2019Elys\u00e9e par Mme Macron -\",\"isPartOf\":{\"@id\":\"https:\\\/\\\/macite.tg\\\/#website\"},\"primaryImageOfPage\":{\"@id\":\"https:\\\/\\\/macite.tg\\\/?p=12716#primaryimage\"},\"image\":{\"@id\":\"https:\\\/\\\/macite.tg\\\/?p=12716#primaryimage\"},\"thumbnailUrl\":\"https:\\\/\\\/macite.tg\\\/wp-content\\\/uploads\\\/2024\\\/02\\\/IMG_0684.png\",\"datePublished\":\"2024-02-20T15:21:54+00:00\",\"dateModified\":\"2024-02-20T15:21:56+00:00\",\"author\":{\"@id\":\"https:\\\/\\\/macite.tg\\\/#\\\/schema\\\/person\\\/e9f2de7e5dbbe7770a9402c7ce82f5c2\"},\"breadcrumb\":{\"@id\":\"https:\\\/\\\/macite.tg\\\/?p=12716#breadcrumb\"},\"inLanguage\":\"fr-FR\",\"potentialAction\":[{\"@type\":\"ReadAction\",\"target\":[\"https:\\\/\\\/macite.tg\\\/?p=12716\"]}]},{\"@type\":\"ImageObject\",\"inLanguage\":\"fr-FR\",\"@id\":\"https:\\\/\\\/macite.tg\\\/?p=12716#primaryimage\",\"url\":\"https:\\\/\\\/macite.tg\\\/wp-content\\\/uploads\\\/2024\\\/02\\\/IMG_0684.png\",\"contentUrl\":\"https:\\\/\\\/macite.tg\\\/wp-content\\\/uploads\\\/2024\\\/02\\\/IMG_0684.png\",\"width\":508,\"height\":300,\"caption\":\"Photo de famille des Princesses avec Mme Macron \u00e0 l'issue du d\u00e9jeuner hier lundi \u00e0 l'Elys\u00e9e.\"},{\"@type\":\"BreadcrumbList\",\"@id\":\"https:\\\/\\\/macite.tg\\\/?p=12716#breadcrumb\",\"itemListElement\":[{\"@type\":\"ListItem\",\"position\":1,\"name\":\"Accueil\",\"item\":\"https:\\\/\\\/macite.tg\\\/\"},{\"@type\":\"ListItem\",\"position\":2,\"name\":\"SIGNE D\u2019AMITIE PROFONDE : Les Princesses Lalla Meryem, Lalla Asmae et Lalla Hasnaa invit\u00e9es \u00e0 l\u2019Elys\u00e9e par Mme Macron\"}]},{\"@type\":\"WebSite\",\"@id\":\"https:\\\/\\\/macite.tg\\\/#website\",\"url\":\"https:\\\/\\\/macite.tg\\\/\",\"name\":\"\",\"description\":\"L&#039;information, la bonne!!!\",\"potentialAction\":[{\"@type\":\"SearchAction\",\"target\":{\"@type\":\"EntryPoint\",\"urlTemplate\":\"https:\\\/\\\/macite.tg\\\/?s={search_term_string}\"},\"query-input\":{\"@type\":\"PropertyValueSpecification\",\"valueRequired\":true,\"valueName\":\"search_term_string\"}}],\"inLanguage\":\"fr-FR\"},{\"@type\":\"Person\",\"@id\":\"https:\\\/\\\/macite.tg\\\/#\\\/schema\\\/person\\\/e9f2de7e5dbbe7770a9402c7ce82f5c2\",\"name\":\"Jean Pierre BAWELA\",\"image\":{\"@type\":\"ImageObject\",\"inLanguage\":\"fr-FR\",\"@id\":\"https:\\\/\\\/macite.tg\\\/wp-content\\\/uploads\\\/2023\\\/09\\\/WhatsApp-Image-2023-09-19-at-14.44.41-122x122.jpeg\",\"url\":\"https:\\\/\\\/macite.tg\\\/wp-content\\\/uploads\\\/2023\\\/09\\\/WhatsApp-Image-2023-09-19-at-14.44.41-122x122.jpeg\",\"contentUrl\":\"https:\\\/\\\/macite.tg\\\/wp-content\\\/uploads\\\/2023\\\/09\\\/WhatsApp-Image-2023-09-19-at-14.44.41-122x122.jpeg\",\"caption\":\"Jean Pierre BAWELA\"},\"url\":\"https:\\\/\\\/macite.tg\\\/?author=2\"}]}<\/script>\n<!-- \/ Yoast SEO plugin. -->","yoast_head_json":{"title":"SIGNE D\u2019AMITIE PROFONDE : Les Princesses Lalla Meryem, Lalla Asmae et Lalla Hasnaa invit\u00e9es \u00e0 l\u2019Elys\u00e9e par Mme Macron -","robots":{"index":"index","follow":"follow","max-snippet":"max-snippet:-1","max-image-preview":"max-image-preview:large","max-video-preview":"max-video-preview:-1"},"canonical":"https:\/\/macite.tg\/?p=12716","og_locale":"fr_FR","og_type":"article","og_title":"SIGNE D\u2019AMITIE PROFONDE : Les Princesses Lalla Meryem, Lalla Asmae et Lalla Hasnaa invit\u00e9es \u00e0 l\u2019Elys\u00e9e par Mme Macron -","og_description":"L\u2019axe Paris &#8211; Rabat ne cesse de se raffermir un peu plus chaque jour. En signe d\u2019amiti\u00e9 historique qui lie le Royaume du Maroc et la R\u00e9publique Fran\u00e7aise, les Princesses Lalla Meryem, Lalla Asmae et Lalla Hasnaa ont \u00e9t\u00e9 re\u00e7ues \u00e0 d\u00e9jeuner \u00e0 l\u2019Elys\u00e9e hier [&hellip;]","og_url":"https:\/\/macite.tg\/?p=12716","article_published_time":"2024-02-20T15:21:54+00:00","article_modified_time":"2024-02-20T15:21:56+00:00","og_image":[{"width":508,"height":300,"url":"https:\/\/macite.tg\/wp-content\/uploads\/2024\/02\/IMG_0684.png","type":"image\/png"}],"author":"Jean Pierre BAWELA","twitter_card":"summary_large_image","twitter_misc":{"\u00c9crit par":"Jean Pierre BAWELA","Dur\u00e9e de lecture estim\u00e9e":"1 minute"},"schema":{"@context":"https:\/\/schema.org","@graph":[{"@type":"Article","@id":"https:\/\/macite.tg\/?p=12716#article","isPartOf":{"@id":"https:\/\/macite.tg\/?p=12716"},"author":{"name":"Jean Pierre BAWELA","@id":"https:\/\/macite.tg\/#\/schema\/person\/e9f2de7e5dbbe7770a9402c7ce82f5c2"},"headline":"SIGNE D\u2019AMITIE PROFONDE : Les Princesses Lalla Meryem, Lalla Asmae et Lalla Hasnaa invit\u00e9es \u00e0 l\u2019Elys\u00e9e par Mme Macron","datePublished":"2024-02-20T15:21:54+00:00","dateModified":"2024-02-20T15:21:56+00:00","mainEntityOfPage":{"@id":"https:\/\/macite.tg\/?p=12716"},"wordCount":203,"commentCount":0,"image":{"@id":"https:\/\/macite.tg\/?p=12716#primaryimage"},"thumbnailUrl":"https:\/\/macite.tg\/wp-content\/uploads\/2024\/02\/IMG_0684.png","articleSection":["ACTUALITE","COOPERATION"],"inLanguage":"fr-FR","potentialAction":[{"@type":"CommentAction","name":"Comment","target":["https:\/\/macite.tg\/?p=12716#respond"]}]},{"@type":"WebPage","@id":"https:\/\/macite.tg\/?p=12716","url":"https:\/\/macite.tg\/?p=12716","name":"SIGNE D\u2019AMITIE PROFONDE : Les Princesses Lalla Meryem, Lalla Asmae et Lalla Hasnaa invit\u00e9es \u00e0 l\u2019Elys\u00e9e par Mme Macron -","isPartOf":{"@id":"https:\/\/macite.tg\/#website"},"primaryImageOfPage":{"@id":"https:\/\/macite.tg\/?p=12716#primaryimage"},"image":{"@id":"https:\/\/macite.tg\/?p=12716#primaryimage"},"thumbnailUrl":"https:\/\/macite.tg\/wp-content\/uploads\/2024\/02\/IMG_0684.png","datePublished":"2024-02-20T15:21:54+00:00","dateModified":"2024-02-20T15:21:56+00:00","author":{"@id":"https:\/\/macite.tg\/#\/schema\/person\/e9f2de7e5dbbe7770a9402c7ce82f5c2"},"breadcrumb":{"@id":"https:\/\/macite.tg\/?p=12716#breadcrumb"},"inLanguage":"fr-FR","potentialAction":[{"@type":"ReadAction","target":["https:\/\/macite.tg\/?p=12716"]}]},{"@type":"ImageObject","inLanguage":"fr-FR","@id":"https:\/\/macite.tg\/?p=12716#primaryimage","url":"https:\/\/macite.tg\/wp-content\/uploads\/2024\/02\/IMG_0684.png","contentUrl":"https:\/\/macite.tg\/wp-content\/uploads\/2024\/02\/IMG_0684.png","width":508,"height":300,"caption":"Photo de famille des Princesses avec Mme Macron \u00e0 l'issue du d\u00e9jeuner hier lundi \u00e0 l'Elys\u00e9e."},{"@type":"BreadcrumbList","@id":"https:\/\/macite.tg\/?p=12716#breadcrumb","itemListElement":[{"@type":"ListItem","position":1,"name":"Accueil","item":"https:\/\/macite.tg\/"},{"@type":"ListItem","position":2,"name":"SIGNE D\u2019AMITIE PROFONDE : Les Princesses Lalla Meryem, Lalla Asmae et Lalla Hasnaa invit\u00e9es \u00e0 l\u2019Elys\u00e9e par Mme Macron"}]},{"@type":"WebSite","@id":"https:\/\/macite.tg\/#website","url":"https:\/\/macite.tg\/","name":"","description":"L&#039;information, la bonne!!!","potentialAction":[{"@type":"SearchAction","target":{"@type":"EntryPoint","urlTemplate":"https:\/\/macite.tg\/?s={search_term_string}"},"query-input":{"@type":"PropertyValueSpecification","valueRequired":true,"valueName":"search_term_string"}}],"inLanguage":"fr-FR"},{"@type":"Person","@id":"https:\/\/macite.tg\/#\/schema\/person\/e9f2de7e5dbbe7770a9402c7ce82f5c2","name":"Jean Pierre BAWELA","image":{"@type":"ImageObject","inLanguage":"fr-FR","@id":"https:\/\/macite.tg\/wp-content\/uploads\/2023\/09\/WhatsApp-Image-2023-09-19-at-14.44.41-122x122.jpeg","url":"https:\/\/macite.tg\/wp-content\/uploads\/2023\/09\/WhatsApp-Image-2023-09-19-at-14.44.41-122x122.jpeg","contentUrl":"https:\/\/macite.tg\/wp-content\/uploads\/2023\/09\/WhatsApp-Image-2023-09-19-at-14.44.41-122x122.jpeg","caption":"Jean Pierre BAWELA"},"url":"https:\/\/macite.tg\/?author=2"}]}},"_links":{"self":[{"href":"https:\/\/macite.tg\/index.php?rest_route=\/wp\/v2\/posts\/12716","targetHints":{"allow":["GET"]}}],"collection":[{"href":"https:\/\/macite.tg\/index.php?rest_route=\/wp\/v2\/posts"}],"about":[{"href":"https:\/\/macite.tg\/index.php?rest_route=\/wp\/v2\/types\/post"}],"author":[{"embeddable":true,"href":"https:\/\/macite.tg\/index.php?rest_route=\/wp\/v2\/users\/2"}],"replies":[{"embeddable":true,"href":"https:\/\/macite.tg\/index.php?rest_route=%2Fwp%2Fv2%2Fcomments&post=12716"}],"version-history":[{"count":0,"href":"https:\/\/macite.tg\/index.php?rest_route=\/wp\/v2\/posts\/12716\/revisions"}],"wp:featuredmedia":[{"embeddable":true,"href":"https:\/\/macite.tg\/index.php?rest_route=\/wp\/v2\/media\/12724"}],"wp:attachment":[{"href":"https:\/\/macite.tg\/index.php?rest_route=%2Fwp%2Fv2%2Fmedia&parent=12716"}],"wp:term":[{"taxonomy":"category","embeddable":true,"href":"https:\/\/macite.tg\/index.php?rest_route=%2Fwp%2Fv2%2Fcategories&post=12716"},{"taxonomy":"post_tag","embeddable":true,"href":"https:\/\/macite.tg\/index.php?rest_route=%2Fwp%2Fv2%2Ftags&post=12716"}],"curies":[{"name":"wp","href":"https:\/\/api.w.org\/{rel}","templated":true}]}}