{"id":12709,"date":"2024-02-20T09:55:12","date_gmt":"2024-02-20T09:55:12","guid":{"rendered":"https:\/\/macite.tg\/?p=12709"},"modified":"2024-02-20T09:55:14","modified_gmt":"2024-02-20T09:55:14","slug":"cooperation-laxe-lome-ankara-se-renforce-avantage-a-munich","status":"publish","type":"post","link":"https:\/\/macite.tg\/?p=12709","title":{"rendered":"COOPERATION : L\u2019axe Lom\u00e9 \u2013 Ankara se renforce avantage \u00e0 Munich"},"content":{"rendered":"\n<p class=\"wp-block-paragraph\"><strong><em>En marge de la Conf\u00e9rence de Munich sur la s\u00e9curit\u00e9 (Msc), qui a eu lieu du 16 au 17 f\u00e9vrier dernier \u00e0 Munich, en Allemagne, le Chef de la diplomatie togolaise, Prof Robert Dussey, a \u00e9chang\u00e9 avec son homologue turc, Hakan Fidan.<\/em><\/strong> <\/p>\n\n\n\n<p class=\"wp-block-paragraph\">A Muniche, le ministre Robert Dussey et son homologue turc, Hakan Fidan, ont fait le point de la coop\u00e9ration bilat\u00e9rale entre le Togo et la Turquie, qui a connu ces derni\u00e8res ann\u00e9es un regain de dynamisme.<\/p>\n\n\n<div class=\"wp-block-image\">\n<figure class=\"aligncenter size-full is-resized\"><img loading=\"lazy\" decoding=\"async\" src=\"https:\/\/macite.tg\/wp-content\/uploads\/2024\/02\/426709901_909930414475099_6338070050102141440_n.jpg\" alt=\"\" class=\"wp-image-12603\" width=\"497\" height=\"497\" srcset=\"https:\/\/macite.tg\/wp-content\/uploads\/2024\/02\/426709901_909930414475099_6338070050102141440_n.jpg 843w, https:\/\/macite.tg\/wp-content\/uploads\/2024\/02\/426709901_909930414475099_6338070050102141440_n-300x300.jpg 300w, https:\/\/macite.tg\/wp-content\/uploads\/2024\/02\/426709901_909930414475099_6338070050102141440_n-150x150.jpg 150w, https:\/\/macite.tg\/wp-content\/uploads\/2024\/02\/426709901_909930414475099_6338070050102141440_n-768x768.jpg 768w, https:\/\/macite.tg\/wp-content\/uploads\/2024\/02\/426709901_909930414475099_6338070050102141440_n-122x122.jpg 122w\" sizes=\"auto, (max-width: 497px) 100vw, 497px\" \/><\/figure>\n<\/div>\n\n\n<p class=\"wp-block-paragraph\">D\u2019ailleurs, apr\u00e8s la visite officielle du leader turc, Recep Tayyip Erdogan, au Togo en Octobre 2021, les deux parties ont exprim\u00e9 leur volont\u00e9 de renforcer le partenariat au b\u00e9n\u00e9fice de leurs populations respectives.<\/p>\n\n\n\n<p class=\"wp-block-paragraph\">Notons que plusieurs domaines sont concern\u00e9s par cette coop\u00e9ration, notamment l\u2019agriculture, la d\u00e9fense, le commerce, le tourisme, entre autres.<\/p>\n\n\n<div class=\"wp-block-image\">\n<figure class=\"aligncenter size-large is-resized\"><img loading=\"lazy\" decoding=\"async\" src=\"https:\/\/macite.tg\/wp-content\/uploads\/2024\/02\/GBps6MVW8AAmcgK-1-819x1024.jpg\" alt=\"\" class=\"wp-image-12599\" width=\"508\" height=\"635\" srcset=\"https:\/\/macite.tg\/wp-content\/uploads\/2024\/02\/GBps6MVW8AAmcgK-1-819x1024.jpg 819w, https:\/\/macite.tg\/wp-content\/uploads\/2024\/02\/GBps6MVW8AAmcgK-1-240x300.jpg 240w, https:\/\/macite.tg\/wp-content\/uploads\/2024\/02\/GBps6MVW8AAmcgK-1-768x960.jpg 768w, https:\/\/macite.tg\/wp-content\/uploads\/2024\/02\/GBps6MVW8AAmcgK-1.jpg 864w\" sizes=\"auto, (max-width: 508px) 100vw, 508px\" \/><\/figure>\n<\/div>\n\n\n<p class=\"wp-block-paragraph\">Parlant des \u00e9changes commerciaux entre Lom\u00e9 et Ankara, rien que pour l\u2019ann\u00e9e 2022, cumulaient autour de 200 millions de dollars.<\/p>\n\n\n\n<p class=\"wp-block-paragraph\"><strong>La R\u00e9daction<\/strong><\/p>\n\n\n\n<p class=\"wp-block-paragraph\"><a><strong><em>@macite.tg&nbsp;&nbsp;&nbsp;&nbsp;&nbsp;&nbsp;&nbsp;&nbsp;<\/em><\/strong><\/a><\/p>\n\n\n\n<p class=\"wp-block-paragraph\"><strong><em>E-mail&nbsp;: <\/em><\/strong><a href=\"mailto:maciteinfo@gmail.com\"><strong><em>maciteinfo@gmail.com<\/em><\/strong><\/a><strong><em>; <\/em><\/strong><a href=\"mailto:bawela1@gmail.com\"><strong><em>bawela1@gmail.com<\/em><\/strong><\/a><strong><em><\/em><\/strong><\/p>\n\n\n\n<p class=\"wp-block-paragraph\"><strong><em>Pour vos annonces, (publi)reportages, etc., joignez-nous au (00228)91515309\/<strong>79872224 <\/strong>www.macite.tg, L\u2019information, la bonne&nbsp;!<\/em><\/strong><\/p>\n","protected":false},"excerpt":{"rendered":"<p class=\"text-justify mb-2\" >En marge de la Conf\u00e9rence de Munich sur la s\u00e9curit\u00e9 (Msc), qui a eu lieu du 16 au 17 f\u00e9vrier dernier \u00e0 Munich, en Allemagne, le Chef de la diplomatie togolaise, Prof Robert Dussey, a \u00e9chang\u00e9 avec son homologue turc, Hakan Fidan. A Muniche, le [&hellip;]<\/p>\n","protected":false},"author":2,"featured_media":12711,"comment_status":"open","ping_status":"open","sticky":false,"template":"","format":"standard","meta":{"footnotes":""},"categories":[20,16],"tags":[],"class_list":["post-12709","post","type-post","status-publish","format-standard","has-post-thumbnail","hentry","category-actualite","category-cooperation"],"yoast_head":"<!-- This site is optimized with the Yoast SEO plugin v28.4 - https:\/\/yoast.com\/product\/yoast-seo-wordpress\/ -->\n<title>COOPERATION : L\u2019axe Lom\u00e9 \u2013 Ankara se renforce avantage \u00e0 Munich -<\/title>\n<meta name=\"robots\" content=\"index, follow, max-snippet:-1, max-image-preview:large, max-video-preview:-1\" \/>\n<link rel=\"canonical\" href=\"https:\/\/macite.tg\/?p=12709\" \/>\n<meta property=\"og:locale\" content=\"fr_FR\" \/>\n<meta property=\"og:type\" content=\"article\" \/>\n<meta property=\"og:title\" content=\"COOPERATION : L\u2019axe Lom\u00e9 \u2013 Ankara se renforce avantage \u00e0 Munich -\" \/>\n<meta property=\"og:description\" content=\"En marge de la Conf\u00e9rence de Munich sur la s\u00e9curit\u00e9 (Msc), qui a eu lieu du 16 au 17 f\u00e9vrier dernier \u00e0 Munich, en Allemagne, le Chef de la diplomatie togolaise, Prof Robert Dussey, a \u00e9chang\u00e9 avec son homologue turc, Hakan Fidan. A Muniche, le [&hellip;]\" \/>\n<meta property=\"og:url\" content=\"https:\/\/macite.tg\/?p=12709\" \/>\n<meta property=\"article:published_time\" content=\"2024-02-20T09:55:12+00:00\" \/>\n<meta property=\"article:modified_time\" content=\"2024-02-20T09:55:14+00:00\" \/>\n<meta property=\"og:image\" content=\"https:\/\/macite.tg\/wp-content\/uploads\/2024\/02\/image-49.png\" \/>\n\t<meta property=\"og:image:width\" content=\"602\" \/>\n\t<meta property=\"og:image:height\" content=\"461\" \/>\n\t<meta property=\"og:image:type\" content=\"image\/png\" \/>\n<meta name=\"author\" content=\"Jean Pierre BAWELA\" \/>\n<meta name=\"twitter:card\" content=\"summary_large_image\" \/>\n<meta name=\"twitter:label1\" content=\"\u00c9crit par\" \/>\n\t<meta name=\"twitter:data1\" content=\"Jean Pierre BAWELA\" \/>\n\t<meta name=\"twitter:label2\" content=\"Dur\u00e9e de lecture estim\u00e9e\" \/>\n\t<meta name=\"twitter:data2\" content=\"1 minute\" \/>\n<script type=\"application\/ld+json\" class=\"yoast-schema-graph\">{\"@context\":\"https:\\\/\\\/schema.org\",\"@graph\":[{\"@type\":\"Article\",\"@id\":\"https:\\\/\\\/macite.tg\\\/?p=12709#article\",\"isPartOf\":{\"@id\":\"https:\\\/\\\/macite.tg\\\/?p=12709\"},\"author\":{\"name\":\"Jean Pierre BAWELA\",\"@id\":\"https:\\\/\\\/macite.tg\\\/#\\\/schema\\\/person\\\/e9f2de7e5dbbe7770a9402c7ce82f5c2\"},\"headline\":\"COOPERATION : L\u2019axe Lom\u00e9 \u2013 Ankara se renforce avantage \u00e0 Munich\",\"datePublished\":\"2024-02-20T09:55:12+00:00\",\"dateModified\":\"2024-02-20T09:55:14+00:00\",\"mainEntityOfPage\":{\"@id\":\"https:\\\/\\\/macite.tg\\\/?p=12709\"},\"wordCount\":207,\"commentCount\":0,\"image\":{\"@id\":\"https:\\\/\\\/macite.tg\\\/?p=12709#primaryimage\"},\"thumbnailUrl\":\"https:\\\/\\\/macite.tg\\\/wp-content\\\/uploads\\\/2024\\\/02\\\/image-49.png\",\"articleSection\":[\"ACTUALITE\",\"COOPERATION\"],\"inLanguage\":\"fr-FR\",\"potentialAction\":[{\"@type\":\"CommentAction\",\"name\":\"Comment\",\"target\":[\"https:\\\/\\\/macite.tg\\\/?p=12709#respond\"]}]},{\"@type\":\"WebPage\",\"@id\":\"https:\\\/\\\/macite.tg\\\/?p=12709\",\"url\":\"https:\\\/\\\/macite.tg\\\/?p=12709\",\"name\":\"COOPERATION : L\u2019axe Lom\u00e9 \u2013 Ankara se renforce avantage \u00e0 Munich -\",\"isPartOf\":{\"@id\":\"https:\\\/\\\/macite.tg\\\/#website\"},\"primaryImageOfPage\":{\"@id\":\"https:\\\/\\\/macite.tg\\\/?p=12709#primaryimage\"},\"image\":{\"@id\":\"https:\\\/\\\/macite.tg\\\/?p=12709#primaryimage\"},\"thumbnailUrl\":\"https:\\\/\\\/macite.tg\\\/wp-content\\\/uploads\\\/2024\\\/02\\\/image-49.png\",\"datePublished\":\"2024-02-20T09:55:12+00:00\",\"dateModified\":\"2024-02-20T09:55:14+00:00\",\"author\":{\"@id\":\"https:\\\/\\\/macite.tg\\\/#\\\/schema\\\/person\\\/e9f2de7e5dbbe7770a9402c7ce82f5c2\"},\"breadcrumb\":{\"@id\":\"https:\\\/\\\/macite.tg\\\/?p=12709#breadcrumb\"},\"inLanguage\":\"fr-FR\",\"potentialAction\":[{\"@type\":\"ReadAction\",\"target\":[\"https:\\\/\\\/macite.tg\\\/?p=12709\"]}]},{\"@type\":\"ImageObject\",\"inLanguage\":\"fr-FR\",\"@id\":\"https:\\\/\\\/macite.tg\\\/?p=12709#primaryimage\",\"url\":\"https:\\\/\\\/macite.tg\\\/wp-content\\\/uploads\\\/2024\\\/02\\\/image-49.png\",\"contentUrl\":\"https:\\\/\\\/macite.tg\\\/wp-content\\\/uploads\\\/2024\\\/02\\\/image-49.png\",\"width\":602,\"height\":461},{\"@type\":\"BreadcrumbList\",\"@id\":\"https:\\\/\\\/macite.tg\\\/?p=12709#breadcrumb\",\"itemListElement\":[{\"@type\":\"ListItem\",\"position\":1,\"name\":\"Accueil\",\"item\":\"https:\\\/\\\/macite.tg\\\/\"},{\"@type\":\"ListItem\",\"position\":2,\"name\":\"COOPERATION : L\u2019axe Lom\u00e9 \u2013 Ankara se renforce avantage \u00e0 Munich\"}]},{\"@type\":\"WebSite\",\"@id\":\"https:\\\/\\\/macite.tg\\\/#website\",\"url\":\"https:\\\/\\\/macite.tg\\\/\",\"name\":\"\",\"description\":\"L&#039;information, la bonne!!!\",\"potentialAction\":[{\"@type\":\"SearchAction\",\"target\":{\"@type\":\"EntryPoint\",\"urlTemplate\":\"https:\\\/\\\/macite.tg\\\/?s={search_term_string}\"},\"query-input\":{\"@type\":\"PropertyValueSpecification\",\"valueRequired\":true,\"valueName\":\"search_term_string\"}}],\"inLanguage\":\"fr-FR\"},{\"@type\":\"Person\",\"@id\":\"https:\\\/\\\/macite.tg\\\/#\\\/schema\\\/person\\\/e9f2de7e5dbbe7770a9402c7ce82f5c2\",\"name\":\"Jean Pierre BAWELA\",\"image\":{\"@type\":\"ImageObject\",\"inLanguage\":\"fr-FR\",\"@id\":\"https:\\\/\\\/macite.tg\\\/wp-content\\\/uploads\\\/2023\\\/09\\\/WhatsApp-Image-2023-09-19-at-14.44.41-122x122.jpeg\",\"url\":\"https:\\\/\\\/macite.tg\\\/wp-content\\\/uploads\\\/2023\\\/09\\\/WhatsApp-Image-2023-09-19-at-14.44.41-122x122.jpeg\",\"contentUrl\":\"https:\\\/\\\/macite.tg\\\/wp-content\\\/uploads\\\/2023\\\/09\\\/WhatsApp-Image-2023-09-19-at-14.44.41-122x122.jpeg\",\"caption\":\"Jean Pierre BAWELA\"},\"url\":\"https:\\\/\\\/macite.tg\\\/?author=2\"}]}<\/script>\n<!-- \/ Yoast SEO plugin. -->","yoast_head_json":{"title":"COOPERATION : L\u2019axe Lom\u00e9 \u2013 Ankara se renforce avantage \u00e0 Munich -","robots":{"index":"index","follow":"follow","max-snippet":"max-snippet:-1","max-image-preview":"max-image-preview:large","max-video-preview":"max-video-preview:-1"},"canonical":"https:\/\/macite.tg\/?p=12709","og_locale":"fr_FR","og_type":"article","og_title":"COOPERATION : L\u2019axe Lom\u00e9 \u2013 Ankara se renforce avantage \u00e0 Munich -","og_description":"En marge de la Conf\u00e9rence de Munich sur la s\u00e9curit\u00e9 (Msc), qui a eu lieu du 16 au 17 f\u00e9vrier dernier \u00e0 Munich, en Allemagne, le Chef de la diplomatie togolaise, Prof Robert Dussey, a \u00e9chang\u00e9 avec son homologue turc, Hakan Fidan. A Muniche, le [&hellip;]","og_url":"https:\/\/macite.tg\/?p=12709","article_published_time":"2024-02-20T09:55:12+00:00","article_modified_time":"2024-02-20T09:55:14+00:00","og_image":[{"width":602,"height":461,"url":"https:\/\/macite.tg\/wp-content\/uploads\/2024\/02\/image-49.png","type":"image\/png"}],"author":"Jean Pierre BAWELA","twitter_card":"summary_large_image","twitter_misc":{"\u00c9crit par":"Jean Pierre BAWELA","Dur\u00e9e de lecture estim\u00e9e":"1 minute"},"schema":{"@context":"https:\/\/schema.org","@graph":[{"@type":"Article","@id":"https:\/\/macite.tg\/?p=12709#article","isPartOf":{"@id":"https:\/\/macite.tg\/?p=12709"},"author":{"name":"Jean Pierre BAWELA","@id":"https:\/\/macite.tg\/#\/schema\/person\/e9f2de7e5dbbe7770a9402c7ce82f5c2"},"headline":"COOPERATION : L\u2019axe Lom\u00e9 \u2013 Ankara se renforce avantage \u00e0 Munich","datePublished":"2024-02-20T09:55:12+00:00","dateModified":"2024-02-20T09:55:14+00:00","mainEntityOfPage":{"@id":"https:\/\/macite.tg\/?p=12709"},"wordCount":207,"commentCount":0,"image":{"@id":"https:\/\/macite.tg\/?p=12709#primaryimage"},"thumbnailUrl":"https:\/\/macite.tg\/wp-content\/uploads\/2024\/02\/image-49.png","articleSection":["ACTUALITE","COOPERATION"],"inLanguage":"fr-FR","potentialAction":[{"@type":"CommentAction","name":"Comment","target":["https:\/\/macite.tg\/?p=12709#respond"]}]},{"@type":"WebPage","@id":"https:\/\/macite.tg\/?p=12709","url":"https:\/\/macite.tg\/?p=12709","name":"COOPERATION : L\u2019axe Lom\u00e9 \u2013 Ankara se renforce avantage \u00e0 Munich -","isPartOf":{"@id":"https:\/\/macite.tg\/#website"},"primaryImageOfPage":{"@id":"https:\/\/macite.tg\/?p=12709#primaryimage"},"image":{"@id":"https:\/\/macite.tg\/?p=12709#primaryimage"},"thumbnailUrl":"https:\/\/macite.tg\/wp-content\/uploads\/2024\/02\/image-49.png","datePublished":"2024-02-20T09:55:12+00:00","dateModified":"2024-02-20T09:55:14+00:00","author":{"@id":"https:\/\/macite.tg\/#\/schema\/person\/e9f2de7e5dbbe7770a9402c7ce82f5c2"},"breadcrumb":{"@id":"https:\/\/macite.tg\/?p=12709#breadcrumb"},"inLanguage":"fr-FR","potentialAction":[{"@type":"ReadAction","target":["https:\/\/macite.tg\/?p=12709"]}]},{"@type":"ImageObject","inLanguage":"fr-FR","@id":"https:\/\/macite.tg\/?p=12709#primaryimage","url":"https:\/\/macite.tg\/wp-content\/uploads\/2024\/02\/image-49.png","contentUrl":"https:\/\/macite.tg\/wp-content\/uploads\/2024\/02\/image-49.png","width":602,"height":461},{"@type":"BreadcrumbList","@id":"https:\/\/macite.tg\/?p=12709#breadcrumb","itemListElement":[{"@type":"ListItem","position":1,"name":"Accueil","item":"https:\/\/macite.tg\/"},{"@type":"ListItem","position":2,"name":"COOPERATION : L\u2019axe Lom\u00e9 \u2013 Ankara se renforce avantage \u00e0 Munich"}]},{"@type":"WebSite","@id":"https:\/\/macite.tg\/#website","url":"https:\/\/macite.tg\/","name":"","description":"L&#039;information, la bonne!!!","potentialAction":[{"@type":"SearchAction","target":{"@type":"EntryPoint","urlTemplate":"https:\/\/macite.tg\/?s={search_term_string}"},"query-input":{"@type":"PropertyValueSpecification","valueRequired":true,"valueName":"search_term_string"}}],"inLanguage":"fr-FR"},{"@type":"Person","@id":"https:\/\/macite.tg\/#\/schema\/person\/e9f2de7e5dbbe7770a9402c7ce82f5c2","name":"Jean Pierre BAWELA","image":{"@type":"ImageObject","inLanguage":"fr-FR","@id":"https:\/\/macite.tg\/wp-content\/uploads\/2023\/09\/WhatsApp-Image-2023-09-19-at-14.44.41-122x122.jpeg","url":"https:\/\/macite.tg\/wp-content\/uploads\/2023\/09\/WhatsApp-Image-2023-09-19-at-14.44.41-122x122.jpeg","contentUrl":"https:\/\/macite.tg\/wp-content\/uploads\/2023\/09\/WhatsApp-Image-2023-09-19-at-14.44.41-122x122.jpeg","caption":"Jean Pierre BAWELA"},"url":"https:\/\/macite.tg\/?author=2"}]}},"_links":{"self":[{"href":"https:\/\/macite.tg\/index.php?rest_route=\/wp\/v2\/posts\/12709","targetHints":{"allow":["GET"]}}],"collection":[{"href":"https:\/\/macite.tg\/index.php?rest_route=\/wp\/v2\/posts"}],"about":[{"href":"https:\/\/macite.tg\/index.php?rest_route=\/wp\/v2\/types\/post"}],"author":[{"embeddable":true,"href":"https:\/\/macite.tg\/index.php?rest_route=\/wp\/v2\/users\/2"}],"replies":[{"embeddable":true,"href":"https:\/\/macite.tg\/index.php?rest_route=%2Fwp%2Fv2%2Fcomments&post=12709"}],"version-history":[{"count":0,"href":"https:\/\/macite.tg\/index.php?rest_route=\/wp\/v2\/posts\/12709\/revisions"}],"wp:featuredmedia":[{"embeddable":true,"href":"https:\/\/macite.tg\/index.php?rest_route=\/wp\/v2\/media\/12711"}],"wp:attachment":[{"href":"https:\/\/macite.tg\/index.php?rest_route=%2Fwp%2Fv2%2Fmedia&parent=12709"}],"wp:term":[{"taxonomy":"category","embeddable":true,"href":"https:\/\/macite.tg\/index.php?rest_route=%2Fwp%2Fv2%2Fcategories&post=12709"},{"taxonomy":"post_tag","embeddable":true,"href":"https:\/\/macite.tg\/index.php?rest_route=%2Fwp%2Fv2%2Ftags&post=12709"}],"curies":[{"name":"wp","href":"https:\/\/api.w.org\/{rel}","templated":true}]}}