{"id":12706,"date":"2024-02-20T10:43:09","date_gmt":"2024-02-20T10:43:09","guid":{"rendered":"https:\/\/macite.tg\/?p=12706"},"modified":"2024-02-20T10:43:11","modified_gmt":"2024-02-20T10:43:11","slug":"bundesliga-le-bayern-munich-dans-le-dur-thomas-tuchel-sur-le-depart","status":"publish","type":"post","link":"https:\/\/macite.tg\/?p=12706","title":{"rendered":"BUNDESLIGA\u00a0: Le Bayern Munich dans le dur \u2026Thomas Tuchel sur le d\u00e9part\u00a0?"},"content":{"rendered":"\n<p class=\"wp-block-paragraph\"><strong><em>Le club allemand le plus titr\u00e9, le Bayern de Munich est dans le dur. Apr\u00e8s un d\u00e9but rassurant au lendemain du feuilleton Sadio Man\u00e9, le club de la Bavi\u00e8re, avec l\u2019arriv\u00e9e du technicien allemand, Thomas Tuchel, a sembl\u00e9 reprendre du poil de la b\u00eate \u2026 Qautre d\u00e9faites cons\u00e9cutives ont suffi pour faire redescendre sur terre les rouges de la Bavi\u00e8re.<\/em><\/strong><\/p>\n\n\n\n<p class=\"wp-block-paragraph\">Le manque d\u2019efficacit\u00e9 de l\u2019attaquant international s\u00e9n\u00e9galais, Sadio Man\u00e9, a \u00e9t\u00e9 point\u00e9 du doigt la saison derni\u00e8re pour expliquer la mauvaise forme du club allemand. Pouss\u00e9 \u00e0 la sortie, l\u2019attaquant des Reds de Liverpool assiste de loin les contre-performances du Bayern.<\/p>\n\n\n<div class=\"wp-block-image\">\n<figure class=\"aligncenter size-full is-resized\"><img loading=\"lazy\" decoding=\"async\" src=\"https:\/\/macite.tg\/wp-content\/uploads\/2024\/02\/426709901_909930414475099_6338070050102141440_n.jpg\" alt=\"\" class=\"wp-image-12603\" width=\"555\" height=\"555\" srcset=\"https:\/\/macite.tg\/wp-content\/uploads\/2024\/02\/426709901_909930414475099_6338070050102141440_n.jpg 843w, https:\/\/macite.tg\/wp-content\/uploads\/2024\/02\/426709901_909930414475099_6338070050102141440_n-300x300.jpg 300w, https:\/\/macite.tg\/wp-content\/uploads\/2024\/02\/426709901_909930414475099_6338070050102141440_n-150x150.jpg 150w, https:\/\/macite.tg\/wp-content\/uploads\/2024\/02\/426709901_909930414475099_6338070050102141440_n-768x768.jpg 768w, https:\/\/macite.tg\/wp-content\/uploads\/2024\/02\/426709901_909930414475099_6338070050102141440_n-122x122.jpg 122w\" sizes=\"auto, (max-width: 555px) 100vw, 555px\" \/><\/figure>\n<\/div>\n\n\n<p class=\"wp-block-paragraph\">En effet, le Bayern encha\u00eene des d\u00e9faites ces derniers temps tant en Bundesliga qu\u2019en coupes.<\/p>\n\n\n\n<p class=\"wp-block-paragraph\">La pr\u00e9sence dans ses rangs de l\u2019un des meilleurs avant-centres mondiaux, Harry Kane, n\u2019a rien chang\u00e9 chez le club bavarois, cette saison en cours. En Supercoupe d\u2019Allemagne, le Bayern Munich a subi une cuisante d\u00e9faite (3-0) en finale face \u00e0 Leipzig.<\/p>\n\n\n\n<p class=\"wp-block-paragraph\">De plus, le club a \u00e9t\u00e9 \u00e9limin\u00e9 d\u00e8s le deuxi\u00e8me tour de la Coupe d\u2019Allemagne par une \u00e9quipe de troisi\u00e8me division, Saarbrucken, ceci malgr\u00e9 l\u2019armada offensive du Bayern.<\/p>\n\n\n\n<p class=\"wp-block-paragraph\">En Bundesliga, la d\u00e9faite, 3-0, face \u00e0 son rival Bayer Leverkusen, puis la surprise de Bochum (3-2), creusant ainsi un \u00e9cart de huit (08) points au classement, enfoncent davantage le club bavarois.<\/p>\n\n\n\n<p class=\"wp-block-paragraph\">Comme si cela ne suffisait pas, la d\u00e9faite lors du match aller de la Ligue des champions, face \u00e0 la Lazio de Rome (0-1), n\u2019arrange surtout pas les choses pour le technicien allemand qui voit l\u2019\u00e9tau se resserrer autour de lui d\u00e9sormais.<\/p>\n\n\n<div class=\"wp-block-image\">\n<figure class=\"aligncenter size-large is-resized\"><img loading=\"lazy\" decoding=\"async\" src=\"https:\/\/macite.tg\/wp-content\/uploads\/2024\/02\/GBps6MVW8AAmcgK-1-819x1024.jpg\" alt=\"\" class=\"wp-image-12599\" width=\"511\" height=\"639\" srcset=\"https:\/\/macite.tg\/wp-content\/uploads\/2024\/02\/GBps6MVW8AAmcgK-1-819x1024.jpg 819w, https:\/\/macite.tg\/wp-content\/uploads\/2024\/02\/GBps6MVW8AAmcgK-1-240x300.jpg 240w, https:\/\/macite.tg\/wp-content\/uploads\/2024\/02\/GBps6MVW8AAmcgK-1-768x960.jpg 768w, https:\/\/macite.tg\/wp-content\/uploads\/2024\/02\/GBps6MVW8AAmcgK-1.jpg 864w\" sizes=\"auto, (max-width: 511px) 100vw, 511px\" \/><\/figure>\n<\/div>\n\n\n<p class=\"wp-block-paragraph\">A quelques heures seulement d\u2019un huiti\u00e8me de finale retour d\u00e9cisif pour le club bavarois, et alors que le fanion du probable rempla\u00e7ant de Tuchel (Zinedine Zidane) est d\u00e9j\u00e0 brandi par la presse italienne relay\u00e9e par la presse allemande, la Direction du Bayern regarde de plus pr\u00eat cette situation qui ne devrait pas les \u00e9chapper une fois encore.<\/p>\n\n\n\n<p class=\"wp-block-paragraph\"><strong>JPB<\/strong> <\/p>\n\n\n\n<p class=\"wp-block-paragraph\"><a><strong><em>@macite.tg&nbsp;&nbsp;&nbsp;&nbsp;&nbsp;&nbsp;&nbsp;&nbsp;<\/em><\/strong><\/a><\/p>\n\n\n\n<p class=\"wp-block-paragraph\"><strong><em>E-mail&nbsp;: <\/em><\/strong><a href=\"mailto:maciteinfo@gmail.com\"><strong><em>maciteinfo@gmail.com<\/em><\/strong><\/a><strong><em>; <\/em><\/strong><a href=\"mailto:bawela1@gmail.com\"><strong><em>bawela1@gmail.com<\/em><\/strong><\/a><strong><em><\/em><\/strong><\/p>\n\n\n\n<p class=\"wp-block-paragraph\"><strong><em>Pour vos annonces, (publi)reportages, etc., joignez-nous au (00228)91515309\/<strong>79872224 <\/strong>www.macite.tg, L\u2019information, la bonne&nbsp;!<\/em><\/strong><\/p>\n","protected":false},"excerpt":{"rendered":"<p class=\"text-justify mb-2\" >Le club allemand le plus titr\u00e9, le Bayern de Munich est dans le dur. Apr\u00e8s un d\u00e9but rassurant au lendemain du feuilleton Sadio Man\u00e9, le club de la Bavi\u00e8re, avec l\u2019arriv\u00e9e du technicien allemand, Thomas Tuchel, a sembl\u00e9 reprendre du poil de la b\u00eate \u2026 [&hellip;]<\/p>\n","protected":false},"author":2,"featured_media":12714,"comment_status":"open","ping_status":"open","sticky":false,"template":"","format":"standard","meta":{"footnotes":""},"categories":[20,7],"tags":[],"class_list":["post-12706","post","type-post","status-publish","format-standard","has-post-thumbnail","hentry","category-actualite","category-sports"],"yoast_head":"<!-- This site is optimized with the Yoast SEO plugin v28.4 - https:\/\/yoast.com\/product\/yoast-seo-wordpress\/ -->\n<title>BUNDESLIGA\u00a0: Le Bayern Munich dans le dur \u2026Thomas Tuchel sur le d\u00e9part\u00a0? -<\/title>\n<meta name=\"robots\" content=\"index, follow, max-snippet:-1, max-image-preview:large, max-video-preview:-1\" \/>\n<link rel=\"canonical\" href=\"https:\/\/macite.tg\/?p=12706\" \/>\n<meta property=\"og:locale\" content=\"fr_FR\" \/>\n<meta property=\"og:type\" content=\"article\" \/>\n<meta property=\"og:title\" content=\"BUNDESLIGA\u00a0: Le Bayern Munich dans le dur \u2026Thomas Tuchel sur le d\u00e9part\u00a0? -\" \/>\n<meta property=\"og:description\" content=\"Le club allemand le plus titr\u00e9, le Bayern de Munich est dans le dur. Apr\u00e8s un d\u00e9but rassurant au lendemain du feuilleton Sadio Man\u00e9, le club de la Bavi\u00e8re, avec l\u2019arriv\u00e9e du technicien allemand, Thomas Tuchel, a sembl\u00e9 reprendre du poil de la b\u00eate \u2026 [&hellip;]\" \/>\n<meta property=\"og:url\" content=\"https:\/\/macite.tg\/?p=12706\" \/>\n<meta property=\"article:published_time\" content=\"2024-02-20T10:43:09+00:00\" \/>\n<meta property=\"article:modified_time\" content=\"2024-02-20T10:43:11+00:00\" \/>\n<meta property=\"og:image\" content=\"https:\/\/macite.tg\/wp-content\/uploads\/2024\/02\/image-51.png\" \/>\n\t<meta property=\"og:image:width\" content=\"1200\" \/>\n\t<meta property=\"og:image:height\" content=\"675\" \/>\n\t<meta property=\"og:image:type\" content=\"image\/png\" \/>\n<meta name=\"author\" content=\"Jean Pierre BAWELA\" \/>\n<meta name=\"twitter:card\" content=\"summary_large_image\" \/>\n<meta name=\"twitter:label1\" content=\"\u00c9crit par\" \/>\n\t<meta name=\"twitter:data1\" content=\"Jean Pierre BAWELA\" \/>\n\t<meta name=\"twitter:label2\" content=\"Dur\u00e9e de lecture estim\u00e9e\" \/>\n\t<meta name=\"twitter:data2\" content=\"2 minutes\" \/>\n<script type=\"application\/ld+json\" class=\"yoast-schema-graph\">{\"@context\":\"https:\\\/\\\/schema.org\",\"@graph\":[{\"@type\":\"Article\",\"@id\":\"https:\\\/\\\/macite.tg\\\/?p=12706#article\",\"isPartOf\":{\"@id\":\"https:\\\/\\\/macite.tg\\\/?p=12706\"},\"author\":{\"name\":\"Jean Pierre BAWELA\",\"@id\":\"https:\\\/\\\/macite.tg\\\/#\\\/schema\\\/person\\\/e9f2de7e5dbbe7770a9402c7ce82f5c2\"},\"headline\":\"BUNDESLIGA\u00a0: Le Bayern Munich dans le dur \u2026Thomas Tuchel sur le d\u00e9part\u00a0?\",\"datePublished\":\"2024-02-20T10:43:09+00:00\",\"dateModified\":\"2024-02-20T10:43:11+00:00\",\"mainEntityOfPage\":{\"@id\":\"https:\\\/\\\/macite.tg\\\/?p=12706\"},\"wordCount\":398,\"commentCount\":0,\"image\":{\"@id\":\"https:\\\/\\\/macite.tg\\\/?p=12706#primaryimage\"},\"thumbnailUrl\":\"https:\\\/\\\/macite.tg\\\/wp-content\\\/uploads\\\/2024\\\/02\\\/image-51.png\",\"articleSection\":[\"ACTUALITE\",\"SPORTS\"],\"inLanguage\":\"fr-FR\",\"potentialAction\":[{\"@type\":\"CommentAction\",\"name\":\"Comment\",\"target\":[\"https:\\\/\\\/macite.tg\\\/?p=12706#respond\"]}]},{\"@type\":\"WebPage\",\"@id\":\"https:\\\/\\\/macite.tg\\\/?p=12706\",\"url\":\"https:\\\/\\\/macite.tg\\\/?p=12706\",\"name\":\"BUNDESLIGA\u00a0: Le Bayern Munich dans le dur \u2026Thomas Tuchel sur le d\u00e9part\u00a0? -\",\"isPartOf\":{\"@id\":\"https:\\\/\\\/macite.tg\\\/#website\"},\"primaryImageOfPage\":{\"@id\":\"https:\\\/\\\/macite.tg\\\/?p=12706#primaryimage\"},\"image\":{\"@id\":\"https:\\\/\\\/macite.tg\\\/?p=12706#primaryimage\"},\"thumbnailUrl\":\"https:\\\/\\\/macite.tg\\\/wp-content\\\/uploads\\\/2024\\\/02\\\/image-51.png\",\"datePublished\":\"2024-02-20T10:43:09+00:00\",\"dateModified\":\"2024-02-20T10:43:11+00:00\",\"author\":{\"@id\":\"https:\\\/\\\/macite.tg\\\/#\\\/schema\\\/person\\\/e9f2de7e5dbbe7770a9402c7ce82f5c2\"},\"breadcrumb\":{\"@id\":\"https:\\\/\\\/macite.tg\\\/?p=12706#breadcrumb\"},\"inLanguage\":\"fr-FR\",\"potentialAction\":[{\"@type\":\"ReadAction\",\"target\":[\"https:\\\/\\\/macite.tg\\\/?p=12706\"]}]},{\"@type\":\"ImageObject\",\"inLanguage\":\"fr-FR\",\"@id\":\"https:\\\/\\\/macite.tg\\\/?p=12706#primaryimage\",\"url\":\"https:\\\/\\\/macite.tg\\\/wp-content\\\/uploads\\\/2024\\\/02\\\/image-51.png\",\"contentUrl\":\"https:\\\/\\\/macite.tg\\\/wp-content\\\/uploads\\\/2024\\\/02\\\/image-51.png\",\"width\":1200,\"height\":675},{\"@type\":\"BreadcrumbList\",\"@id\":\"https:\\\/\\\/macite.tg\\\/?p=12706#breadcrumb\",\"itemListElement\":[{\"@type\":\"ListItem\",\"position\":1,\"name\":\"Accueil\",\"item\":\"https:\\\/\\\/macite.tg\\\/\"},{\"@type\":\"ListItem\",\"position\":2,\"name\":\"BUNDESLIGA\u00a0: Le Bayern Munich dans le dur \u2026Thomas Tuchel sur le d\u00e9part\u00a0?\"}]},{\"@type\":\"WebSite\",\"@id\":\"https:\\\/\\\/macite.tg\\\/#website\",\"url\":\"https:\\\/\\\/macite.tg\\\/\",\"name\":\"\",\"description\":\"L&#039;information, la bonne!!!\",\"potentialAction\":[{\"@type\":\"SearchAction\",\"target\":{\"@type\":\"EntryPoint\",\"urlTemplate\":\"https:\\\/\\\/macite.tg\\\/?s={search_term_string}\"},\"query-input\":{\"@type\":\"PropertyValueSpecification\",\"valueRequired\":true,\"valueName\":\"search_term_string\"}}],\"inLanguage\":\"fr-FR\"},{\"@type\":\"Person\",\"@id\":\"https:\\\/\\\/macite.tg\\\/#\\\/schema\\\/person\\\/e9f2de7e5dbbe7770a9402c7ce82f5c2\",\"name\":\"Jean Pierre BAWELA\",\"image\":{\"@type\":\"ImageObject\",\"inLanguage\":\"fr-FR\",\"@id\":\"https:\\\/\\\/macite.tg\\\/wp-content\\\/uploads\\\/2023\\\/09\\\/WhatsApp-Image-2023-09-19-at-14.44.41-122x122.jpeg\",\"url\":\"https:\\\/\\\/macite.tg\\\/wp-content\\\/uploads\\\/2023\\\/09\\\/WhatsApp-Image-2023-09-19-at-14.44.41-122x122.jpeg\",\"contentUrl\":\"https:\\\/\\\/macite.tg\\\/wp-content\\\/uploads\\\/2023\\\/09\\\/WhatsApp-Image-2023-09-19-at-14.44.41-122x122.jpeg\",\"caption\":\"Jean Pierre BAWELA\"},\"url\":\"https:\\\/\\\/macite.tg\\\/?author=2\"}]}<\/script>\n<!-- \/ Yoast SEO plugin. -->","yoast_head_json":{"title":"BUNDESLIGA\u00a0: Le Bayern Munich dans le dur \u2026Thomas Tuchel sur le d\u00e9part\u00a0? -","robots":{"index":"index","follow":"follow","max-snippet":"max-snippet:-1","max-image-preview":"max-image-preview:large","max-video-preview":"max-video-preview:-1"},"canonical":"https:\/\/macite.tg\/?p=12706","og_locale":"fr_FR","og_type":"article","og_title":"BUNDESLIGA\u00a0: Le Bayern Munich dans le dur \u2026Thomas Tuchel sur le d\u00e9part\u00a0? -","og_description":"Le club allemand le plus titr\u00e9, le Bayern de Munich est dans le dur. Apr\u00e8s un d\u00e9but rassurant au lendemain du feuilleton Sadio Man\u00e9, le club de la Bavi\u00e8re, avec l\u2019arriv\u00e9e du technicien allemand, Thomas Tuchel, a sembl\u00e9 reprendre du poil de la b\u00eate \u2026 [&hellip;]","og_url":"https:\/\/macite.tg\/?p=12706","article_published_time":"2024-02-20T10:43:09+00:00","article_modified_time":"2024-02-20T10:43:11+00:00","og_image":[{"width":1200,"height":675,"url":"https:\/\/macite.tg\/wp-content\/uploads\/2024\/02\/image-51.png","type":"image\/png"}],"author":"Jean Pierre BAWELA","twitter_card":"summary_large_image","twitter_misc":{"\u00c9crit par":"Jean Pierre BAWELA","Dur\u00e9e de lecture estim\u00e9e":"2 minutes"},"schema":{"@context":"https:\/\/schema.org","@graph":[{"@type":"Article","@id":"https:\/\/macite.tg\/?p=12706#article","isPartOf":{"@id":"https:\/\/macite.tg\/?p=12706"},"author":{"name":"Jean Pierre BAWELA","@id":"https:\/\/macite.tg\/#\/schema\/person\/e9f2de7e5dbbe7770a9402c7ce82f5c2"},"headline":"BUNDESLIGA\u00a0: Le Bayern Munich dans le dur \u2026Thomas Tuchel sur le d\u00e9part\u00a0?","datePublished":"2024-02-20T10:43:09+00:00","dateModified":"2024-02-20T10:43:11+00:00","mainEntityOfPage":{"@id":"https:\/\/macite.tg\/?p=12706"},"wordCount":398,"commentCount":0,"image":{"@id":"https:\/\/macite.tg\/?p=12706#primaryimage"},"thumbnailUrl":"https:\/\/macite.tg\/wp-content\/uploads\/2024\/02\/image-51.png","articleSection":["ACTUALITE","SPORTS"],"inLanguage":"fr-FR","potentialAction":[{"@type":"CommentAction","name":"Comment","target":["https:\/\/macite.tg\/?p=12706#respond"]}]},{"@type":"WebPage","@id":"https:\/\/macite.tg\/?p=12706","url":"https:\/\/macite.tg\/?p=12706","name":"BUNDESLIGA\u00a0: Le Bayern Munich dans le dur \u2026Thomas Tuchel sur le d\u00e9part\u00a0? -","isPartOf":{"@id":"https:\/\/macite.tg\/#website"},"primaryImageOfPage":{"@id":"https:\/\/macite.tg\/?p=12706#primaryimage"},"image":{"@id":"https:\/\/macite.tg\/?p=12706#primaryimage"},"thumbnailUrl":"https:\/\/macite.tg\/wp-content\/uploads\/2024\/02\/image-51.png","datePublished":"2024-02-20T10:43:09+00:00","dateModified":"2024-02-20T10:43:11+00:00","author":{"@id":"https:\/\/macite.tg\/#\/schema\/person\/e9f2de7e5dbbe7770a9402c7ce82f5c2"},"breadcrumb":{"@id":"https:\/\/macite.tg\/?p=12706#breadcrumb"},"inLanguage":"fr-FR","potentialAction":[{"@type":"ReadAction","target":["https:\/\/macite.tg\/?p=12706"]}]},{"@type":"ImageObject","inLanguage":"fr-FR","@id":"https:\/\/macite.tg\/?p=12706#primaryimage","url":"https:\/\/macite.tg\/wp-content\/uploads\/2024\/02\/image-51.png","contentUrl":"https:\/\/macite.tg\/wp-content\/uploads\/2024\/02\/image-51.png","width":1200,"height":675},{"@type":"BreadcrumbList","@id":"https:\/\/macite.tg\/?p=12706#breadcrumb","itemListElement":[{"@type":"ListItem","position":1,"name":"Accueil","item":"https:\/\/macite.tg\/"},{"@type":"ListItem","position":2,"name":"BUNDESLIGA\u00a0: Le Bayern Munich dans le dur \u2026Thomas Tuchel sur le d\u00e9part\u00a0?"}]},{"@type":"WebSite","@id":"https:\/\/macite.tg\/#website","url":"https:\/\/macite.tg\/","name":"","description":"L&#039;information, la bonne!!!","potentialAction":[{"@type":"SearchAction","target":{"@type":"EntryPoint","urlTemplate":"https:\/\/macite.tg\/?s={search_term_string}"},"query-input":{"@type":"PropertyValueSpecification","valueRequired":true,"valueName":"search_term_string"}}],"inLanguage":"fr-FR"},{"@type":"Person","@id":"https:\/\/macite.tg\/#\/schema\/person\/e9f2de7e5dbbe7770a9402c7ce82f5c2","name":"Jean Pierre BAWELA","image":{"@type":"ImageObject","inLanguage":"fr-FR","@id":"https:\/\/macite.tg\/wp-content\/uploads\/2023\/09\/WhatsApp-Image-2023-09-19-at-14.44.41-122x122.jpeg","url":"https:\/\/macite.tg\/wp-content\/uploads\/2023\/09\/WhatsApp-Image-2023-09-19-at-14.44.41-122x122.jpeg","contentUrl":"https:\/\/macite.tg\/wp-content\/uploads\/2023\/09\/WhatsApp-Image-2023-09-19-at-14.44.41-122x122.jpeg","caption":"Jean Pierre BAWELA"},"url":"https:\/\/macite.tg\/?author=2"}]}},"_links":{"self":[{"href":"https:\/\/macite.tg\/index.php?rest_route=\/wp\/v2\/posts\/12706","targetHints":{"allow":["GET"]}}],"collection":[{"href":"https:\/\/macite.tg\/index.php?rest_route=\/wp\/v2\/posts"}],"about":[{"href":"https:\/\/macite.tg\/index.php?rest_route=\/wp\/v2\/types\/post"}],"author":[{"embeddable":true,"href":"https:\/\/macite.tg\/index.php?rest_route=\/wp\/v2\/users\/2"}],"replies":[{"embeddable":true,"href":"https:\/\/macite.tg\/index.php?rest_route=%2Fwp%2Fv2%2Fcomments&post=12706"}],"version-history":[{"count":0,"href":"https:\/\/macite.tg\/index.php?rest_route=\/wp\/v2\/posts\/12706\/revisions"}],"wp:featuredmedia":[{"embeddable":true,"href":"https:\/\/macite.tg\/index.php?rest_route=\/wp\/v2\/media\/12714"}],"wp:attachment":[{"href":"https:\/\/macite.tg\/index.php?rest_route=%2Fwp%2Fv2%2Fmedia&parent=12706"}],"wp:term":[{"taxonomy":"category","embeddable":true,"href":"https:\/\/macite.tg\/index.php?rest_route=%2Fwp%2Fv2%2Fcategories&post=12706"},{"taxonomy":"post_tag","embeddable":true,"href":"https:\/\/macite.tg\/index.php?rest_route=%2Fwp%2Fv2%2Ftags&post=12706"}],"curies":[{"name":"wp","href":"https:\/\/api.w.org\/{rel}","templated":true}]}}