{"id":12690,"date":"2024-02-19T14:41:27","date_gmt":"2024-02-19T14:41:27","guid":{"rendered":"https:\/\/macite.tg\/?p=12690"},"modified":"2024-02-19T14:41:44","modified_gmt":"2024-02-19T14:41:44","slug":"presidentielle-au-senegal-2024-macky-sall-est-pret-a-le-faire-les-revelations-dalioune-tine","status":"publish","type":"post","link":"https:\/\/macite.tg\/?p=12690","title":{"rendered":"PRESIDENTIELLE\u00a0AU SENEGAL 2024\u00a0: \u00ab\u00a0Macky Sall est pr\u00eat \u00e0 le faire\u00a0\u00bb &#8230;Les r\u00e9v\u00e9lations d\u2019Alioune Tine"},"content":{"rendered":"\n<h1 class=\"wp-block-heading\"><i class=\"fas fa-pencil-alt\"> <\/i><span><\/h1>\n\n\n\n<p class=\"wp-block-paragraph\"><strong><em>Dans le climat politique tendu qui r\u00e8gne au S\u00e9n\u00e9gal entre les partisans du pr\u00e9sident Macky Sall et ceux d\u2019Ousmane Sonko, fondateur du mouvement \u00ab Pastef-Les Patriotes \u00bb, le r\u00f4le de m\u00e9diateur de Alioune Tine revient une fois de plus \u00e0 l\u2019avant-sc\u00e8ne.<\/em><\/strong><\/p>\n\n\n\n<p class=\"wp-block-paragraph\">C\u2019est dans cette optique que le fondateur du <em>\u00ab Africa Jom Center \u00bb<\/em> continue de s\u2019engager activement pour faciliter le dialogue entre les acteurs politiques.<\/p>\n\n\n<div class=\"wp-block-image\">\n<figure class=\"aligncenter size-large is-resized\"><img loading=\"lazy\" decoding=\"async\" src=\"https:\/\/macite.tg\/wp-content\/uploads\/2024\/02\/GBps6MVW8AAmcgK-1-819x1024.jpg\" alt=\"\" class=\"wp-image-12599\" width=\"515\" height=\"644\" srcset=\"https:\/\/macite.tg\/wp-content\/uploads\/2024\/02\/GBps6MVW8AAmcgK-1-819x1024.jpg 819w, https:\/\/macite.tg\/wp-content\/uploads\/2024\/02\/GBps6MVW8AAmcgK-1-240x300.jpg 240w, https:\/\/macite.tg\/wp-content\/uploads\/2024\/02\/GBps6MVW8AAmcgK-1-768x960.jpg 768w, https:\/\/macite.tg\/wp-content\/uploads\/2024\/02\/GBps6MVW8AAmcgK-1.jpg 864w\" sizes=\"auto, (max-width: 515px) 100vw, 515px\" \/><\/figure>\n<\/div>\n\n\n<p class=\"wp-block-paragraph\">Lors de son intervention lors du Grand Jury sur la Rfm ce dimanche, Alioune Tine<a href=\"https:\/\/www.senenews.com\/actualites\/apres-le-report-de-la-presidentielle-m-alioune-tine-evoque-deja-un-autre-seuil-critique_482452.html\">,<\/a>\u00a0combattant des droits de l\u2019homme et ancien de la Raddho, a insist\u00e9 sur l\u2019importance d\u2019une rencontre entre Macky Sall et Ousmane Sonko. Selon lui, cette m\u00e9diation n\u2019est pas une improvisation, mais plut\u00f4t une d\u00e9marche constante entreprise pour pr\u00e9server la stabilit\u00e9 du pays.<\/p>\n\n\n\n<p class=\"wp-block-paragraph\"><em>\u00ab Il est indispensable que Macky Sall et Ousmane Sonko se parlent \u00bb,<\/em> a d\u00e9clar\u00e9 Alioune Tine, soulignant qu\u2019il avait lui-m\u00eame tent\u00e9 de faciliter un dialogue entre le maire de Ziguinchor et le pr\u00e9sident de la R\u00e9publique \u00e0 une \u00e9poque o\u00f9 les tensions n\u2019\u00e9taient pas aussi vives qu\u2019aujourd\u2019hui.<\/p>\n\n\n\n<p class=\"wp-block-paragraph\">Poursuivant son plaidoyer pour le dialogue, Alioune Tine a r\u00e9v\u00e9l\u00e9 que Macky Sall \u00e9tait dispos\u00e9 \u00e0 faire toutes les concessions n\u00e9cessaires pour garantir la stabilit\u00e9 et la s\u00e9curit\u00e9 du pays.<\/p>\n\n\n\n<p class=\"wp-block-paragraph\">Il a \u00e9galement encourag\u00e9 une concertation permanente entre tous les acteurs politiques afin de pr\u00e9venir la mont\u00e9e de la division et de la haine, qui repr\u00e9sentent une menace pour la nation s\u00e9n\u00e9galaise.<\/p>\n\n\n<div class=\"wp-block-image\">\n<figure class=\"aligncenter size-full is-resized\"><img loading=\"lazy\" decoding=\"async\" src=\"https:\/\/macite.tg\/wp-content\/uploads\/2024\/02\/426709901_909930414475099_6338070050102141440_n.jpg\" alt=\"\" class=\"wp-image-12603\" width=\"568\" height=\"568\" srcset=\"https:\/\/macite.tg\/wp-content\/uploads\/2024\/02\/426709901_909930414475099_6338070050102141440_n.jpg 843w, https:\/\/macite.tg\/wp-content\/uploads\/2024\/02\/426709901_909930414475099_6338070050102141440_n-300x300.jpg 300w, https:\/\/macite.tg\/wp-content\/uploads\/2024\/02\/426709901_909930414475099_6338070050102141440_n-150x150.jpg 150w, https:\/\/macite.tg\/wp-content\/uploads\/2024\/02\/426709901_909930414475099_6338070050102141440_n-768x768.jpg 768w, https:\/\/macite.tg\/wp-content\/uploads\/2024\/02\/426709901_909930414475099_6338070050102141440_n-122x122.jpg 122w\" sizes=\"auto, (max-width: 568px) 100vw, 568px\" \/><\/figure>\n<\/div>\n\n\n<p class=\"wp-block-paragraph\">\u00ab&nbsp;<em>Macky Sall est pr\u00eat \u00e0 faire toutes les concessions n\u00e9cessaires y compris dialoguer avec Ousmane Sonko parce qu\u2019il veut laisser aux s\u00e9n\u00e9galais un pays stable et s\u00e9curis\u00e9<\/em>&nbsp;\u00bb, a r\u00e9v\u00e9l\u00e9 Alioune Tine.<\/p>\n\n\n\n<p class=\"wp-block-paragraph\"><strong>SeneNews<\/strong><\/p>\n\n\n\n<p class=\"wp-block-paragraph\"><a><strong><em>@macite.tg&nbsp;&nbsp;&nbsp;&nbsp;&nbsp;&nbsp;&nbsp;&nbsp;<\/em><\/strong><\/a><\/p>\n\n\n\n<p class=\"wp-block-paragraph\"><strong><em>E-mail&nbsp;: <\/em><\/strong><a href=\"mailto:maciteinfo@gmail.com\"><strong><em>maciteinfo@gmail.com<\/em><\/strong><\/a><strong><em>; <\/em><\/strong><a href=\"mailto:bawela1@gmail.com\"><strong><em>bawela1@gmail.com<\/em><\/strong><\/a><strong><em><\/em><\/strong><\/p>\n\n\n\n<p class=\"wp-block-paragraph\"><strong><em>Pour vos annonces, (publi)reportages, etc., joignez-nous au (00228)91515309\/<strong>79872224 <\/strong>www.macite.tg, L\u2019information, la bonne&nbsp;!<\/em><\/strong><\/p>\n","protected":false},"excerpt":{"rendered":"<p class=\"text-justify mb-2\" >Dans le climat politique tendu qui r\u00e8gne au S\u00e9n\u00e9gal entre les partisans du pr\u00e9sident Macky Sall et ceux d\u2019Ousmane Sonko, fondateur du mouvement \u00ab Pastef-Les Patriotes \u00bb, le r\u00f4le de m\u00e9diateur de Alioune Tine revient une fois de plus \u00e0 l\u2019avant-sc\u00e8ne. C\u2019est dans cette optique [&hellip;]<\/p>\n","protected":false},"author":2,"featured_media":12687,"comment_status":"open","ping_status":"open","sticky":false,"template":"","format":"standard","meta":{"footnotes":""},"categories":[20,1],"tags":[],"class_list":["post-12690","post","type-post","status-publish","format-standard","has-post-thumbnail","hentry","category-actualite","category-politique"],"yoast_head":"<!-- This site is optimized with the Yoast SEO plugin v28.4 - https:\/\/yoast.com\/product\/yoast-seo-wordpress\/ -->\n<title>PRESIDENTIELLE\u00a0AU SENEGAL 2024\u00a0: \u00ab\u00a0Macky Sall est pr\u00eat \u00e0 le faire\u00a0\u00bb ...Les r\u00e9v\u00e9lations d\u2019Alioune Tine -<\/title>\n<meta name=\"robots\" content=\"index, follow, max-snippet:-1, max-image-preview:large, max-video-preview:-1\" \/>\n<link rel=\"canonical\" href=\"https:\/\/macite.tg\/?p=12690\" \/>\n<meta property=\"og:locale\" content=\"fr_FR\" \/>\n<meta property=\"og:type\" content=\"article\" \/>\n<meta property=\"og:title\" content=\"PRESIDENTIELLE\u00a0AU SENEGAL 2024\u00a0: \u00ab\u00a0Macky Sall est pr\u00eat \u00e0 le faire\u00a0\u00bb ...Les r\u00e9v\u00e9lations d\u2019Alioune Tine -\" \/>\n<meta property=\"og:description\" content=\"Dans le climat politique tendu qui r\u00e8gne au S\u00e9n\u00e9gal entre les partisans du pr\u00e9sident Macky Sall et ceux d\u2019Ousmane Sonko, fondateur du mouvement \u00ab Pastef-Les Patriotes \u00bb, le r\u00f4le de m\u00e9diateur de Alioune Tine revient une fois de plus \u00e0 l\u2019avant-sc\u00e8ne. C\u2019est dans cette optique [&hellip;]\" \/>\n<meta property=\"og:url\" content=\"https:\/\/macite.tg\/?p=12690\" \/>\n<meta property=\"article:published_time\" content=\"2024-02-19T14:41:27+00:00\" \/>\n<meta property=\"article:modified_time\" content=\"2024-02-19T14:41:44+00:00\" \/>\n<meta property=\"og:image\" content=\"https:\/\/macite.tg\/wp-content\/uploads\/2024\/02\/image-47.png\" \/>\n\t<meta property=\"og:image:width\" content=\"571\" \/>\n\t<meta property=\"og:image:height\" content=\"332\" \/>\n\t<meta property=\"og:image:type\" content=\"image\/png\" \/>\n<meta name=\"author\" content=\"Jean Pierre BAWELA\" \/>\n<meta name=\"twitter:card\" content=\"summary_large_image\" \/>\n<meta name=\"twitter:label1\" content=\"\u00c9crit par\" \/>\n\t<meta name=\"twitter:data1\" content=\"Jean Pierre BAWELA\" \/>\n\t<meta name=\"twitter:label2\" content=\"Dur\u00e9e de lecture estim\u00e9e\" \/>\n\t<meta name=\"twitter:data2\" content=\"2 minutes\" \/>\n<script type=\"application\/ld+json\" class=\"yoast-schema-graph\">{\"@context\":\"https:\\\/\\\/schema.org\",\"@graph\":[{\"@type\":\"Article\",\"@id\":\"https:\\\/\\\/macite.tg\\\/?p=12690#article\",\"isPartOf\":{\"@id\":\"https:\\\/\\\/macite.tg\\\/?p=12690\"},\"author\":{\"name\":\"Jean Pierre BAWELA\",\"@id\":\"https:\\\/\\\/macite.tg\\\/#\\\/schema\\\/person\\\/e9f2de7e5dbbe7770a9402c7ce82f5c2\"},\"headline\":\"PRESIDENTIELLE\u00a0AU SENEGAL 2024\u00a0: \u00ab\u00a0Macky Sall est pr\u00eat \u00e0 le faire\u00a0\u00bb &#8230;Les r\u00e9v\u00e9lations d\u2019Alioune Tine\",\"datePublished\":\"2024-02-19T14:41:27+00:00\",\"dateModified\":\"2024-02-19T14:41:44+00:00\",\"mainEntityOfPage\":{\"@id\":\"https:\\\/\\\/macite.tg\\\/?p=12690\"},\"wordCount\":352,\"commentCount\":0,\"image\":{\"@id\":\"https:\\\/\\\/macite.tg\\\/?p=12690#primaryimage\"},\"thumbnailUrl\":\"https:\\\/\\\/macite.tg\\\/wp-content\\\/uploads\\\/2024\\\/02\\\/image-47.png\",\"articleSection\":[\"ACTUALITE\",\"POLITIQUE\"],\"inLanguage\":\"fr-FR\",\"potentialAction\":[{\"@type\":\"CommentAction\",\"name\":\"Comment\",\"target\":[\"https:\\\/\\\/macite.tg\\\/?p=12690#respond\"]}]},{\"@type\":\"WebPage\",\"@id\":\"https:\\\/\\\/macite.tg\\\/?p=12690\",\"url\":\"https:\\\/\\\/macite.tg\\\/?p=12690\",\"name\":\"PRESIDENTIELLE\u00a0AU SENEGAL 2024\u00a0: \u00ab\u00a0Macky Sall est pr\u00eat \u00e0 le faire\u00a0\u00bb ...Les r\u00e9v\u00e9lations d\u2019Alioune Tine -\",\"isPartOf\":{\"@id\":\"https:\\\/\\\/macite.tg\\\/#website\"},\"primaryImageOfPage\":{\"@id\":\"https:\\\/\\\/macite.tg\\\/?p=12690#primaryimage\"},\"image\":{\"@id\":\"https:\\\/\\\/macite.tg\\\/?p=12690#primaryimage\"},\"thumbnailUrl\":\"https:\\\/\\\/macite.tg\\\/wp-content\\\/uploads\\\/2024\\\/02\\\/image-47.png\",\"datePublished\":\"2024-02-19T14:41:27+00:00\",\"dateModified\":\"2024-02-19T14:41:44+00:00\",\"author\":{\"@id\":\"https:\\\/\\\/macite.tg\\\/#\\\/schema\\\/person\\\/e9f2de7e5dbbe7770a9402c7ce82f5c2\"},\"breadcrumb\":{\"@id\":\"https:\\\/\\\/macite.tg\\\/?p=12690#breadcrumb\"},\"inLanguage\":\"fr-FR\",\"potentialAction\":[{\"@type\":\"ReadAction\",\"target\":[\"https:\\\/\\\/macite.tg\\\/?p=12690\"]}]},{\"@type\":\"ImageObject\",\"inLanguage\":\"fr-FR\",\"@id\":\"https:\\\/\\\/macite.tg\\\/?p=12690#primaryimage\",\"url\":\"https:\\\/\\\/macite.tg\\\/wp-content\\\/uploads\\\/2024\\\/02\\\/image-47.png\",\"contentUrl\":\"https:\\\/\\\/macite.tg\\\/wp-content\\\/uploads\\\/2024\\\/02\\\/image-47.png\",\"width\":571,\"height\":332},{\"@type\":\"BreadcrumbList\",\"@id\":\"https:\\\/\\\/macite.tg\\\/?p=12690#breadcrumb\",\"itemListElement\":[{\"@type\":\"ListItem\",\"position\":1,\"name\":\"Accueil\",\"item\":\"https:\\\/\\\/macite.tg\\\/\"},{\"@type\":\"ListItem\",\"position\":2,\"name\":\"PRESIDENTIELLE\u00a0AU SENEGAL 2024\u00a0: \u00ab\u00a0Macky Sall est pr\u00eat \u00e0 le faire\u00a0\u00bb &#8230;Les r\u00e9v\u00e9lations d\u2019Alioune Tine\"}]},{\"@type\":\"WebSite\",\"@id\":\"https:\\\/\\\/macite.tg\\\/#website\",\"url\":\"https:\\\/\\\/macite.tg\\\/\",\"name\":\"\",\"description\":\"L&#039;information, la bonne!!!\",\"potentialAction\":[{\"@type\":\"SearchAction\",\"target\":{\"@type\":\"EntryPoint\",\"urlTemplate\":\"https:\\\/\\\/macite.tg\\\/?s={search_term_string}\"},\"query-input\":{\"@type\":\"PropertyValueSpecification\",\"valueRequired\":true,\"valueName\":\"search_term_string\"}}],\"inLanguage\":\"fr-FR\"},{\"@type\":\"Person\",\"@id\":\"https:\\\/\\\/macite.tg\\\/#\\\/schema\\\/person\\\/e9f2de7e5dbbe7770a9402c7ce82f5c2\",\"name\":\"Jean Pierre BAWELA\",\"image\":{\"@type\":\"ImageObject\",\"inLanguage\":\"fr-FR\",\"@id\":\"https:\\\/\\\/macite.tg\\\/wp-content\\\/uploads\\\/2023\\\/09\\\/WhatsApp-Image-2023-09-19-at-14.44.41-122x122.jpeg\",\"url\":\"https:\\\/\\\/macite.tg\\\/wp-content\\\/uploads\\\/2023\\\/09\\\/WhatsApp-Image-2023-09-19-at-14.44.41-122x122.jpeg\",\"contentUrl\":\"https:\\\/\\\/macite.tg\\\/wp-content\\\/uploads\\\/2023\\\/09\\\/WhatsApp-Image-2023-09-19-at-14.44.41-122x122.jpeg\",\"caption\":\"Jean Pierre BAWELA\"},\"url\":\"https:\\\/\\\/macite.tg\\\/?author=2\"}]}<\/script>\n<!-- \/ Yoast SEO plugin. -->","yoast_head_json":{"title":"PRESIDENTIELLE\u00a0AU SENEGAL 2024\u00a0: \u00ab\u00a0Macky Sall est pr\u00eat \u00e0 le faire\u00a0\u00bb ...Les r\u00e9v\u00e9lations d\u2019Alioune Tine -","robots":{"index":"index","follow":"follow","max-snippet":"max-snippet:-1","max-image-preview":"max-image-preview:large","max-video-preview":"max-video-preview:-1"},"canonical":"https:\/\/macite.tg\/?p=12690","og_locale":"fr_FR","og_type":"article","og_title":"PRESIDENTIELLE\u00a0AU SENEGAL 2024\u00a0: \u00ab\u00a0Macky Sall est pr\u00eat \u00e0 le faire\u00a0\u00bb ...Les r\u00e9v\u00e9lations d\u2019Alioune Tine -","og_description":"Dans le climat politique tendu qui r\u00e8gne au S\u00e9n\u00e9gal entre les partisans du pr\u00e9sident Macky Sall et ceux d\u2019Ousmane Sonko, fondateur du mouvement \u00ab Pastef-Les Patriotes \u00bb, le r\u00f4le de m\u00e9diateur de Alioune Tine revient une fois de plus \u00e0 l\u2019avant-sc\u00e8ne. C\u2019est dans cette optique [&hellip;]","og_url":"https:\/\/macite.tg\/?p=12690","article_published_time":"2024-02-19T14:41:27+00:00","article_modified_time":"2024-02-19T14:41:44+00:00","og_image":[{"width":571,"height":332,"url":"https:\/\/macite.tg\/wp-content\/uploads\/2024\/02\/image-47.png","type":"image\/png"}],"author":"Jean Pierre BAWELA","twitter_card":"summary_large_image","twitter_misc":{"\u00c9crit par":"Jean Pierre BAWELA","Dur\u00e9e de lecture estim\u00e9e":"2 minutes"},"schema":{"@context":"https:\/\/schema.org","@graph":[{"@type":"Article","@id":"https:\/\/macite.tg\/?p=12690#article","isPartOf":{"@id":"https:\/\/macite.tg\/?p=12690"},"author":{"name":"Jean Pierre BAWELA","@id":"https:\/\/macite.tg\/#\/schema\/person\/e9f2de7e5dbbe7770a9402c7ce82f5c2"},"headline":"PRESIDENTIELLE\u00a0AU SENEGAL 2024\u00a0: \u00ab\u00a0Macky Sall est pr\u00eat \u00e0 le faire\u00a0\u00bb &#8230;Les r\u00e9v\u00e9lations d\u2019Alioune Tine","datePublished":"2024-02-19T14:41:27+00:00","dateModified":"2024-02-19T14:41:44+00:00","mainEntityOfPage":{"@id":"https:\/\/macite.tg\/?p=12690"},"wordCount":352,"commentCount":0,"image":{"@id":"https:\/\/macite.tg\/?p=12690#primaryimage"},"thumbnailUrl":"https:\/\/macite.tg\/wp-content\/uploads\/2024\/02\/image-47.png","articleSection":["ACTUALITE","POLITIQUE"],"inLanguage":"fr-FR","potentialAction":[{"@type":"CommentAction","name":"Comment","target":["https:\/\/macite.tg\/?p=12690#respond"]}]},{"@type":"WebPage","@id":"https:\/\/macite.tg\/?p=12690","url":"https:\/\/macite.tg\/?p=12690","name":"PRESIDENTIELLE\u00a0AU SENEGAL 2024\u00a0: \u00ab\u00a0Macky Sall est pr\u00eat \u00e0 le faire\u00a0\u00bb ...Les r\u00e9v\u00e9lations d\u2019Alioune Tine -","isPartOf":{"@id":"https:\/\/macite.tg\/#website"},"primaryImageOfPage":{"@id":"https:\/\/macite.tg\/?p=12690#primaryimage"},"image":{"@id":"https:\/\/macite.tg\/?p=12690#primaryimage"},"thumbnailUrl":"https:\/\/macite.tg\/wp-content\/uploads\/2024\/02\/image-47.png","datePublished":"2024-02-19T14:41:27+00:00","dateModified":"2024-02-19T14:41:44+00:00","author":{"@id":"https:\/\/macite.tg\/#\/schema\/person\/e9f2de7e5dbbe7770a9402c7ce82f5c2"},"breadcrumb":{"@id":"https:\/\/macite.tg\/?p=12690#breadcrumb"},"inLanguage":"fr-FR","potentialAction":[{"@type":"ReadAction","target":["https:\/\/macite.tg\/?p=12690"]}]},{"@type":"ImageObject","inLanguage":"fr-FR","@id":"https:\/\/macite.tg\/?p=12690#primaryimage","url":"https:\/\/macite.tg\/wp-content\/uploads\/2024\/02\/image-47.png","contentUrl":"https:\/\/macite.tg\/wp-content\/uploads\/2024\/02\/image-47.png","width":571,"height":332},{"@type":"BreadcrumbList","@id":"https:\/\/macite.tg\/?p=12690#breadcrumb","itemListElement":[{"@type":"ListItem","position":1,"name":"Accueil","item":"https:\/\/macite.tg\/"},{"@type":"ListItem","position":2,"name":"PRESIDENTIELLE\u00a0AU SENEGAL 2024\u00a0: \u00ab\u00a0Macky Sall est pr\u00eat \u00e0 le faire\u00a0\u00bb &#8230;Les r\u00e9v\u00e9lations d\u2019Alioune Tine"}]},{"@type":"WebSite","@id":"https:\/\/macite.tg\/#website","url":"https:\/\/macite.tg\/","name":"","description":"L&#039;information, la bonne!!!","potentialAction":[{"@type":"SearchAction","target":{"@type":"EntryPoint","urlTemplate":"https:\/\/macite.tg\/?s={search_term_string}"},"query-input":{"@type":"PropertyValueSpecification","valueRequired":true,"valueName":"search_term_string"}}],"inLanguage":"fr-FR"},{"@type":"Person","@id":"https:\/\/macite.tg\/#\/schema\/person\/e9f2de7e5dbbe7770a9402c7ce82f5c2","name":"Jean Pierre BAWELA","image":{"@type":"ImageObject","inLanguage":"fr-FR","@id":"https:\/\/macite.tg\/wp-content\/uploads\/2023\/09\/WhatsApp-Image-2023-09-19-at-14.44.41-122x122.jpeg","url":"https:\/\/macite.tg\/wp-content\/uploads\/2023\/09\/WhatsApp-Image-2023-09-19-at-14.44.41-122x122.jpeg","contentUrl":"https:\/\/macite.tg\/wp-content\/uploads\/2023\/09\/WhatsApp-Image-2023-09-19-at-14.44.41-122x122.jpeg","caption":"Jean Pierre BAWELA"},"url":"https:\/\/macite.tg\/?author=2"}]}},"_links":{"self":[{"href":"https:\/\/macite.tg\/index.php?rest_route=\/wp\/v2\/posts\/12690","targetHints":{"allow":["GET"]}}],"collection":[{"href":"https:\/\/macite.tg\/index.php?rest_route=\/wp\/v2\/posts"}],"about":[{"href":"https:\/\/macite.tg\/index.php?rest_route=\/wp\/v2\/types\/post"}],"author":[{"embeddable":true,"href":"https:\/\/macite.tg\/index.php?rest_route=\/wp\/v2\/users\/2"}],"replies":[{"embeddable":true,"href":"https:\/\/macite.tg\/index.php?rest_route=%2Fwp%2Fv2%2Fcomments&post=12690"}],"version-history":[{"count":0,"href":"https:\/\/macite.tg\/index.php?rest_route=\/wp\/v2\/posts\/12690\/revisions"}],"wp:featuredmedia":[{"embeddable":true,"href":"https:\/\/macite.tg\/index.php?rest_route=\/wp\/v2\/media\/12687"}],"wp:attachment":[{"href":"https:\/\/macite.tg\/index.php?rest_route=%2Fwp%2Fv2%2Fmedia&parent=12690"}],"wp:term":[{"taxonomy":"category","embeddable":true,"href":"https:\/\/macite.tg\/index.php?rest_route=%2Fwp%2Fv2%2Fcategories&post=12690"},{"taxonomy":"post_tag","embeddable":true,"href":"https:\/\/macite.tg\/index.php?rest_route=%2Fwp%2Fv2%2Ftags&post=12690"}],"curies":[{"name":"wp","href":"https:\/\/api.w.org\/{rel}","templated":true}]}}