{"id":12686,"date":"2024-02-19T14:35:57","date_gmt":"2024-02-19T14:35:57","guid":{"rendered":"https:\/\/macite.tg\/?p=12686"},"modified":"2024-02-19T14:35:59","modified_gmt":"2024-02-19T14:35:59","slug":"consommation-baisse-04-du-niveau-general-des-prix-a-la-consommation-en-janvier","status":"publish","type":"post","link":"https:\/\/macite.tg\/?p=12686","title":{"rendered":"CONSOMMATION\u00a0: Baisse 0,4% du niveau g\u00e9n\u00e9ral des prix \u00e0 la consommation en Janvier"},"content":{"rendered":"\n<p class=\"wp-block-paragraph\"><strong><em>Selon l&rsquo;Institut National de la Statistique et des \u00c9tudes \u00c9conomiques et D\u00e9mographiques (INSEED) qui publie les chiffres, cette baisse est principalement due au recul des indices des fonctions de consommation \u00abProduits alimentaires et boissons non alcoolis\u00e9es\u00bb (-1,5%) et \u00abBoissons alcoolis\u00e9es, tabac et stup\u00e9fiants\u00bb (-3,6%).<\/em><\/strong><\/p>\n\n\n\n<p class=\"wp-block-paragraph\">La baisse de l\u2019indice global est cependant ralentie par l&rsquo;augmentation du niveau des indices des fonctions de consommation \u00abArticles d&rsquo;habillement et chaussures\u00bb (+0,8%) ; \u00abRestaurants et H\u00f4tels\u00bb (+0,4%) ; \u00abBiens et services divers\u00bb (+1,4%) et \u00abMeubles, articles de m\u00e9nage et entretien courant du foyer\u00bb (+0,4%). La baisse des indices des fonctions de consommation \u00abProduits alimentaires et boissons non alcoolis\u00e9es\u00bb ; \u00abBoissons alcoolis\u00e9es, tabac et stup\u00e9fiants\u00bb et \u00abLogement, eau, gaz, \u00e9lectricit\u00e9 et autres combustibles\u00bb est soutenue par la r\u00e9gression des indices des postes suivants : \u00abL\u00e9gumes frais en fruits ou racine\u00bb (-14,1%) ; \u00abC\u00e9r\u00e9ales non transform\u00e9es\u00bb (-2,4%) ; \u00abAutres produits frais de mer ou de fleuve\u00bb (-13,5%) ; \u00abAutres mati\u00e8res grasses\u00bb (-13,5%) ; \u00abHuiles\u00bb (-4,4%) ; \u00abL\u00e9gumes frais en feuilles\u00bb (-2,9%) et \u00abTabac et stup\u00e9fiants\u00bb (-6,6%)1 .<\/p>\n\n\n<div class=\"wp-block-image\">\n<figure class=\"aligncenter size-full\"><img loading=\"lazy\" decoding=\"async\" width=\"485\" height=\"607\" src=\"https:\/\/macite.tg\/wp-content\/uploads\/2024\/02\/421269101_894081102726697_4923617785280576181_n.jpg\" alt=\"\" class=\"wp-image-12628\" srcset=\"https:\/\/macite.tg\/wp-content\/uploads\/2024\/02\/421269101_894081102726697_4923617785280576181_n.jpg 485w, https:\/\/macite.tg\/wp-content\/uploads\/2024\/02\/421269101_894081102726697_4923617785280576181_n-240x300.jpg 240w\" sizes=\"auto, (max-width: 485px) 100vw, 485px\" \/><\/figure>\n<\/div>\n\n\n<p class=\"wp-block-paragraph\">L\u2019augmentation du niveau des indices des fonctions de consommation \u00abArticles d&rsquo;habillement et chaussures\u00bb et \u00abRestaurants et H\u00f4tels\u00bb est le fait de la hausse des prix des produits des postes : \u00abTissus d&rsquo;habillement\u00bb (+0,7%) ; \u00abV\u00eatements enfants (3 \u00e0 13 ans) et nourrissons (0 \u00e0 2 ans)\u00bb (+1,4%) ; \u00abSousv\u00eatements femmes\u00bb (+3,5%) ; \u00abChaussures femmes\u00bb (+2,7%) et \u00abRestaurants, caf\u00e9s et \u00e9tablissements similaires\u00bb (+0,4%). La hausse des prix des produits des postes \u00abSalons de coiffure et instituts de soins et de beaut\u00e9\u00bb (+2,1%) ; \u00abProduits pour soins corporels\u00bb (+1,4%) et \u00abArticles de m\u00e9nage non durables\u00bb (+0,4%) a contribu\u00e9 \u00e0 la hausse du niveau de l\u2019indice des fonctions de consommation \u00abBiens et services divers\u00bb et \u00abMeubles, articles de m\u00e9nage et entretien courant du foyer\u00bb.<\/p>\n\n\n\n<p class=\"wp-block-paragraph\"><strong>Les plus fortes baisses<\/strong><\/p>\n\n\n\n<p class=\"wp-block-paragraph\">La diminution du niveau des indices observ\u00e9e en janvier 2024 est imputable au fl\u00e9chissement des prix des vari\u00e9t\u00e9s suivantes : \u00abOignon frais rond\u00bb (- 25,9%) ; \u00abCarottes\u00bb (-23,1%) ; \u00abBetterave\u00bb (-19,1%) ; \u00abAubergine locale\u00bb (-16,2%) ; \u00abTomates rondes (Pomme)\u00bb (-13,6%) ; \u00abRiz import\u00e9 bris\u00e9 vendu au petit bol\u00bb (-11,3%) ; \u00abSorgho en gains crus vendu au petit bol\u00bb (-7,5%) ; \u00abRiz local longs grains vendu au petit bol\u00bb (-7,1%) ; \u00abMil en grains crus vendu au petit bol\u00bb (-5,5%) ; \u00abRiz import\u00e9 longs grains vendu au petit bol\u00bb (-1,4%) ; \u00abCrabes frais (aglinvi moumou)\u00bb (-12,6%) ; \u00abCrevettes fra\u00eeches (Bolou moumou)\u00bb (-12,1%) ; \u00abNoix de palme (D\u00e9cou)\u00bb (-14,7%) ; \u00abHuile de palme traditionnelle (Zomi)\u00bb (-6,2%) ; \u00abHuile d&rsquo;Olive\u00bb (-3,8%) ; \u00abHuile v\u00e9g\u00e9tale\u00bb (-3,3%) ; \u00abChoux vert\u00bb (-22,3%) ; \u00abSalade verte locale ( Laitue )\u00bb (-14,8%) et \u00abCola fra\u00eeche\u00bb (-9,9%). A contrario, les vari\u00e9t\u00e9s ayant rench\u00e9ri en janvier 2024 sont entre autres : \u00abTissu pagne multicolore import\u00e9 (Hitarget)\u00bb (+0,7%) ; \u00abRobe fillette\u00bb (+5,3%) ; \u00abJupon\u00bb (+12,5%) ; \u00abSoutien-gorge\u00bb (+5,6%) ; \u00abChaussure de marche en plastique pour dame\u00bb (+1,0%) ; \u00abConsommation de bi\u00e8re dans un bar (Lager, Pils)\u00bb (+4,0%) ; \u00abRiz + sauce viande\u00bb (+3,2%) ; \u00abRiz + sauce poisson\u00bb (+1,9%) ; \u00abPlat de riz-haricot (Ayimolou)\u00bb (+1,0%) ; \u00abCaf\u00e9 au lait avec omelette (1\/2 pain + 1 \u0153uf)\u00bb (+0,9%) ; \u00abPlat de kom + poisson frit\u00bb (+0,7%) ; \u00abCoiffure moderne pour dame\u00bb (+7,9%) ; \u00abD\u00e9frisage des cheveux\u00bb (+5,0%) ; \u00abCoiffure pour homme\u00bb (+0,7%) ; \u00abPoudre de toilette( poweder)\u00bb (+9,1%) ; \u00abD\u00e9odorant\u00bb (+7,1%) ; \u00abSavon de toilette parfum\u00e9\u00bb (+3,9%) ; \u00abP\u00e2te dentifrice\u00bb (+2,0%) ; \u00abFilet de toilette\u00bb (+0,7%) ; \u00abAllumettes en bo\u00eete\u00bb (+9,1%) ; \u00abSavon zangu\u00e9l\u00e9wa\u00bb (+5,0%) et \u00abBalais \u00e0 brindilles de palmier\u00bb (+2,2%).<\/p>\n\n\n<div class=\"wp-block-image\">\n<figure class=\"aligncenter size-full is-resized\"><img loading=\"lazy\" decoding=\"async\" src=\"https:\/\/macite.tg\/wp-content\/uploads\/2024\/02\/status_me_status_IMG-20240214-WA0075.jpg\" alt=\"\" class=\"wp-image-12621\" width=\"624\" height=\"877\" srcset=\"https:\/\/macite.tg\/wp-content\/uploads\/2024\/02\/status_me_status_IMG-20240214-WA0075.jpg 712w, https:\/\/macite.tg\/wp-content\/uploads\/2024\/02\/status_me_status_IMG-20240214-WA0075-213x300.jpg 213w\" sizes=\"auto, (max-width: 624px) 100vw, 624px\" \/><\/figure>\n<\/div>\n\n\n<p class=\"wp-block-paragraph\">Calcul\u00e9 hors produits alimentaires, le niveau g\u00e9n\u00e9ral des prix a connu une hausse de 0,2% sur le plan national. L&rsquo;inflation sous-jacente (variation mensuelle de l&rsquo;indice hors \u00e9nergie, hors produits frais) a \u00e9galement progress\u00e9 de 0,2%. Les indices des prix des \u00abProduits frais\u00bb et de l\u2019 \u00abEnergie\u00bb ont diminu\u00e9 respectivement de 1,2% et 1,1%.<\/p>\n\n\n\n<p class=\"wp-block-paragraph\">Au regard de la provenance, les prix des produits \u00ablocaux\u00bb ont r\u00e9gress\u00e9 de 0,4% ralentis par ceux des produits \u00abimport\u00e9s\u00bb (+0,1%). Du point de vue de la classification sectorielle, la baisse du niveau g\u00e9n\u00e9ral des prix est due \u00e0 celle des prix des produits du secteur primaire (-2,4%) amortis par la hausse des prix des produits du secteur secondaire (+0,2%) et \u00abTertiaire\u00bb (+0,4%). Pour ce qui est de la durabilit\u00e9, la baisse observ\u00e9e provient de la diminution des prix des produits \u00abnon durables\u00bb (-0,7%)<\/p>\n\n\n\n<p class=\"wp-block-paragraph\"><strong>(In LE MEDIUM n\u00b0592 du 13 au 19 F\u00e9vrier 2024)<\/strong><\/p>\n\n\n\n<p class=\"wp-block-paragraph\"><strong><em>@macite.tg&nbsp;&nbsp;&nbsp;&nbsp;&nbsp;&nbsp;&nbsp;&nbsp;<\/em><\/strong><\/p>\n\n\n\n<p class=\"wp-block-paragraph\"><strong><em>E-mail&nbsp;: <\/em><\/strong><a href=\"mailto:maciteinfo@gmail.com\"><strong><em>maciteinfo@gmail.com<\/em><\/strong><\/a><strong><em>; <\/em><\/strong><a href=\"mailto:bawela1@gmail.com\"><strong><em>bawela1@gmail.com<\/em><\/strong><\/a><strong><em><\/em><\/strong><\/p>\n\n\n\n<p class=\"wp-block-paragraph\"><strong><em>Pour vos annonces, (publi)reportages, etc., joignez-nous au (00228)91515309\/<strong>79872224 <\/strong>www.macite.tg, L\u2019information, la bonne&nbsp;!<\/em><\/strong><\/p>\n","protected":false},"excerpt":{"rendered":"<p class=\"text-justify mb-2\" >Selon l&rsquo;Institut National de la Statistique et des \u00c9tudes \u00c9conomiques et D\u00e9mographiques (INSEED) qui publie les chiffres, cette baisse est principalement due au recul des indices des fonctions de consommation \u00abProduits alimentaires et boissons non alcoolis\u00e9es\u00bb (-1,5%) et \u00abBoissons alcoolis\u00e9es, tabac et stup\u00e9fiants\u00bb (-3,6%). La [&hellip;]<\/p>\n","protected":false},"author":2,"featured_media":12688,"comment_status":"open","ping_status":"open","sticky":false,"template":"","format":"standard","meta":{"footnotes":""},"categories":[20,12],"tags":[],"class_list":["post-12686","post","type-post","status-publish","format-standard","has-post-thumbnail","hentry","category-actualite","category-consommation"],"yoast_head":"<!-- This site is optimized with the Yoast SEO plugin v28.4 - https:\/\/yoast.com\/product\/yoast-seo-wordpress\/ -->\n<title>CONSOMMATION\u00a0: Baisse 0,4% du niveau g\u00e9n\u00e9ral des prix \u00e0 la consommation en Janvier -<\/title>\n<meta name=\"robots\" content=\"index, follow, max-snippet:-1, max-image-preview:large, max-video-preview:-1\" \/>\n<link rel=\"canonical\" href=\"https:\/\/macite.tg\/?p=12686\" \/>\n<meta property=\"og:locale\" content=\"fr_FR\" \/>\n<meta property=\"og:type\" content=\"article\" \/>\n<meta property=\"og:title\" content=\"CONSOMMATION\u00a0: Baisse 0,4% du niveau g\u00e9n\u00e9ral des prix \u00e0 la consommation en Janvier -\" \/>\n<meta property=\"og:description\" content=\"Selon l&rsquo;Institut National de la Statistique et des \u00c9tudes \u00c9conomiques et D\u00e9mographiques (INSEED) qui publie les chiffres, cette baisse est principalement due au recul des indices des fonctions de consommation \u00abProduits alimentaires et boissons non alcoolis\u00e9es\u00bb (-1,5%) et \u00abBoissons alcoolis\u00e9es, tabac et stup\u00e9fiants\u00bb (-3,6%). La [&hellip;]\" \/>\n<meta property=\"og:url\" content=\"https:\/\/macite.tg\/?p=12686\" \/>\n<meta property=\"article:published_time\" content=\"2024-02-19T14:35:57+00:00\" \/>\n<meta property=\"article:modified_time\" content=\"2024-02-19T14:35:59+00:00\" \/>\n<meta property=\"og:image\" content=\"https:\/\/macite.tg\/wp-content\/uploads\/2024\/02\/IMG-20240219-WA0053.jpg\" \/>\n\t<meta property=\"og:image:width\" content=\"285\" \/>\n\t<meta property=\"og:image:height\" content=\"110\" \/>\n\t<meta property=\"og:image:type\" content=\"image\/jpeg\" \/>\n<meta name=\"author\" content=\"Jean Pierre BAWELA\" \/>\n<meta name=\"twitter:card\" content=\"summary_large_image\" \/>\n<meta name=\"twitter:label1\" content=\"\u00c9crit par\" \/>\n\t<meta name=\"twitter:data1\" content=\"Jean Pierre BAWELA\" \/>\n\t<meta name=\"twitter:label2\" content=\"Dur\u00e9e de lecture estim\u00e9e\" \/>\n\t<meta name=\"twitter:data2\" content=\"3 minutes\" \/>\n<script type=\"application\/ld+json\" class=\"yoast-schema-graph\">{\"@context\":\"https:\\\/\\\/schema.org\",\"@graph\":[{\"@type\":\"Article\",\"@id\":\"https:\\\/\\\/macite.tg\\\/?p=12686#article\",\"isPartOf\":{\"@id\":\"https:\\\/\\\/macite.tg\\\/?p=12686\"},\"author\":{\"name\":\"Jean Pierre BAWELA\",\"@id\":\"https:\\\/\\\/macite.tg\\\/#\\\/schema\\\/person\\\/e9f2de7e5dbbe7770a9402c7ce82f5c2\"},\"headline\":\"CONSOMMATION\u00a0: Baisse 0,4% du niveau g\u00e9n\u00e9ral des prix \u00e0 la consommation en Janvier\",\"datePublished\":\"2024-02-19T14:35:57+00:00\",\"dateModified\":\"2024-02-19T14:35:59+00:00\",\"mainEntityOfPage\":{\"@id\":\"https:\\\/\\\/macite.tg\\\/?p=12686\"},\"wordCount\":711,\"commentCount\":0,\"image\":{\"@id\":\"https:\\\/\\\/macite.tg\\\/?p=12686#primaryimage\"},\"thumbnailUrl\":\"https:\\\/\\\/macite.tg\\\/wp-content\\\/uploads\\\/2024\\\/02\\\/IMG-20240219-WA0053.jpg\",\"articleSection\":[\"ACTUALITE\",\"CONSOMMATION\"],\"inLanguage\":\"fr-FR\",\"potentialAction\":[{\"@type\":\"CommentAction\",\"name\":\"Comment\",\"target\":[\"https:\\\/\\\/macite.tg\\\/?p=12686#respond\"]}]},{\"@type\":\"WebPage\",\"@id\":\"https:\\\/\\\/macite.tg\\\/?p=12686\",\"url\":\"https:\\\/\\\/macite.tg\\\/?p=12686\",\"name\":\"CONSOMMATION\u00a0: Baisse 0,4% du niveau g\u00e9n\u00e9ral des prix \u00e0 la consommation en Janvier -\",\"isPartOf\":{\"@id\":\"https:\\\/\\\/macite.tg\\\/#website\"},\"primaryImageOfPage\":{\"@id\":\"https:\\\/\\\/macite.tg\\\/?p=12686#primaryimage\"},\"image\":{\"@id\":\"https:\\\/\\\/macite.tg\\\/?p=12686#primaryimage\"},\"thumbnailUrl\":\"https:\\\/\\\/macite.tg\\\/wp-content\\\/uploads\\\/2024\\\/02\\\/IMG-20240219-WA0053.jpg\",\"datePublished\":\"2024-02-19T14:35:57+00:00\",\"dateModified\":\"2024-02-19T14:35:59+00:00\",\"author\":{\"@id\":\"https:\\\/\\\/macite.tg\\\/#\\\/schema\\\/person\\\/e9f2de7e5dbbe7770a9402c7ce82f5c2\"},\"breadcrumb\":{\"@id\":\"https:\\\/\\\/macite.tg\\\/?p=12686#breadcrumb\"},\"inLanguage\":\"fr-FR\",\"potentialAction\":[{\"@type\":\"ReadAction\",\"target\":[\"https:\\\/\\\/macite.tg\\\/?p=12686\"]}]},{\"@type\":\"ImageObject\",\"inLanguage\":\"fr-FR\",\"@id\":\"https:\\\/\\\/macite.tg\\\/?p=12686#primaryimage\",\"url\":\"https:\\\/\\\/macite.tg\\\/wp-content\\\/uploads\\\/2024\\\/02\\\/IMG-20240219-WA0053.jpg\",\"contentUrl\":\"https:\\\/\\\/macite.tg\\\/wp-content\\\/uploads\\\/2024\\\/02\\\/IMG-20240219-WA0053.jpg\",\"width\":285,\"height\":110},{\"@type\":\"BreadcrumbList\",\"@id\":\"https:\\\/\\\/macite.tg\\\/?p=12686#breadcrumb\",\"itemListElement\":[{\"@type\":\"ListItem\",\"position\":1,\"name\":\"Accueil\",\"item\":\"https:\\\/\\\/macite.tg\\\/\"},{\"@type\":\"ListItem\",\"position\":2,\"name\":\"CONSOMMATION\u00a0: Baisse 0,4% du niveau g\u00e9n\u00e9ral des prix \u00e0 la consommation en Janvier\"}]},{\"@type\":\"WebSite\",\"@id\":\"https:\\\/\\\/macite.tg\\\/#website\",\"url\":\"https:\\\/\\\/macite.tg\\\/\",\"name\":\"\",\"description\":\"L&#039;information, la bonne!!!\",\"potentialAction\":[{\"@type\":\"SearchAction\",\"target\":{\"@type\":\"EntryPoint\",\"urlTemplate\":\"https:\\\/\\\/macite.tg\\\/?s={search_term_string}\"},\"query-input\":{\"@type\":\"PropertyValueSpecification\",\"valueRequired\":true,\"valueName\":\"search_term_string\"}}],\"inLanguage\":\"fr-FR\"},{\"@type\":\"Person\",\"@id\":\"https:\\\/\\\/macite.tg\\\/#\\\/schema\\\/person\\\/e9f2de7e5dbbe7770a9402c7ce82f5c2\",\"name\":\"Jean Pierre BAWELA\",\"image\":{\"@type\":\"ImageObject\",\"inLanguage\":\"fr-FR\",\"@id\":\"https:\\\/\\\/macite.tg\\\/wp-content\\\/uploads\\\/2023\\\/09\\\/WhatsApp-Image-2023-09-19-at-14.44.41-122x122.jpeg\",\"url\":\"https:\\\/\\\/macite.tg\\\/wp-content\\\/uploads\\\/2023\\\/09\\\/WhatsApp-Image-2023-09-19-at-14.44.41-122x122.jpeg\",\"contentUrl\":\"https:\\\/\\\/macite.tg\\\/wp-content\\\/uploads\\\/2023\\\/09\\\/WhatsApp-Image-2023-09-19-at-14.44.41-122x122.jpeg\",\"caption\":\"Jean Pierre BAWELA\"},\"url\":\"https:\\\/\\\/macite.tg\\\/?author=2\"}]}<\/script>\n<!-- \/ Yoast SEO plugin. -->","yoast_head_json":{"title":"CONSOMMATION\u00a0: Baisse 0,4% du niveau g\u00e9n\u00e9ral des prix \u00e0 la consommation en Janvier -","robots":{"index":"index","follow":"follow","max-snippet":"max-snippet:-1","max-image-preview":"max-image-preview:large","max-video-preview":"max-video-preview:-1"},"canonical":"https:\/\/macite.tg\/?p=12686","og_locale":"fr_FR","og_type":"article","og_title":"CONSOMMATION\u00a0: Baisse 0,4% du niveau g\u00e9n\u00e9ral des prix \u00e0 la consommation en Janvier -","og_description":"Selon l&rsquo;Institut National de la Statistique et des \u00c9tudes \u00c9conomiques et D\u00e9mographiques (INSEED) qui publie les chiffres, cette baisse est principalement due au recul des indices des fonctions de consommation \u00abProduits alimentaires et boissons non alcoolis\u00e9es\u00bb (-1,5%) et \u00abBoissons alcoolis\u00e9es, tabac et stup\u00e9fiants\u00bb (-3,6%). La [&hellip;]","og_url":"https:\/\/macite.tg\/?p=12686","article_published_time":"2024-02-19T14:35:57+00:00","article_modified_time":"2024-02-19T14:35:59+00:00","og_image":[{"width":285,"height":110,"url":"https:\/\/macite.tg\/wp-content\/uploads\/2024\/02\/IMG-20240219-WA0053.jpg","type":"image\/jpeg"}],"author":"Jean Pierre BAWELA","twitter_card":"summary_large_image","twitter_misc":{"\u00c9crit par":"Jean Pierre BAWELA","Dur\u00e9e de lecture estim\u00e9e":"3 minutes"},"schema":{"@context":"https:\/\/schema.org","@graph":[{"@type":"Article","@id":"https:\/\/macite.tg\/?p=12686#article","isPartOf":{"@id":"https:\/\/macite.tg\/?p=12686"},"author":{"name":"Jean Pierre BAWELA","@id":"https:\/\/macite.tg\/#\/schema\/person\/e9f2de7e5dbbe7770a9402c7ce82f5c2"},"headline":"CONSOMMATION\u00a0: Baisse 0,4% du niveau g\u00e9n\u00e9ral des prix \u00e0 la consommation en Janvier","datePublished":"2024-02-19T14:35:57+00:00","dateModified":"2024-02-19T14:35:59+00:00","mainEntityOfPage":{"@id":"https:\/\/macite.tg\/?p=12686"},"wordCount":711,"commentCount":0,"image":{"@id":"https:\/\/macite.tg\/?p=12686#primaryimage"},"thumbnailUrl":"https:\/\/macite.tg\/wp-content\/uploads\/2024\/02\/IMG-20240219-WA0053.jpg","articleSection":["ACTUALITE","CONSOMMATION"],"inLanguage":"fr-FR","potentialAction":[{"@type":"CommentAction","name":"Comment","target":["https:\/\/macite.tg\/?p=12686#respond"]}]},{"@type":"WebPage","@id":"https:\/\/macite.tg\/?p=12686","url":"https:\/\/macite.tg\/?p=12686","name":"CONSOMMATION\u00a0: Baisse 0,4% du niveau g\u00e9n\u00e9ral des prix \u00e0 la consommation en Janvier -","isPartOf":{"@id":"https:\/\/macite.tg\/#website"},"primaryImageOfPage":{"@id":"https:\/\/macite.tg\/?p=12686#primaryimage"},"image":{"@id":"https:\/\/macite.tg\/?p=12686#primaryimage"},"thumbnailUrl":"https:\/\/macite.tg\/wp-content\/uploads\/2024\/02\/IMG-20240219-WA0053.jpg","datePublished":"2024-02-19T14:35:57+00:00","dateModified":"2024-02-19T14:35:59+00:00","author":{"@id":"https:\/\/macite.tg\/#\/schema\/person\/e9f2de7e5dbbe7770a9402c7ce82f5c2"},"breadcrumb":{"@id":"https:\/\/macite.tg\/?p=12686#breadcrumb"},"inLanguage":"fr-FR","potentialAction":[{"@type":"ReadAction","target":["https:\/\/macite.tg\/?p=12686"]}]},{"@type":"ImageObject","inLanguage":"fr-FR","@id":"https:\/\/macite.tg\/?p=12686#primaryimage","url":"https:\/\/macite.tg\/wp-content\/uploads\/2024\/02\/IMG-20240219-WA0053.jpg","contentUrl":"https:\/\/macite.tg\/wp-content\/uploads\/2024\/02\/IMG-20240219-WA0053.jpg","width":285,"height":110},{"@type":"BreadcrumbList","@id":"https:\/\/macite.tg\/?p=12686#breadcrumb","itemListElement":[{"@type":"ListItem","position":1,"name":"Accueil","item":"https:\/\/macite.tg\/"},{"@type":"ListItem","position":2,"name":"CONSOMMATION\u00a0: Baisse 0,4% du niveau g\u00e9n\u00e9ral des prix \u00e0 la consommation en Janvier"}]},{"@type":"WebSite","@id":"https:\/\/macite.tg\/#website","url":"https:\/\/macite.tg\/","name":"","description":"L&#039;information, la bonne!!!","potentialAction":[{"@type":"SearchAction","target":{"@type":"EntryPoint","urlTemplate":"https:\/\/macite.tg\/?s={search_term_string}"},"query-input":{"@type":"PropertyValueSpecification","valueRequired":true,"valueName":"search_term_string"}}],"inLanguage":"fr-FR"},{"@type":"Person","@id":"https:\/\/macite.tg\/#\/schema\/person\/e9f2de7e5dbbe7770a9402c7ce82f5c2","name":"Jean Pierre BAWELA","image":{"@type":"ImageObject","inLanguage":"fr-FR","@id":"https:\/\/macite.tg\/wp-content\/uploads\/2023\/09\/WhatsApp-Image-2023-09-19-at-14.44.41-122x122.jpeg","url":"https:\/\/macite.tg\/wp-content\/uploads\/2023\/09\/WhatsApp-Image-2023-09-19-at-14.44.41-122x122.jpeg","contentUrl":"https:\/\/macite.tg\/wp-content\/uploads\/2023\/09\/WhatsApp-Image-2023-09-19-at-14.44.41-122x122.jpeg","caption":"Jean Pierre BAWELA"},"url":"https:\/\/macite.tg\/?author=2"}]}},"_links":{"self":[{"href":"https:\/\/macite.tg\/index.php?rest_route=\/wp\/v2\/posts\/12686","targetHints":{"allow":["GET"]}}],"collection":[{"href":"https:\/\/macite.tg\/index.php?rest_route=\/wp\/v2\/posts"}],"about":[{"href":"https:\/\/macite.tg\/index.php?rest_route=\/wp\/v2\/types\/post"}],"author":[{"embeddable":true,"href":"https:\/\/macite.tg\/index.php?rest_route=\/wp\/v2\/users\/2"}],"replies":[{"embeddable":true,"href":"https:\/\/macite.tg\/index.php?rest_route=%2Fwp%2Fv2%2Fcomments&post=12686"}],"version-history":[{"count":0,"href":"https:\/\/macite.tg\/index.php?rest_route=\/wp\/v2\/posts\/12686\/revisions"}],"wp:featuredmedia":[{"embeddable":true,"href":"https:\/\/macite.tg\/index.php?rest_route=\/wp\/v2\/media\/12688"}],"wp:attachment":[{"href":"https:\/\/macite.tg\/index.php?rest_route=%2Fwp%2Fv2%2Fmedia&parent=12686"}],"wp:term":[{"taxonomy":"category","embeddable":true,"href":"https:\/\/macite.tg\/index.php?rest_route=%2Fwp%2Fv2%2Fcategories&post=12686"},{"taxonomy":"post_tag","embeddable":true,"href":"https:\/\/macite.tg\/index.php?rest_route=%2Fwp%2Fv2%2Ftags&post=12686"}],"curies":[{"name":"wp","href":"https:\/\/api.w.org\/{rel}","templated":true}]}}