{"id":12682,"date":"2024-02-19T13:39:45","date_gmt":"2024-02-19T13:39:45","guid":{"rendered":"https:\/\/macite.tg\/?p=12682"},"modified":"2024-02-19T13:41:49","modified_gmt":"2024-02-19T13:41:49","slug":"reparation-des-lampadaires-solaires-des-electriciens-de-la-region-centrale-outilles-a-sokode","status":"publish","type":"post","link":"https:\/\/macite.tg\/?p=12682","title":{"rendered":"REPARATION DES LAMPADAIRES SOLAIRES : Des \u00e9lectriciens de la r\u00e9gion Centrale outill\u00e9s \u00e0 Sokod\u00e9"},"content":{"rendered":"\n<p class=\"wp-block-paragraph\"><strong><em>Du 12 au 17 f\u00e9vrier dernier, vingt-cinq \u00e9lectriciens, membres de la Chambre r\u00e9gionale des m\u00e9tiers de la Centrale, \u00e9taient en atelier de renforcement de leurs capacit\u00e9s sur l\u2019installation, la r\u00e9paration, et la r\u00e9g\u00e9n\u00e9ration des batteries des lampadaires solaires.<\/em><\/strong><\/p>\n\n\n\n<p class=\"wp-block-paragraph\">Initi\u00e9e par l\u2019Association des partisans pour la lutte contre le changement climatique (Aspalupe), en collaboration avec la Compagnie \u00e9nergie \u00e9lectrique du Togo (Ceet), cette formation, troisi\u00e8me \u00e9tape apr\u00e8s Dapaong et Kara, a permis de donner les rudiments aux \u00e9lectriciens de la r\u00e9gion Centrale afin qu\u2019ils soient capables de diagnostiquer les diff\u00e9rentes pannes des lampadaires et pouvoir les r\u00e9parer.<\/p>\n\n\n<div class=\"wp-block-image\">\n<figure class=\"aligncenter size-full is-resized\"><img loading=\"lazy\" decoding=\"async\" src=\"https:\/\/macite.tg\/wp-content\/uploads\/2024\/02\/426709901_909930414475099_6338070050102141440_n.jpg\" alt=\"\" class=\"wp-image-12603\" width=\"502\" height=\"502\" srcset=\"https:\/\/macite.tg\/wp-content\/uploads\/2024\/02\/426709901_909930414475099_6338070050102141440_n.jpg 843w, https:\/\/macite.tg\/wp-content\/uploads\/2024\/02\/426709901_909930414475099_6338070050102141440_n-300x300.jpg 300w, https:\/\/macite.tg\/wp-content\/uploads\/2024\/02\/426709901_909930414475099_6338070050102141440_n-150x150.jpg 150w, https:\/\/macite.tg\/wp-content\/uploads\/2024\/02\/426709901_909930414475099_6338070050102141440_n-768x768.jpg 768w, https:\/\/macite.tg\/wp-content\/uploads\/2024\/02\/426709901_909930414475099_6338070050102141440_n-122x122.jpg 122w\" sizes=\"auto, (max-width: 502px) 100vw, 502px\" \/><\/figure>\n<\/div>\n\n\n<p class=\"wp-block-paragraph\">Parti du constat selon lequel les lampadaires solaires install\u00e9s par l\u2019ex\u00e9cutif commencent par avoir des dysfonctionnements apr\u00e8s une longue p\u00e9riode d\u2019activit\u00e9s, il \u00e9tait alors n\u00e9cessaire de pr\u00e9parer une main d\u2019\u0153uvre capable d\u2019utiliser ls nouveaux outils exig\u00e9s dans la maintenance et la r\u00e9paration de ces lampadaires, a expliqu\u00e9 Banla Amah-T\u00e9lou, directeur ex\u00e9cutif de l\u2019Aspalupe.<\/p>\n\n\n\n<p class=\"wp-block-paragraph\">Il ajoute que <em>\u00ab&nbsp;la plupart des apprenants ne connaissant pas ces outils, ils n\u2019\u00e9taient pas aguerris pour pouvoir affronter ces types de r\u00e9parations. Cette formation vient donc les outiller pour qu\u2019ils puissent bien relever les d\u00e9fis qui les attendent<\/em>&nbsp;\u00bb.<\/p>\n\n\n\n<p class=\"wp-block-paragraph\">Au terme donc de cette formation, les participants sont d\u00e9sormais aguerris pour diagnostiquer les diff\u00e9rentes pannes, et les r\u00e9parer. Ils seront ainsi mis \u00e0 la disposition des municipalit\u00e9s qui pourront leur signer des contrats pour la maintenance de ces \u00e9quipements d\u2019\u00e9clairage publique.<\/p>\n\n\n<div class=\"wp-block-image\">\n<figure class=\"aligncenter size-full\"><img loading=\"lazy\" decoding=\"async\" width=\"485\" height=\"607\" src=\"https:\/\/macite.tg\/wp-content\/uploads\/2024\/02\/421269101_894081102726697_4923617785280576181_n.jpg\" alt=\"\" class=\"wp-image-12628\" srcset=\"https:\/\/macite.tg\/wp-content\/uploads\/2024\/02\/421269101_894081102726697_4923617785280576181_n.jpg 485w, https:\/\/macite.tg\/wp-content\/uploads\/2024\/02\/421269101_894081102726697_4923617785280576181_n-240x300.jpg 240w\" sizes=\"auto, (max-width: 485px) 100vw, 485px\" \/><\/figure>\n<\/div>\n\n\n<p class=\"wp-block-paragraph\">Notons qu\u2019apr\u00e8s Dapaong dans les Savanes, Kara dans la r\u00e9gion des Kara, et Sokod\u00e9 dans la r\u00e9gion Centrale, ces rencontres r\u00e9gionales de renforcement de capacit\u00e9s vont se poursuivre dans le reste du pays aux b\u00e9n\u00e9fice des \u00e9lectriciens, membres des Chambres r\u00e9gionales de m\u00e9tiers.<\/p>\n\n\n\n<p class=\"wp-block-paragraph\">Rappelons que l\u2019Aspalupe travaille depuis dix ans \u00e0 promouvoir la lutte contre le changement climatiques.<\/p>\n\n\n\n<p class=\"wp-block-paragraph\"><strong>JPB avec Atop<\/strong><\/p>\n\n\n\n<p class=\"wp-block-paragraph\"><a><strong><em>@macite.tg&nbsp;&nbsp;&nbsp;&nbsp;&nbsp;&nbsp;&nbsp;&nbsp;<\/em><\/strong><\/a><\/p>\n\n\n\n<p class=\"wp-block-paragraph\"><strong><em>E-mail&nbsp;: <\/em><\/strong><a href=\"mailto:maciteinfo@gmail.com\"><em>maciteinfo@gmail.com<\/em><\/a><strong><em>; <\/em><\/strong><a href=\"mailto:bawela1@gmail.com\"><em>bawela1@gmail.com<\/em><\/a><em> <strong><\/strong><\/em><\/p>\n\n\n\n<p class=\"wp-block-paragraph\"><strong><em>Pour vos annonces, (publi)reportages, etc., joignez-nous au (00228)91515309\/<strong>79872224 <\/strong>www.macite.tg, L\u2019information, la bonne&nbsp;!<\/em><\/strong><\/p>\n","protected":false},"excerpt":{"rendered":"<p class=\"text-justify mb-2\" >Du 12 au 17 f\u00e9vrier dernier, vingt-cinq \u00e9lectriciens, membres de la Chambre r\u00e9gionale des m\u00e9tiers de la Centrale, \u00e9taient en atelier de renforcement de leurs capacit\u00e9s sur l\u2019installation, la r\u00e9paration, et la r\u00e9g\u00e9n\u00e9ration des batteries des lampadaires solaires. Initi\u00e9e par l\u2019Association des partisans pour la [&hellip;]<\/p>\n","protected":false},"author":2,"featured_media":12684,"comment_status":"open","ping_status":"open","sticky":false,"template":"","format":"standard","meta":{"footnotes":""},"categories":[20,48],"tags":[],"class_list":["post-12682","post","type-post","status-publish","format-standard","has-post-thumbnail","hentry","category-actualite","category-formation"],"yoast_head":"<!-- This site is optimized with the Yoast SEO plugin v28.4 - https:\/\/yoast.com\/product\/yoast-seo-wordpress\/ -->\n<title>REPARATION DES LAMPADAIRES SOLAIRES : Des \u00e9lectriciens de la r\u00e9gion Centrale outill\u00e9s \u00e0 Sokod\u00e9 -<\/title>\n<meta name=\"robots\" content=\"index, follow, max-snippet:-1, max-image-preview:large, max-video-preview:-1\" \/>\n<link rel=\"canonical\" href=\"https:\/\/macite.tg\/?p=12682\" \/>\n<meta property=\"og:locale\" content=\"fr_FR\" \/>\n<meta property=\"og:type\" content=\"article\" \/>\n<meta property=\"og:title\" content=\"REPARATION DES LAMPADAIRES SOLAIRES : Des \u00e9lectriciens de la r\u00e9gion Centrale outill\u00e9s \u00e0 Sokod\u00e9 -\" \/>\n<meta property=\"og:description\" content=\"Du 12 au 17 f\u00e9vrier dernier, vingt-cinq \u00e9lectriciens, membres de la Chambre r\u00e9gionale des m\u00e9tiers de la Centrale, \u00e9taient en atelier de renforcement de leurs capacit\u00e9s sur l\u2019installation, la r\u00e9paration, et la r\u00e9g\u00e9n\u00e9ration des batteries des lampadaires solaires. Initi\u00e9e par l\u2019Association des partisans pour la [&hellip;]\" \/>\n<meta property=\"og:url\" content=\"https:\/\/macite.tg\/?p=12682\" \/>\n<meta property=\"article:published_time\" content=\"2024-02-19T13:39:45+00:00\" \/>\n<meta property=\"article:modified_time\" content=\"2024-02-19T13:41:49+00:00\" \/>\n<meta property=\"og:image\" content=\"https:\/\/macite.tg\/wp-content\/uploads\/2024\/02\/WhatsApp-Image-2024-02-19-a-11.12.52_6e70863a.jpg\" \/>\n\t<meta property=\"og:image:width\" content=\"1080\" \/>\n\t<meta property=\"og:image:height\" content=\"555\" \/>\n\t<meta property=\"og:image:type\" content=\"image\/jpeg\" \/>\n<meta name=\"author\" content=\"Jean Pierre BAWELA\" \/>\n<meta name=\"twitter:card\" content=\"summary_large_image\" \/>\n<meta name=\"twitter:label1\" content=\"\u00c9crit par\" \/>\n\t<meta name=\"twitter:data1\" content=\"Jean Pierre BAWELA\" \/>\n\t<meta name=\"twitter:label2\" content=\"Dur\u00e9e de lecture estim\u00e9e\" \/>\n\t<meta name=\"twitter:data2\" content=\"2 minutes\" \/>\n<script type=\"application\/ld+json\" class=\"yoast-schema-graph\">{\"@context\":\"https:\\\/\\\/schema.org\",\"@graph\":[{\"@type\":\"Article\",\"@id\":\"https:\\\/\\\/macite.tg\\\/?p=12682#article\",\"isPartOf\":{\"@id\":\"https:\\\/\\\/macite.tg\\\/?p=12682\"},\"author\":{\"name\":\"Jean Pierre BAWELA\",\"@id\":\"https:\\\/\\\/macite.tg\\\/#\\\/schema\\\/person\\\/e9f2de7e5dbbe7770a9402c7ce82f5c2\"},\"headline\":\"REPARATION DES LAMPADAIRES SOLAIRES : Des \u00e9lectriciens de la r\u00e9gion Centrale outill\u00e9s \u00e0 Sokod\u00e9\",\"datePublished\":\"2024-02-19T13:39:45+00:00\",\"dateModified\":\"2024-02-19T13:41:49+00:00\",\"mainEntityOfPage\":{\"@id\":\"https:\\\/\\\/macite.tg\\\/?p=12682\"},\"wordCount\":390,\"commentCount\":0,\"image\":{\"@id\":\"https:\\\/\\\/macite.tg\\\/?p=12682#primaryimage\"},\"thumbnailUrl\":\"https:\\\/\\\/macite.tg\\\/wp-content\\\/uploads\\\/2024\\\/02\\\/WhatsApp-Image-2024-02-19-a-11.12.52_6e70863a.jpg\",\"articleSection\":[\"ACTUALITE\",\"FORMATION\"],\"inLanguage\":\"fr-FR\",\"potentialAction\":[{\"@type\":\"CommentAction\",\"name\":\"Comment\",\"target\":[\"https:\\\/\\\/macite.tg\\\/?p=12682#respond\"]}]},{\"@type\":\"WebPage\",\"@id\":\"https:\\\/\\\/macite.tg\\\/?p=12682\",\"url\":\"https:\\\/\\\/macite.tg\\\/?p=12682\",\"name\":\"REPARATION DES LAMPADAIRES SOLAIRES : Des \u00e9lectriciens de la r\u00e9gion Centrale outill\u00e9s \u00e0 Sokod\u00e9 -\",\"isPartOf\":{\"@id\":\"https:\\\/\\\/macite.tg\\\/#website\"},\"primaryImageOfPage\":{\"@id\":\"https:\\\/\\\/macite.tg\\\/?p=12682#primaryimage\"},\"image\":{\"@id\":\"https:\\\/\\\/macite.tg\\\/?p=12682#primaryimage\"},\"thumbnailUrl\":\"https:\\\/\\\/macite.tg\\\/wp-content\\\/uploads\\\/2024\\\/02\\\/WhatsApp-Image-2024-02-19-a-11.12.52_6e70863a.jpg\",\"datePublished\":\"2024-02-19T13:39:45+00:00\",\"dateModified\":\"2024-02-19T13:41:49+00:00\",\"author\":{\"@id\":\"https:\\\/\\\/macite.tg\\\/#\\\/schema\\\/person\\\/e9f2de7e5dbbe7770a9402c7ce82f5c2\"},\"breadcrumb\":{\"@id\":\"https:\\\/\\\/macite.tg\\\/?p=12682#breadcrumb\"},\"inLanguage\":\"fr-FR\",\"potentialAction\":[{\"@type\":\"ReadAction\",\"target\":[\"https:\\\/\\\/macite.tg\\\/?p=12682\"]}]},{\"@type\":\"ImageObject\",\"inLanguage\":\"fr-FR\",\"@id\":\"https:\\\/\\\/macite.tg\\\/?p=12682#primaryimage\",\"url\":\"https:\\\/\\\/macite.tg\\\/wp-content\\\/uploads\\\/2024\\\/02\\\/WhatsApp-Image-2024-02-19-a-11.12.52_6e70863a.jpg\",\"contentUrl\":\"https:\\\/\\\/macite.tg\\\/wp-content\\\/uploads\\\/2024\\\/02\\\/WhatsApp-Image-2024-02-19-a-11.12.52_6e70863a.jpg\",\"width\":1080,\"height\":555},{\"@type\":\"BreadcrumbList\",\"@id\":\"https:\\\/\\\/macite.tg\\\/?p=12682#breadcrumb\",\"itemListElement\":[{\"@type\":\"ListItem\",\"position\":1,\"name\":\"Accueil\",\"item\":\"https:\\\/\\\/macite.tg\\\/\"},{\"@type\":\"ListItem\",\"position\":2,\"name\":\"REPARATION DES LAMPADAIRES SOLAIRES : Des \u00e9lectriciens de la r\u00e9gion Centrale outill\u00e9s \u00e0 Sokod\u00e9\"}]},{\"@type\":\"WebSite\",\"@id\":\"https:\\\/\\\/macite.tg\\\/#website\",\"url\":\"https:\\\/\\\/macite.tg\\\/\",\"name\":\"\",\"description\":\"L&#039;information, la bonne!!!\",\"potentialAction\":[{\"@type\":\"SearchAction\",\"target\":{\"@type\":\"EntryPoint\",\"urlTemplate\":\"https:\\\/\\\/macite.tg\\\/?s={search_term_string}\"},\"query-input\":{\"@type\":\"PropertyValueSpecification\",\"valueRequired\":true,\"valueName\":\"search_term_string\"}}],\"inLanguage\":\"fr-FR\"},{\"@type\":\"Person\",\"@id\":\"https:\\\/\\\/macite.tg\\\/#\\\/schema\\\/person\\\/e9f2de7e5dbbe7770a9402c7ce82f5c2\",\"name\":\"Jean Pierre BAWELA\",\"image\":{\"@type\":\"ImageObject\",\"inLanguage\":\"fr-FR\",\"@id\":\"https:\\\/\\\/macite.tg\\\/wp-content\\\/uploads\\\/2023\\\/09\\\/WhatsApp-Image-2023-09-19-at-14.44.41-122x122.jpeg\",\"url\":\"https:\\\/\\\/macite.tg\\\/wp-content\\\/uploads\\\/2023\\\/09\\\/WhatsApp-Image-2023-09-19-at-14.44.41-122x122.jpeg\",\"contentUrl\":\"https:\\\/\\\/macite.tg\\\/wp-content\\\/uploads\\\/2023\\\/09\\\/WhatsApp-Image-2023-09-19-at-14.44.41-122x122.jpeg\",\"caption\":\"Jean Pierre BAWELA\"},\"url\":\"https:\\\/\\\/macite.tg\\\/?author=2\"}]}<\/script>\n<!-- \/ Yoast SEO plugin. -->","yoast_head_json":{"title":"REPARATION DES LAMPADAIRES SOLAIRES : Des \u00e9lectriciens de la r\u00e9gion Centrale outill\u00e9s \u00e0 Sokod\u00e9 -","robots":{"index":"index","follow":"follow","max-snippet":"max-snippet:-1","max-image-preview":"max-image-preview:large","max-video-preview":"max-video-preview:-1"},"canonical":"https:\/\/macite.tg\/?p=12682","og_locale":"fr_FR","og_type":"article","og_title":"REPARATION DES LAMPADAIRES SOLAIRES : Des \u00e9lectriciens de la r\u00e9gion Centrale outill\u00e9s \u00e0 Sokod\u00e9 -","og_description":"Du 12 au 17 f\u00e9vrier dernier, vingt-cinq \u00e9lectriciens, membres de la Chambre r\u00e9gionale des m\u00e9tiers de la Centrale, \u00e9taient en atelier de renforcement de leurs capacit\u00e9s sur l\u2019installation, la r\u00e9paration, et la r\u00e9g\u00e9n\u00e9ration des batteries des lampadaires solaires. Initi\u00e9e par l\u2019Association des partisans pour la [&hellip;]","og_url":"https:\/\/macite.tg\/?p=12682","article_published_time":"2024-02-19T13:39:45+00:00","article_modified_time":"2024-02-19T13:41:49+00:00","og_image":[{"width":1080,"height":555,"url":"https:\/\/macite.tg\/wp-content\/uploads\/2024\/02\/WhatsApp-Image-2024-02-19-a-11.12.52_6e70863a.jpg","type":"image\/jpeg"}],"author":"Jean Pierre BAWELA","twitter_card":"summary_large_image","twitter_misc":{"\u00c9crit par":"Jean Pierre BAWELA","Dur\u00e9e de lecture estim\u00e9e":"2 minutes"},"schema":{"@context":"https:\/\/schema.org","@graph":[{"@type":"Article","@id":"https:\/\/macite.tg\/?p=12682#article","isPartOf":{"@id":"https:\/\/macite.tg\/?p=12682"},"author":{"name":"Jean Pierre BAWELA","@id":"https:\/\/macite.tg\/#\/schema\/person\/e9f2de7e5dbbe7770a9402c7ce82f5c2"},"headline":"REPARATION DES LAMPADAIRES SOLAIRES : Des \u00e9lectriciens de la r\u00e9gion Centrale outill\u00e9s \u00e0 Sokod\u00e9","datePublished":"2024-02-19T13:39:45+00:00","dateModified":"2024-02-19T13:41:49+00:00","mainEntityOfPage":{"@id":"https:\/\/macite.tg\/?p=12682"},"wordCount":390,"commentCount":0,"image":{"@id":"https:\/\/macite.tg\/?p=12682#primaryimage"},"thumbnailUrl":"https:\/\/macite.tg\/wp-content\/uploads\/2024\/02\/WhatsApp-Image-2024-02-19-a-11.12.52_6e70863a.jpg","articleSection":["ACTUALITE","FORMATION"],"inLanguage":"fr-FR","potentialAction":[{"@type":"CommentAction","name":"Comment","target":["https:\/\/macite.tg\/?p=12682#respond"]}]},{"@type":"WebPage","@id":"https:\/\/macite.tg\/?p=12682","url":"https:\/\/macite.tg\/?p=12682","name":"REPARATION DES LAMPADAIRES SOLAIRES : Des \u00e9lectriciens de la r\u00e9gion Centrale outill\u00e9s \u00e0 Sokod\u00e9 -","isPartOf":{"@id":"https:\/\/macite.tg\/#website"},"primaryImageOfPage":{"@id":"https:\/\/macite.tg\/?p=12682#primaryimage"},"image":{"@id":"https:\/\/macite.tg\/?p=12682#primaryimage"},"thumbnailUrl":"https:\/\/macite.tg\/wp-content\/uploads\/2024\/02\/WhatsApp-Image-2024-02-19-a-11.12.52_6e70863a.jpg","datePublished":"2024-02-19T13:39:45+00:00","dateModified":"2024-02-19T13:41:49+00:00","author":{"@id":"https:\/\/macite.tg\/#\/schema\/person\/e9f2de7e5dbbe7770a9402c7ce82f5c2"},"breadcrumb":{"@id":"https:\/\/macite.tg\/?p=12682#breadcrumb"},"inLanguage":"fr-FR","potentialAction":[{"@type":"ReadAction","target":["https:\/\/macite.tg\/?p=12682"]}]},{"@type":"ImageObject","inLanguage":"fr-FR","@id":"https:\/\/macite.tg\/?p=12682#primaryimage","url":"https:\/\/macite.tg\/wp-content\/uploads\/2024\/02\/WhatsApp-Image-2024-02-19-a-11.12.52_6e70863a.jpg","contentUrl":"https:\/\/macite.tg\/wp-content\/uploads\/2024\/02\/WhatsApp-Image-2024-02-19-a-11.12.52_6e70863a.jpg","width":1080,"height":555},{"@type":"BreadcrumbList","@id":"https:\/\/macite.tg\/?p=12682#breadcrumb","itemListElement":[{"@type":"ListItem","position":1,"name":"Accueil","item":"https:\/\/macite.tg\/"},{"@type":"ListItem","position":2,"name":"REPARATION DES LAMPADAIRES SOLAIRES : Des \u00e9lectriciens de la r\u00e9gion Centrale outill\u00e9s \u00e0 Sokod\u00e9"}]},{"@type":"WebSite","@id":"https:\/\/macite.tg\/#website","url":"https:\/\/macite.tg\/","name":"","description":"L&#039;information, la bonne!!!","potentialAction":[{"@type":"SearchAction","target":{"@type":"EntryPoint","urlTemplate":"https:\/\/macite.tg\/?s={search_term_string}"},"query-input":{"@type":"PropertyValueSpecification","valueRequired":true,"valueName":"search_term_string"}}],"inLanguage":"fr-FR"},{"@type":"Person","@id":"https:\/\/macite.tg\/#\/schema\/person\/e9f2de7e5dbbe7770a9402c7ce82f5c2","name":"Jean Pierre BAWELA","image":{"@type":"ImageObject","inLanguage":"fr-FR","@id":"https:\/\/macite.tg\/wp-content\/uploads\/2023\/09\/WhatsApp-Image-2023-09-19-at-14.44.41-122x122.jpeg","url":"https:\/\/macite.tg\/wp-content\/uploads\/2023\/09\/WhatsApp-Image-2023-09-19-at-14.44.41-122x122.jpeg","contentUrl":"https:\/\/macite.tg\/wp-content\/uploads\/2023\/09\/WhatsApp-Image-2023-09-19-at-14.44.41-122x122.jpeg","caption":"Jean Pierre BAWELA"},"url":"https:\/\/macite.tg\/?author=2"}]}},"_links":{"self":[{"href":"https:\/\/macite.tg\/index.php?rest_route=\/wp\/v2\/posts\/12682","targetHints":{"allow":["GET"]}}],"collection":[{"href":"https:\/\/macite.tg\/index.php?rest_route=\/wp\/v2\/posts"}],"about":[{"href":"https:\/\/macite.tg\/index.php?rest_route=\/wp\/v2\/types\/post"}],"author":[{"embeddable":true,"href":"https:\/\/macite.tg\/index.php?rest_route=\/wp\/v2\/users\/2"}],"replies":[{"embeddable":true,"href":"https:\/\/macite.tg\/index.php?rest_route=%2Fwp%2Fv2%2Fcomments&post=12682"}],"version-history":[{"count":0,"href":"https:\/\/macite.tg\/index.php?rest_route=\/wp\/v2\/posts\/12682\/revisions"}],"wp:featuredmedia":[{"embeddable":true,"href":"https:\/\/macite.tg\/index.php?rest_route=\/wp\/v2\/media\/12684"}],"wp:attachment":[{"href":"https:\/\/macite.tg\/index.php?rest_route=%2Fwp%2Fv2%2Fmedia&parent=12682"}],"wp:term":[{"taxonomy":"category","embeddable":true,"href":"https:\/\/macite.tg\/index.php?rest_route=%2Fwp%2Fv2%2Fcategories&post=12682"},{"taxonomy":"post_tag","embeddable":true,"href":"https:\/\/macite.tg\/index.php?rest_route=%2Fwp%2Fv2%2Ftags&post=12682"}],"curies":[{"name":"wp","href":"https:\/\/api.w.org\/{rel}","templated":true}]}}