{"id":12677,"date":"2024-02-19T14:45:51","date_gmt":"2024-02-19T14:45:51","guid":{"rendered":"https:\/\/macite.tg\/?p=12677"},"modified":"2024-02-19T14:45:55","modified_gmt":"2024-02-19T14:45:55","slug":"constitutions-en-afrique-de-la-necessite-de-considerer-les-realites-africaines","status":"publish","type":"post","link":"https:\/\/macite.tg\/?p=12677","title":{"rendered":"CONSTITUTIONS EN AFRIQUE\u00a0: De la n\u00e9cessit\u00e9 de consid\u00e9rer les r\u00e9alit\u00e9s africaines"},"content":{"rendered":"\n<p class=\"wp-block-paragraph\"><strong><em>Dans nos r\u00e9flexions la derni\u00e8re, nous tablions sur la n\u00e9cessit\u00e9 d\u2019adapter les constitutions africaines aux r\u00e9alit\u00e9s africaines. En ce sens qu\u2019aujourd\u2019hui, exercer un pouvoir politique sans \u00eatre confront\u00e9 \u00e0 des probl\u00e8mes, \u00e0 des questions relatives aux semaine Constitutions et surtout au mandat pr\u00e9sidentiel rel\u00e8verait du surnaturel.<\/em><\/strong><\/p>\n\n\n\n<p class=\"wp-block-paragraph\">Une autre gaffe des politiques en Afrique serait de manquer de questionner la sociologie africaine lorsqu\u2019ils abordent des sujets assez sensibles relatifs aux constitutions et \u00e0 ses pratiques dans nos diff\u00e9rents pays.<\/p>\n\n\n<div class=\"wp-block-image\">\n<figure class=\"aligncenter size-full is-resized\"><img loading=\"lazy\" decoding=\"async\" src=\"https:\/\/macite.tg\/wp-content\/uploads\/2024\/02\/426709901_909930414475099_6338070050102141440_n.jpg\" alt=\"\" class=\"wp-image-12603\" width=\"558\" height=\"558\" srcset=\"https:\/\/macite.tg\/wp-content\/uploads\/2024\/02\/426709901_909930414475099_6338070050102141440_n.jpg 843w, https:\/\/macite.tg\/wp-content\/uploads\/2024\/02\/426709901_909930414475099_6338070050102141440_n-300x300.jpg 300w, https:\/\/macite.tg\/wp-content\/uploads\/2024\/02\/426709901_909930414475099_6338070050102141440_n-150x150.jpg 150w, https:\/\/macite.tg\/wp-content\/uploads\/2024\/02\/426709901_909930414475099_6338070050102141440_n-768x768.jpg 768w, https:\/\/macite.tg\/wp-content\/uploads\/2024\/02\/426709901_909930414475099_6338070050102141440_n-122x122.jpg 122w\" sizes=\"auto, (max-width: 558px) 100vw, 558px\" \/><\/figure>\n<\/div>\n\n\n<p class=\"wp-block-paragraph\">Une question fondamentale pr\u00e9occupe aujourd\u2019hui tout citoyen. C\u2019est celle de l\u2019ad\u00e9quation des constitutions avec la sociologie africaine, \u00e9tant donn\u00e9 que beaucoup de difficult\u00e9s sont cit\u00e9es \u00e0 ce jour, dans les pays africains surtout francophones, en ce qui concerne l\u2019exercice du pouvoir politique avec les renversements des Gouvernements ou les coups d\u2019Etats.&nbsp; Des coups d\u2019Etats c\u00e9l\u00e9br\u00e9s dans certains coins par certaines cat\u00e9gories de personne entre euphorie saisonni\u00e8re et ignorance absolue des valeurs d\u00e9mocratiques.<\/p>\n\n\n\n<p class=\"wp-block-paragraph\"><strong>Obligation de repenser la dur\u00e9e du mandat pr\u00e9sidentiel en Afrique<\/strong><\/p>\n\n\n\n<p class=\"wp-block-paragraph\">Il faut pr\u00e9ciser d\u2019entr\u00e9e que la question du nombre de mandat pr\u00e9sidentiel n\u2019est pas uniquement contextuel \u00e0 l\u2019Afrique. D\u00e9j\u00e0, elle s\u2019\u00e9tait premi\u00e8rement pos\u00e9e dans l\u2019histoire du monde avec le Pr\u00e9sident am\u00e9ricain d\u2019alors, Lyndon Baines Johnson.<\/p>\n\n\n\n<p class=\"wp-block-paragraph\">36<sup>\u00e8me<\/sup> Pr\u00e9sident des Etats-Unis, repr\u00e9sentant des Etats-Unis pour le Texas de 1937 \u00e0 1949 et s\u00e9nateur f\u00e9d\u00e9ral de 1949 \u00e0 1961, Lyndon Baines Johnson a dirig\u00e9 les USA du 22 novembre 1963 au 20 janvier 1969 soit 5 ans, 1 mois et 29 jours. Avant de passer le t\u00e9moin \u00e0 Richard Nixon.<\/p>\n\n\n<div class=\"wp-block-image\">\n<figure class=\"aligncenter size-full\"><img loading=\"lazy\" decoding=\"async\" width=\"768\" height=\"319\" src=\"https:\/\/macite.tg\/wp-content\/uploads\/2024\/02\/ANNONCES-1-768x319-2.jpg\" alt=\"\" class=\"wp-image-12679\" srcset=\"https:\/\/macite.tg\/wp-content\/uploads\/2024\/02\/ANNONCES-1-768x319-2.jpg 768w, https:\/\/macite.tg\/wp-content\/uploads\/2024\/02\/ANNONCES-1-768x319-2-300x125.jpg 300w\" sizes=\"auto, (max-width: 768px) 100vw, 768px\" \/><\/figure>\n<\/div>\n\n\n<p class=\"wp-block-paragraph\">Ce dernier, Lyndon Baines Johnson, affaibli par le travail qu\u2019il n\u2019a cess\u00e9 d\u2019abattre pour les Etats-Unis<a> <\/a>d\u2019Am\u00e9rique, avait souhait\u00e9 \u00eatre remplac\u00e9.<\/p>\n\n\n\n<p class=\"wp-block-paragraph\">C\u2019est ainsi que la probl\u00e9matique de la notion du mandat pr\u00e9sidentiel avait \u00e9t\u00e9 examin\u00e9e aux Etats-Unis. Une r\u00e9flexion d\u2019actualit\u00e9s qui a fait le tour du monde par sa pertinence. Et c\u2019est ainsi que jusqu\u2019\u00e0 une r\u00e9cente \u00e9poque en France particuli\u00e8rement, le mandat pr\u00e9sidentiel \u00e9tait <strong>de sept (7) ans.<\/strong><\/p>\n\n\n\n<p class=\"wp-block-paragraph\">En ce qui concerne nos pays africains, compte tenu du co\u00fbt exorbitant des \u00e9lections pr\u00e9sidentielles qui d\u00e9bouchent souvent sur des tueries, des massacres, des d\u00e9placements des populations etc., n\u2019est-il pas imp\u00e9rieux que l\u2019on repense le nombre d\u2019ann\u00e9es qu\u2019un Pr\u00e9sident africain doit rester au pouvoir&nbsp;?<\/p>\n\n\n\n<p class=\"wp-block-paragraph\">C\u2019est pour cela qu\u2019il est imp\u00e9ratif que la paix et la s\u00e9curit\u00e9 r\u00e8gnent dans nos pays africains \u00e0 travers la prise de conscience de tout le monde que les mandats pr\u00e9sidentiels ne doivent plus diviser les fr\u00e8res et s\u0153urs africains qui ont besoin d\u2019\u00eatre ensemble pour faire d\u00e9velopper notre continent.<\/p>\n\n\n<div class=\"wp-block-image\">\n<figure class=\"aligncenter size-full\"><img loading=\"lazy\" decoding=\"async\" width=\"485\" height=\"607\" src=\"https:\/\/macite.tg\/wp-content\/uploads\/2024\/02\/421269101_894081102726697_4923617785280576181_n.jpg\" alt=\"\" class=\"wp-image-12628\" srcset=\"https:\/\/macite.tg\/wp-content\/uploads\/2024\/02\/421269101_894081102726697_4923617785280576181_n.jpg 485w, https:\/\/macite.tg\/wp-content\/uploads\/2024\/02\/421269101_894081102726697_4923617785280576181_n-240x300.jpg 240w\" sizes=\"auto, (max-width: 485px) 100vw, 485px\" \/><\/figure>\n<\/div>\n\n\n<p class=\"wp-block-paragraph\">C\u2019est dans cette optique que dans certaines discussions entre intellectuels africains, certains n\u2019h\u00e9sitent pas \u00e0 ce que lesdits mandats pr\u00e9sidentiels soient port\u00e9s \u00e0 <strong>dix (10) ou quinze (15) ans<\/strong> et d\u2019autres vont jusqu\u2019\u00e0 en proposer <strong>vingt (20) ans,<\/strong> car pour eux la paix, la s\u00e9curit\u00e9, la stabilit\u00e9 \u00e9conomique, sociale, culturelle et politique, l\u2019unit\u00e9, l\u2019union, la concorde et la compr\u00e9hension mutuelle en d\u00e9pendent.<\/p>\n\n\n\n<p class=\"wp-block-paragraph\"><strong>Cr\u00e9do TETTEH (In LE MEDIUM n\u00b0592 du 13 &nbsp; au 19 F\u00e9vrier 2024)<\/strong><\/p>\n\n\n\n<p class=\"wp-block-paragraph\"><strong><em>@macite.tg&nbsp;&nbsp;&nbsp;&nbsp;&nbsp;&nbsp;&nbsp;&nbsp;<\/em><\/strong><\/p>\n\n\n\n<p class=\"wp-block-paragraph\"><strong><em>E-mail&nbsp;: <\/em><\/strong><a href=\"mailto:maciteinfo@gmail.com\"><strong><em>maciteinfo@gmail.com<\/em><\/strong><\/a><strong><em>; <\/em><\/strong><a href=\"mailto:bawela1@gmail.com\"><strong><em>bawela1@gmail.com<\/em><\/strong><\/a><strong><em><\/em><\/strong><\/p>\n\n\n\n<p class=\"wp-block-paragraph\"><strong><em>Pour vos annonces, (publi)reportages, etc., joignez-nous au (00228)91515309\/<strong>79872224 <\/strong>www.macite.tg, L\u2019information, la bonne&nbsp;!<\/em><\/strong><\/p>\n","protected":false},"excerpt":{"rendered":"<p class=\"text-justify mb-2\" >Dans nos r\u00e9flexions la derni\u00e8re, nous tablions sur la n\u00e9cessit\u00e9 d\u2019adapter les constitutions africaines aux r\u00e9alit\u00e9s africaines. En ce sens qu\u2019aujourd\u2019hui, exercer un pouvoir politique sans \u00eatre confront\u00e9 \u00e0 des probl\u00e8mes, \u00e0 des questions relatives aux semaine Constitutions et surtout au mandat pr\u00e9sidentiel rel\u00e8verait du [&hellip;]<\/p>\n","protected":false},"author":2,"featured_media":12692,"comment_status":"open","ping_status":"open","sticky":false,"template":"","format":"standard","meta":{"footnotes":""},"categories":[1],"tags":[],"class_list":["post-12677","post","type-post","status-publish","format-standard","has-post-thumbnail","hentry","category-politique"],"yoast_head":"<!-- This site is optimized with the Yoast SEO plugin v28.4 - https:\/\/yoast.com\/product\/yoast-seo-wordpress\/ -->\n<title>CONSTITUTIONS EN AFRIQUE\u00a0: De la n\u00e9cessit\u00e9 de consid\u00e9rer les r\u00e9alit\u00e9s africaines -<\/title>\n<meta name=\"robots\" content=\"index, follow, max-snippet:-1, max-image-preview:large, max-video-preview:-1\" \/>\n<link rel=\"canonical\" href=\"https:\/\/macite.tg\/?p=12677\" \/>\n<meta property=\"og:locale\" content=\"fr_FR\" \/>\n<meta property=\"og:type\" content=\"article\" \/>\n<meta property=\"og:title\" content=\"CONSTITUTIONS EN AFRIQUE\u00a0: De la n\u00e9cessit\u00e9 de consid\u00e9rer les r\u00e9alit\u00e9s africaines -\" \/>\n<meta property=\"og:description\" content=\"Dans nos r\u00e9flexions la derni\u00e8re, nous tablions sur la n\u00e9cessit\u00e9 d\u2019adapter les constitutions africaines aux r\u00e9alit\u00e9s africaines. En ce sens qu\u2019aujourd\u2019hui, exercer un pouvoir politique sans \u00eatre confront\u00e9 \u00e0 des probl\u00e8mes, \u00e0 des questions relatives aux semaine Constitutions et surtout au mandat pr\u00e9sidentiel rel\u00e8verait du [&hellip;]\" \/>\n<meta property=\"og:url\" content=\"https:\/\/macite.tg\/?p=12677\" \/>\n<meta property=\"article:published_time\" content=\"2024-02-19T14:45:51+00:00\" \/>\n<meta property=\"article:modified_time\" content=\"2024-02-19T14:45:55+00:00\" \/>\n<meta property=\"og:image\" content=\"https:\/\/macite.tg\/wp-content\/uploads\/2024\/02\/IMG-20240212-WA0179.jpg\" \/>\n\t<meta property=\"og:image:width\" content=\"1080\" \/>\n\t<meta property=\"og:image:height\" content=\"1080\" \/>\n\t<meta property=\"og:image:type\" content=\"image\/jpeg\" \/>\n<meta name=\"author\" content=\"Jean Pierre BAWELA\" \/>\n<meta name=\"twitter:card\" content=\"summary_large_image\" \/>\n<meta name=\"twitter:label1\" content=\"\u00c9crit par\" \/>\n\t<meta name=\"twitter:data1\" content=\"Jean Pierre BAWELA\" \/>\n\t<meta name=\"twitter:label2\" content=\"Dur\u00e9e de lecture estim\u00e9e\" \/>\n\t<meta name=\"twitter:data2\" content=\"3 minutes\" \/>\n<script type=\"application\/ld+json\" class=\"yoast-schema-graph\">{\"@context\":\"https:\\\/\\\/schema.org\",\"@graph\":[{\"@type\":\"Article\",\"@id\":\"https:\\\/\\\/macite.tg\\\/?p=12677#article\",\"isPartOf\":{\"@id\":\"https:\\\/\\\/macite.tg\\\/?p=12677\"},\"author\":{\"name\":\"Jean Pierre BAWELA\",\"@id\":\"https:\\\/\\\/macite.tg\\\/#\\\/schema\\\/person\\\/e9f2de7e5dbbe7770a9402c7ce82f5c2\"},\"headline\":\"CONSTITUTIONS EN AFRIQUE\u00a0: De la n\u00e9cessit\u00e9 de consid\u00e9rer les r\u00e9alit\u00e9s africaines\",\"datePublished\":\"2024-02-19T14:45:51+00:00\",\"dateModified\":\"2024-02-19T14:45:55+00:00\",\"mainEntityOfPage\":{\"@id\":\"https:\\\/\\\/macite.tg\\\/?p=12677\"},\"wordCount\":608,\"commentCount\":0,\"image\":{\"@id\":\"https:\\\/\\\/macite.tg\\\/?p=12677#primaryimage\"},\"thumbnailUrl\":\"https:\\\/\\\/macite.tg\\\/wp-content\\\/uploads\\\/2024\\\/02\\\/IMG-20240212-WA0179.jpg\",\"articleSection\":[\"POLITIQUE\"],\"inLanguage\":\"fr-FR\",\"potentialAction\":[{\"@type\":\"CommentAction\",\"name\":\"Comment\",\"target\":[\"https:\\\/\\\/macite.tg\\\/?p=12677#respond\"]}]},{\"@type\":\"WebPage\",\"@id\":\"https:\\\/\\\/macite.tg\\\/?p=12677\",\"url\":\"https:\\\/\\\/macite.tg\\\/?p=12677\",\"name\":\"CONSTITUTIONS EN AFRIQUE\u00a0: De la n\u00e9cessit\u00e9 de consid\u00e9rer les r\u00e9alit\u00e9s africaines -\",\"isPartOf\":{\"@id\":\"https:\\\/\\\/macite.tg\\\/#website\"},\"primaryImageOfPage\":{\"@id\":\"https:\\\/\\\/macite.tg\\\/?p=12677#primaryimage\"},\"image\":{\"@id\":\"https:\\\/\\\/macite.tg\\\/?p=12677#primaryimage\"},\"thumbnailUrl\":\"https:\\\/\\\/macite.tg\\\/wp-content\\\/uploads\\\/2024\\\/02\\\/IMG-20240212-WA0179.jpg\",\"datePublished\":\"2024-02-19T14:45:51+00:00\",\"dateModified\":\"2024-02-19T14:45:55+00:00\",\"author\":{\"@id\":\"https:\\\/\\\/macite.tg\\\/#\\\/schema\\\/person\\\/e9f2de7e5dbbe7770a9402c7ce82f5c2\"},\"breadcrumb\":{\"@id\":\"https:\\\/\\\/macite.tg\\\/?p=12677#breadcrumb\"},\"inLanguage\":\"fr-FR\",\"potentialAction\":[{\"@type\":\"ReadAction\",\"target\":[\"https:\\\/\\\/macite.tg\\\/?p=12677\"]}]},{\"@type\":\"ImageObject\",\"inLanguage\":\"fr-FR\",\"@id\":\"https:\\\/\\\/macite.tg\\\/?p=12677#primaryimage\",\"url\":\"https:\\\/\\\/macite.tg\\\/wp-content\\\/uploads\\\/2024\\\/02\\\/IMG-20240212-WA0179.jpg\",\"contentUrl\":\"https:\\\/\\\/macite.tg\\\/wp-content\\\/uploads\\\/2024\\\/02\\\/IMG-20240212-WA0179.jpg\",\"width\":1080,\"height\":1080},{\"@type\":\"BreadcrumbList\",\"@id\":\"https:\\\/\\\/macite.tg\\\/?p=12677#breadcrumb\",\"itemListElement\":[{\"@type\":\"ListItem\",\"position\":1,\"name\":\"Accueil\",\"item\":\"https:\\\/\\\/macite.tg\\\/\"},{\"@type\":\"ListItem\",\"position\":2,\"name\":\"CONSTITUTIONS EN AFRIQUE\u00a0: De la n\u00e9cessit\u00e9 de consid\u00e9rer les r\u00e9alit\u00e9s africaines\"}]},{\"@type\":\"WebSite\",\"@id\":\"https:\\\/\\\/macite.tg\\\/#website\",\"url\":\"https:\\\/\\\/macite.tg\\\/\",\"name\":\"\",\"description\":\"L&#039;information, la bonne!!!\",\"potentialAction\":[{\"@type\":\"SearchAction\",\"target\":{\"@type\":\"EntryPoint\",\"urlTemplate\":\"https:\\\/\\\/macite.tg\\\/?s={search_term_string}\"},\"query-input\":{\"@type\":\"PropertyValueSpecification\",\"valueRequired\":true,\"valueName\":\"search_term_string\"}}],\"inLanguage\":\"fr-FR\"},{\"@type\":\"Person\",\"@id\":\"https:\\\/\\\/macite.tg\\\/#\\\/schema\\\/person\\\/e9f2de7e5dbbe7770a9402c7ce82f5c2\",\"name\":\"Jean Pierre BAWELA\",\"image\":{\"@type\":\"ImageObject\",\"inLanguage\":\"fr-FR\",\"@id\":\"https:\\\/\\\/macite.tg\\\/wp-content\\\/uploads\\\/2023\\\/09\\\/WhatsApp-Image-2023-09-19-at-14.44.41-122x122.jpeg\",\"url\":\"https:\\\/\\\/macite.tg\\\/wp-content\\\/uploads\\\/2023\\\/09\\\/WhatsApp-Image-2023-09-19-at-14.44.41-122x122.jpeg\",\"contentUrl\":\"https:\\\/\\\/macite.tg\\\/wp-content\\\/uploads\\\/2023\\\/09\\\/WhatsApp-Image-2023-09-19-at-14.44.41-122x122.jpeg\",\"caption\":\"Jean Pierre BAWELA\"},\"url\":\"https:\\\/\\\/macite.tg\\\/?author=2\"}]}<\/script>\n<!-- \/ Yoast SEO plugin. -->","yoast_head_json":{"title":"CONSTITUTIONS EN AFRIQUE\u00a0: De la n\u00e9cessit\u00e9 de consid\u00e9rer les r\u00e9alit\u00e9s africaines -","robots":{"index":"index","follow":"follow","max-snippet":"max-snippet:-1","max-image-preview":"max-image-preview:large","max-video-preview":"max-video-preview:-1"},"canonical":"https:\/\/macite.tg\/?p=12677","og_locale":"fr_FR","og_type":"article","og_title":"CONSTITUTIONS EN AFRIQUE\u00a0: De la n\u00e9cessit\u00e9 de consid\u00e9rer les r\u00e9alit\u00e9s africaines -","og_description":"Dans nos r\u00e9flexions la derni\u00e8re, nous tablions sur la n\u00e9cessit\u00e9 d\u2019adapter les constitutions africaines aux r\u00e9alit\u00e9s africaines. En ce sens qu\u2019aujourd\u2019hui, exercer un pouvoir politique sans \u00eatre confront\u00e9 \u00e0 des probl\u00e8mes, \u00e0 des questions relatives aux semaine Constitutions et surtout au mandat pr\u00e9sidentiel rel\u00e8verait du [&hellip;]","og_url":"https:\/\/macite.tg\/?p=12677","article_published_time":"2024-02-19T14:45:51+00:00","article_modified_time":"2024-02-19T14:45:55+00:00","og_image":[{"width":1080,"height":1080,"url":"https:\/\/macite.tg\/wp-content\/uploads\/2024\/02\/IMG-20240212-WA0179.jpg","type":"image\/jpeg"}],"author":"Jean Pierre BAWELA","twitter_card":"summary_large_image","twitter_misc":{"\u00c9crit par":"Jean Pierre BAWELA","Dur\u00e9e de lecture estim\u00e9e":"3 minutes"},"schema":{"@context":"https:\/\/schema.org","@graph":[{"@type":"Article","@id":"https:\/\/macite.tg\/?p=12677#article","isPartOf":{"@id":"https:\/\/macite.tg\/?p=12677"},"author":{"name":"Jean Pierre BAWELA","@id":"https:\/\/macite.tg\/#\/schema\/person\/e9f2de7e5dbbe7770a9402c7ce82f5c2"},"headline":"CONSTITUTIONS EN AFRIQUE\u00a0: De la n\u00e9cessit\u00e9 de consid\u00e9rer les r\u00e9alit\u00e9s africaines","datePublished":"2024-02-19T14:45:51+00:00","dateModified":"2024-02-19T14:45:55+00:00","mainEntityOfPage":{"@id":"https:\/\/macite.tg\/?p=12677"},"wordCount":608,"commentCount":0,"image":{"@id":"https:\/\/macite.tg\/?p=12677#primaryimage"},"thumbnailUrl":"https:\/\/macite.tg\/wp-content\/uploads\/2024\/02\/IMG-20240212-WA0179.jpg","articleSection":["POLITIQUE"],"inLanguage":"fr-FR","potentialAction":[{"@type":"CommentAction","name":"Comment","target":["https:\/\/macite.tg\/?p=12677#respond"]}]},{"@type":"WebPage","@id":"https:\/\/macite.tg\/?p=12677","url":"https:\/\/macite.tg\/?p=12677","name":"CONSTITUTIONS EN AFRIQUE\u00a0: De la n\u00e9cessit\u00e9 de consid\u00e9rer les r\u00e9alit\u00e9s africaines -","isPartOf":{"@id":"https:\/\/macite.tg\/#website"},"primaryImageOfPage":{"@id":"https:\/\/macite.tg\/?p=12677#primaryimage"},"image":{"@id":"https:\/\/macite.tg\/?p=12677#primaryimage"},"thumbnailUrl":"https:\/\/macite.tg\/wp-content\/uploads\/2024\/02\/IMG-20240212-WA0179.jpg","datePublished":"2024-02-19T14:45:51+00:00","dateModified":"2024-02-19T14:45:55+00:00","author":{"@id":"https:\/\/macite.tg\/#\/schema\/person\/e9f2de7e5dbbe7770a9402c7ce82f5c2"},"breadcrumb":{"@id":"https:\/\/macite.tg\/?p=12677#breadcrumb"},"inLanguage":"fr-FR","potentialAction":[{"@type":"ReadAction","target":["https:\/\/macite.tg\/?p=12677"]}]},{"@type":"ImageObject","inLanguage":"fr-FR","@id":"https:\/\/macite.tg\/?p=12677#primaryimage","url":"https:\/\/macite.tg\/wp-content\/uploads\/2024\/02\/IMG-20240212-WA0179.jpg","contentUrl":"https:\/\/macite.tg\/wp-content\/uploads\/2024\/02\/IMG-20240212-WA0179.jpg","width":1080,"height":1080},{"@type":"BreadcrumbList","@id":"https:\/\/macite.tg\/?p=12677#breadcrumb","itemListElement":[{"@type":"ListItem","position":1,"name":"Accueil","item":"https:\/\/macite.tg\/"},{"@type":"ListItem","position":2,"name":"CONSTITUTIONS EN AFRIQUE\u00a0: De la n\u00e9cessit\u00e9 de consid\u00e9rer les r\u00e9alit\u00e9s africaines"}]},{"@type":"WebSite","@id":"https:\/\/macite.tg\/#website","url":"https:\/\/macite.tg\/","name":"","description":"L&#039;information, la bonne!!!","potentialAction":[{"@type":"SearchAction","target":{"@type":"EntryPoint","urlTemplate":"https:\/\/macite.tg\/?s={search_term_string}"},"query-input":{"@type":"PropertyValueSpecification","valueRequired":true,"valueName":"search_term_string"}}],"inLanguage":"fr-FR"},{"@type":"Person","@id":"https:\/\/macite.tg\/#\/schema\/person\/e9f2de7e5dbbe7770a9402c7ce82f5c2","name":"Jean Pierre BAWELA","image":{"@type":"ImageObject","inLanguage":"fr-FR","@id":"https:\/\/macite.tg\/wp-content\/uploads\/2023\/09\/WhatsApp-Image-2023-09-19-at-14.44.41-122x122.jpeg","url":"https:\/\/macite.tg\/wp-content\/uploads\/2023\/09\/WhatsApp-Image-2023-09-19-at-14.44.41-122x122.jpeg","contentUrl":"https:\/\/macite.tg\/wp-content\/uploads\/2023\/09\/WhatsApp-Image-2023-09-19-at-14.44.41-122x122.jpeg","caption":"Jean Pierre BAWELA"},"url":"https:\/\/macite.tg\/?author=2"}]}},"_links":{"self":[{"href":"https:\/\/macite.tg\/index.php?rest_route=\/wp\/v2\/posts\/12677","targetHints":{"allow":["GET"]}}],"collection":[{"href":"https:\/\/macite.tg\/index.php?rest_route=\/wp\/v2\/posts"}],"about":[{"href":"https:\/\/macite.tg\/index.php?rest_route=\/wp\/v2\/types\/post"}],"author":[{"embeddable":true,"href":"https:\/\/macite.tg\/index.php?rest_route=\/wp\/v2\/users\/2"}],"replies":[{"embeddable":true,"href":"https:\/\/macite.tg\/index.php?rest_route=%2Fwp%2Fv2%2Fcomments&post=12677"}],"version-history":[{"count":0,"href":"https:\/\/macite.tg\/index.php?rest_route=\/wp\/v2\/posts\/12677\/revisions"}],"wp:featuredmedia":[{"embeddable":true,"href":"https:\/\/macite.tg\/index.php?rest_route=\/wp\/v2\/media\/12692"}],"wp:attachment":[{"href":"https:\/\/macite.tg\/index.php?rest_route=%2Fwp%2Fv2%2Fmedia&parent=12677"}],"wp:term":[{"taxonomy":"category","embeddable":true,"href":"https:\/\/macite.tg\/index.php?rest_route=%2Fwp%2Fv2%2Fcategories&post=12677"},{"taxonomy":"post_tag","embeddable":true,"href":"https:\/\/macite.tg\/index.php?rest_route=%2Fwp%2Fv2%2Ftags&post=12677"}],"curies":[{"name":"wp","href":"https:\/\/api.w.org\/{rel}","templated":true}]}}