{"id":12676,"date":"2024-02-19T13:24:46","date_gmt":"2024-02-19T13:24:46","guid":{"rendered":"https:\/\/macite.tg\/?p=12676"},"modified":"2024-02-19T13:24:48","modified_gmt":"2024-02-19T13:24:48","slug":"le-chef-du-polisario-a-dublin-une-visite-privee-donc-pas-officielle-les-clarifications-de-lirlande","status":"publish","type":"post","link":"https:\/\/macite.tg\/?p=12676","title":{"rendered":"LE CHEF DU POLISARIO A DUBLIN\u00a0: Une visite \u2018\u2019priv\u00e9e\u2019\u2019 donc pas \u2018\u2019officielle\u2019\u2019, \u2026les clarifications de l\u2019Irlande"},"content":{"rendered":"\n<p class=\"wp-block-paragraph\"><strong><em>\u00ab La visite des repr\u00e9sentants du Front Polisario en Irlande la semaine derni\u00e8re \u00e9tait une visite priv\u00e9e \u00bb. Telle est la r\u00e9action officielle de l\u2019Irlande face \u00e0 la r\u00e9cup\u00e9ration politique faite, la semaine derni\u00e8re, de la visite du chef du Polisario \u00e0 Dublin.<\/em><\/strong><\/p>\n\n\n\n<p class=\"wp-block-paragraph\">A l\u2019invitation d\u2019une association pro-polisario tr\u00e8s active en Irlande, le chef du Polisario, Brahim Ghali, a effectu\u00e9 la semaine derni\u00e8re une visite \u2018\u2019priv\u00e9e\u2019\u2019 \u00e0 Dublin. Et comme il fallait s\u2019y attendre, le chef du polisario a vite fait d\u2019en faire une r\u00e9cup\u00e9ration politique, et manipuler ainsi l\u2019opinion internationale.<\/p>\n\n\n<div class=\"wp-block-image\">\n<figure class=\"aligncenter size-full is-resized\"><img loading=\"lazy\" decoding=\"async\" src=\"https:\/\/macite.tg\/wp-content\/uploads\/2024\/02\/426709901_909930414475099_6338070050102141440_n.jpg\" alt=\"\" class=\"wp-image-12603\" width=\"564\" height=\"564\" srcset=\"https:\/\/macite.tg\/wp-content\/uploads\/2024\/02\/426709901_909930414475099_6338070050102141440_n.jpg 843w, https:\/\/macite.tg\/wp-content\/uploads\/2024\/02\/426709901_909930414475099_6338070050102141440_n-300x300.jpg 300w, https:\/\/macite.tg\/wp-content\/uploads\/2024\/02\/426709901_909930414475099_6338070050102141440_n-150x150.jpg 150w, https:\/\/macite.tg\/wp-content\/uploads\/2024\/02\/426709901_909930414475099_6338070050102141440_n-768x768.jpg 768w, https:\/\/macite.tg\/wp-content\/uploads\/2024\/02\/426709901_909930414475099_6338070050102141440_n-122x122.jpg 122w\" sizes=\"auto, (max-width: 564px) 100vw, 564px\" \/><\/figure>\n<\/div>\n\n\n<p class=\"wp-block-paragraph\">Face \u00e0 cette manipulation grotesque, les autorit\u00e9s irlandaises sont mont\u00e9es au cr\u00e9neau pour d\u00e9noncer ce grotesque mensonge du polisario, et r\u00e9tablir ainsi la v\u00e9rit\u00e9 des faits.<\/p>\n\n\n\n<p class=\"wp-block-paragraph\">Dans une D\u00e9claration, l\u2019Ambassade d\u2019Irlande \u00e0 Rabat souligne que <em>\u00ab la visite des repr\u00e9sentants du Front Polisario en Irlande la semaine derni\u00e8re \u00e9tait une visite priv\u00e9e \u00bb.<\/em><\/p>\n\n\n\n<p class=\"wp-block-paragraph\">Tout en relevant que le Gouvernement irlandais n\u2019est, ni de pr\u00e8s ni de loin, li\u00e9e \u00e0 cette activit\u00e9 d\u2019ailleurs non autoris\u00e9e, l\u2019Ambassade d\u2019Irlande \u00e0 Rabat note que cette visite des s\u00e9paratistes <em>\u00ab n\u2019\u00e9tait pas bas\u00e9e sur une invitation officielle \u00bb. <\/em>Par cons\u00e9quent, les s\u00e9paratistes n\u2019ont \u00e9t\u00e9 re\u00e7us par aucun membre du gouvernement, ceci malgr\u00e9 leurs insistantes demandes et l\u2019appui de leurs relais. Ainsi, aucun entretien, que ce soit officiel ou officieux, n\u2019a \u00e9t\u00e9 accord\u00e9 ni avec le Premier ministre irlandais Leo Varadkar ou ses Services, ni avec le chef de la diplomatie irlandaise, Micheal Martin.<\/p>\n\n\n<div class=\"wp-block-image\">\n<figure class=\"aligncenter size-full is-resized\"><img loading=\"lazy\" decoding=\"async\" src=\"https:\/\/macite.tg\/wp-content\/uploads\/2024\/02\/ANNONCES-1-768x319-2.jpg\" alt=\"\" class=\"wp-image-12679\" width=\"690\" height=\"287\" srcset=\"https:\/\/macite.tg\/wp-content\/uploads\/2024\/02\/ANNONCES-1-768x319-2.jpg 768w, https:\/\/macite.tg\/wp-content\/uploads\/2024\/02\/ANNONCES-1-768x319-2-300x125.jpg 300w\" sizes=\"auto, (max-width: 690px) 100vw, 690px\" \/><\/figure>\n<\/div>\n\n\n<p class=\"wp-block-paragraph\">La D\u00e9claration souligne \u00e9galement que le pouvoir l\u00e9gislatif, notamment les Pr\u00e9sidents des deux Chambres et le Pr\u00e9sident de la Commission mixte des Affaires \u00e9trang\u00e8res, <em>\u00ab&nbsp;ont refus\u00e9 de recevoir<\/em>&nbsp;\u00bb les agents de la milice s\u00e9paratiste. Elle note cependant que si rencontre il y a eu, c\u2019est avec certains parlementaires, notamment les sympathisants et relais du groupe s\u00e9paratistes, et ceci \u00e0 tire \u2018\u2019personnel\u2019\u2019 et non pas au nom du Parlement.<\/p>\n\n\n\n<p class=\"wp-block-paragraph\">Par cette D\u00e9claration officielle, l\u2019Irlande balaie ainsi du revers de la main cette r\u00e9cup\u00e9ration politique. De sources officielles, <em>\u00ab&nbsp;l&rsquo;Irlande, qui ne reconna\u00eet pas et n\u2019a jamais reconnue la pseudo \u00ab\u00a0rasd\u00a0\u00bb, maintient une posture constructive&nbsp;\u00bb.<\/em> Ainsi, la position de l\u2019Irlande sur la question du Sahara marocain, d\u2019ailleurs inchang\u00e9e, a \u00e9t\u00e9 clarifi\u00e9 et r\u00e9affirm\u00e9 \u00e0 chaque fois que l\u2019occasion se pr\u00e9sente.<\/p>\n\n\n<div class=\"wp-block-image\">\n<figure class=\"aligncenter size-full\"><img loading=\"lazy\" decoding=\"async\" width=\"485\" height=\"607\" src=\"https:\/\/macite.tg\/wp-content\/uploads\/2024\/02\/421269101_894081102726697_4923617785280576181_n.jpg\" alt=\"\" class=\"wp-image-12628\" srcset=\"https:\/\/macite.tg\/wp-content\/uploads\/2024\/02\/421269101_894081102726697_4923617785280576181_n.jpg 485w, https:\/\/macite.tg\/wp-content\/uploads\/2024\/02\/421269101_894081102726697_4923617785280576181_n-240x300.jpg 240w\" sizes=\"auto, (max-width: 485px) 100vw, 485px\" \/><\/figure>\n<\/div>\n\n\n<p class=\"wp-block-paragraph\"><em>\u00ab La position de longue date de l&rsquo;Irlande sur le Sahara Occidental est un soutien total au processus men\u00e9 par les Nations Unies et aux efforts du Secr\u00e9taire G\u00e9n\u00e9ral pour parvenir \u00e0 un r\u00e8glement politique d\u00e9finitif et mutuellement acceptable sur cette question \u00bb,<\/em> conclut la D\u00e9claration.<\/p>\n\n\n\n<p class=\"wp-block-paragraph\"><strong>MC<\/strong><\/p>\n\n\n\n<p class=\"wp-block-paragraph\"><a><strong><em>@macite.tg&nbsp;&nbsp;&nbsp;&nbsp;&nbsp;&nbsp;&nbsp;&nbsp;<\/em><\/strong><\/a><\/p>\n\n\n\n<p class=\"wp-block-paragraph\"><strong><em>E-mail&nbsp;: <\/em><\/strong><a href=\"mailto:maciteinfo@gmail.com\"><strong><em>maciteinfo@gmail.com<\/em><\/strong><\/a><strong><em>; <\/em><\/strong><a href=\"mailto:bawela1@gmail.com\"><strong><em>bawela1@gmail.com<\/em><\/strong><\/a><strong><em><\/em><\/strong><\/p>\n\n\n\n<p class=\"wp-block-paragraph\"><strong><em>Pour vos annonces, (publi)reportages, etc., joignez-nous au (00228)91515309\/<strong>79872224 <\/strong>www.macite.tg, L\u2019information, la bonne&nbsp;!<\/em><\/strong><\/p>\n","protected":false},"excerpt":{"rendered":"<p class=\"text-justify mb-2\" >\u00ab La visite des repr\u00e9sentants du Front Polisario en Irlande la semaine derni\u00e8re \u00e9tait une visite priv\u00e9e \u00bb. Telle est la r\u00e9action officielle de l\u2019Irlande face \u00e0 la r\u00e9cup\u00e9ration politique faite, la semaine derni\u00e8re, de la visite du chef du Polisario \u00e0 Dublin. A l\u2019invitation [&hellip;]<\/p>\n","protected":false},"author":2,"featured_media":12678,"comment_status":"open","ping_status":"open","sticky":false,"template":"","format":"standard","meta":{"footnotes":""},"categories":[20,8],"tags":[],"class_list":["post-12676","post","type-post","status-publish","format-standard","has-post-thumbnail","hentry","category-actualite","category-diplomatie"],"yoast_head":"<!-- This site is optimized with the Yoast SEO plugin v28.4 - https:\/\/yoast.com\/product\/yoast-seo-wordpress\/ -->\n<title>LE CHEF DU POLISARIO A DUBLIN\u00a0: Une visite \u2018\u2019priv\u00e9e\u2019\u2019 donc pas \u2018\u2019officielle\u2019\u2019, \u2026les clarifications de l\u2019Irlande -<\/title>\n<meta name=\"robots\" content=\"index, follow, max-snippet:-1, max-image-preview:large, max-video-preview:-1\" \/>\n<link rel=\"canonical\" href=\"https:\/\/macite.tg\/?p=12676\" \/>\n<meta property=\"og:locale\" content=\"fr_FR\" \/>\n<meta property=\"og:type\" content=\"article\" \/>\n<meta property=\"og:title\" content=\"LE CHEF DU POLISARIO A DUBLIN\u00a0: Une visite \u2018\u2019priv\u00e9e\u2019\u2019 donc pas \u2018\u2019officielle\u2019\u2019, \u2026les clarifications de l\u2019Irlande -\" \/>\n<meta property=\"og:description\" content=\"\u00ab La visite des repr\u00e9sentants du Front Polisario en Irlande la semaine derni\u00e8re \u00e9tait une visite priv\u00e9e \u00bb. Telle est la r\u00e9action officielle de l\u2019Irlande face \u00e0 la r\u00e9cup\u00e9ration politique faite, la semaine derni\u00e8re, de la visite du chef du Polisario \u00e0 Dublin. A l\u2019invitation [&hellip;]\" \/>\n<meta property=\"og:url\" content=\"https:\/\/macite.tg\/?p=12676\" \/>\n<meta property=\"article:published_time\" content=\"2024-02-19T13:24:46+00:00\" \/>\n<meta property=\"article:modified_time\" content=\"2024-02-19T13:24:48+00:00\" \/>\n<meta property=\"og:image\" content=\"https:\/\/macite.tg\/wp-content\/uploads\/2024\/02\/IMG-20240219-WA0042.jpg\" \/>\n\t<meta property=\"og:image:width\" content=\"746\" \/>\n\t<meta property=\"og:image:height\" content=\"380\" \/>\n\t<meta property=\"og:image:type\" content=\"image\/jpeg\" \/>\n<meta name=\"author\" content=\"Jean Pierre BAWELA\" \/>\n<meta name=\"twitter:card\" content=\"summary_large_image\" \/>\n<meta name=\"twitter:label1\" content=\"\u00c9crit par\" \/>\n\t<meta name=\"twitter:data1\" content=\"Jean Pierre BAWELA\" \/>\n\t<meta name=\"twitter:label2\" content=\"Dur\u00e9e de lecture estim\u00e9e\" \/>\n\t<meta name=\"twitter:data2\" content=\"3 minutes\" \/>\n<script type=\"application\/ld+json\" class=\"yoast-schema-graph\">{\"@context\":\"https:\\\/\\\/schema.org\",\"@graph\":[{\"@type\":\"Article\",\"@id\":\"https:\\\/\\\/macite.tg\\\/?p=12676#article\",\"isPartOf\":{\"@id\":\"https:\\\/\\\/macite.tg\\\/?p=12676\"},\"author\":{\"name\":\"Jean Pierre BAWELA\",\"@id\":\"https:\\\/\\\/macite.tg\\\/#\\\/schema\\\/person\\\/e9f2de7e5dbbe7770a9402c7ce82f5c2\"},\"headline\":\"LE CHEF DU POLISARIO A DUBLIN\u00a0: Une visite \u2018\u2019priv\u00e9e\u2019\u2019 donc pas \u2018\u2019officielle\u2019\u2019, \u2026les clarifications de l\u2019Irlande\",\"datePublished\":\"2024-02-19T13:24:46+00:00\",\"dateModified\":\"2024-02-19T13:24:48+00:00\",\"mainEntityOfPage\":{\"@id\":\"https:\\\/\\\/macite.tg\\\/?p=12676\"},\"wordCount\":525,\"commentCount\":0,\"image\":{\"@id\":\"https:\\\/\\\/macite.tg\\\/?p=12676#primaryimage\"},\"thumbnailUrl\":\"https:\\\/\\\/macite.tg\\\/wp-content\\\/uploads\\\/2024\\\/02\\\/IMG-20240219-WA0042.jpg\",\"articleSection\":[\"ACTUALITE\",\"DIPLOMATIE\"],\"inLanguage\":\"fr-FR\",\"potentialAction\":[{\"@type\":\"CommentAction\",\"name\":\"Comment\",\"target\":[\"https:\\\/\\\/macite.tg\\\/?p=12676#respond\"]}]},{\"@type\":\"WebPage\",\"@id\":\"https:\\\/\\\/macite.tg\\\/?p=12676\",\"url\":\"https:\\\/\\\/macite.tg\\\/?p=12676\",\"name\":\"LE CHEF DU POLISARIO A DUBLIN\u00a0: Une visite \u2018\u2019priv\u00e9e\u2019\u2019 donc pas \u2018\u2019officielle\u2019\u2019, \u2026les clarifications de l\u2019Irlande -\",\"isPartOf\":{\"@id\":\"https:\\\/\\\/macite.tg\\\/#website\"},\"primaryImageOfPage\":{\"@id\":\"https:\\\/\\\/macite.tg\\\/?p=12676#primaryimage\"},\"image\":{\"@id\":\"https:\\\/\\\/macite.tg\\\/?p=12676#primaryimage\"},\"thumbnailUrl\":\"https:\\\/\\\/macite.tg\\\/wp-content\\\/uploads\\\/2024\\\/02\\\/IMG-20240219-WA0042.jpg\",\"datePublished\":\"2024-02-19T13:24:46+00:00\",\"dateModified\":\"2024-02-19T13:24:48+00:00\",\"author\":{\"@id\":\"https:\\\/\\\/macite.tg\\\/#\\\/schema\\\/person\\\/e9f2de7e5dbbe7770a9402c7ce82f5c2\"},\"breadcrumb\":{\"@id\":\"https:\\\/\\\/macite.tg\\\/?p=12676#breadcrumb\"},\"inLanguage\":\"fr-FR\",\"potentialAction\":[{\"@type\":\"ReadAction\",\"target\":[\"https:\\\/\\\/macite.tg\\\/?p=12676\"]}]},{\"@type\":\"ImageObject\",\"inLanguage\":\"fr-FR\",\"@id\":\"https:\\\/\\\/macite.tg\\\/?p=12676#primaryimage\",\"url\":\"https:\\\/\\\/macite.tg\\\/wp-content\\\/uploads\\\/2024\\\/02\\\/IMG-20240219-WA0042.jpg\",\"contentUrl\":\"https:\\\/\\\/macite.tg\\\/wp-content\\\/uploads\\\/2024\\\/02\\\/IMG-20240219-WA0042.jpg\",\"width\":746,\"height\":380},{\"@type\":\"BreadcrumbList\",\"@id\":\"https:\\\/\\\/macite.tg\\\/?p=12676#breadcrumb\",\"itemListElement\":[{\"@type\":\"ListItem\",\"position\":1,\"name\":\"Accueil\",\"item\":\"https:\\\/\\\/macite.tg\\\/\"},{\"@type\":\"ListItem\",\"position\":2,\"name\":\"LE CHEF DU POLISARIO A DUBLIN\u00a0: Une visite \u2018\u2019priv\u00e9e\u2019\u2019 donc pas \u2018\u2019officielle\u2019\u2019, \u2026les clarifications de l\u2019Irlande\"}]},{\"@type\":\"WebSite\",\"@id\":\"https:\\\/\\\/macite.tg\\\/#website\",\"url\":\"https:\\\/\\\/macite.tg\\\/\",\"name\":\"\",\"description\":\"L&#039;information, la bonne!!!\",\"potentialAction\":[{\"@type\":\"SearchAction\",\"target\":{\"@type\":\"EntryPoint\",\"urlTemplate\":\"https:\\\/\\\/macite.tg\\\/?s={search_term_string}\"},\"query-input\":{\"@type\":\"PropertyValueSpecification\",\"valueRequired\":true,\"valueName\":\"search_term_string\"}}],\"inLanguage\":\"fr-FR\"},{\"@type\":\"Person\",\"@id\":\"https:\\\/\\\/macite.tg\\\/#\\\/schema\\\/person\\\/e9f2de7e5dbbe7770a9402c7ce82f5c2\",\"name\":\"Jean Pierre BAWELA\",\"image\":{\"@type\":\"ImageObject\",\"inLanguage\":\"fr-FR\",\"@id\":\"https:\\\/\\\/macite.tg\\\/wp-content\\\/uploads\\\/2023\\\/09\\\/WhatsApp-Image-2023-09-19-at-14.44.41-122x122.jpeg\",\"url\":\"https:\\\/\\\/macite.tg\\\/wp-content\\\/uploads\\\/2023\\\/09\\\/WhatsApp-Image-2023-09-19-at-14.44.41-122x122.jpeg\",\"contentUrl\":\"https:\\\/\\\/macite.tg\\\/wp-content\\\/uploads\\\/2023\\\/09\\\/WhatsApp-Image-2023-09-19-at-14.44.41-122x122.jpeg\",\"caption\":\"Jean Pierre BAWELA\"},\"url\":\"https:\\\/\\\/macite.tg\\\/?author=2\"}]}<\/script>\n<!-- \/ Yoast SEO plugin. -->","yoast_head_json":{"title":"LE CHEF DU POLISARIO A DUBLIN\u00a0: Une visite \u2018\u2019priv\u00e9e\u2019\u2019 donc pas \u2018\u2019officielle\u2019\u2019, \u2026les clarifications de l\u2019Irlande -","robots":{"index":"index","follow":"follow","max-snippet":"max-snippet:-1","max-image-preview":"max-image-preview:large","max-video-preview":"max-video-preview:-1"},"canonical":"https:\/\/macite.tg\/?p=12676","og_locale":"fr_FR","og_type":"article","og_title":"LE CHEF DU POLISARIO A DUBLIN\u00a0: Une visite \u2018\u2019priv\u00e9e\u2019\u2019 donc pas \u2018\u2019officielle\u2019\u2019, \u2026les clarifications de l\u2019Irlande -","og_description":"\u00ab La visite des repr\u00e9sentants du Front Polisario en Irlande la semaine derni\u00e8re \u00e9tait une visite priv\u00e9e \u00bb. Telle est la r\u00e9action officielle de l\u2019Irlande face \u00e0 la r\u00e9cup\u00e9ration politique faite, la semaine derni\u00e8re, de la visite du chef du Polisario \u00e0 Dublin. A l\u2019invitation [&hellip;]","og_url":"https:\/\/macite.tg\/?p=12676","article_published_time":"2024-02-19T13:24:46+00:00","article_modified_time":"2024-02-19T13:24:48+00:00","og_image":[{"width":746,"height":380,"url":"https:\/\/macite.tg\/wp-content\/uploads\/2024\/02\/IMG-20240219-WA0042.jpg","type":"image\/jpeg"}],"author":"Jean Pierre BAWELA","twitter_card":"summary_large_image","twitter_misc":{"\u00c9crit par":"Jean Pierre BAWELA","Dur\u00e9e de lecture estim\u00e9e":"3 minutes"},"schema":{"@context":"https:\/\/schema.org","@graph":[{"@type":"Article","@id":"https:\/\/macite.tg\/?p=12676#article","isPartOf":{"@id":"https:\/\/macite.tg\/?p=12676"},"author":{"name":"Jean Pierre BAWELA","@id":"https:\/\/macite.tg\/#\/schema\/person\/e9f2de7e5dbbe7770a9402c7ce82f5c2"},"headline":"LE CHEF DU POLISARIO A DUBLIN\u00a0: Une visite \u2018\u2019priv\u00e9e\u2019\u2019 donc pas \u2018\u2019officielle\u2019\u2019, \u2026les clarifications de l\u2019Irlande","datePublished":"2024-02-19T13:24:46+00:00","dateModified":"2024-02-19T13:24:48+00:00","mainEntityOfPage":{"@id":"https:\/\/macite.tg\/?p=12676"},"wordCount":525,"commentCount":0,"image":{"@id":"https:\/\/macite.tg\/?p=12676#primaryimage"},"thumbnailUrl":"https:\/\/macite.tg\/wp-content\/uploads\/2024\/02\/IMG-20240219-WA0042.jpg","articleSection":["ACTUALITE","DIPLOMATIE"],"inLanguage":"fr-FR","potentialAction":[{"@type":"CommentAction","name":"Comment","target":["https:\/\/macite.tg\/?p=12676#respond"]}]},{"@type":"WebPage","@id":"https:\/\/macite.tg\/?p=12676","url":"https:\/\/macite.tg\/?p=12676","name":"LE CHEF DU POLISARIO A DUBLIN\u00a0: Une visite \u2018\u2019priv\u00e9e\u2019\u2019 donc pas \u2018\u2019officielle\u2019\u2019, \u2026les clarifications de l\u2019Irlande -","isPartOf":{"@id":"https:\/\/macite.tg\/#website"},"primaryImageOfPage":{"@id":"https:\/\/macite.tg\/?p=12676#primaryimage"},"image":{"@id":"https:\/\/macite.tg\/?p=12676#primaryimage"},"thumbnailUrl":"https:\/\/macite.tg\/wp-content\/uploads\/2024\/02\/IMG-20240219-WA0042.jpg","datePublished":"2024-02-19T13:24:46+00:00","dateModified":"2024-02-19T13:24:48+00:00","author":{"@id":"https:\/\/macite.tg\/#\/schema\/person\/e9f2de7e5dbbe7770a9402c7ce82f5c2"},"breadcrumb":{"@id":"https:\/\/macite.tg\/?p=12676#breadcrumb"},"inLanguage":"fr-FR","potentialAction":[{"@type":"ReadAction","target":["https:\/\/macite.tg\/?p=12676"]}]},{"@type":"ImageObject","inLanguage":"fr-FR","@id":"https:\/\/macite.tg\/?p=12676#primaryimage","url":"https:\/\/macite.tg\/wp-content\/uploads\/2024\/02\/IMG-20240219-WA0042.jpg","contentUrl":"https:\/\/macite.tg\/wp-content\/uploads\/2024\/02\/IMG-20240219-WA0042.jpg","width":746,"height":380},{"@type":"BreadcrumbList","@id":"https:\/\/macite.tg\/?p=12676#breadcrumb","itemListElement":[{"@type":"ListItem","position":1,"name":"Accueil","item":"https:\/\/macite.tg\/"},{"@type":"ListItem","position":2,"name":"LE CHEF DU POLISARIO A DUBLIN\u00a0: Une visite \u2018\u2019priv\u00e9e\u2019\u2019 donc pas \u2018\u2019officielle\u2019\u2019, \u2026les clarifications de l\u2019Irlande"}]},{"@type":"WebSite","@id":"https:\/\/macite.tg\/#website","url":"https:\/\/macite.tg\/","name":"","description":"L&#039;information, la bonne!!!","potentialAction":[{"@type":"SearchAction","target":{"@type":"EntryPoint","urlTemplate":"https:\/\/macite.tg\/?s={search_term_string}"},"query-input":{"@type":"PropertyValueSpecification","valueRequired":true,"valueName":"search_term_string"}}],"inLanguage":"fr-FR"},{"@type":"Person","@id":"https:\/\/macite.tg\/#\/schema\/person\/e9f2de7e5dbbe7770a9402c7ce82f5c2","name":"Jean Pierre BAWELA","image":{"@type":"ImageObject","inLanguage":"fr-FR","@id":"https:\/\/macite.tg\/wp-content\/uploads\/2023\/09\/WhatsApp-Image-2023-09-19-at-14.44.41-122x122.jpeg","url":"https:\/\/macite.tg\/wp-content\/uploads\/2023\/09\/WhatsApp-Image-2023-09-19-at-14.44.41-122x122.jpeg","contentUrl":"https:\/\/macite.tg\/wp-content\/uploads\/2023\/09\/WhatsApp-Image-2023-09-19-at-14.44.41-122x122.jpeg","caption":"Jean Pierre BAWELA"},"url":"https:\/\/macite.tg\/?author=2"}]}},"_links":{"self":[{"href":"https:\/\/macite.tg\/index.php?rest_route=\/wp\/v2\/posts\/12676","targetHints":{"allow":["GET"]}}],"collection":[{"href":"https:\/\/macite.tg\/index.php?rest_route=\/wp\/v2\/posts"}],"about":[{"href":"https:\/\/macite.tg\/index.php?rest_route=\/wp\/v2\/types\/post"}],"author":[{"embeddable":true,"href":"https:\/\/macite.tg\/index.php?rest_route=\/wp\/v2\/users\/2"}],"replies":[{"embeddable":true,"href":"https:\/\/macite.tg\/index.php?rest_route=%2Fwp%2Fv2%2Fcomments&post=12676"}],"version-history":[{"count":0,"href":"https:\/\/macite.tg\/index.php?rest_route=\/wp\/v2\/posts\/12676\/revisions"}],"wp:featuredmedia":[{"embeddable":true,"href":"https:\/\/macite.tg\/index.php?rest_route=\/wp\/v2\/media\/12678"}],"wp:attachment":[{"href":"https:\/\/macite.tg\/index.php?rest_route=%2Fwp%2Fv2%2Fmedia&parent=12676"}],"wp:term":[{"taxonomy":"category","embeddable":true,"href":"https:\/\/macite.tg\/index.php?rest_route=%2Fwp%2Fv2%2Fcategories&post=12676"},{"taxonomy":"post_tag","embeddable":true,"href":"https:\/\/macite.tg\/index.php?rest_route=%2Fwp%2Fv2%2Ftags&post=12676"}],"curies":[{"name":"wp","href":"https:\/\/api.w.org\/{rel}","templated":true}]}}