{"id":12673,"date":"2024-02-19T09:39:15","date_gmt":"2024-02-19T09:39:15","guid":{"rendered":"https:\/\/macite.tg\/?p=12673"},"modified":"2024-02-19T09:39:36","modified_gmt":"2024-02-19T09:39:36","slug":"faure-gnassingbe-chez-alassane-ouattara-la-stabilite-de-la-region-au-coeur-des-echanges","status":"publish","type":"post","link":"https:\/\/macite.tg\/?p=12673","title":{"rendered":"FAURE GNASSINGBE CHEZ ALASSANE OUATTARA\u00a0: La stabilit\u00e9 de la r\u00e9gion au c\u0153ur des \u00e9changes"},"content":{"rendered":"\n<p class=\"wp-block-paragraph\"><strong><em>Le Chef de l\u2019Etat togolais, Faure Gnassingb\u00e9, \u00e9tait, vendredi 16 f\u00e9vrier dernier, en visite d\u2019amiti\u00e9 et de travail en C\u00f4te d\u2019Ivoire, \u00e0 l\u2019invitation de son homologue Alassane Dramane Ouattara.<\/em><\/strong><strong><em><\/em><\/strong><\/p>\n\n\n\n<p class=\"wp-block-paragraph\">Le Pr\u00e9sident togolais a \u00e9t\u00e9 re\u00e7u le vendredi dernier par son homologue Alassane Ouattara au Palais pr\u00e9sidentiel ivoirien. Les deux leaders ouest africains ont \u00e9chang\u00e9 sur les situations de crise au sein de la Cedeao et de l\u2019Uemoa.<\/p>\n\n\n<div class=\"wp-block-image\">\n<figure class=\"aligncenter size-full is-resized\"><img loading=\"lazy\" decoding=\"async\" src=\"https:\/\/macite.tg\/wp-content\/uploads\/2024\/02\/status_me_status_IMG-20240214-WA0075.jpg\" alt=\"\" class=\"wp-image-12621\" width=\"612\" height=\"860\" srcset=\"https:\/\/macite.tg\/wp-content\/uploads\/2024\/02\/status_me_status_IMG-20240214-WA0075.jpg 712w, https:\/\/macite.tg\/wp-content\/uploads\/2024\/02\/status_me_status_IMG-20240214-WA0075-213x300.jpg 213w\" sizes=\"auto, (max-width: 612px) 100vw, 612px\" \/><\/figure>\n<\/div>\n\n\n<p class=\"wp-block-paragraph\">Apr\u00e8s les \u00e9changes en t\u00eate-\u00e0-t\u00eate, \u00e9largis aux deux d\u00e9l\u00e9gations, les deux dirigeants ont fait le point de la coop\u00e9ration bilat\u00e9rale multiforme, avant d\u2019aborder la situation sociopolitique et s\u00e9curitaire dans la sous-r\u00e9gion.<\/p>\n\n\n\n<p class=\"wp-block-paragraph\">Ils ont \u00e9galement \u00e9voqu\u00e9 la d\u00e9cision prise par certains \u00c9tats de quitter ces organisations r\u00e9gionales, notamment la Cedeao, et soulign\u00e9 leurs pr\u00e9occupantes cons\u00e9quences humanitaires pour les populations des pays en crise.<\/p>\n\n\n\n<p class=\"wp-block-paragraph\">Parlant des crises qui secouent certains des pays de la sous-r\u00e9gion, les deux chefs d\u2019Etat ont retenu le dialogue et la concertation comme voie de r\u00e8glement des crises qui secouent la sous-r\u00e9gion.<\/p>\n\n\n\n<p class=\"wp-block-paragraph\">Selon le chef de l\u2019Etat togolais, Faure Gnassingb\u00e9, M\u00e9diateur de la Cedeao pour le Niger, <em>\u00ab&nbsp;il<\/em><em> y a les sommets, mais entre ceux-ci, il est important que nous puissions avoir de tels \u00e9changes pour nous tenir au courant de l\u2019\u00e9volution des choses, pour que les probl\u00e8mes ne soient pas comme gel\u00e9s entre deux sommets, mais que nous continuions de nous pr\u00e9occuper et de rechercher inlassablement la solution&nbsp;\u00bb.<\/em><\/p>\n\n\n<div class=\"wp-block-image\">\n<figure class=\"aligncenter size-full\"><img loading=\"lazy\" decoding=\"async\" width=\"485\" height=\"607\" src=\"https:\/\/macite.tg\/wp-content\/uploads\/2024\/02\/421269101_894081102726697_4923617785280576181_n.jpg\" alt=\"\" class=\"wp-image-12628\" srcset=\"https:\/\/macite.tg\/wp-content\/uploads\/2024\/02\/421269101_894081102726697_4923617785280576181_n.jpg 485w, https:\/\/macite.tg\/wp-content\/uploads\/2024\/02\/421269101_894081102726697_4923617785280576181_n-240x300.jpg 240w\" sizes=\"auto, (max-width: 485px) 100vw, 485px\" \/><\/figure>\n<\/div>\n\n\n<p class=\"wp-block-paragraph\">\u00ab&nbsp;<em>Nous avons bon espoir que nous finirons par trouver une solution \u00e0 la satisfaction de tous. Il s\u2019agit d\u2019avoir un espace r\u00e9gional qui retrouve la paix et la s\u00e9curit\u00e9, et des populations qui vaquent librement \u00e0 leurs occupations&nbsp;\u00bb<\/em>, a conclu le Pr\u00e9sident Faure Gnassingb\u00e9.<\/p>\n\n\n\n<p class=\"wp-block-paragraph\"><strong>JPB<\/strong><strong><\/strong><\/p>\n\n\n\n<p class=\"wp-block-paragraph\"><a><strong><em>@macite.tg&nbsp;&nbsp;&nbsp;&nbsp;&nbsp;&nbsp;&nbsp;&nbsp;<\/em><\/strong><\/a><\/p>\n\n\n\n<p class=\"wp-block-paragraph\"><strong><em>E-mail&nbsp;: <\/em><\/strong><a href=\"mailto:maciteinfo@gmail.com\"><strong><em>maciteinfo@gmail.com<\/em><\/strong><\/a><strong><em>; <\/em><\/strong><a href=\"mailto:bawela1@gmail.com\"><strong><em>bawela1@gmail.com<\/em><\/strong><\/a><strong><em><\/em><\/strong><\/p>\n\n\n\n<p class=\"wp-block-paragraph\"><strong><em>Pour vos annonces, (publi)reportages, etc., joignez-nous au (00228)91515309\/<\/em><\/strong><strong><em>79872224 <\/em><\/strong><strong><em>www.macite.tg, L\u2019information, la bonne&nbsp;!<\/em><\/strong><\/p>\n","protected":false},"excerpt":{"rendered":"<p class=\"text-justify mb-2\" >Le Chef de l\u2019Etat togolais, Faure Gnassingb\u00e9, \u00e9tait, vendredi 16 f\u00e9vrier dernier, en visite d\u2019amiti\u00e9 et de travail en C\u00f4te d\u2019Ivoire, \u00e0 l\u2019invitation de son homologue Alassane Dramane Ouattara. Le Pr\u00e9sident togolais a \u00e9t\u00e9 re\u00e7u le vendredi dernier par son homologue Alassane Ouattara au Palais [&hellip;]<\/p>\n","protected":false},"author":2,"featured_media":12674,"comment_status":"open","ping_status":"open","sticky":false,"template":"","format":"standard","meta":{"footnotes":""},"categories":[20,1],"tags":[],"class_list":["post-12673","post","type-post","status-publish","format-standard","has-post-thumbnail","hentry","category-actualite","category-politique"],"yoast_head":"<!-- This site is optimized with the Yoast SEO plugin v28.4 - https:\/\/yoast.com\/product\/yoast-seo-wordpress\/ -->\n<title>FAURE GNASSINGBE CHEZ ALASSANE OUATTARA\u00a0: La stabilit\u00e9 de la r\u00e9gion au c\u0153ur des \u00e9changes -<\/title>\n<meta name=\"robots\" content=\"index, follow, max-snippet:-1, max-image-preview:large, max-video-preview:-1\" \/>\n<link rel=\"canonical\" href=\"https:\/\/macite.tg\/?p=12673\" \/>\n<meta property=\"og:locale\" content=\"fr_FR\" \/>\n<meta property=\"og:type\" content=\"article\" \/>\n<meta property=\"og:title\" content=\"FAURE GNASSINGBE CHEZ ALASSANE OUATTARA\u00a0: La stabilit\u00e9 de la r\u00e9gion au c\u0153ur des \u00e9changes -\" \/>\n<meta property=\"og:description\" content=\"Le Chef de l\u2019Etat togolais, Faure Gnassingb\u00e9, \u00e9tait, vendredi 16 f\u00e9vrier dernier, en visite d\u2019amiti\u00e9 et de travail en C\u00f4te d\u2019Ivoire, \u00e0 l\u2019invitation de son homologue Alassane Dramane Ouattara. Le Pr\u00e9sident togolais a \u00e9t\u00e9 re\u00e7u le vendredi dernier par son homologue Alassane Ouattara au Palais [&hellip;]\" \/>\n<meta property=\"og:url\" content=\"https:\/\/macite.tg\/?p=12673\" \/>\n<meta property=\"article:published_time\" content=\"2024-02-19T09:39:15+00:00\" \/>\n<meta property=\"article:modified_time\" content=\"2024-02-19T09:39:36+00:00\" \/>\n<meta property=\"og:image\" content=\"https:\/\/macite.tg\/wp-content\/uploads\/2024\/02\/GGhwy7PWMAAZK1u.jpg\" \/>\n\t<meta property=\"og:image:width\" content=\"680\" \/>\n\t<meta property=\"og:image:height\" content=\"472\" \/>\n\t<meta property=\"og:image:type\" content=\"image\/jpeg\" \/>\n<meta name=\"author\" content=\"Jean Pierre BAWELA\" \/>\n<meta name=\"twitter:card\" content=\"summary_large_image\" \/>\n<meta name=\"twitter:label1\" content=\"\u00c9crit par\" \/>\n\t<meta name=\"twitter:data1\" content=\"Jean Pierre BAWELA\" \/>\n\t<meta name=\"twitter:label2\" content=\"Dur\u00e9e de lecture estim\u00e9e\" \/>\n\t<meta name=\"twitter:data2\" content=\"2 minutes\" \/>\n<script type=\"application\/ld+json\" class=\"yoast-schema-graph\">{\"@context\":\"https:\\\/\\\/schema.org\",\"@graph\":[{\"@type\":\"Article\",\"@id\":\"https:\\\/\\\/macite.tg\\\/?p=12673#article\",\"isPartOf\":{\"@id\":\"https:\\\/\\\/macite.tg\\\/?p=12673\"},\"author\":{\"name\":\"Jean Pierre BAWELA\",\"@id\":\"https:\\\/\\\/macite.tg\\\/#\\\/schema\\\/person\\\/e9f2de7e5dbbe7770a9402c7ce82f5c2\"},\"headline\":\"FAURE GNASSINGBE CHEZ ALASSANE OUATTARA\u00a0: La stabilit\u00e9 de la r\u00e9gion au c\u0153ur des \u00e9changes\",\"datePublished\":\"2024-02-19T09:39:15+00:00\",\"dateModified\":\"2024-02-19T09:39:36+00:00\",\"mainEntityOfPage\":{\"@id\":\"https:\\\/\\\/macite.tg\\\/?p=12673\"},\"wordCount\":363,\"commentCount\":0,\"image\":{\"@id\":\"https:\\\/\\\/macite.tg\\\/?p=12673#primaryimage\"},\"thumbnailUrl\":\"https:\\\/\\\/macite.tg\\\/wp-content\\\/uploads\\\/2024\\\/02\\\/GGhwy7PWMAAZK1u.jpg\",\"articleSection\":[\"ACTUALITE\",\"POLITIQUE\"],\"inLanguage\":\"fr-FR\",\"potentialAction\":[{\"@type\":\"CommentAction\",\"name\":\"Comment\",\"target\":[\"https:\\\/\\\/macite.tg\\\/?p=12673#respond\"]}]},{\"@type\":\"WebPage\",\"@id\":\"https:\\\/\\\/macite.tg\\\/?p=12673\",\"url\":\"https:\\\/\\\/macite.tg\\\/?p=12673\",\"name\":\"FAURE GNASSINGBE CHEZ ALASSANE OUATTARA\u00a0: La stabilit\u00e9 de la r\u00e9gion au c\u0153ur des \u00e9changes -\",\"isPartOf\":{\"@id\":\"https:\\\/\\\/macite.tg\\\/#website\"},\"primaryImageOfPage\":{\"@id\":\"https:\\\/\\\/macite.tg\\\/?p=12673#primaryimage\"},\"image\":{\"@id\":\"https:\\\/\\\/macite.tg\\\/?p=12673#primaryimage\"},\"thumbnailUrl\":\"https:\\\/\\\/macite.tg\\\/wp-content\\\/uploads\\\/2024\\\/02\\\/GGhwy7PWMAAZK1u.jpg\",\"datePublished\":\"2024-02-19T09:39:15+00:00\",\"dateModified\":\"2024-02-19T09:39:36+00:00\",\"author\":{\"@id\":\"https:\\\/\\\/macite.tg\\\/#\\\/schema\\\/person\\\/e9f2de7e5dbbe7770a9402c7ce82f5c2\"},\"breadcrumb\":{\"@id\":\"https:\\\/\\\/macite.tg\\\/?p=12673#breadcrumb\"},\"inLanguage\":\"fr-FR\",\"potentialAction\":[{\"@type\":\"ReadAction\",\"target\":[\"https:\\\/\\\/macite.tg\\\/?p=12673\"]}]},{\"@type\":\"ImageObject\",\"inLanguage\":\"fr-FR\",\"@id\":\"https:\\\/\\\/macite.tg\\\/?p=12673#primaryimage\",\"url\":\"https:\\\/\\\/macite.tg\\\/wp-content\\\/uploads\\\/2024\\\/02\\\/GGhwy7PWMAAZK1u.jpg\",\"contentUrl\":\"https:\\\/\\\/macite.tg\\\/wp-content\\\/uploads\\\/2024\\\/02\\\/GGhwy7PWMAAZK1u.jpg\",\"width\":680,\"height\":472},{\"@type\":\"BreadcrumbList\",\"@id\":\"https:\\\/\\\/macite.tg\\\/?p=12673#breadcrumb\",\"itemListElement\":[{\"@type\":\"ListItem\",\"position\":1,\"name\":\"Accueil\",\"item\":\"https:\\\/\\\/macite.tg\\\/\"},{\"@type\":\"ListItem\",\"position\":2,\"name\":\"FAURE GNASSINGBE CHEZ ALASSANE OUATTARA\u00a0: La stabilit\u00e9 de la r\u00e9gion au c\u0153ur des \u00e9changes\"}]},{\"@type\":\"WebSite\",\"@id\":\"https:\\\/\\\/macite.tg\\\/#website\",\"url\":\"https:\\\/\\\/macite.tg\\\/\",\"name\":\"\",\"description\":\"L&#039;information, la bonne!!!\",\"potentialAction\":[{\"@type\":\"SearchAction\",\"target\":{\"@type\":\"EntryPoint\",\"urlTemplate\":\"https:\\\/\\\/macite.tg\\\/?s={search_term_string}\"},\"query-input\":{\"@type\":\"PropertyValueSpecification\",\"valueRequired\":true,\"valueName\":\"search_term_string\"}}],\"inLanguage\":\"fr-FR\"},{\"@type\":\"Person\",\"@id\":\"https:\\\/\\\/macite.tg\\\/#\\\/schema\\\/person\\\/e9f2de7e5dbbe7770a9402c7ce82f5c2\",\"name\":\"Jean Pierre BAWELA\",\"image\":{\"@type\":\"ImageObject\",\"inLanguage\":\"fr-FR\",\"@id\":\"https:\\\/\\\/macite.tg\\\/wp-content\\\/uploads\\\/2023\\\/09\\\/WhatsApp-Image-2023-09-19-at-14.44.41-122x122.jpeg\",\"url\":\"https:\\\/\\\/macite.tg\\\/wp-content\\\/uploads\\\/2023\\\/09\\\/WhatsApp-Image-2023-09-19-at-14.44.41-122x122.jpeg\",\"contentUrl\":\"https:\\\/\\\/macite.tg\\\/wp-content\\\/uploads\\\/2023\\\/09\\\/WhatsApp-Image-2023-09-19-at-14.44.41-122x122.jpeg\",\"caption\":\"Jean Pierre BAWELA\"},\"url\":\"https:\\\/\\\/macite.tg\\\/?author=2\"}]}<\/script>\n<!-- \/ Yoast SEO plugin. -->","yoast_head_json":{"title":"FAURE GNASSINGBE CHEZ ALASSANE OUATTARA\u00a0: La stabilit\u00e9 de la r\u00e9gion au c\u0153ur des \u00e9changes -","robots":{"index":"index","follow":"follow","max-snippet":"max-snippet:-1","max-image-preview":"max-image-preview:large","max-video-preview":"max-video-preview:-1"},"canonical":"https:\/\/macite.tg\/?p=12673","og_locale":"fr_FR","og_type":"article","og_title":"FAURE GNASSINGBE CHEZ ALASSANE OUATTARA\u00a0: La stabilit\u00e9 de la r\u00e9gion au c\u0153ur des \u00e9changes -","og_description":"Le Chef de l\u2019Etat togolais, Faure Gnassingb\u00e9, \u00e9tait, vendredi 16 f\u00e9vrier dernier, en visite d\u2019amiti\u00e9 et de travail en C\u00f4te d\u2019Ivoire, \u00e0 l\u2019invitation de son homologue Alassane Dramane Ouattara. Le Pr\u00e9sident togolais a \u00e9t\u00e9 re\u00e7u le vendredi dernier par son homologue Alassane Ouattara au Palais [&hellip;]","og_url":"https:\/\/macite.tg\/?p=12673","article_published_time":"2024-02-19T09:39:15+00:00","article_modified_time":"2024-02-19T09:39:36+00:00","og_image":[{"width":680,"height":472,"url":"https:\/\/macite.tg\/wp-content\/uploads\/2024\/02\/GGhwy7PWMAAZK1u.jpg","type":"image\/jpeg"}],"author":"Jean Pierre BAWELA","twitter_card":"summary_large_image","twitter_misc":{"\u00c9crit par":"Jean Pierre BAWELA","Dur\u00e9e de lecture estim\u00e9e":"2 minutes"},"schema":{"@context":"https:\/\/schema.org","@graph":[{"@type":"Article","@id":"https:\/\/macite.tg\/?p=12673#article","isPartOf":{"@id":"https:\/\/macite.tg\/?p=12673"},"author":{"name":"Jean Pierre BAWELA","@id":"https:\/\/macite.tg\/#\/schema\/person\/e9f2de7e5dbbe7770a9402c7ce82f5c2"},"headline":"FAURE GNASSINGBE CHEZ ALASSANE OUATTARA\u00a0: La stabilit\u00e9 de la r\u00e9gion au c\u0153ur des \u00e9changes","datePublished":"2024-02-19T09:39:15+00:00","dateModified":"2024-02-19T09:39:36+00:00","mainEntityOfPage":{"@id":"https:\/\/macite.tg\/?p=12673"},"wordCount":363,"commentCount":0,"image":{"@id":"https:\/\/macite.tg\/?p=12673#primaryimage"},"thumbnailUrl":"https:\/\/macite.tg\/wp-content\/uploads\/2024\/02\/GGhwy7PWMAAZK1u.jpg","articleSection":["ACTUALITE","POLITIQUE"],"inLanguage":"fr-FR","potentialAction":[{"@type":"CommentAction","name":"Comment","target":["https:\/\/macite.tg\/?p=12673#respond"]}]},{"@type":"WebPage","@id":"https:\/\/macite.tg\/?p=12673","url":"https:\/\/macite.tg\/?p=12673","name":"FAURE GNASSINGBE CHEZ ALASSANE OUATTARA\u00a0: La stabilit\u00e9 de la r\u00e9gion au c\u0153ur des \u00e9changes -","isPartOf":{"@id":"https:\/\/macite.tg\/#website"},"primaryImageOfPage":{"@id":"https:\/\/macite.tg\/?p=12673#primaryimage"},"image":{"@id":"https:\/\/macite.tg\/?p=12673#primaryimage"},"thumbnailUrl":"https:\/\/macite.tg\/wp-content\/uploads\/2024\/02\/GGhwy7PWMAAZK1u.jpg","datePublished":"2024-02-19T09:39:15+00:00","dateModified":"2024-02-19T09:39:36+00:00","author":{"@id":"https:\/\/macite.tg\/#\/schema\/person\/e9f2de7e5dbbe7770a9402c7ce82f5c2"},"breadcrumb":{"@id":"https:\/\/macite.tg\/?p=12673#breadcrumb"},"inLanguage":"fr-FR","potentialAction":[{"@type":"ReadAction","target":["https:\/\/macite.tg\/?p=12673"]}]},{"@type":"ImageObject","inLanguage":"fr-FR","@id":"https:\/\/macite.tg\/?p=12673#primaryimage","url":"https:\/\/macite.tg\/wp-content\/uploads\/2024\/02\/GGhwy7PWMAAZK1u.jpg","contentUrl":"https:\/\/macite.tg\/wp-content\/uploads\/2024\/02\/GGhwy7PWMAAZK1u.jpg","width":680,"height":472},{"@type":"BreadcrumbList","@id":"https:\/\/macite.tg\/?p=12673#breadcrumb","itemListElement":[{"@type":"ListItem","position":1,"name":"Accueil","item":"https:\/\/macite.tg\/"},{"@type":"ListItem","position":2,"name":"FAURE GNASSINGBE CHEZ ALASSANE OUATTARA\u00a0: La stabilit\u00e9 de la r\u00e9gion au c\u0153ur des \u00e9changes"}]},{"@type":"WebSite","@id":"https:\/\/macite.tg\/#website","url":"https:\/\/macite.tg\/","name":"","description":"L&#039;information, la bonne!!!","potentialAction":[{"@type":"SearchAction","target":{"@type":"EntryPoint","urlTemplate":"https:\/\/macite.tg\/?s={search_term_string}"},"query-input":{"@type":"PropertyValueSpecification","valueRequired":true,"valueName":"search_term_string"}}],"inLanguage":"fr-FR"},{"@type":"Person","@id":"https:\/\/macite.tg\/#\/schema\/person\/e9f2de7e5dbbe7770a9402c7ce82f5c2","name":"Jean Pierre BAWELA","image":{"@type":"ImageObject","inLanguage":"fr-FR","@id":"https:\/\/macite.tg\/wp-content\/uploads\/2023\/09\/WhatsApp-Image-2023-09-19-at-14.44.41-122x122.jpeg","url":"https:\/\/macite.tg\/wp-content\/uploads\/2023\/09\/WhatsApp-Image-2023-09-19-at-14.44.41-122x122.jpeg","contentUrl":"https:\/\/macite.tg\/wp-content\/uploads\/2023\/09\/WhatsApp-Image-2023-09-19-at-14.44.41-122x122.jpeg","caption":"Jean Pierre BAWELA"},"url":"https:\/\/macite.tg\/?author=2"}]}},"_links":{"self":[{"href":"https:\/\/macite.tg\/index.php?rest_route=\/wp\/v2\/posts\/12673","targetHints":{"allow":["GET"]}}],"collection":[{"href":"https:\/\/macite.tg\/index.php?rest_route=\/wp\/v2\/posts"}],"about":[{"href":"https:\/\/macite.tg\/index.php?rest_route=\/wp\/v2\/types\/post"}],"author":[{"embeddable":true,"href":"https:\/\/macite.tg\/index.php?rest_route=\/wp\/v2\/users\/2"}],"replies":[{"embeddable":true,"href":"https:\/\/macite.tg\/index.php?rest_route=%2Fwp%2Fv2%2Fcomments&post=12673"}],"version-history":[{"count":0,"href":"https:\/\/macite.tg\/index.php?rest_route=\/wp\/v2\/posts\/12673\/revisions"}],"wp:featuredmedia":[{"embeddable":true,"href":"https:\/\/macite.tg\/index.php?rest_route=\/wp\/v2\/media\/12674"}],"wp:attachment":[{"href":"https:\/\/macite.tg\/index.php?rest_route=%2Fwp%2Fv2%2Fmedia&parent=12673"}],"wp:term":[{"taxonomy":"category","embeddable":true,"href":"https:\/\/macite.tg\/index.php?rest_route=%2Fwp%2Fv2%2Fcategories&post=12673"},{"taxonomy":"post_tag","embeddable":true,"href":"https:\/\/macite.tg\/index.php?rest_route=%2Fwp%2Fv2%2Ftags&post=12673"}],"curies":[{"name":"wp","href":"https:\/\/api.w.org\/{rel}","templated":true}]}}