{"id":12669,"date":"2024-02-16T20:04:06","date_gmt":"2024-02-16T20:04:06","guid":{"rendered":"https:\/\/macite.tg\/?p=12669"},"modified":"2024-02-16T20:04:08","modified_gmt":"2024-02-16T20:04:08","slug":"perturbations-electriques-les-populations-pas-au-bout-de-leur-peine","status":"publish","type":"post","link":"https:\/\/macite.tg\/?p=12669","title":{"rendered":"PERTURBATIONS ELECTRIQUES\u00a0: Les populations pas au bout de leur peine"},"content":{"rendered":"\n<p class=\"wp-block-paragraph\"><strong><em>Le retour \u00e0 la normale dans la fourniture du courant \u00e9lectrique au Togo, ce n\u2019est pas pour demain. L\u2019annonce a \u00e9t\u00e9 faite via un communiqu\u00e9 en date de ce 16 f\u00e9vrier. Et pour cause, la Compagnie Energie Electrique (Ceet) annonce le retard enregistr\u00e9 dans la r\u00e9alisation de gros travaux de maintenance sur les infrastructures de production d\u2019\u00e9nergie et de gaz naturel. Et les incidences sont \u00e9videntes.<\/em><\/strong> <\/p>\n\n\n\n<p class=\"wp-block-paragraph\">Les perturbations enregistr\u00e9es dans la fourniture du courant \u00e9lectrique au Togo ont encore de beaux jours devant elles. C\u2019est ce que semble annonc\u00e9 la Compagnie Energie Electrique (Ceet).<\/p>\n\n\n<div class=\"wp-block-image\">\n<figure class=\"aligncenter size-full is-resized\"><img loading=\"lazy\" decoding=\"async\" src=\"https:\/\/macite.tg\/wp-content\/uploads\/2024\/02\/426709901_909930414475099_6338070050102141440_n.jpg\" alt=\"\" class=\"wp-image-12603\" width=\"545\" height=\"545\" srcset=\"https:\/\/macite.tg\/wp-content\/uploads\/2024\/02\/426709901_909930414475099_6338070050102141440_n.jpg 843w, https:\/\/macite.tg\/wp-content\/uploads\/2024\/02\/426709901_909930414475099_6338070050102141440_n-300x300.jpg 300w, https:\/\/macite.tg\/wp-content\/uploads\/2024\/02\/426709901_909930414475099_6338070050102141440_n-150x150.jpg 150w, https:\/\/macite.tg\/wp-content\/uploads\/2024\/02\/426709901_909930414475099_6338070050102141440_n-768x768.jpg 768w, https:\/\/macite.tg\/wp-content\/uploads\/2024\/02\/426709901_909930414475099_6338070050102141440_n-122x122.jpg 122w\" sizes=\"auto, (max-width: 545px) 100vw, 545px\" \/><\/figure>\n<\/div>\n\n\n<p class=\"wp-block-paragraph\">Dans un communiqu\u00e9 rendu public ce vendredi 16 f\u00e9vrier 2024, la Ceet informe l\u2019opinion que <em>\u00ab&nbsp;les travaux de maintenance d\u2019envergure, d\u00e9marr\u00e9s le 22 janvier 2024 au Ghana et au Nigeria, sur certaines infrastructures de production d\u2019\u00e9nergie \u00e9lectrique et de gaz naturel&nbsp;\u00bb,<\/em> ne sont pas arriv\u00e9s \u00e0 leur terme. Ces travaux qui devraient <em>\u00ab&nbsp;s\u2019achever le 08 f\u00e9vrier 2024, ont connu malheureusement un retard dans la mise en \u0153uvre&nbsp;\u00bb.<\/em><\/p>\n\n\n\n<p class=\"wp-block-paragraph\">Par cons\u00e9quent, note le communiqu\u00e9, <em>\u00ab&nbsp;les perturbations dans la fourniture de l\u2019\u00e9nergie \u00e9lectrique que connaissent les quartiers des villes et de certaines localit\u00e9s du territoire national, sont susceptibles de se poursuivre&nbsp;\u00bb<\/em>.<\/p>\n\n\n<div class=\"wp-block-image\">\n<figure class=\"aligncenter size-full\"><img loading=\"lazy\" decoding=\"async\" width=\"485\" height=\"607\" src=\"https:\/\/macite.tg\/wp-content\/uploads\/2024\/02\/421269101_894081102726697_4923617785280576181_n.jpg\" alt=\"\" class=\"wp-image-12628\" srcset=\"https:\/\/macite.tg\/wp-content\/uploads\/2024\/02\/421269101_894081102726697_4923617785280576181_n.jpg 485w, https:\/\/macite.tg\/wp-content\/uploads\/2024\/02\/421269101_894081102726697_4923617785280576181_n-240x300.jpg 240w\" sizes=\"auto, (max-width: 485px) 100vw, 485px\" \/><\/figure>\n<\/div>\n\n\n<p class=\"wp-block-paragraph\">Seul b\u00e9mol, face \u00e0 cette situation, des \u00e9quipes techniques, notamment de la Ceet, de la Ceb mais aussi des producteurs <em>\u00ab&nbsp;sont mobilis\u00e9es pour att\u00e9nuer au maximum ces perturbations&nbsp;\u00bb,<\/em> mais \u00e9galement, pour <em>\u00ab&nbsp;un retour \u00e0 la situation normale&nbsp;\u00bb.<\/em><\/p>\n\n\n\n<p class=\"wp-block-paragraph\">Pour finir, la Ceet tient \u00e0 pr\u00e9senter ses <em>\u00ab&nbsp;excuses&nbsp;\u00bb<\/em> pour les d\u00e9sagr\u00e9ments caus\u00e9s par es perturbations dans la fourniture du courant \u00e9lectrique.<\/p>\n\n\n<div class=\"wp-block-image\">\n<figure class=\"aligncenter size-full is-resized\"><img loading=\"lazy\" decoding=\"async\" src=\"https:\/\/macite.tg\/wp-content\/uploads\/2024\/02\/IMG-20240216-WA0082.jpg\" alt=\"\" class=\"wp-image-12671\" width=\"444\" height=\"550\" srcset=\"https:\/\/macite.tg\/wp-content\/uploads\/2024\/02\/IMG-20240216-WA0082.jpg 720w, https:\/\/macite.tg\/wp-content\/uploads\/2024\/02\/IMG-20240216-WA0082-242x300.jpg 242w\" sizes=\"auto, (max-width: 444px) 100vw, 444px\" \/><\/figure>\n<\/div>\n\n\n<p class=\"wp-block-paragraph\"><strong>Mab\u00e9 B.<\/strong><\/p>\n\n\n\n<p class=\"wp-block-paragraph\"><a><strong><em>@macite.tg&nbsp;&nbsp;&nbsp;&nbsp;&nbsp;&nbsp;&nbsp;&nbsp;<\/em><\/strong><\/a><\/p>\n\n\n\n<p class=\"wp-block-paragraph\"><strong><em>E-mail&nbsp;: <\/em><\/strong><a href=\"mailto:maciteinfo@gmail.com\"><strong><em>maciteinfo@gmail.com<\/em><\/strong><\/a><strong><em>; <\/em><\/strong><a href=\"mailto:bawela1@gmail.com\"><strong><em>bawela1@gmail.com<\/em><\/strong><\/a><strong><em><\/em><\/strong><\/p>\n\n\n\n<p class=\"wp-block-paragraph\"><strong><em>Pour vos annonces, (publi)reportages, etc., joignez-nous au (00228)91515309\/<strong>79872224 <\/strong>www.macite.tg, L\u2019information, la bonne&nbsp;!<\/em><\/strong><\/p>\n","protected":false},"excerpt":{"rendered":"<p class=\"text-justify mb-2\" >Le retour \u00e0 la normale dans la fourniture du courant \u00e9lectrique au Togo, ce n\u2019est pas pour demain. L\u2019annonce a \u00e9t\u00e9 faite via un communiqu\u00e9 en date de ce 16 f\u00e9vrier. Et pour cause, la Compagnie Energie Electrique (Ceet) annonce le retard enregistr\u00e9 dans la [&hellip;]<\/p>\n","protected":false},"author":2,"featured_media":12670,"comment_status":"open","ping_status":"open","sticky":false,"template":"","format":"standard","meta":{"footnotes":""},"categories":[20,38],"tags":[],"class_list":["post-12669","post","type-post","status-publish","format-standard","has-post-thumbnail","hentry","category-actualite","category-energie"],"yoast_head":"<!-- This site is optimized with the Yoast SEO plugin v28.4 - https:\/\/yoast.com\/product\/yoast-seo-wordpress\/ -->\n<title>PERTURBATIONS ELECTRIQUES\u00a0: Les populations pas au bout de leur peine -<\/title>\n<meta name=\"robots\" content=\"index, follow, max-snippet:-1, max-image-preview:large, max-video-preview:-1\" \/>\n<link rel=\"canonical\" href=\"https:\/\/macite.tg\/?p=12669\" \/>\n<meta property=\"og:locale\" content=\"fr_FR\" \/>\n<meta property=\"og:type\" content=\"article\" \/>\n<meta property=\"og:title\" content=\"PERTURBATIONS ELECTRIQUES\u00a0: Les populations pas au bout de leur peine -\" \/>\n<meta property=\"og:description\" content=\"Le retour \u00e0 la normale dans la fourniture du courant \u00e9lectrique au Togo, ce n\u2019est pas pour demain. L\u2019annonce a \u00e9t\u00e9 faite via un communiqu\u00e9 en date de ce 16 f\u00e9vrier. Et pour cause, la Compagnie Energie Electrique (Ceet) annonce le retard enregistr\u00e9 dans la [&hellip;]\" \/>\n<meta property=\"og:url\" content=\"https:\/\/macite.tg\/?p=12669\" \/>\n<meta property=\"article:published_time\" content=\"2024-02-16T20:04:06+00:00\" \/>\n<meta property=\"article:modified_time\" content=\"2024-02-16T20:04:08+00:00\" \/>\n<meta property=\"og:image\" content=\"https:\/\/macite.tg\/wp-content\/uploads\/2024\/02\/image-45.png\" \/>\n\t<meta property=\"og:image:width\" content=\"430\" \/>\n\t<meta property=\"og:image:height\" content=\"266\" \/>\n\t<meta property=\"og:image:type\" content=\"image\/png\" \/>\n<meta name=\"author\" content=\"Jean Pierre BAWELA\" \/>\n<meta name=\"twitter:card\" content=\"summary_large_image\" \/>\n<meta name=\"twitter:label1\" content=\"\u00c9crit par\" \/>\n\t<meta name=\"twitter:data1\" content=\"Jean Pierre BAWELA\" \/>\n\t<meta name=\"twitter:label2\" content=\"Dur\u00e9e de lecture estim\u00e9e\" \/>\n\t<meta name=\"twitter:data2\" content=\"2 minutes\" \/>\n<script type=\"application\/ld+json\" class=\"yoast-schema-graph\">{\"@context\":\"https:\\\/\\\/schema.org\",\"@graph\":[{\"@type\":\"Article\",\"@id\":\"https:\\\/\\\/macite.tg\\\/?p=12669#article\",\"isPartOf\":{\"@id\":\"https:\\\/\\\/macite.tg\\\/?p=12669\"},\"author\":{\"name\":\"Jean Pierre BAWELA\",\"@id\":\"https:\\\/\\\/macite.tg\\\/#\\\/schema\\\/person\\\/e9f2de7e5dbbe7770a9402c7ce82f5c2\"},\"headline\":\"PERTURBATIONS ELECTRIQUES\u00a0: Les populations pas au bout de leur peine\",\"datePublished\":\"2024-02-16T20:04:06+00:00\",\"dateModified\":\"2024-02-16T20:04:08+00:00\",\"mainEntityOfPage\":{\"@id\":\"https:\\\/\\\/macite.tg\\\/?p=12669\"},\"wordCount\":323,\"commentCount\":0,\"image\":{\"@id\":\"https:\\\/\\\/macite.tg\\\/?p=12669#primaryimage\"},\"thumbnailUrl\":\"https:\\\/\\\/macite.tg\\\/wp-content\\\/uploads\\\/2024\\\/02\\\/image-45.png\",\"articleSection\":[\"ACTUALITE\",\"ENERGIE\"],\"inLanguage\":\"fr-FR\",\"potentialAction\":[{\"@type\":\"CommentAction\",\"name\":\"Comment\",\"target\":[\"https:\\\/\\\/macite.tg\\\/?p=12669#respond\"]}]},{\"@type\":\"WebPage\",\"@id\":\"https:\\\/\\\/macite.tg\\\/?p=12669\",\"url\":\"https:\\\/\\\/macite.tg\\\/?p=12669\",\"name\":\"PERTURBATIONS ELECTRIQUES\u00a0: Les populations pas au bout de leur peine -\",\"isPartOf\":{\"@id\":\"https:\\\/\\\/macite.tg\\\/#website\"},\"primaryImageOfPage\":{\"@id\":\"https:\\\/\\\/macite.tg\\\/?p=12669#primaryimage\"},\"image\":{\"@id\":\"https:\\\/\\\/macite.tg\\\/?p=12669#primaryimage\"},\"thumbnailUrl\":\"https:\\\/\\\/macite.tg\\\/wp-content\\\/uploads\\\/2024\\\/02\\\/image-45.png\",\"datePublished\":\"2024-02-16T20:04:06+00:00\",\"dateModified\":\"2024-02-16T20:04:08+00:00\",\"author\":{\"@id\":\"https:\\\/\\\/macite.tg\\\/#\\\/schema\\\/person\\\/e9f2de7e5dbbe7770a9402c7ce82f5c2\"},\"breadcrumb\":{\"@id\":\"https:\\\/\\\/macite.tg\\\/?p=12669#breadcrumb\"},\"inLanguage\":\"fr-FR\",\"potentialAction\":[{\"@type\":\"ReadAction\",\"target\":[\"https:\\\/\\\/macite.tg\\\/?p=12669\"]}]},{\"@type\":\"ImageObject\",\"inLanguage\":\"fr-FR\",\"@id\":\"https:\\\/\\\/macite.tg\\\/?p=12669#primaryimage\",\"url\":\"https:\\\/\\\/macite.tg\\\/wp-content\\\/uploads\\\/2024\\\/02\\\/image-45.png\",\"contentUrl\":\"https:\\\/\\\/macite.tg\\\/wp-content\\\/uploads\\\/2024\\\/02\\\/image-45.png\",\"width\":430,\"height\":266},{\"@type\":\"BreadcrumbList\",\"@id\":\"https:\\\/\\\/macite.tg\\\/?p=12669#breadcrumb\",\"itemListElement\":[{\"@type\":\"ListItem\",\"position\":1,\"name\":\"Accueil\",\"item\":\"https:\\\/\\\/macite.tg\\\/\"},{\"@type\":\"ListItem\",\"position\":2,\"name\":\"PERTURBATIONS ELECTRIQUES\u00a0: Les populations pas au bout de leur peine\"}]},{\"@type\":\"WebSite\",\"@id\":\"https:\\\/\\\/macite.tg\\\/#website\",\"url\":\"https:\\\/\\\/macite.tg\\\/\",\"name\":\"\",\"description\":\"L&#039;information, la bonne!!!\",\"potentialAction\":[{\"@type\":\"SearchAction\",\"target\":{\"@type\":\"EntryPoint\",\"urlTemplate\":\"https:\\\/\\\/macite.tg\\\/?s={search_term_string}\"},\"query-input\":{\"@type\":\"PropertyValueSpecification\",\"valueRequired\":true,\"valueName\":\"search_term_string\"}}],\"inLanguage\":\"fr-FR\"},{\"@type\":\"Person\",\"@id\":\"https:\\\/\\\/macite.tg\\\/#\\\/schema\\\/person\\\/e9f2de7e5dbbe7770a9402c7ce82f5c2\",\"name\":\"Jean Pierre BAWELA\",\"image\":{\"@type\":\"ImageObject\",\"inLanguage\":\"fr-FR\",\"@id\":\"https:\\\/\\\/macite.tg\\\/wp-content\\\/uploads\\\/2023\\\/09\\\/WhatsApp-Image-2023-09-19-at-14.44.41-122x122.jpeg\",\"url\":\"https:\\\/\\\/macite.tg\\\/wp-content\\\/uploads\\\/2023\\\/09\\\/WhatsApp-Image-2023-09-19-at-14.44.41-122x122.jpeg\",\"contentUrl\":\"https:\\\/\\\/macite.tg\\\/wp-content\\\/uploads\\\/2023\\\/09\\\/WhatsApp-Image-2023-09-19-at-14.44.41-122x122.jpeg\",\"caption\":\"Jean Pierre BAWELA\"},\"url\":\"https:\\\/\\\/macite.tg\\\/?author=2\"}]}<\/script>\n<!-- \/ Yoast SEO plugin. -->","yoast_head_json":{"title":"PERTURBATIONS ELECTRIQUES\u00a0: Les populations pas au bout de leur peine -","robots":{"index":"index","follow":"follow","max-snippet":"max-snippet:-1","max-image-preview":"max-image-preview:large","max-video-preview":"max-video-preview:-1"},"canonical":"https:\/\/macite.tg\/?p=12669","og_locale":"fr_FR","og_type":"article","og_title":"PERTURBATIONS ELECTRIQUES\u00a0: Les populations pas au bout de leur peine -","og_description":"Le retour \u00e0 la normale dans la fourniture du courant \u00e9lectrique au Togo, ce n\u2019est pas pour demain. L\u2019annonce a \u00e9t\u00e9 faite via un communiqu\u00e9 en date de ce 16 f\u00e9vrier. Et pour cause, la Compagnie Energie Electrique (Ceet) annonce le retard enregistr\u00e9 dans la [&hellip;]","og_url":"https:\/\/macite.tg\/?p=12669","article_published_time":"2024-02-16T20:04:06+00:00","article_modified_time":"2024-02-16T20:04:08+00:00","og_image":[{"width":430,"height":266,"url":"https:\/\/macite.tg\/wp-content\/uploads\/2024\/02\/image-45.png","type":"image\/png"}],"author":"Jean Pierre BAWELA","twitter_card":"summary_large_image","twitter_misc":{"\u00c9crit par":"Jean Pierre BAWELA","Dur\u00e9e de lecture estim\u00e9e":"2 minutes"},"schema":{"@context":"https:\/\/schema.org","@graph":[{"@type":"Article","@id":"https:\/\/macite.tg\/?p=12669#article","isPartOf":{"@id":"https:\/\/macite.tg\/?p=12669"},"author":{"name":"Jean Pierre BAWELA","@id":"https:\/\/macite.tg\/#\/schema\/person\/e9f2de7e5dbbe7770a9402c7ce82f5c2"},"headline":"PERTURBATIONS ELECTRIQUES\u00a0: Les populations pas au bout de leur peine","datePublished":"2024-02-16T20:04:06+00:00","dateModified":"2024-02-16T20:04:08+00:00","mainEntityOfPage":{"@id":"https:\/\/macite.tg\/?p=12669"},"wordCount":323,"commentCount":0,"image":{"@id":"https:\/\/macite.tg\/?p=12669#primaryimage"},"thumbnailUrl":"https:\/\/macite.tg\/wp-content\/uploads\/2024\/02\/image-45.png","articleSection":["ACTUALITE","ENERGIE"],"inLanguage":"fr-FR","potentialAction":[{"@type":"CommentAction","name":"Comment","target":["https:\/\/macite.tg\/?p=12669#respond"]}]},{"@type":"WebPage","@id":"https:\/\/macite.tg\/?p=12669","url":"https:\/\/macite.tg\/?p=12669","name":"PERTURBATIONS ELECTRIQUES\u00a0: Les populations pas au bout de leur peine -","isPartOf":{"@id":"https:\/\/macite.tg\/#website"},"primaryImageOfPage":{"@id":"https:\/\/macite.tg\/?p=12669#primaryimage"},"image":{"@id":"https:\/\/macite.tg\/?p=12669#primaryimage"},"thumbnailUrl":"https:\/\/macite.tg\/wp-content\/uploads\/2024\/02\/image-45.png","datePublished":"2024-02-16T20:04:06+00:00","dateModified":"2024-02-16T20:04:08+00:00","author":{"@id":"https:\/\/macite.tg\/#\/schema\/person\/e9f2de7e5dbbe7770a9402c7ce82f5c2"},"breadcrumb":{"@id":"https:\/\/macite.tg\/?p=12669#breadcrumb"},"inLanguage":"fr-FR","potentialAction":[{"@type":"ReadAction","target":["https:\/\/macite.tg\/?p=12669"]}]},{"@type":"ImageObject","inLanguage":"fr-FR","@id":"https:\/\/macite.tg\/?p=12669#primaryimage","url":"https:\/\/macite.tg\/wp-content\/uploads\/2024\/02\/image-45.png","contentUrl":"https:\/\/macite.tg\/wp-content\/uploads\/2024\/02\/image-45.png","width":430,"height":266},{"@type":"BreadcrumbList","@id":"https:\/\/macite.tg\/?p=12669#breadcrumb","itemListElement":[{"@type":"ListItem","position":1,"name":"Accueil","item":"https:\/\/macite.tg\/"},{"@type":"ListItem","position":2,"name":"PERTURBATIONS ELECTRIQUES\u00a0: Les populations pas au bout de leur peine"}]},{"@type":"WebSite","@id":"https:\/\/macite.tg\/#website","url":"https:\/\/macite.tg\/","name":"","description":"L&#039;information, la bonne!!!","potentialAction":[{"@type":"SearchAction","target":{"@type":"EntryPoint","urlTemplate":"https:\/\/macite.tg\/?s={search_term_string}"},"query-input":{"@type":"PropertyValueSpecification","valueRequired":true,"valueName":"search_term_string"}}],"inLanguage":"fr-FR"},{"@type":"Person","@id":"https:\/\/macite.tg\/#\/schema\/person\/e9f2de7e5dbbe7770a9402c7ce82f5c2","name":"Jean Pierre BAWELA","image":{"@type":"ImageObject","inLanguage":"fr-FR","@id":"https:\/\/macite.tg\/wp-content\/uploads\/2023\/09\/WhatsApp-Image-2023-09-19-at-14.44.41-122x122.jpeg","url":"https:\/\/macite.tg\/wp-content\/uploads\/2023\/09\/WhatsApp-Image-2023-09-19-at-14.44.41-122x122.jpeg","contentUrl":"https:\/\/macite.tg\/wp-content\/uploads\/2023\/09\/WhatsApp-Image-2023-09-19-at-14.44.41-122x122.jpeg","caption":"Jean Pierre BAWELA"},"url":"https:\/\/macite.tg\/?author=2"}]}},"_links":{"self":[{"href":"https:\/\/macite.tg\/index.php?rest_route=\/wp\/v2\/posts\/12669","targetHints":{"allow":["GET"]}}],"collection":[{"href":"https:\/\/macite.tg\/index.php?rest_route=\/wp\/v2\/posts"}],"about":[{"href":"https:\/\/macite.tg\/index.php?rest_route=\/wp\/v2\/types\/post"}],"author":[{"embeddable":true,"href":"https:\/\/macite.tg\/index.php?rest_route=\/wp\/v2\/users\/2"}],"replies":[{"embeddable":true,"href":"https:\/\/macite.tg\/index.php?rest_route=%2Fwp%2Fv2%2Fcomments&post=12669"}],"version-history":[{"count":0,"href":"https:\/\/macite.tg\/index.php?rest_route=\/wp\/v2\/posts\/12669\/revisions"}],"wp:featuredmedia":[{"embeddable":true,"href":"https:\/\/macite.tg\/index.php?rest_route=\/wp\/v2\/media\/12670"}],"wp:attachment":[{"href":"https:\/\/macite.tg\/index.php?rest_route=%2Fwp%2Fv2%2Fmedia&parent=12669"}],"wp:term":[{"taxonomy":"category","embeddable":true,"href":"https:\/\/macite.tg\/index.php?rest_route=%2Fwp%2Fv2%2Fcategories&post=12669"},{"taxonomy":"post_tag","embeddable":true,"href":"https:\/\/macite.tg\/index.php?rest_route=%2Fwp%2Fv2%2Ftags&post=12669"}],"curies":[{"name":"wp","href":"https:\/\/api.w.org\/{rel}","templated":true}]}}