{"id":12663,"date":"2024-02-16T19:17:48","date_gmt":"2024-02-16T19:17:48","guid":{"rendered":"https:\/\/macite.tg\/?p=12663"},"modified":"2024-02-16T19:18:02","modified_gmt":"2024-02-16T19:18:02","slug":"presidentielle-2024-au-senegal-une-election-dans-les-meilleurs-delais-macky-sall","status":"publish","type":"post","link":"https:\/\/macite.tg\/?p=12663","title":{"rendered":"PRESIDENTIELLE 2024 AU SENEGAL\u00a0: Une \u00e9lection \u00ab\u00a0dans les meilleurs d\u00e9lais\u00a0\u00bb (Macky Sall)"},"content":{"rendered":"\n<p class=\"wp-block-paragraph\"><em><strong>Le jeudi dernier, la Cour constitutionnelle du S\u00e9n\u00e9gal a rendu une d\u00e9cision capitale en invalidant le report de l\u2019\u00e9lection pr\u00e9sidentielle d\u00e9cid\u00e9 par le pr\u00e9sident Macky Sall.<\/strong><\/em><\/p>\n\n\n\n<p class=\"wp-block-paragraph\">Cette d\u00e9cision, qui a pris de court de nombreux observateurs politiques, intervient apr\u00e8s une s\u00e9rie de controverses autour de la date de l\u2019\u00e9lection pr\u00e9sidentielle au S\u00e9n\u00e9gal. Au lendemain de cette d\u00e9cision historique, les premiers acteurs changent d\u00e9j\u00e0 de danse.<\/p>\n\n\n<div class=\"wp-block-image\">\n<figure class=\"aligncenter size-full is-resized\"><img loading=\"lazy\" decoding=\"async\" src=\"https:\/\/macite.tg\/wp-content\/uploads\/2024\/02\/426709901_909930414475099_6338070050102141440_n.jpg\" alt=\"\" class=\"wp-image-12603\" width=\"512\" height=\"512\" srcset=\"https:\/\/macite.tg\/wp-content\/uploads\/2024\/02\/426709901_909930414475099_6338070050102141440_n.jpg 843w, https:\/\/macite.tg\/wp-content\/uploads\/2024\/02\/426709901_909930414475099_6338070050102141440_n-300x300.jpg 300w, https:\/\/macite.tg\/wp-content\/uploads\/2024\/02\/426709901_909930414475099_6338070050102141440_n-150x150.jpg 150w, https:\/\/macite.tg\/wp-content\/uploads\/2024\/02\/426709901_909930414475099_6338070050102141440_n-768x768.jpg 768w, https:\/\/macite.tg\/wp-content\/uploads\/2024\/02\/426709901_909930414475099_6338070050102141440_n-122x122.jpg 122w\" sizes=\"auto, (max-width: 512px) 100vw, 512px\" \/><\/figure>\n<\/div>\n\n\n<p class=\"wp-block-paragraph\">Le pr\u00e9sident Macky Sall a r\u00e9agi rapidement \u00e0 cette d\u00e9cision en s\u2019engageant \u00e0 organiser l\u2019\u00e9lection pr\u00e9sidentielle <em>\u00ab\u00a0dans les meilleurs d\u00e9lais\u00a0\u00bb.<\/em><\/p>\n\n\n\n<p class=\"wp-block-paragraph\">Un communiqu\u00e9 officiel publi\u00e9 ce vendredi 16 f\u00e9vrier atteste de cette volont\u00e9 pr\u00e9sidentielle de maintenir le processus \u00e9lectoral sur les rails malgr\u00e9 les obstacles rencontr\u00e9s.<\/p>\n\n\n\n<p class=\"wp-block-paragraph\">Cet \u00e9pisode marque un nouveau tournant dans le paysage politique s\u00e9n\u00e9galais, o\u00f9 les d\u00e9bats sur la l\u00e9gitimit\u00e9 et la r\u00e9gularit\u00e9 des \u00e9lections sont r\u00e9currents.<\/p>\n\n\n<div class=\"wp-block-image\">\n<figure class=\"aligncenter size-full is-resized\"><img loading=\"lazy\" decoding=\"async\" src=\"https:\/\/macite.tg\/wp-content\/uploads\/2024\/02\/status_me_status_IMG-20240214-WA0075.jpg\" alt=\"\" class=\"wp-image-12621\" width=\"622\" height=\"874\" srcset=\"https:\/\/macite.tg\/wp-content\/uploads\/2024\/02\/status_me_status_IMG-20240214-WA0075.jpg 712w, https:\/\/macite.tg\/wp-content\/uploads\/2024\/02\/status_me_status_IMG-20240214-WA0075-213x300.jpg 213w\" sizes=\"auto, (max-width: 622px) 100vw, 622px\" \/><\/figure>\n<\/div>\n\n\n<p class=\"wp-block-paragraph\">Le r\u00f4le de la Cour constitutionnelle, en tant qu\u2019organe de contr\u00f4le et de garantie de la conformit\u00e9 des lois \u00e0 la Constitution, se trouve au c\u0153ur de ces enjeux.<\/p>\n\n\n\n<p class=\"wp-block-paragraph\">Voici lad\u00e9cision du pr\u00e9sident s\u00e9n\u00e9galais: <\/p>\n\n\n\n<figure class=\"wp-block-image size-large\"><img loading=\"lazy\" decoding=\"async\" width=\"749\" height=\"1024\" src=\"https:\/\/macite.tg\/wp-content\/uploads\/2024\/02\/image-43-749x1024.png\" alt=\"\" class=\"wp-image-12664\" srcset=\"https:\/\/macite.tg\/wp-content\/uploads\/2024\/02\/image-43-749x1024.png 749w, https:\/\/macite.tg\/wp-content\/uploads\/2024\/02\/image-43-220x300.png 220w, https:\/\/macite.tg\/wp-content\/uploads\/2024\/02\/image-43-768x1050.png 768w, https:\/\/macite.tg\/wp-content\/uploads\/2024\/02\/image-43.png 878w\" sizes=\"auto, (max-width: 749px) 100vw, 749px\" \/><\/figure>\n\n\n\n<p class=\"wp-block-paragraph\"><strong>SeneNews<\/strong><\/p>\n\n\n\n<p class=\"wp-block-paragraph\"><strong><em>@macite.tg&nbsp;&nbsp;&nbsp;&nbsp;&nbsp;&nbsp;&nbsp;&nbsp;<\/em><\/strong><\/p>\n\n\n\n<p class=\"wp-block-paragraph\"><strong><em>E-mail&nbsp;: <\/em><\/strong><a href=\"mailto:maciteinfo@gmail.com\"><strong><em>maciteinfo@gmail.com<\/em><\/strong><\/a><strong><em>; <\/em><\/strong><a href=\"mailto:bawela1@gmail.com\"><strong><em>bawela1@gmail.com<\/em><\/strong><\/a><strong><em><\/em><\/strong><\/p>\n\n\n\n<p class=\"wp-block-paragraph\"><strong><em>Pour vos annonces, (publi)reportages, etc., joignez-nous au (00228)91515309\/<strong>79872224 <\/strong>www.macite.tg, L\u2019information, la bonne&nbsp;!<\/em><\/strong><\/p>\n","protected":false},"excerpt":{"rendered":"<p class=\"text-justify mb-2\" >Le jeudi dernier, la Cour constitutionnelle du S\u00e9n\u00e9gal a rendu une d\u00e9cision capitale en invalidant le report de l\u2019\u00e9lection pr\u00e9sidentielle d\u00e9cid\u00e9 par le pr\u00e9sident Macky Sall. Cette d\u00e9cision, qui a pris de court de nombreux observateurs politiques, intervient apr\u00e8s une s\u00e9rie de controverses autour de [&hellip;]<\/p>\n","protected":false},"author":2,"featured_media":12665,"comment_status":"open","ping_status":"open","sticky":false,"template":"","format":"standard","meta":{"footnotes":""},"categories":[20,1],"tags":[],"class_list":["post-12663","post","type-post","status-publish","format-standard","has-post-thumbnail","hentry","category-actualite","category-politique"],"yoast_head":"<!-- This site is optimized with the Yoast SEO plugin v28.4 - https:\/\/yoast.com\/product\/yoast-seo-wordpress\/ -->\n<title>PRESIDENTIELLE 2024 AU SENEGAL\u00a0: Une \u00e9lection \u00ab\u00a0dans les meilleurs d\u00e9lais\u00a0\u00bb (Macky Sall) -<\/title>\n<meta name=\"robots\" content=\"index, follow, max-snippet:-1, max-image-preview:large, max-video-preview:-1\" \/>\n<link rel=\"canonical\" href=\"https:\/\/macite.tg\/?p=12663\" \/>\n<meta property=\"og:locale\" content=\"fr_FR\" \/>\n<meta property=\"og:type\" content=\"article\" \/>\n<meta property=\"og:title\" content=\"PRESIDENTIELLE 2024 AU SENEGAL\u00a0: Une \u00e9lection \u00ab\u00a0dans les meilleurs d\u00e9lais\u00a0\u00bb (Macky Sall) -\" \/>\n<meta property=\"og:description\" content=\"Le jeudi dernier, la Cour constitutionnelle du S\u00e9n\u00e9gal a rendu une d\u00e9cision capitale en invalidant le report de l\u2019\u00e9lection pr\u00e9sidentielle d\u00e9cid\u00e9 par le pr\u00e9sident Macky Sall. Cette d\u00e9cision, qui a pris de court de nombreux observateurs politiques, intervient apr\u00e8s une s\u00e9rie de controverses autour de [&hellip;]\" \/>\n<meta property=\"og:url\" content=\"https:\/\/macite.tg\/?p=12663\" \/>\n<meta property=\"article:published_time\" content=\"2024-02-16T19:17:48+00:00\" \/>\n<meta property=\"article:modified_time\" content=\"2024-02-16T19:18:02+00:00\" \/>\n<meta property=\"og:image\" content=\"https:\/\/macite.tg\/wp-content\/uploads\/2024\/02\/image-44.png\" \/>\n\t<meta property=\"og:image:width\" content=\"343\" \/>\n\t<meta property=\"og:image:height\" content=\"270\" \/>\n\t<meta property=\"og:image:type\" content=\"image\/png\" \/>\n<meta name=\"author\" content=\"Jean Pierre BAWELA\" \/>\n<meta name=\"twitter:card\" content=\"summary_large_image\" \/>\n<meta name=\"twitter:label1\" content=\"\u00c9crit par\" \/>\n\t<meta name=\"twitter:data1\" content=\"Jean Pierre BAWELA\" \/>\n\t<meta name=\"twitter:label2\" content=\"Dur\u00e9e de lecture estim\u00e9e\" \/>\n\t<meta name=\"twitter:data2\" content=\"1 minute\" \/>\n<script type=\"application\/ld+json\" class=\"yoast-schema-graph\">{\"@context\":\"https:\\\/\\\/schema.org\",\"@graph\":[{\"@type\":\"Article\",\"@id\":\"https:\\\/\\\/macite.tg\\\/?p=12663#article\",\"isPartOf\":{\"@id\":\"https:\\\/\\\/macite.tg\\\/?p=12663\"},\"author\":{\"name\":\"Jean Pierre BAWELA\",\"@id\":\"https:\\\/\\\/macite.tg\\\/#\\\/schema\\\/person\\\/e9f2de7e5dbbe7770a9402c7ce82f5c2\"},\"headline\":\"PRESIDENTIELLE 2024 AU SENEGAL\u00a0: Une \u00e9lection \u00ab\u00a0dans les meilleurs d\u00e9lais\u00a0\u00bb (Macky Sall)\",\"datePublished\":\"2024-02-16T19:17:48+00:00\",\"dateModified\":\"2024-02-16T19:18:02+00:00\",\"mainEntityOfPage\":{\"@id\":\"https:\\\/\\\/macite.tg\\\/?p=12663\"},\"wordCount\":251,\"commentCount\":0,\"image\":{\"@id\":\"https:\\\/\\\/macite.tg\\\/?p=12663#primaryimage\"},\"thumbnailUrl\":\"https:\\\/\\\/macite.tg\\\/wp-content\\\/uploads\\\/2024\\\/02\\\/image-44.png\",\"articleSection\":[\"ACTUALITE\",\"POLITIQUE\"],\"inLanguage\":\"fr-FR\",\"potentialAction\":[{\"@type\":\"CommentAction\",\"name\":\"Comment\",\"target\":[\"https:\\\/\\\/macite.tg\\\/?p=12663#respond\"]}]},{\"@type\":\"WebPage\",\"@id\":\"https:\\\/\\\/macite.tg\\\/?p=12663\",\"url\":\"https:\\\/\\\/macite.tg\\\/?p=12663\",\"name\":\"PRESIDENTIELLE 2024 AU SENEGAL\u00a0: Une \u00e9lection \u00ab\u00a0dans les meilleurs d\u00e9lais\u00a0\u00bb (Macky Sall) -\",\"isPartOf\":{\"@id\":\"https:\\\/\\\/macite.tg\\\/#website\"},\"primaryImageOfPage\":{\"@id\":\"https:\\\/\\\/macite.tg\\\/?p=12663#primaryimage\"},\"image\":{\"@id\":\"https:\\\/\\\/macite.tg\\\/?p=12663#primaryimage\"},\"thumbnailUrl\":\"https:\\\/\\\/macite.tg\\\/wp-content\\\/uploads\\\/2024\\\/02\\\/image-44.png\",\"datePublished\":\"2024-02-16T19:17:48+00:00\",\"dateModified\":\"2024-02-16T19:18:02+00:00\",\"author\":{\"@id\":\"https:\\\/\\\/macite.tg\\\/#\\\/schema\\\/person\\\/e9f2de7e5dbbe7770a9402c7ce82f5c2\"},\"breadcrumb\":{\"@id\":\"https:\\\/\\\/macite.tg\\\/?p=12663#breadcrumb\"},\"inLanguage\":\"fr-FR\",\"potentialAction\":[{\"@type\":\"ReadAction\",\"target\":[\"https:\\\/\\\/macite.tg\\\/?p=12663\"]}]},{\"@type\":\"ImageObject\",\"inLanguage\":\"fr-FR\",\"@id\":\"https:\\\/\\\/macite.tg\\\/?p=12663#primaryimage\",\"url\":\"https:\\\/\\\/macite.tg\\\/wp-content\\\/uploads\\\/2024\\\/02\\\/image-44.png\",\"contentUrl\":\"https:\\\/\\\/macite.tg\\\/wp-content\\\/uploads\\\/2024\\\/02\\\/image-44.png\",\"width\":343,\"height\":270},{\"@type\":\"BreadcrumbList\",\"@id\":\"https:\\\/\\\/macite.tg\\\/?p=12663#breadcrumb\",\"itemListElement\":[{\"@type\":\"ListItem\",\"position\":1,\"name\":\"Accueil\",\"item\":\"https:\\\/\\\/macite.tg\\\/\"},{\"@type\":\"ListItem\",\"position\":2,\"name\":\"PRESIDENTIELLE 2024 AU SENEGAL\u00a0: Une \u00e9lection \u00ab\u00a0dans les meilleurs d\u00e9lais\u00a0\u00bb (Macky Sall)\"}]},{\"@type\":\"WebSite\",\"@id\":\"https:\\\/\\\/macite.tg\\\/#website\",\"url\":\"https:\\\/\\\/macite.tg\\\/\",\"name\":\"\",\"description\":\"L&#039;information, la bonne!!!\",\"potentialAction\":[{\"@type\":\"SearchAction\",\"target\":{\"@type\":\"EntryPoint\",\"urlTemplate\":\"https:\\\/\\\/macite.tg\\\/?s={search_term_string}\"},\"query-input\":{\"@type\":\"PropertyValueSpecification\",\"valueRequired\":true,\"valueName\":\"search_term_string\"}}],\"inLanguage\":\"fr-FR\"},{\"@type\":\"Person\",\"@id\":\"https:\\\/\\\/macite.tg\\\/#\\\/schema\\\/person\\\/e9f2de7e5dbbe7770a9402c7ce82f5c2\",\"name\":\"Jean Pierre BAWELA\",\"image\":{\"@type\":\"ImageObject\",\"inLanguage\":\"fr-FR\",\"@id\":\"https:\\\/\\\/macite.tg\\\/wp-content\\\/uploads\\\/2023\\\/09\\\/WhatsApp-Image-2023-09-19-at-14.44.41-122x122.jpeg\",\"url\":\"https:\\\/\\\/macite.tg\\\/wp-content\\\/uploads\\\/2023\\\/09\\\/WhatsApp-Image-2023-09-19-at-14.44.41-122x122.jpeg\",\"contentUrl\":\"https:\\\/\\\/macite.tg\\\/wp-content\\\/uploads\\\/2023\\\/09\\\/WhatsApp-Image-2023-09-19-at-14.44.41-122x122.jpeg\",\"caption\":\"Jean Pierre BAWELA\"},\"url\":\"https:\\\/\\\/macite.tg\\\/?author=2\"}]}<\/script>\n<!-- \/ Yoast SEO plugin. -->","yoast_head_json":{"title":"PRESIDENTIELLE 2024 AU SENEGAL\u00a0: Une \u00e9lection \u00ab\u00a0dans les meilleurs d\u00e9lais\u00a0\u00bb (Macky Sall) -","robots":{"index":"index","follow":"follow","max-snippet":"max-snippet:-1","max-image-preview":"max-image-preview:large","max-video-preview":"max-video-preview:-1"},"canonical":"https:\/\/macite.tg\/?p=12663","og_locale":"fr_FR","og_type":"article","og_title":"PRESIDENTIELLE 2024 AU SENEGAL\u00a0: Une \u00e9lection \u00ab\u00a0dans les meilleurs d\u00e9lais\u00a0\u00bb (Macky Sall) -","og_description":"Le jeudi dernier, la Cour constitutionnelle du S\u00e9n\u00e9gal a rendu une d\u00e9cision capitale en invalidant le report de l\u2019\u00e9lection pr\u00e9sidentielle d\u00e9cid\u00e9 par le pr\u00e9sident Macky Sall. Cette d\u00e9cision, qui a pris de court de nombreux observateurs politiques, intervient apr\u00e8s une s\u00e9rie de controverses autour de [&hellip;]","og_url":"https:\/\/macite.tg\/?p=12663","article_published_time":"2024-02-16T19:17:48+00:00","article_modified_time":"2024-02-16T19:18:02+00:00","og_image":[{"width":343,"height":270,"url":"https:\/\/macite.tg\/wp-content\/uploads\/2024\/02\/image-44.png","type":"image\/png"}],"author":"Jean Pierre BAWELA","twitter_card":"summary_large_image","twitter_misc":{"\u00c9crit par":"Jean Pierre BAWELA","Dur\u00e9e de lecture estim\u00e9e":"1 minute"},"schema":{"@context":"https:\/\/schema.org","@graph":[{"@type":"Article","@id":"https:\/\/macite.tg\/?p=12663#article","isPartOf":{"@id":"https:\/\/macite.tg\/?p=12663"},"author":{"name":"Jean Pierre BAWELA","@id":"https:\/\/macite.tg\/#\/schema\/person\/e9f2de7e5dbbe7770a9402c7ce82f5c2"},"headline":"PRESIDENTIELLE 2024 AU SENEGAL\u00a0: Une \u00e9lection \u00ab\u00a0dans les meilleurs d\u00e9lais\u00a0\u00bb (Macky Sall)","datePublished":"2024-02-16T19:17:48+00:00","dateModified":"2024-02-16T19:18:02+00:00","mainEntityOfPage":{"@id":"https:\/\/macite.tg\/?p=12663"},"wordCount":251,"commentCount":0,"image":{"@id":"https:\/\/macite.tg\/?p=12663#primaryimage"},"thumbnailUrl":"https:\/\/macite.tg\/wp-content\/uploads\/2024\/02\/image-44.png","articleSection":["ACTUALITE","POLITIQUE"],"inLanguage":"fr-FR","potentialAction":[{"@type":"CommentAction","name":"Comment","target":["https:\/\/macite.tg\/?p=12663#respond"]}]},{"@type":"WebPage","@id":"https:\/\/macite.tg\/?p=12663","url":"https:\/\/macite.tg\/?p=12663","name":"PRESIDENTIELLE 2024 AU SENEGAL\u00a0: Une \u00e9lection \u00ab\u00a0dans les meilleurs d\u00e9lais\u00a0\u00bb (Macky Sall) -","isPartOf":{"@id":"https:\/\/macite.tg\/#website"},"primaryImageOfPage":{"@id":"https:\/\/macite.tg\/?p=12663#primaryimage"},"image":{"@id":"https:\/\/macite.tg\/?p=12663#primaryimage"},"thumbnailUrl":"https:\/\/macite.tg\/wp-content\/uploads\/2024\/02\/image-44.png","datePublished":"2024-02-16T19:17:48+00:00","dateModified":"2024-02-16T19:18:02+00:00","author":{"@id":"https:\/\/macite.tg\/#\/schema\/person\/e9f2de7e5dbbe7770a9402c7ce82f5c2"},"breadcrumb":{"@id":"https:\/\/macite.tg\/?p=12663#breadcrumb"},"inLanguage":"fr-FR","potentialAction":[{"@type":"ReadAction","target":["https:\/\/macite.tg\/?p=12663"]}]},{"@type":"ImageObject","inLanguage":"fr-FR","@id":"https:\/\/macite.tg\/?p=12663#primaryimage","url":"https:\/\/macite.tg\/wp-content\/uploads\/2024\/02\/image-44.png","contentUrl":"https:\/\/macite.tg\/wp-content\/uploads\/2024\/02\/image-44.png","width":343,"height":270},{"@type":"BreadcrumbList","@id":"https:\/\/macite.tg\/?p=12663#breadcrumb","itemListElement":[{"@type":"ListItem","position":1,"name":"Accueil","item":"https:\/\/macite.tg\/"},{"@type":"ListItem","position":2,"name":"PRESIDENTIELLE 2024 AU SENEGAL\u00a0: Une \u00e9lection \u00ab\u00a0dans les meilleurs d\u00e9lais\u00a0\u00bb (Macky Sall)"}]},{"@type":"WebSite","@id":"https:\/\/macite.tg\/#website","url":"https:\/\/macite.tg\/","name":"","description":"L&#039;information, la bonne!!!","potentialAction":[{"@type":"SearchAction","target":{"@type":"EntryPoint","urlTemplate":"https:\/\/macite.tg\/?s={search_term_string}"},"query-input":{"@type":"PropertyValueSpecification","valueRequired":true,"valueName":"search_term_string"}}],"inLanguage":"fr-FR"},{"@type":"Person","@id":"https:\/\/macite.tg\/#\/schema\/person\/e9f2de7e5dbbe7770a9402c7ce82f5c2","name":"Jean Pierre BAWELA","image":{"@type":"ImageObject","inLanguage":"fr-FR","@id":"https:\/\/macite.tg\/wp-content\/uploads\/2023\/09\/WhatsApp-Image-2023-09-19-at-14.44.41-122x122.jpeg","url":"https:\/\/macite.tg\/wp-content\/uploads\/2023\/09\/WhatsApp-Image-2023-09-19-at-14.44.41-122x122.jpeg","contentUrl":"https:\/\/macite.tg\/wp-content\/uploads\/2023\/09\/WhatsApp-Image-2023-09-19-at-14.44.41-122x122.jpeg","caption":"Jean Pierre BAWELA"},"url":"https:\/\/macite.tg\/?author=2"}]}},"_links":{"self":[{"href":"https:\/\/macite.tg\/index.php?rest_route=\/wp\/v2\/posts\/12663","targetHints":{"allow":["GET"]}}],"collection":[{"href":"https:\/\/macite.tg\/index.php?rest_route=\/wp\/v2\/posts"}],"about":[{"href":"https:\/\/macite.tg\/index.php?rest_route=\/wp\/v2\/types\/post"}],"author":[{"embeddable":true,"href":"https:\/\/macite.tg\/index.php?rest_route=\/wp\/v2\/users\/2"}],"replies":[{"embeddable":true,"href":"https:\/\/macite.tg\/index.php?rest_route=%2Fwp%2Fv2%2Fcomments&post=12663"}],"version-history":[{"count":0,"href":"https:\/\/macite.tg\/index.php?rest_route=\/wp\/v2\/posts\/12663\/revisions"}],"wp:featuredmedia":[{"embeddable":true,"href":"https:\/\/macite.tg\/index.php?rest_route=\/wp\/v2\/media\/12665"}],"wp:attachment":[{"href":"https:\/\/macite.tg\/index.php?rest_route=%2Fwp%2Fv2%2Fmedia&parent=12663"}],"wp:term":[{"taxonomy":"category","embeddable":true,"href":"https:\/\/macite.tg\/index.php?rest_route=%2Fwp%2Fv2%2Fcategories&post=12663"},{"taxonomy":"post_tag","embeddable":true,"href":"https:\/\/macite.tg\/index.php?rest_route=%2Fwp%2Fv2%2Ftags&post=12663"}],"curies":[{"name":"wp","href":"https:\/\/api.w.org\/{rel}","templated":true}]}}