{"id":12662,"date":"2024-02-16T19:23:55","date_gmt":"2024-02-16T19:23:55","guid":{"rendered":"https:\/\/macite.tg\/?p=12662"},"modified":"2024-02-20T09:23:32","modified_gmt":"2024-02-20T09:23:32","slug":"conference-de-munich-sur-la-securite-200-hauts-responsables-dont-le-prof-robert-dussey-prennent-part-aux-travaux","status":"publish","type":"post","link":"https:\/\/macite.tg\/?p=12662","title":{"rendered":"CONFERENCE DE MUNICH SUR LA SECURITE\u00a0: 200 hauts responsables dont le Prof Robert Dussey, prennent part aux travaux"},"content":{"rendered":"\n<p class=\"wp-block-paragraph\"><\/p>\n\n\n\n<p class=\"wp-block-paragraph\"><strong><em>Le chef de la diplomatie togolaise, le Prof Robert Dussey, participe, du 16 au 17 f\u00e9vrier 2024, en Bavi\u00e8re, en Allemagne, aux c\u00f4t\u00e9s de pr\u00e8s de 200 haut responsables du monde, \u00e0 la 60\u00e8 \u00e9dition de la Conf\u00e9rence de Munich sur la s\u00e9curit\u00e9 (Msc).<\/em><\/strong><\/p>\n\n\n\n<p class=\"wp-block-paragraph\">Pr\u00e8s de 200 hauts responsables dont le chef de la diplomatie togolaise, Prof Robert Dussey, participe, en Bavi\u00e8re en Allemagne, \u00e0 la 60\u00e8 Conf\u00e9rence de Munich sur la s\u00e9curit\u00e9 (Msc).<\/p>\n\n\n<div class=\"wp-block-image\">\n<figure class=\"aligncenter size-full\"><img loading=\"lazy\" decoding=\"async\" width=\"485\" height=\"607\" src=\"https:\/\/macite.tg\/wp-content\/uploads\/2024\/02\/421269101_894081102726697_4923617785280576181_n.jpg\" alt=\"\" class=\"wp-image-12628\" srcset=\"https:\/\/macite.tg\/wp-content\/uploads\/2024\/02\/421269101_894081102726697_4923617785280576181_n.jpg 485w, https:\/\/macite.tg\/wp-content\/uploads\/2024\/02\/421269101_894081102726697_4923617785280576181_n-240x300.jpg 240w\" sizes=\"auto, (max-width: 485px) 100vw, 485px\" \/><\/figure>\n<\/div>\n\n\n<p class=\"wp-block-paragraph\">Cette rencontre annuelle qui rassemble, entre autres, l\u2019\u00e9lite de la g\u00e9opolitique, de la diplomatie, des experts en d\u00e9fense et s\u00e9curit\u00e9, ainsi que divers acteurs, permet d\u2019\u00e9changer sur des questions de s\u00e9curit\u00e9 internationale, notamment les guerres et le terrorisme.<\/p>\n\n\n\n<p class=\"wp-block-paragraph\">Durant deux jours, les participants vont aborder plusieurs sujets, sur fond des conflits russo-ukrainien et isra\u00e9lo-palestinien ou encore de la crise migratoire.<\/p>\n\n\n<div class=\"wp-block-image\">\n<figure class=\"aligncenter size-full is-resized\"><img loading=\"lazy\" decoding=\"async\" src=\"https:\/\/macite.tg\/wp-content\/uploads\/2024\/02\/426709901_909930414475099_6338070050102141440_n.jpg\" alt=\"\" class=\"wp-image-12603\" width=\"570\" height=\"570\" srcset=\"https:\/\/macite.tg\/wp-content\/uploads\/2024\/02\/426709901_909930414475099_6338070050102141440_n.jpg 843w, https:\/\/macite.tg\/wp-content\/uploads\/2024\/02\/426709901_909930414475099_6338070050102141440_n-300x300.jpg 300w, https:\/\/macite.tg\/wp-content\/uploads\/2024\/02\/426709901_909930414475099_6338070050102141440_n-150x150.jpg 150w, https:\/\/macite.tg\/wp-content\/uploads\/2024\/02\/426709901_909930414475099_6338070050102141440_n-768x768.jpg 768w, https:\/\/macite.tg\/wp-content\/uploads\/2024\/02\/426709901_909930414475099_6338070050102141440_n-122x122.jpg 122w\" sizes=\"auto, (max-width: 570px) 100vw, 570px\" \/><\/figure>\n<\/div>\n\n\n<p class=\"wp-block-paragraph\">Il nous souvient que lors de l\u2019\u00e9dition pr\u00e9c\u00e9dente, le ministre Robert Dussey \u00e9tait intervenu sur un panel sur la situation au Sahel. Cette ann\u00e9e, le chef de la diplomatie togolaise a au programme plusieurs rencontres bilat\u00e9rales.<\/p>\n\n\n\n<p class=\"wp-block-paragraph\"><strong>La R\u00e9daction<\/strong><\/p>\n\n\n\n<p class=\"wp-block-paragraph\"><a><strong><em>@macite.tg&nbsp;&nbsp;&nbsp;&nbsp;&nbsp;&nbsp;&nbsp;&nbsp;<\/em><\/strong><\/a><\/p>\n\n\n\n<p class=\"wp-block-paragraph\"><strong><em>E-mail&nbsp;: <\/em><\/strong><a href=\"mailto:maciteinfo@gmail.com\"><strong><em>maciteinfo@gmail.com<\/em><\/strong><\/a><strong><em>; <\/em><\/strong><a href=\"mailto:bawela1@gmail.com\"><strong><em>bawela1@gmail.com<\/em><\/strong><\/a><strong><em><\/em><\/strong><\/p>\n\n\n\n<p class=\"wp-block-paragraph\"><strong><em>Pour vos annonces, (publi)reportages, etc., joignez-nous au (00228)91515309\/<strong>79872224 <\/strong>www.macite.tg, L\u2019information, la bonne&nbsp;!<\/em><\/strong><\/p>\n","protected":false},"excerpt":{"rendered":"<p class=\"text-justify mb-2\" >Le chef de la diplomatie togolaise, le Prof Robert Dussey, participe, du 16 au 17 f\u00e9vrier 2024, en Bavi\u00e8re, en Allemagne, aux c\u00f4t\u00e9s de pr\u00e8s de 200 haut responsables du monde, \u00e0 la 60\u00e8 \u00e9dition de la Conf\u00e9rence de Munich sur la s\u00e9curit\u00e9 (Msc). Pr\u00e8s [&hellip;]<\/p>\n","protected":false},"author":2,"featured_media":12667,"comment_status":"open","ping_status":"open","sticky":false,"template":"","format":"standard","meta":{"footnotes":""},"categories":[20,28],"tags":[],"class_list":["post-12662","post","type-post","status-publish","format-standard","has-post-thumbnail","hentry","category-actualite","category-securite"],"yoast_head":"<!-- This site is optimized with the Yoast SEO plugin v28.4 - https:\/\/yoast.com\/product\/yoast-seo-wordpress\/ -->\n<title>CONFERENCE DE MUNICH SUR LA SECURITE\u00a0: 200 hauts responsables dont le Prof Robert Dussey, prennent part aux travaux -<\/title>\n<meta name=\"robots\" content=\"index, follow, max-snippet:-1, max-image-preview:large, max-video-preview:-1\" \/>\n<link rel=\"canonical\" href=\"https:\/\/macite.tg\/?p=12662\" \/>\n<meta property=\"og:locale\" content=\"fr_FR\" \/>\n<meta property=\"og:type\" content=\"article\" \/>\n<meta property=\"og:title\" content=\"CONFERENCE DE MUNICH SUR LA SECURITE\u00a0: 200 hauts responsables dont le Prof Robert Dussey, prennent part aux travaux -\" \/>\n<meta property=\"og:description\" content=\"Le chef de la diplomatie togolaise, le Prof Robert Dussey, participe, du 16 au 17 f\u00e9vrier 2024, en Bavi\u00e8re, en Allemagne, aux c\u00f4t\u00e9s de pr\u00e8s de 200 haut responsables du monde, \u00e0 la 60\u00e8 \u00e9dition de la Conf\u00e9rence de Munich sur la s\u00e9curit\u00e9 (Msc). Pr\u00e8s [&hellip;]\" \/>\n<meta property=\"og:url\" content=\"https:\/\/macite.tg\/?p=12662\" \/>\n<meta property=\"article:published_time\" content=\"2024-02-16T19:23:55+00:00\" \/>\n<meta property=\"article:modified_time\" content=\"2024-02-20T09:23:32+00:00\" \/>\n<meta property=\"og:image\" content=\"https:\/\/macite.tg\/wp-content\/uploads\/2024\/02\/3e1f539480480c7a98e217929ef8e4b1_L.jpg\" \/>\n\t<meta property=\"og:image:width\" content=\"500\" \/>\n\t<meta property=\"og:image:height\" content=\"281\" \/>\n\t<meta property=\"og:image:type\" content=\"image\/jpeg\" \/>\n<meta name=\"author\" content=\"Jean Pierre BAWELA\" \/>\n<meta name=\"twitter:card\" content=\"summary_large_image\" \/>\n<meta name=\"twitter:label1\" content=\"\u00c9crit par\" \/>\n\t<meta name=\"twitter:data1\" content=\"Jean Pierre BAWELA\" \/>\n\t<meta name=\"twitter:label2\" content=\"Dur\u00e9e de lecture estim\u00e9e\" \/>\n\t<meta name=\"twitter:data2\" content=\"1 minute\" \/>\n<script type=\"application\/ld+json\" class=\"yoast-schema-graph\">{\"@context\":\"https:\\\/\\\/schema.org\",\"@graph\":[{\"@type\":\"Article\",\"@id\":\"https:\\\/\\\/macite.tg\\\/?p=12662#article\",\"isPartOf\":{\"@id\":\"https:\\\/\\\/macite.tg\\\/?p=12662\"},\"author\":{\"name\":\"Jean Pierre BAWELA\",\"@id\":\"https:\\\/\\\/macite.tg\\\/#\\\/schema\\\/person\\\/e9f2de7e5dbbe7770a9402c7ce82f5c2\"},\"headline\":\"CONFERENCE DE MUNICH SUR LA SECURITE\u00a0: 200 hauts responsables dont le Prof Robert Dussey, prennent part aux travaux\",\"datePublished\":\"2024-02-16T19:23:55+00:00\",\"dateModified\":\"2024-02-20T09:23:32+00:00\",\"mainEntityOfPage\":{\"@id\":\"https:\\\/\\\/macite.tg\\\/?p=12662\"},\"wordCount\":238,\"commentCount\":0,\"image\":{\"@id\":\"https:\\\/\\\/macite.tg\\\/?p=12662#primaryimage\"},\"thumbnailUrl\":\"https:\\\/\\\/macite.tg\\\/wp-content\\\/uploads\\\/2024\\\/02\\\/3e1f539480480c7a98e217929ef8e4b1_L.jpg\",\"articleSection\":[\"ACTUALITE\",\"SECURITE\"],\"inLanguage\":\"fr-FR\",\"potentialAction\":[{\"@type\":\"CommentAction\",\"name\":\"Comment\",\"target\":[\"https:\\\/\\\/macite.tg\\\/?p=12662#respond\"]}]},{\"@type\":\"WebPage\",\"@id\":\"https:\\\/\\\/macite.tg\\\/?p=12662\",\"url\":\"https:\\\/\\\/macite.tg\\\/?p=12662\",\"name\":\"CONFERENCE DE MUNICH SUR LA SECURITE\u00a0: 200 hauts responsables dont le Prof Robert Dussey, prennent part aux travaux -\",\"isPartOf\":{\"@id\":\"https:\\\/\\\/macite.tg\\\/#website\"},\"primaryImageOfPage\":{\"@id\":\"https:\\\/\\\/macite.tg\\\/?p=12662#primaryimage\"},\"image\":{\"@id\":\"https:\\\/\\\/macite.tg\\\/?p=12662#primaryimage\"},\"thumbnailUrl\":\"https:\\\/\\\/macite.tg\\\/wp-content\\\/uploads\\\/2024\\\/02\\\/3e1f539480480c7a98e217929ef8e4b1_L.jpg\",\"datePublished\":\"2024-02-16T19:23:55+00:00\",\"dateModified\":\"2024-02-20T09:23:32+00:00\",\"author\":{\"@id\":\"https:\\\/\\\/macite.tg\\\/#\\\/schema\\\/person\\\/e9f2de7e5dbbe7770a9402c7ce82f5c2\"},\"breadcrumb\":{\"@id\":\"https:\\\/\\\/macite.tg\\\/?p=12662#breadcrumb\"},\"inLanguage\":\"fr-FR\",\"potentialAction\":[{\"@type\":\"ReadAction\",\"target\":[\"https:\\\/\\\/macite.tg\\\/?p=12662\"]}]},{\"@type\":\"ImageObject\",\"inLanguage\":\"fr-FR\",\"@id\":\"https:\\\/\\\/macite.tg\\\/?p=12662#primaryimage\",\"url\":\"https:\\\/\\\/macite.tg\\\/wp-content\\\/uploads\\\/2024\\\/02\\\/3e1f539480480c7a98e217929ef8e4b1_L.jpg\",\"contentUrl\":\"https:\\\/\\\/macite.tg\\\/wp-content\\\/uploads\\\/2024\\\/02\\\/3e1f539480480c7a98e217929ef8e4b1_L.jpg\",\"width\":500,\"height\":281},{\"@type\":\"BreadcrumbList\",\"@id\":\"https:\\\/\\\/macite.tg\\\/?p=12662#breadcrumb\",\"itemListElement\":[{\"@type\":\"ListItem\",\"position\":1,\"name\":\"Accueil\",\"item\":\"https:\\\/\\\/macite.tg\\\/\"},{\"@type\":\"ListItem\",\"position\":2,\"name\":\"CONFERENCE DE MUNICH SUR LA SECURITE\u00a0: 200 hauts responsables dont le Prof Robert Dussey, prennent part aux travaux\"}]},{\"@type\":\"WebSite\",\"@id\":\"https:\\\/\\\/macite.tg\\\/#website\",\"url\":\"https:\\\/\\\/macite.tg\\\/\",\"name\":\"\",\"description\":\"L&#039;information, la bonne!!!\",\"potentialAction\":[{\"@type\":\"SearchAction\",\"target\":{\"@type\":\"EntryPoint\",\"urlTemplate\":\"https:\\\/\\\/macite.tg\\\/?s={search_term_string}\"},\"query-input\":{\"@type\":\"PropertyValueSpecification\",\"valueRequired\":true,\"valueName\":\"search_term_string\"}}],\"inLanguage\":\"fr-FR\"},{\"@type\":\"Person\",\"@id\":\"https:\\\/\\\/macite.tg\\\/#\\\/schema\\\/person\\\/e9f2de7e5dbbe7770a9402c7ce82f5c2\",\"name\":\"Jean Pierre BAWELA\",\"image\":{\"@type\":\"ImageObject\",\"inLanguage\":\"fr-FR\",\"@id\":\"https:\\\/\\\/macite.tg\\\/wp-content\\\/uploads\\\/2023\\\/09\\\/WhatsApp-Image-2023-09-19-at-14.44.41-122x122.jpeg\",\"url\":\"https:\\\/\\\/macite.tg\\\/wp-content\\\/uploads\\\/2023\\\/09\\\/WhatsApp-Image-2023-09-19-at-14.44.41-122x122.jpeg\",\"contentUrl\":\"https:\\\/\\\/macite.tg\\\/wp-content\\\/uploads\\\/2023\\\/09\\\/WhatsApp-Image-2023-09-19-at-14.44.41-122x122.jpeg\",\"caption\":\"Jean Pierre BAWELA\"},\"url\":\"https:\\\/\\\/macite.tg\\\/?author=2\"}]}<\/script>\n<!-- \/ Yoast SEO plugin. -->","yoast_head_json":{"title":"CONFERENCE DE MUNICH SUR LA SECURITE\u00a0: 200 hauts responsables dont le Prof Robert Dussey, prennent part aux travaux -","robots":{"index":"index","follow":"follow","max-snippet":"max-snippet:-1","max-image-preview":"max-image-preview:large","max-video-preview":"max-video-preview:-1"},"canonical":"https:\/\/macite.tg\/?p=12662","og_locale":"fr_FR","og_type":"article","og_title":"CONFERENCE DE MUNICH SUR LA SECURITE\u00a0: 200 hauts responsables dont le Prof Robert Dussey, prennent part aux travaux -","og_description":"Le chef de la diplomatie togolaise, le Prof Robert Dussey, participe, du 16 au 17 f\u00e9vrier 2024, en Bavi\u00e8re, en Allemagne, aux c\u00f4t\u00e9s de pr\u00e8s de 200 haut responsables du monde, \u00e0 la 60\u00e8 \u00e9dition de la Conf\u00e9rence de Munich sur la s\u00e9curit\u00e9 (Msc). Pr\u00e8s [&hellip;]","og_url":"https:\/\/macite.tg\/?p=12662","article_published_time":"2024-02-16T19:23:55+00:00","article_modified_time":"2024-02-20T09:23:32+00:00","og_image":[{"width":500,"height":281,"url":"https:\/\/macite.tg\/wp-content\/uploads\/2024\/02\/3e1f539480480c7a98e217929ef8e4b1_L.jpg","type":"image\/jpeg"}],"author":"Jean Pierre BAWELA","twitter_card":"summary_large_image","twitter_misc":{"\u00c9crit par":"Jean Pierre BAWELA","Dur\u00e9e de lecture estim\u00e9e":"1 minute"},"schema":{"@context":"https:\/\/schema.org","@graph":[{"@type":"Article","@id":"https:\/\/macite.tg\/?p=12662#article","isPartOf":{"@id":"https:\/\/macite.tg\/?p=12662"},"author":{"name":"Jean Pierre BAWELA","@id":"https:\/\/macite.tg\/#\/schema\/person\/e9f2de7e5dbbe7770a9402c7ce82f5c2"},"headline":"CONFERENCE DE MUNICH SUR LA SECURITE\u00a0: 200 hauts responsables dont le Prof Robert Dussey, prennent part aux travaux","datePublished":"2024-02-16T19:23:55+00:00","dateModified":"2024-02-20T09:23:32+00:00","mainEntityOfPage":{"@id":"https:\/\/macite.tg\/?p=12662"},"wordCount":238,"commentCount":0,"image":{"@id":"https:\/\/macite.tg\/?p=12662#primaryimage"},"thumbnailUrl":"https:\/\/macite.tg\/wp-content\/uploads\/2024\/02\/3e1f539480480c7a98e217929ef8e4b1_L.jpg","articleSection":["ACTUALITE","SECURITE"],"inLanguage":"fr-FR","potentialAction":[{"@type":"CommentAction","name":"Comment","target":["https:\/\/macite.tg\/?p=12662#respond"]}]},{"@type":"WebPage","@id":"https:\/\/macite.tg\/?p=12662","url":"https:\/\/macite.tg\/?p=12662","name":"CONFERENCE DE MUNICH SUR LA SECURITE\u00a0: 200 hauts responsables dont le Prof Robert Dussey, prennent part aux travaux -","isPartOf":{"@id":"https:\/\/macite.tg\/#website"},"primaryImageOfPage":{"@id":"https:\/\/macite.tg\/?p=12662#primaryimage"},"image":{"@id":"https:\/\/macite.tg\/?p=12662#primaryimage"},"thumbnailUrl":"https:\/\/macite.tg\/wp-content\/uploads\/2024\/02\/3e1f539480480c7a98e217929ef8e4b1_L.jpg","datePublished":"2024-02-16T19:23:55+00:00","dateModified":"2024-02-20T09:23:32+00:00","author":{"@id":"https:\/\/macite.tg\/#\/schema\/person\/e9f2de7e5dbbe7770a9402c7ce82f5c2"},"breadcrumb":{"@id":"https:\/\/macite.tg\/?p=12662#breadcrumb"},"inLanguage":"fr-FR","potentialAction":[{"@type":"ReadAction","target":["https:\/\/macite.tg\/?p=12662"]}]},{"@type":"ImageObject","inLanguage":"fr-FR","@id":"https:\/\/macite.tg\/?p=12662#primaryimage","url":"https:\/\/macite.tg\/wp-content\/uploads\/2024\/02\/3e1f539480480c7a98e217929ef8e4b1_L.jpg","contentUrl":"https:\/\/macite.tg\/wp-content\/uploads\/2024\/02\/3e1f539480480c7a98e217929ef8e4b1_L.jpg","width":500,"height":281},{"@type":"BreadcrumbList","@id":"https:\/\/macite.tg\/?p=12662#breadcrumb","itemListElement":[{"@type":"ListItem","position":1,"name":"Accueil","item":"https:\/\/macite.tg\/"},{"@type":"ListItem","position":2,"name":"CONFERENCE DE MUNICH SUR LA SECURITE\u00a0: 200 hauts responsables dont le Prof Robert Dussey, prennent part aux travaux"}]},{"@type":"WebSite","@id":"https:\/\/macite.tg\/#website","url":"https:\/\/macite.tg\/","name":"","description":"L&#039;information, la bonne!!!","potentialAction":[{"@type":"SearchAction","target":{"@type":"EntryPoint","urlTemplate":"https:\/\/macite.tg\/?s={search_term_string}"},"query-input":{"@type":"PropertyValueSpecification","valueRequired":true,"valueName":"search_term_string"}}],"inLanguage":"fr-FR"},{"@type":"Person","@id":"https:\/\/macite.tg\/#\/schema\/person\/e9f2de7e5dbbe7770a9402c7ce82f5c2","name":"Jean Pierre BAWELA","image":{"@type":"ImageObject","inLanguage":"fr-FR","@id":"https:\/\/macite.tg\/wp-content\/uploads\/2023\/09\/WhatsApp-Image-2023-09-19-at-14.44.41-122x122.jpeg","url":"https:\/\/macite.tg\/wp-content\/uploads\/2023\/09\/WhatsApp-Image-2023-09-19-at-14.44.41-122x122.jpeg","contentUrl":"https:\/\/macite.tg\/wp-content\/uploads\/2023\/09\/WhatsApp-Image-2023-09-19-at-14.44.41-122x122.jpeg","caption":"Jean Pierre BAWELA"},"url":"https:\/\/macite.tg\/?author=2"}]}},"_links":{"self":[{"href":"https:\/\/macite.tg\/index.php?rest_route=\/wp\/v2\/posts\/12662","targetHints":{"allow":["GET"]}}],"collection":[{"href":"https:\/\/macite.tg\/index.php?rest_route=\/wp\/v2\/posts"}],"about":[{"href":"https:\/\/macite.tg\/index.php?rest_route=\/wp\/v2\/types\/post"}],"author":[{"embeddable":true,"href":"https:\/\/macite.tg\/index.php?rest_route=\/wp\/v2\/users\/2"}],"replies":[{"embeddable":true,"href":"https:\/\/macite.tg\/index.php?rest_route=%2Fwp%2Fv2%2Fcomments&post=12662"}],"version-history":[{"count":0,"href":"https:\/\/macite.tg\/index.php?rest_route=\/wp\/v2\/posts\/12662\/revisions"}],"wp:featuredmedia":[{"embeddable":true,"href":"https:\/\/macite.tg\/index.php?rest_route=\/wp\/v2\/media\/12667"}],"wp:attachment":[{"href":"https:\/\/macite.tg\/index.php?rest_route=%2Fwp%2Fv2%2Fmedia&parent=12662"}],"wp:term":[{"taxonomy":"category","embeddable":true,"href":"https:\/\/macite.tg\/index.php?rest_route=%2Fwp%2Fv2%2Fcategories&post=12662"},{"taxonomy":"post_tag","embeddable":true,"href":"https:\/\/macite.tg\/index.php?rest_route=%2Fwp%2Fv2%2Ftags&post=12662"}],"curies":[{"name":"wp","href":"https:\/\/api.w.org\/{rel}","templated":true}]}}