{"id":12652,"date":"2024-02-15T22:23:57","date_gmt":"2024-02-15T22:23:57","guid":{"rendered":"https:\/\/macite.tg\/?p=12652"},"modified":"2024-02-15T22:23:59","modified_gmt":"2024-02-15T22:23:59","slug":"reportant-la-presidentielle-du-25-fevrier-2024-le-conseil-constitutionnel-dit-non-a-macky-sall","status":"publish","type":"post","link":"https:\/\/macite.tg\/?p=12652","title":{"rendered":"REPORTANT LA PRESIDENTIELLE DU 25 FEVRIER 2024\u00a0: Le Conseil Constitutionnel dit \u2018\u2019NON\u2019\u2019 \u00e0 Macky Sall"},"content":{"rendered":"\n<p class=\"wp-block-paragraph\"><strong><em>Dans une d\u00e9cision historique, le Conseil constitutionnel du S\u00e9n\u00e9gal a invalid\u00e9 la loi portant d\u00e9rogation aux dispositions de l\u2019article 31 de la Constitution, adopt\u00e9e sous le num\u00e9ro 4\/2024 par l\u2019Assembl\u00e9e nationale.<\/em><\/strong><\/p>\n\n\n\n<p class=\"wp-block-paragraph\">Cette d\u00e9cision, r\u00e9v\u00e9l\u00e9e lors de la s\u00e9ance du 5 f\u00e9vrier 2024, a \u00e9t\u00e9 prise apr\u00e8s une d\u00e9lib\u00e9ration approfondie des 7 Sages.<\/p>\n\n\n<div class=\"wp-block-image\">\n<figure class=\"aligncenter size-full is-resized\"><img loading=\"lazy\" decoding=\"async\" src=\"https:\/\/macite.tg\/wp-content\/uploads\/2024\/02\/426709901_909930414475099_6338070050102141440_n.jpg\" alt=\"\" class=\"wp-image-12603\" width=\"506\" height=\"506\" srcset=\"https:\/\/macite.tg\/wp-content\/uploads\/2024\/02\/426709901_909930414475099_6338070050102141440_n.jpg 843w, https:\/\/macite.tg\/wp-content\/uploads\/2024\/02\/426709901_909930414475099_6338070050102141440_n-300x300.jpg 300w, https:\/\/macite.tg\/wp-content\/uploads\/2024\/02\/426709901_909930414475099_6338070050102141440_n-150x150.jpg 150w, https:\/\/macite.tg\/wp-content\/uploads\/2024\/02\/426709901_909930414475099_6338070050102141440_n-768x768.jpg 768w, https:\/\/macite.tg\/wp-content\/uploads\/2024\/02\/426709901_909930414475099_6338070050102141440_n-122x122.jpg 122w\" sizes=\"auto, (max-width: 506px) 100vw, 506px\" \/><\/figure>\n<\/div>\n\n\n<p class=\"wp-block-paragraph\">Le Conseil constitutionnel\u00a0a soulign\u00e9 que cette loi \u00e9tait contraire \u00e0 la Constitution du pays.<\/p>\n\n\n\n<p class=\"wp-block-paragraph\">En cons\u00e9quence, le d\u00e9cret abrogeant le d\u00e9cret convoquant le corps \u00e9lectoral pour l\u2019\u00e9lection pr\u00e9sidentielle du 25 f\u00e9vrier 2024 a \u00e9t\u00e9 annul\u00e9.<\/p>\n\n\n\n<p class=\"wp-block-paragraph\">Cette d\u00e9cision a des implications majeures pour le processus \u00e9lectoral en cours.<\/p>\n\n\n\n<p class=\"wp-block-paragraph\"><a><strong><em>@macite.tg&nbsp;&nbsp;&nbsp;&nbsp;&nbsp;&nbsp;&nbsp;&nbsp;<\/em><\/strong><\/a><\/p>\n\n\n\n<p class=\"wp-block-paragraph\"><strong><em>E-mail&nbsp;: <\/em><\/strong><a href=\"mailto:maciteinfo@gmail.com\"><strong><em>maciteinfo@gmail.com<\/em><\/strong><\/a><strong><em>; <\/em><\/strong><a href=\"mailto:bawela1@gmail.com\"><strong><em>bawela1@gmail.com<\/em><\/strong><\/a><strong><em><\/em><\/strong><\/p>\n\n\n\n<p class=\"wp-block-paragraph\"><strong><em>Pour vos annonces, (publi)reportages, etc., joignez-nous au (00228)91515309\/<strong>79872224 <\/strong>www.macite.tg, L\u2019information, la bonne&nbsp;!<\/em><\/strong><\/p>\n","protected":false},"excerpt":{"rendered":"<p class=\"text-justify mb-2\" >Dans une d\u00e9cision historique, le Conseil constitutionnel du S\u00e9n\u00e9gal a invalid\u00e9 la loi portant d\u00e9rogation aux dispositions de l\u2019article 31 de la Constitution, adopt\u00e9e sous le num\u00e9ro 4\/2024 par l\u2019Assembl\u00e9e nationale. Cette d\u00e9cision, r\u00e9v\u00e9l\u00e9e lors de la s\u00e9ance du 5 f\u00e9vrier 2024, a \u00e9t\u00e9 prise [&hellip;]<\/p>\n","protected":false},"author":2,"featured_media":12653,"comment_status":"open","ping_status":"open","sticky":false,"template":"","format":"standard","meta":{"footnotes":""},"categories":[20,1],"tags":[],"class_list":["post-12652","post","type-post","status-publish","format-standard","has-post-thumbnail","hentry","category-actualite","category-politique"],"yoast_head":"<!-- This site is optimized with the Yoast SEO plugin v28.4 - https:\/\/yoast.com\/product\/yoast-seo-wordpress\/ -->\n<title>REPORTANT LA PRESIDENTIELLE DU 25 FEVRIER 2024\u00a0: Le Conseil Constitutionnel dit \u2018\u2019NON\u2019\u2019 \u00e0 Macky Sall -<\/title>\n<meta name=\"robots\" content=\"index, follow, max-snippet:-1, max-image-preview:large, max-video-preview:-1\" \/>\n<link rel=\"canonical\" href=\"https:\/\/macite.tg\/?p=12652\" \/>\n<meta property=\"og:locale\" content=\"fr_FR\" \/>\n<meta property=\"og:type\" content=\"article\" \/>\n<meta property=\"og:title\" content=\"REPORTANT LA PRESIDENTIELLE DU 25 FEVRIER 2024\u00a0: Le Conseil Constitutionnel dit \u2018\u2019NON\u2019\u2019 \u00e0 Macky Sall -\" \/>\n<meta property=\"og:description\" content=\"Dans une d\u00e9cision historique, le Conseil constitutionnel du S\u00e9n\u00e9gal a invalid\u00e9 la loi portant d\u00e9rogation aux dispositions de l\u2019article 31 de la Constitution, adopt\u00e9e sous le num\u00e9ro 4\/2024 par l\u2019Assembl\u00e9e nationale. Cette d\u00e9cision, r\u00e9v\u00e9l\u00e9e lors de la s\u00e9ance du 5 f\u00e9vrier 2024, a \u00e9t\u00e9 prise [&hellip;]\" \/>\n<meta property=\"og:url\" content=\"https:\/\/macite.tg\/?p=12652\" \/>\n<meta property=\"article:published_time\" content=\"2024-02-15T22:23:57+00:00\" \/>\n<meta property=\"article:modified_time\" content=\"2024-02-15T22:23:59+00:00\" \/>\n<meta property=\"og:image\" content=\"https:\/\/macite.tg\/wp-content\/uploads\/2024\/02\/image-41.png\" \/>\n\t<meta property=\"og:image:width\" content=\"649\" \/>\n\t<meta property=\"og:image:height\" content=\"351\" \/>\n\t<meta property=\"og:image:type\" content=\"image\/png\" \/>\n<meta name=\"author\" content=\"Jean Pierre BAWELA\" \/>\n<meta name=\"twitter:card\" content=\"summary_large_image\" \/>\n<meta name=\"twitter:label1\" content=\"\u00c9crit par\" \/>\n\t<meta name=\"twitter:data1\" content=\"Jean Pierre BAWELA\" \/>\n\t<meta name=\"twitter:label2\" content=\"Dur\u00e9e de lecture estim\u00e9e\" \/>\n\t<meta name=\"twitter:data2\" content=\"1 minute\" \/>\n<script type=\"application\/ld+json\" class=\"yoast-schema-graph\">{\"@context\":\"https:\\\/\\\/schema.org\",\"@graph\":[{\"@type\":\"Article\",\"@id\":\"https:\\\/\\\/macite.tg\\\/?p=12652#article\",\"isPartOf\":{\"@id\":\"https:\\\/\\\/macite.tg\\\/?p=12652\"},\"author\":{\"name\":\"Jean Pierre BAWELA\",\"@id\":\"https:\\\/\\\/macite.tg\\\/#\\\/schema\\\/person\\\/e9f2de7e5dbbe7770a9402c7ce82f5c2\"},\"headline\":\"REPORTANT LA PRESIDENTIELLE DU 25 FEVRIER 2024\u00a0: Le Conseil Constitutionnel dit \u2018\u2019NON\u2019\u2019 \u00e0 Macky Sall\",\"datePublished\":\"2024-02-15T22:23:57+00:00\",\"dateModified\":\"2024-02-15T22:23:59+00:00\",\"mainEntityOfPage\":{\"@id\":\"https:\\\/\\\/macite.tg\\\/?p=12652\"},\"wordCount\":163,\"commentCount\":0,\"image\":{\"@id\":\"https:\\\/\\\/macite.tg\\\/?p=12652#primaryimage\"},\"thumbnailUrl\":\"https:\\\/\\\/macite.tg\\\/wp-content\\\/uploads\\\/2024\\\/02\\\/image-41.png\",\"articleSection\":[\"ACTUALITE\",\"POLITIQUE\"],\"inLanguage\":\"fr-FR\",\"potentialAction\":[{\"@type\":\"CommentAction\",\"name\":\"Comment\",\"target\":[\"https:\\\/\\\/macite.tg\\\/?p=12652#respond\"]}]},{\"@type\":\"WebPage\",\"@id\":\"https:\\\/\\\/macite.tg\\\/?p=12652\",\"url\":\"https:\\\/\\\/macite.tg\\\/?p=12652\",\"name\":\"REPORTANT LA PRESIDENTIELLE DU 25 FEVRIER 2024\u00a0: Le Conseil Constitutionnel dit \u2018\u2019NON\u2019\u2019 \u00e0 Macky Sall -\",\"isPartOf\":{\"@id\":\"https:\\\/\\\/macite.tg\\\/#website\"},\"primaryImageOfPage\":{\"@id\":\"https:\\\/\\\/macite.tg\\\/?p=12652#primaryimage\"},\"image\":{\"@id\":\"https:\\\/\\\/macite.tg\\\/?p=12652#primaryimage\"},\"thumbnailUrl\":\"https:\\\/\\\/macite.tg\\\/wp-content\\\/uploads\\\/2024\\\/02\\\/image-41.png\",\"datePublished\":\"2024-02-15T22:23:57+00:00\",\"dateModified\":\"2024-02-15T22:23:59+00:00\",\"author\":{\"@id\":\"https:\\\/\\\/macite.tg\\\/#\\\/schema\\\/person\\\/e9f2de7e5dbbe7770a9402c7ce82f5c2\"},\"breadcrumb\":{\"@id\":\"https:\\\/\\\/macite.tg\\\/?p=12652#breadcrumb\"},\"inLanguage\":\"fr-FR\",\"potentialAction\":[{\"@type\":\"ReadAction\",\"target\":[\"https:\\\/\\\/macite.tg\\\/?p=12652\"]}]},{\"@type\":\"ImageObject\",\"inLanguage\":\"fr-FR\",\"@id\":\"https:\\\/\\\/macite.tg\\\/?p=12652#primaryimage\",\"url\":\"https:\\\/\\\/macite.tg\\\/wp-content\\\/uploads\\\/2024\\\/02\\\/image-41.png\",\"contentUrl\":\"https:\\\/\\\/macite.tg\\\/wp-content\\\/uploads\\\/2024\\\/02\\\/image-41.png\",\"width\":649,\"height\":351},{\"@type\":\"BreadcrumbList\",\"@id\":\"https:\\\/\\\/macite.tg\\\/?p=12652#breadcrumb\",\"itemListElement\":[{\"@type\":\"ListItem\",\"position\":1,\"name\":\"Accueil\",\"item\":\"https:\\\/\\\/macite.tg\\\/\"},{\"@type\":\"ListItem\",\"position\":2,\"name\":\"REPORTANT LA PRESIDENTIELLE DU 25 FEVRIER 2024\u00a0: Le Conseil Constitutionnel dit \u2018\u2019NON\u2019\u2019 \u00e0 Macky Sall\"}]},{\"@type\":\"WebSite\",\"@id\":\"https:\\\/\\\/macite.tg\\\/#website\",\"url\":\"https:\\\/\\\/macite.tg\\\/\",\"name\":\"\",\"description\":\"L&#039;information, la bonne!!!\",\"potentialAction\":[{\"@type\":\"SearchAction\",\"target\":{\"@type\":\"EntryPoint\",\"urlTemplate\":\"https:\\\/\\\/macite.tg\\\/?s={search_term_string}\"},\"query-input\":{\"@type\":\"PropertyValueSpecification\",\"valueRequired\":true,\"valueName\":\"search_term_string\"}}],\"inLanguage\":\"fr-FR\"},{\"@type\":\"Person\",\"@id\":\"https:\\\/\\\/macite.tg\\\/#\\\/schema\\\/person\\\/e9f2de7e5dbbe7770a9402c7ce82f5c2\",\"name\":\"Jean Pierre BAWELA\",\"image\":{\"@type\":\"ImageObject\",\"inLanguage\":\"fr-FR\",\"@id\":\"https:\\\/\\\/macite.tg\\\/wp-content\\\/uploads\\\/2023\\\/09\\\/WhatsApp-Image-2023-09-19-at-14.44.41-122x122.jpeg\",\"url\":\"https:\\\/\\\/macite.tg\\\/wp-content\\\/uploads\\\/2023\\\/09\\\/WhatsApp-Image-2023-09-19-at-14.44.41-122x122.jpeg\",\"contentUrl\":\"https:\\\/\\\/macite.tg\\\/wp-content\\\/uploads\\\/2023\\\/09\\\/WhatsApp-Image-2023-09-19-at-14.44.41-122x122.jpeg\",\"caption\":\"Jean Pierre BAWELA\"},\"url\":\"https:\\\/\\\/macite.tg\\\/?author=2\"}]}<\/script>\n<!-- \/ Yoast SEO plugin. -->","yoast_head_json":{"title":"REPORTANT LA PRESIDENTIELLE DU 25 FEVRIER 2024\u00a0: Le Conseil Constitutionnel dit \u2018\u2019NON\u2019\u2019 \u00e0 Macky Sall -","robots":{"index":"index","follow":"follow","max-snippet":"max-snippet:-1","max-image-preview":"max-image-preview:large","max-video-preview":"max-video-preview:-1"},"canonical":"https:\/\/macite.tg\/?p=12652","og_locale":"fr_FR","og_type":"article","og_title":"REPORTANT LA PRESIDENTIELLE DU 25 FEVRIER 2024\u00a0: Le Conseil Constitutionnel dit \u2018\u2019NON\u2019\u2019 \u00e0 Macky Sall -","og_description":"Dans une d\u00e9cision historique, le Conseil constitutionnel du S\u00e9n\u00e9gal a invalid\u00e9 la loi portant d\u00e9rogation aux dispositions de l\u2019article 31 de la Constitution, adopt\u00e9e sous le num\u00e9ro 4\/2024 par l\u2019Assembl\u00e9e nationale. Cette d\u00e9cision, r\u00e9v\u00e9l\u00e9e lors de la s\u00e9ance du 5 f\u00e9vrier 2024, a \u00e9t\u00e9 prise [&hellip;]","og_url":"https:\/\/macite.tg\/?p=12652","article_published_time":"2024-02-15T22:23:57+00:00","article_modified_time":"2024-02-15T22:23:59+00:00","og_image":[{"width":649,"height":351,"url":"https:\/\/macite.tg\/wp-content\/uploads\/2024\/02\/image-41.png","type":"image\/png"}],"author":"Jean Pierre BAWELA","twitter_card":"summary_large_image","twitter_misc":{"\u00c9crit par":"Jean Pierre BAWELA","Dur\u00e9e de lecture estim\u00e9e":"1 minute"},"schema":{"@context":"https:\/\/schema.org","@graph":[{"@type":"Article","@id":"https:\/\/macite.tg\/?p=12652#article","isPartOf":{"@id":"https:\/\/macite.tg\/?p=12652"},"author":{"name":"Jean Pierre BAWELA","@id":"https:\/\/macite.tg\/#\/schema\/person\/e9f2de7e5dbbe7770a9402c7ce82f5c2"},"headline":"REPORTANT LA PRESIDENTIELLE DU 25 FEVRIER 2024\u00a0: Le Conseil Constitutionnel dit \u2018\u2019NON\u2019\u2019 \u00e0 Macky Sall","datePublished":"2024-02-15T22:23:57+00:00","dateModified":"2024-02-15T22:23:59+00:00","mainEntityOfPage":{"@id":"https:\/\/macite.tg\/?p=12652"},"wordCount":163,"commentCount":0,"image":{"@id":"https:\/\/macite.tg\/?p=12652#primaryimage"},"thumbnailUrl":"https:\/\/macite.tg\/wp-content\/uploads\/2024\/02\/image-41.png","articleSection":["ACTUALITE","POLITIQUE"],"inLanguage":"fr-FR","potentialAction":[{"@type":"CommentAction","name":"Comment","target":["https:\/\/macite.tg\/?p=12652#respond"]}]},{"@type":"WebPage","@id":"https:\/\/macite.tg\/?p=12652","url":"https:\/\/macite.tg\/?p=12652","name":"REPORTANT LA PRESIDENTIELLE DU 25 FEVRIER 2024\u00a0: Le Conseil Constitutionnel dit \u2018\u2019NON\u2019\u2019 \u00e0 Macky Sall -","isPartOf":{"@id":"https:\/\/macite.tg\/#website"},"primaryImageOfPage":{"@id":"https:\/\/macite.tg\/?p=12652#primaryimage"},"image":{"@id":"https:\/\/macite.tg\/?p=12652#primaryimage"},"thumbnailUrl":"https:\/\/macite.tg\/wp-content\/uploads\/2024\/02\/image-41.png","datePublished":"2024-02-15T22:23:57+00:00","dateModified":"2024-02-15T22:23:59+00:00","author":{"@id":"https:\/\/macite.tg\/#\/schema\/person\/e9f2de7e5dbbe7770a9402c7ce82f5c2"},"breadcrumb":{"@id":"https:\/\/macite.tg\/?p=12652#breadcrumb"},"inLanguage":"fr-FR","potentialAction":[{"@type":"ReadAction","target":["https:\/\/macite.tg\/?p=12652"]}]},{"@type":"ImageObject","inLanguage":"fr-FR","@id":"https:\/\/macite.tg\/?p=12652#primaryimage","url":"https:\/\/macite.tg\/wp-content\/uploads\/2024\/02\/image-41.png","contentUrl":"https:\/\/macite.tg\/wp-content\/uploads\/2024\/02\/image-41.png","width":649,"height":351},{"@type":"BreadcrumbList","@id":"https:\/\/macite.tg\/?p=12652#breadcrumb","itemListElement":[{"@type":"ListItem","position":1,"name":"Accueil","item":"https:\/\/macite.tg\/"},{"@type":"ListItem","position":2,"name":"REPORTANT LA PRESIDENTIELLE DU 25 FEVRIER 2024\u00a0: Le Conseil Constitutionnel dit \u2018\u2019NON\u2019\u2019 \u00e0 Macky Sall"}]},{"@type":"WebSite","@id":"https:\/\/macite.tg\/#website","url":"https:\/\/macite.tg\/","name":"","description":"L&#039;information, la bonne!!!","potentialAction":[{"@type":"SearchAction","target":{"@type":"EntryPoint","urlTemplate":"https:\/\/macite.tg\/?s={search_term_string}"},"query-input":{"@type":"PropertyValueSpecification","valueRequired":true,"valueName":"search_term_string"}}],"inLanguage":"fr-FR"},{"@type":"Person","@id":"https:\/\/macite.tg\/#\/schema\/person\/e9f2de7e5dbbe7770a9402c7ce82f5c2","name":"Jean Pierre BAWELA","image":{"@type":"ImageObject","inLanguage":"fr-FR","@id":"https:\/\/macite.tg\/wp-content\/uploads\/2023\/09\/WhatsApp-Image-2023-09-19-at-14.44.41-122x122.jpeg","url":"https:\/\/macite.tg\/wp-content\/uploads\/2023\/09\/WhatsApp-Image-2023-09-19-at-14.44.41-122x122.jpeg","contentUrl":"https:\/\/macite.tg\/wp-content\/uploads\/2023\/09\/WhatsApp-Image-2023-09-19-at-14.44.41-122x122.jpeg","caption":"Jean Pierre BAWELA"},"url":"https:\/\/macite.tg\/?author=2"}]}},"_links":{"self":[{"href":"https:\/\/macite.tg\/index.php?rest_route=\/wp\/v2\/posts\/12652","targetHints":{"allow":["GET"]}}],"collection":[{"href":"https:\/\/macite.tg\/index.php?rest_route=\/wp\/v2\/posts"}],"about":[{"href":"https:\/\/macite.tg\/index.php?rest_route=\/wp\/v2\/types\/post"}],"author":[{"embeddable":true,"href":"https:\/\/macite.tg\/index.php?rest_route=\/wp\/v2\/users\/2"}],"replies":[{"embeddable":true,"href":"https:\/\/macite.tg\/index.php?rest_route=%2Fwp%2Fv2%2Fcomments&post=12652"}],"version-history":[{"count":0,"href":"https:\/\/macite.tg\/index.php?rest_route=\/wp\/v2\/posts\/12652\/revisions"}],"wp:featuredmedia":[{"embeddable":true,"href":"https:\/\/macite.tg\/index.php?rest_route=\/wp\/v2\/media\/12653"}],"wp:attachment":[{"href":"https:\/\/macite.tg\/index.php?rest_route=%2Fwp%2Fv2%2Fmedia&parent=12652"}],"wp:term":[{"taxonomy":"category","embeddable":true,"href":"https:\/\/macite.tg\/index.php?rest_route=%2Fwp%2Fv2%2Fcategories&post=12652"},{"taxonomy":"post_tag","embeddable":true,"href":"https:\/\/macite.tg\/index.php?rest_route=%2Fwp%2Fv2%2Ftags&post=12652"}],"curies":[{"name":"wp","href":"https:\/\/api.w.org\/{rel}","templated":true}]}}