{"id":12637,"date":"2024-02-15T11:51:20","date_gmt":"2024-02-15T11:51:20","guid":{"rendered":"https:\/\/macite.tg\/?p=12637"},"modified":"2024-02-15T11:51:37","modified_gmt":"2024-02-15T11:51:37","slug":"collectivites-territoriales-lagence-nationale-au-contact-des-elus-locaux","status":"publish","type":"post","link":"https:\/\/macite.tg\/?p=12637","title":{"rendered":"COLLECTIVITES TERRITORIALES : L\u2019Agence nationale au contact des \u00e9lus locaux"},"content":{"rendered":"\n<p class=\"wp-block-paragraph\"><strong><em>L\u2019Agence nationale de formation des collectivit\u00e9s territoriales (Anfct) part au contact des \u00e9lus locaux et le personnel des communes sur l\u2019ensemble du territoire national.<\/em><\/strong><\/p>\n\n\n\n<p class=\"wp-block-paragraph\">En effet, depuis le lundi 12 f\u00e9vrier dernier, l\u2019Agence nationale de formation des collectivit\u00e9s territoriales a officiellement d\u00e9marr\u00e9 ses activit\u00e9s en cette ann\u00e9e 2024, avec une tourn\u00e9e nationale de p\u00e9dagogie et d\u2019\u00e9changes avec les acteurs impliqu\u00e9s dans le processus de d\u00e9centralisation.<\/p>\n\n\n<div class=\"wp-block-image\">\n<figure class=\"aligncenter size-full is-resized\"><img loading=\"lazy\" decoding=\"async\" src=\"https:\/\/macite.tg\/wp-content\/uploads\/2024\/02\/status_me_status_IMG-20240214-WA0075.jpg\" alt=\"\" class=\"wp-image-12621\" width=\"532\" height=\"748\" srcset=\"https:\/\/macite.tg\/wp-content\/uploads\/2024\/02\/status_me_status_IMG-20240214-WA0075.jpg 712w, https:\/\/macite.tg\/wp-content\/uploads\/2024\/02\/status_me_status_IMG-20240214-WA0075-213x300.jpg 213w\" sizes=\"auto, (max-width: 532px) 100vw, 532px\" \/><\/figure>\n<\/div>\n\n\n<p class=\"wp-block-paragraph\">Entam\u00e9e dans la r\u00e9gion Centrale, cette tourn\u00e9e se veut de d\u2019\u00e9changes avec les \u00e9lus locaux et le personnel des communes, dans l\u2019optique de cr\u00e9er un rapprochement avec les collectivit\u00e9s territoriales, mais aussi et surtout, de recueillir leurs attentes et besoins prioritaires pour une meilleure planification des actions de formations.<\/p>\n\n\n\n<p class=\"wp-block-paragraph\">Selon le Directeur g\u00e9n\u00e9ral de l\u2019Anfct, Komi Dodzi, il s\u2019agit de s\u2019assurer que les \u00ab&nbsp;<em>formations que vont d\u00e9velopper l\u2019agence soient en ad\u00e9quation avec les vrais besoins\u2026 \u00bb.<\/em><\/p>\n\n\n\n<p class=\"wp-block-paragraph\">L\u2019autre enjeu de cette tourn\u00e9e est de pr\u00e9senter l\u2019Agence, notamment ses attributions, son organisation et son fonctionnement, et son Plan national de formation (Pnf) pour l\u2019ann\u00e9e en cours.<\/p>\n\n\n<div class=\"wp-block-image\">\n<figure class=\"aligncenter size-large is-resized\"><img loading=\"lazy\" decoding=\"async\" src=\"https:\/\/macite.tg\/wp-content\/uploads\/2024\/02\/GBps6MVW8AAmcgK-1-819x1024.jpg\" alt=\"\" class=\"wp-image-12599\" width=\"532\" height=\"665\" srcset=\"https:\/\/macite.tg\/wp-content\/uploads\/2024\/02\/GBps6MVW8AAmcgK-1-819x1024.jpg 819w, https:\/\/macite.tg\/wp-content\/uploads\/2024\/02\/GBps6MVW8AAmcgK-1-240x300.jpg 240w, https:\/\/macite.tg\/wp-content\/uploads\/2024\/02\/GBps6MVW8AAmcgK-1-768x960.jpg 768w, https:\/\/macite.tg\/wp-content\/uploads\/2024\/02\/GBps6MVW8AAmcgK-1.jpg 864w\" sizes=\"auto, (max-width: 532px) 100vw, 532px\" \/><\/figure>\n<\/div>\n\n\n<p class=\"wp-block-paragraph\">Inaugur\u00e9e en septembre 2023, l\u2019Anfct a pour mission de former les \u00e9lus locaux et les acteurs impliqu\u00e9s dans le processus de d\u00e9centralisation. Elle constitue un soutien de taille de la performance des collectivit\u00e9s territoriales.<\/p>\n\n\n\n<p class=\"wp-block-paragraph\"><strong>JPB<\/strong><\/p>\n\n\n\n<p class=\"wp-block-paragraph\"><a><strong><em>@macite.tg&nbsp;&nbsp;&nbsp;&nbsp;&nbsp;&nbsp;&nbsp;&nbsp;<\/em><\/strong><\/a><\/p>\n\n\n\n<p class=\"wp-block-paragraph\"><strong><em>E-mail&nbsp;: <\/em><\/strong><a href=\"mailto:maciteinfo@gmail.com\"><strong><em>maciteinfo@gmail.com<\/em><\/strong><\/a><strong><em>; <\/em><\/strong><a href=\"mailto:bawela1@gmail.com\"><strong><em>bawela1@gmail.com<\/em><\/strong><\/a><strong><em><\/em><\/strong><\/p>\n\n\n\n<p class=\"wp-block-paragraph\"><strong><em>Pour vos annonces, (publi)reportages, etc., joignez-nous au (00228)91515309\/<strong>79872224 <\/strong>www.macite.tg, L\u2019information, la bonne&nbsp;!<\/em><\/strong><\/p>\n","protected":false},"excerpt":{"rendered":"<p class=\"text-justify mb-2\" >L\u2019Agence nationale de formation des collectivit\u00e9s territoriales (Anfct) part au contact des \u00e9lus locaux et le personnel des communes sur l\u2019ensemble du territoire national. En effet, depuis le lundi 12 f\u00e9vrier dernier, l\u2019Agence nationale de formation des collectivit\u00e9s territoriales a officiellement d\u00e9marr\u00e9 ses activit\u00e9s en [&hellip;]<\/p>\n","protected":false},"author":2,"featured_media":12639,"comment_status":"open","ping_status":"open","sticky":false,"template":"","format":"standard","meta":{"footnotes":""},"categories":[20,15],"tags":[],"class_list":["post-12637","post","type-post","status-publish","format-standard","has-post-thumbnail","hentry","category-actualite","category-developpement"],"yoast_head":"<!-- This site is optimized with the Yoast SEO plugin v28.4 - https:\/\/yoast.com\/product\/yoast-seo-wordpress\/ -->\n<title>COLLECTIVITES TERRITORIALES : L\u2019Agence nationale au contact des \u00e9lus locaux -<\/title>\n<meta name=\"robots\" content=\"index, follow, max-snippet:-1, max-image-preview:large, max-video-preview:-1\" \/>\n<link rel=\"canonical\" href=\"https:\/\/macite.tg\/?p=12637\" \/>\n<meta property=\"og:locale\" content=\"fr_FR\" \/>\n<meta property=\"og:type\" content=\"article\" \/>\n<meta property=\"og:title\" content=\"COLLECTIVITES TERRITORIALES : L\u2019Agence nationale au contact des \u00e9lus locaux -\" \/>\n<meta property=\"og:description\" content=\"L\u2019Agence nationale de formation des collectivit\u00e9s territoriales (Anfct) part au contact des \u00e9lus locaux et le personnel des communes sur l\u2019ensemble du territoire national. En effet, depuis le lundi 12 f\u00e9vrier dernier, l\u2019Agence nationale de formation des collectivit\u00e9s territoriales a officiellement d\u00e9marr\u00e9 ses activit\u00e9s en [&hellip;]\" \/>\n<meta property=\"og:url\" content=\"https:\/\/macite.tg\/?p=12637\" \/>\n<meta property=\"article:published_time\" content=\"2024-02-15T11:51:20+00:00\" \/>\n<meta property=\"article:modified_time\" content=\"2024-02-15T11:51:37+00:00\" \/>\n<meta property=\"og:image\" content=\"https:\/\/macite.tg\/wp-content\/uploads\/2024\/02\/69f2aa7b2c2658919b158bb072aded0a_L.jpg\" \/>\n\t<meta property=\"og:image:width\" content=\"500\" \/>\n\t<meta property=\"og:image:height\" content=\"277\" \/>\n\t<meta property=\"og:image:type\" content=\"image\/jpeg\" \/>\n<meta name=\"author\" content=\"Jean Pierre BAWELA\" \/>\n<meta name=\"twitter:card\" content=\"summary_large_image\" \/>\n<meta name=\"twitter:label1\" content=\"\u00c9crit par\" \/>\n\t<meta name=\"twitter:data1\" content=\"Jean Pierre BAWELA\" \/>\n\t<meta name=\"twitter:label2\" content=\"Dur\u00e9e de lecture estim\u00e9e\" \/>\n\t<meta name=\"twitter:data2\" content=\"1 minute\" \/>\n<script type=\"application\/ld+json\" class=\"yoast-schema-graph\">{\"@context\":\"https:\\\/\\\/schema.org\",\"@graph\":[{\"@type\":\"Article\",\"@id\":\"https:\\\/\\\/macite.tg\\\/?p=12637#article\",\"isPartOf\":{\"@id\":\"https:\\\/\\\/macite.tg\\\/?p=12637\"},\"author\":{\"name\":\"Jean Pierre BAWELA\",\"@id\":\"https:\\\/\\\/macite.tg\\\/#\\\/schema\\\/person\\\/e9f2de7e5dbbe7770a9402c7ce82f5c2\"},\"headline\":\"COLLECTIVITES TERRITORIALES : L\u2019Agence nationale au contact des \u00e9lus locaux\",\"datePublished\":\"2024-02-15T11:51:20+00:00\",\"dateModified\":\"2024-02-15T11:51:37+00:00\",\"mainEntityOfPage\":{\"@id\":\"https:\\\/\\\/macite.tg\\\/?p=12637\"},\"wordCount\":285,\"commentCount\":0,\"image\":{\"@id\":\"https:\\\/\\\/macite.tg\\\/?p=12637#primaryimage\"},\"thumbnailUrl\":\"https:\\\/\\\/macite.tg\\\/wp-content\\\/uploads\\\/2024\\\/02\\\/69f2aa7b2c2658919b158bb072aded0a_L.jpg\",\"articleSection\":[\"ACTUALITE\",\"DEVELOPPEMENT\"],\"inLanguage\":\"fr-FR\",\"potentialAction\":[{\"@type\":\"CommentAction\",\"name\":\"Comment\",\"target\":[\"https:\\\/\\\/macite.tg\\\/?p=12637#respond\"]}]},{\"@type\":\"WebPage\",\"@id\":\"https:\\\/\\\/macite.tg\\\/?p=12637\",\"url\":\"https:\\\/\\\/macite.tg\\\/?p=12637\",\"name\":\"COLLECTIVITES TERRITORIALES : L\u2019Agence nationale au contact des \u00e9lus locaux -\",\"isPartOf\":{\"@id\":\"https:\\\/\\\/macite.tg\\\/#website\"},\"primaryImageOfPage\":{\"@id\":\"https:\\\/\\\/macite.tg\\\/?p=12637#primaryimage\"},\"image\":{\"@id\":\"https:\\\/\\\/macite.tg\\\/?p=12637#primaryimage\"},\"thumbnailUrl\":\"https:\\\/\\\/macite.tg\\\/wp-content\\\/uploads\\\/2024\\\/02\\\/69f2aa7b2c2658919b158bb072aded0a_L.jpg\",\"datePublished\":\"2024-02-15T11:51:20+00:00\",\"dateModified\":\"2024-02-15T11:51:37+00:00\",\"author\":{\"@id\":\"https:\\\/\\\/macite.tg\\\/#\\\/schema\\\/person\\\/e9f2de7e5dbbe7770a9402c7ce82f5c2\"},\"breadcrumb\":{\"@id\":\"https:\\\/\\\/macite.tg\\\/?p=12637#breadcrumb\"},\"inLanguage\":\"fr-FR\",\"potentialAction\":[{\"@type\":\"ReadAction\",\"target\":[\"https:\\\/\\\/macite.tg\\\/?p=12637\"]}]},{\"@type\":\"ImageObject\",\"inLanguage\":\"fr-FR\",\"@id\":\"https:\\\/\\\/macite.tg\\\/?p=12637#primaryimage\",\"url\":\"https:\\\/\\\/macite.tg\\\/wp-content\\\/uploads\\\/2024\\\/02\\\/69f2aa7b2c2658919b158bb072aded0a_L.jpg\",\"contentUrl\":\"https:\\\/\\\/macite.tg\\\/wp-content\\\/uploads\\\/2024\\\/02\\\/69f2aa7b2c2658919b158bb072aded0a_L.jpg\",\"width\":500,\"height\":277},{\"@type\":\"BreadcrumbList\",\"@id\":\"https:\\\/\\\/macite.tg\\\/?p=12637#breadcrumb\",\"itemListElement\":[{\"@type\":\"ListItem\",\"position\":1,\"name\":\"Accueil\",\"item\":\"https:\\\/\\\/macite.tg\\\/\"},{\"@type\":\"ListItem\",\"position\":2,\"name\":\"COLLECTIVITES TERRITORIALES : L\u2019Agence nationale au contact des \u00e9lus locaux\"}]},{\"@type\":\"WebSite\",\"@id\":\"https:\\\/\\\/macite.tg\\\/#website\",\"url\":\"https:\\\/\\\/macite.tg\\\/\",\"name\":\"\",\"description\":\"L&#039;information, la bonne!!!\",\"potentialAction\":[{\"@type\":\"SearchAction\",\"target\":{\"@type\":\"EntryPoint\",\"urlTemplate\":\"https:\\\/\\\/macite.tg\\\/?s={search_term_string}\"},\"query-input\":{\"@type\":\"PropertyValueSpecification\",\"valueRequired\":true,\"valueName\":\"search_term_string\"}}],\"inLanguage\":\"fr-FR\"},{\"@type\":\"Person\",\"@id\":\"https:\\\/\\\/macite.tg\\\/#\\\/schema\\\/person\\\/e9f2de7e5dbbe7770a9402c7ce82f5c2\",\"name\":\"Jean Pierre BAWELA\",\"image\":{\"@type\":\"ImageObject\",\"inLanguage\":\"fr-FR\",\"@id\":\"https:\\\/\\\/macite.tg\\\/wp-content\\\/uploads\\\/2023\\\/09\\\/WhatsApp-Image-2023-09-19-at-14.44.41-122x122.jpeg\",\"url\":\"https:\\\/\\\/macite.tg\\\/wp-content\\\/uploads\\\/2023\\\/09\\\/WhatsApp-Image-2023-09-19-at-14.44.41-122x122.jpeg\",\"contentUrl\":\"https:\\\/\\\/macite.tg\\\/wp-content\\\/uploads\\\/2023\\\/09\\\/WhatsApp-Image-2023-09-19-at-14.44.41-122x122.jpeg\",\"caption\":\"Jean Pierre BAWELA\"},\"url\":\"https:\\\/\\\/macite.tg\\\/?author=2\"}]}<\/script>\n<!-- \/ Yoast SEO plugin. -->","yoast_head_json":{"title":"COLLECTIVITES TERRITORIALES : L\u2019Agence nationale au contact des \u00e9lus locaux -","robots":{"index":"index","follow":"follow","max-snippet":"max-snippet:-1","max-image-preview":"max-image-preview:large","max-video-preview":"max-video-preview:-1"},"canonical":"https:\/\/macite.tg\/?p=12637","og_locale":"fr_FR","og_type":"article","og_title":"COLLECTIVITES TERRITORIALES : L\u2019Agence nationale au contact des \u00e9lus locaux -","og_description":"L\u2019Agence nationale de formation des collectivit\u00e9s territoriales (Anfct) part au contact des \u00e9lus locaux et le personnel des communes sur l\u2019ensemble du territoire national. En effet, depuis le lundi 12 f\u00e9vrier dernier, l\u2019Agence nationale de formation des collectivit\u00e9s territoriales a officiellement d\u00e9marr\u00e9 ses activit\u00e9s en [&hellip;]","og_url":"https:\/\/macite.tg\/?p=12637","article_published_time":"2024-02-15T11:51:20+00:00","article_modified_time":"2024-02-15T11:51:37+00:00","og_image":[{"width":500,"height":277,"url":"https:\/\/macite.tg\/wp-content\/uploads\/2024\/02\/69f2aa7b2c2658919b158bb072aded0a_L.jpg","type":"image\/jpeg"}],"author":"Jean Pierre BAWELA","twitter_card":"summary_large_image","twitter_misc":{"\u00c9crit par":"Jean Pierre BAWELA","Dur\u00e9e de lecture estim\u00e9e":"1 minute"},"schema":{"@context":"https:\/\/schema.org","@graph":[{"@type":"Article","@id":"https:\/\/macite.tg\/?p=12637#article","isPartOf":{"@id":"https:\/\/macite.tg\/?p=12637"},"author":{"name":"Jean Pierre BAWELA","@id":"https:\/\/macite.tg\/#\/schema\/person\/e9f2de7e5dbbe7770a9402c7ce82f5c2"},"headline":"COLLECTIVITES TERRITORIALES : L\u2019Agence nationale au contact des \u00e9lus locaux","datePublished":"2024-02-15T11:51:20+00:00","dateModified":"2024-02-15T11:51:37+00:00","mainEntityOfPage":{"@id":"https:\/\/macite.tg\/?p=12637"},"wordCount":285,"commentCount":0,"image":{"@id":"https:\/\/macite.tg\/?p=12637#primaryimage"},"thumbnailUrl":"https:\/\/macite.tg\/wp-content\/uploads\/2024\/02\/69f2aa7b2c2658919b158bb072aded0a_L.jpg","articleSection":["ACTUALITE","DEVELOPPEMENT"],"inLanguage":"fr-FR","potentialAction":[{"@type":"CommentAction","name":"Comment","target":["https:\/\/macite.tg\/?p=12637#respond"]}]},{"@type":"WebPage","@id":"https:\/\/macite.tg\/?p=12637","url":"https:\/\/macite.tg\/?p=12637","name":"COLLECTIVITES TERRITORIALES : L\u2019Agence nationale au contact des \u00e9lus locaux -","isPartOf":{"@id":"https:\/\/macite.tg\/#website"},"primaryImageOfPage":{"@id":"https:\/\/macite.tg\/?p=12637#primaryimage"},"image":{"@id":"https:\/\/macite.tg\/?p=12637#primaryimage"},"thumbnailUrl":"https:\/\/macite.tg\/wp-content\/uploads\/2024\/02\/69f2aa7b2c2658919b158bb072aded0a_L.jpg","datePublished":"2024-02-15T11:51:20+00:00","dateModified":"2024-02-15T11:51:37+00:00","author":{"@id":"https:\/\/macite.tg\/#\/schema\/person\/e9f2de7e5dbbe7770a9402c7ce82f5c2"},"breadcrumb":{"@id":"https:\/\/macite.tg\/?p=12637#breadcrumb"},"inLanguage":"fr-FR","potentialAction":[{"@type":"ReadAction","target":["https:\/\/macite.tg\/?p=12637"]}]},{"@type":"ImageObject","inLanguage":"fr-FR","@id":"https:\/\/macite.tg\/?p=12637#primaryimage","url":"https:\/\/macite.tg\/wp-content\/uploads\/2024\/02\/69f2aa7b2c2658919b158bb072aded0a_L.jpg","contentUrl":"https:\/\/macite.tg\/wp-content\/uploads\/2024\/02\/69f2aa7b2c2658919b158bb072aded0a_L.jpg","width":500,"height":277},{"@type":"BreadcrumbList","@id":"https:\/\/macite.tg\/?p=12637#breadcrumb","itemListElement":[{"@type":"ListItem","position":1,"name":"Accueil","item":"https:\/\/macite.tg\/"},{"@type":"ListItem","position":2,"name":"COLLECTIVITES TERRITORIALES : L\u2019Agence nationale au contact des \u00e9lus locaux"}]},{"@type":"WebSite","@id":"https:\/\/macite.tg\/#website","url":"https:\/\/macite.tg\/","name":"","description":"L&#039;information, la bonne!!!","potentialAction":[{"@type":"SearchAction","target":{"@type":"EntryPoint","urlTemplate":"https:\/\/macite.tg\/?s={search_term_string}"},"query-input":{"@type":"PropertyValueSpecification","valueRequired":true,"valueName":"search_term_string"}}],"inLanguage":"fr-FR"},{"@type":"Person","@id":"https:\/\/macite.tg\/#\/schema\/person\/e9f2de7e5dbbe7770a9402c7ce82f5c2","name":"Jean Pierre BAWELA","image":{"@type":"ImageObject","inLanguage":"fr-FR","@id":"https:\/\/macite.tg\/wp-content\/uploads\/2023\/09\/WhatsApp-Image-2023-09-19-at-14.44.41-122x122.jpeg","url":"https:\/\/macite.tg\/wp-content\/uploads\/2023\/09\/WhatsApp-Image-2023-09-19-at-14.44.41-122x122.jpeg","contentUrl":"https:\/\/macite.tg\/wp-content\/uploads\/2023\/09\/WhatsApp-Image-2023-09-19-at-14.44.41-122x122.jpeg","caption":"Jean Pierre BAWELA"},"url":"https:\/\/macite.tg\/?author=2"}]}},"_links":{"self":[{"href":"https:\/\/macite.tg\/index.php?rest_route=\/wp\/v2\/posts\/12637","targetHints":{"allow":["GET"]}}],"collection":[{"href":"https:\/\/macite.tg\/index.php?rest_route=\/wp\/v2\/posts"}],"about":[{"href":"https:\/\/macite.tg\/index.php?rest_route=\/wp\/v2\/types\/post"}],"author":[{"embeddable":true,"href":"https:\/\/macite.tg\/index.php?rest_route=\/wp\/v2\/users\/2"}],"replies":[{"embeddable":true,"href":"https:\/\/macite.tg\/index.php?rest_route=%2Fwp%2Fv2%2Fcomments&post=12637"}],"version-history":[{"count":0,"href":"https:\/\/macite.tg\/index.php?rest_route=\/wp\/v2\/posts\/12637\/revisions"}],"wp:featuredmedia":[{"embeddable":true,"href":"https:\/\/macite.tg\/index.php?rest_route=\/wp\/v2\/media\/12639"}],"wp:attachment":[{"href":"https:\/\/macite.tg\/index.php?rest_route=%2Fwp%2Fv2%2Fmedia&parent=12637"}],"wp:term":[{"taxonomy":"category","embeddable":true,"href":"https:\/\/macite.tg\/index.php?rest_route=%2Fwp%2Fv2%2Fcategories&post=12637"},{"taxonomy":"post_tag","embeddable":true,"href":"https:\/\/macite.tg\/index.php?rest_route=%2Fwp%2Fv2%2Ftags&post=12637"}],"curies":[{"name":"wp","href":"https:\/\/api.w.org\/{rel}","templated":true}]}}