{"id":12636,"date":"2024-02-15T12:02:25","date_gmt":"2024-02-15T12:02:25","guid":{"rendered":"https:\/\/macite.tg\/?p=12636"},"modified":"2024-02-15T12:02:25","modified_gmt":"2024-02-15T12:02:25","slug":"celebrite-triste-nouvelle-pour-feu-dj-afarat","status":"publish","type":"post","link":"https:\/\/macite.tg\/?p=12636","title":{"rendered":"CELEBRITE : Triste nouvelle pour feu \u00ab DJ Afarat \u00bb"},"content":{"rendered":"\n<h1 class=\"wp-block-heading\"><i class=\"fas fa-pencil-alt\"> <\/i><span><\/h1>\n\n\n\n<p class=\"wp-block-paragraph\"><strong><em>Feu DJ Arafat continue de faire parler de lui \u00e0 travers ses proches, surtout sa m\u00e8re m\u00eame des ann\u00e9es apr\u00e8s son brusque d\u00e9part dans un accident de moto.<\/em><\/strong><em><\/em><\/p>\n\n\n\n<p class=\"wp-block-paragraph\">En effet, dans une vid\u00e9o sur les r\u00e9seaux sociaux,\u00a0Tina Glamour\u00a0s\u2019en prend aux \u00ab\u00a0pseudos\u00a0\u00bb amis de son fils qui n\u2019ont pas r\u00e9agi apr\u00e8s que la statue de ce dernier se retrouve par terre.<\/p>\n\n\n\n<p class=\"wp-block-paragraph\">Elle appelle m\u00eame le Pr\u00e9sident Alassane Ouattara \u00e0 l\u2019aide.<\/p>\n\n\n<div class=\"wp-block-image\">\n<figure class=\"aligncenter size-full is-resized\"><img loading=\"lazy\" decoding=\"async\" src=\"https:\/\/macite.tg\/wp-content\/uploads\/2024\/02\/status_me_status_IMG-20240214-WA0075.jpg\" alt=\"\" class=\"wp-image-12621\" width=\"584\" height=\"821\" srcset=\"https:\/\/macite.tg\/wp-content\/uploads\/2024\/02\/status_me_status_IMG-20240214-WA0075.jpg 712w, https:\/\/macite.tg\/wp-content\/uploads\/2024\/02\/status_me_status_IMG-20240214-WA0075-213x300.jpg 213w\" sizes=\"auto, (max-width: 584px) 100vw, 584px\" \/><\/figure>\n<\/div>\n\n\n<p class=\"wp-block-paragraph\"><strong>Une sortie que les fans n\u2019ont pas du tout appr\u00e9ci\u00e9e<\/strong><\/p>\n\n\n\n<p class=\"wp-block-paragraph\"><em>\u00ab&nbsp;C\u2019est quel type de Pr\u00e9sident elle a appel\u00e9 ? Pr\u00e9sident de la R\u00e9publique ou bien Pr\u00e9sident des artistes de C\u00f4te d\u2019Ivoire&nbsp;\u00bb.<\/em><\/p>\n\n\n\n<p class=\"wp-block-paragraph\"><em>\u00ab&nbsp;Quand les gens vont vouloir faire quelque chose elle va sortir pour les allumer, ou les insulter, aujourd\u2019hui tout le monde est simplement prudent,&nbsp;faut l\u2019arranger toi-m\u00eame, il ne faut pas appeler ses amis, ceux que tu insultes \u00e0 longueur de journ\u00e9e, ils vont venir faire quoi ? Faut arranger toi-m\u00eame&nbsp;\u00bb.<\/em><\/p>\n\n\n\n<p class=\"wp-block-paragraph\"><em>\u00ab&nbsp;Moi, je ne suis pas d\u2019accord avec toi maman, tu n\u2019as pas besoin de faire du bruit pour \u00e7a, tu peux arranger \u00e7a tranquillement toi-m\u00eame avec tes propres moyens et rentrer paisiblement \u00e0 la maison&nbsp;\u00bb.<\/em><\/p>\n\n\n\n<p class=\"wp-block-paragraph\"><em>\u00ab&nbsp;En fait, je ne sais plus quoi penser de cette dame. C\u2019est ton fils, tu n\u2019as pas besoin de faire la vid\u00e9o pour \u00e7a. C\u2019est vraiment trop pour moi.&nbsp;Peut-\u00eatre m\u00eame que c\u2019est elle-m\u00eame qui a fait \u00e7a pour avoir de visibilit\u00e9. Franchement, je n\u2019ai aucune confiance en elle. Tu as la chance que la Can est finie&nbsp;\u00bb.<\/em><\/p>\n\n\n<div class=\"wp-block-image\">\n<figure class=\"aligncenter size-full is-resized\"><img loading=\"lazy\" decoding=\"async\" src=\"https:\/\/macite.tg\/wp-content\/uploads\/2024\/02\/426709901_909930414475099_6338070050102141440_n.jpg\" alt=\"\" class=\"wp-image-12603\" width=\"609\" height=\"609\" srcset=\"https:\/\/macite.tg\/wp-content\/uploads\/2024\/02\/426709901_909930414475099_6338070050102141440_n.jpg 843w, https:\/\/macite.tg\/wp-content\/uploads\/2024\/02\/426709901_909930414475099_6338070050102141440_n-300x300.jpg 300w, https:\/\/macite.tg\/wp-content\/uploads\/2024\/02\/426709901_909930414475099_6338070050102141440_n-150x150.jpg 150w, https:\/\/macite.tg\/wp-content\/uploads\/2024\/02\/426709901_909930414475099_6338070050102141440_n-768x768.jpg 768w, https:\/\/macite.tg\/wp-content\/uploads\/2024\/02\/426709901_909930414475099_6338070050102141440_n-122x122.jpg 122w\" sizes=\"auto, (max-width: 609px) 100vw, 609px\" \/><\/figure>\n<\/div>\n\n\n<p class=\"wp-block-paragraph\"><em>\u00ab&nbsp;Je suis d\u00e9sol\u00e9 de le dire, mais ton fils n\u2019\u00e9tait pas un dieu, il \u00e9tait humain comme nous et c\u2019\u00e9tait notre star, la C\u00f4te d\u2019Ivoire a toujours respect\u00e9 la m\u00e9moire de Dj Arafat alors s\u2019il y a eu un truc qu\u2019on peut g\u00e9rer sans discours, c\u2019est mieux de le faire que crier partout et surtout, il faut que tu le saches, personne n\u2019est oblig\u00e9 de le faire&nbsp;<\/em>\u00bb, peut-on lire dans les commentaires.<\/p>\n\n\n\n<p class=\"wp-block-paragraph\"><strong>Source&nbsp;: @netafrique<\/strong><\/p>\n\n\n\n<p class=\"wp-block-paragraph\"><a><strong><em>@macite.tg&nbsp;&nbsp;&nbsp;&nbsp;&nbsp;&nbsp;&nbsp;&nbsp;<\/em><\/strong><\/a><\/p>\n\n\n\n<p class=\"wp-block-paragraph\"><strong><em>E-mail&nbsp;: <\/em><\/strong><a href=\"mailto:maciteinfo@gmail.com\"><strong><em>maciteinfo@gmail.com<\/em><\/strong><\/a><strong><em>; <\/em><\/strong><a href=\"mailto:bawela1@gmail.com\"><strong><em>bawela1@gmail.com<\/em><\/strong><\/a><strong><em><\/em><\/strong><\/p>\n\n\n\n<p class=\"wp-block-paragraph\"><strong><em>Pour vos annonces, (publi)reportages, etc., joignez-nous au (00228)91515309\/<strong>79872224 <\/strong>www.macite.tg, L\u2019information, la bonne&nbsp;!<\/em><\/strong><\/p>\n\n\n\n<hr class=\"wp-block-separator has-alpha-channel-opacity\"\/>\n\n\n\n<p class=\"wp-block-paragraph\"><a id=\"_msocom_1\"><\/a><\/p>\n\n\n\n<p class=\"wp-block-paragraph\">&nbsp;<a href=\"#_msoanchor_1\">[jb1]<\/a><\/p>\n\n\n\n<figure class=\"wp-block-image size-full\"><img loading=\"lazy\" decoding=\"async\" width=\"360\" height=\"260\" src=\"https:\/\/macite.tg\/wp-content\/uploads\/2024\/02\/image-39.png\" alt=\"\" class=\"wp-image-12638\" srcset=\"https:\/\/macite.tg\/wp-content\/uploads\/2024\/02\/image-39.png 360w, https:\/\/macite.tg\/wp-content\/uploads\/2024\/02\/image-39-300x217.png 300w\" sizes=\"auto, (max-width: 360px) 100vw, 360px\" \/><\/figure>\n\n\n\n<p class=\"wp-block-paragraph\"><\/p>\n\n\n\n<figure class=\"wp-block-image\"><img decoding=\"async\" src=\"blob:https:\/\/macite.tg\/38903e61-3d92-425e-864e-9d98335bc48e\" alt=\"\"\/><\/figure>\n","protected":false},"excerpt":{"rendered":"<p class=\"text-justify mb-2\" >Feu DJ Arafat continue de faire parler de lui \u00e0 travers ses proches, surtout sa m\u00e8re m\u00eame des ann\u00e9es apr\u00e8s son brusque d\u00e9part dans un accident de moto. En effet, dans une vid\u00e9o sur les r\u00e9seaux sociaux,\u00a0Tina Glamour\u00a0s\u2019en prend aux \u00ab\u00a0pseudos\u00a0\u00bb amis de son fils [&hellip;]<\/p>\n","protected":false},"author":2,"featured_media":12638,"comment_status":"open","ping_status":"open","sticky":false,"template":"","format":"standard","meta":{"footnotes":""},"categories":[20,6],"tags":[],"class_list":["post-12636","post","type-post","status-publish","format-standard","has-post-thumbnail","hentry","category-actualite","category-societe"],"yoast_head":"<!-- This site is optimized with the Yoast SEO plugin v28.4 - https:\/\/yoast.com\/product\/yoast-seo-wordpress\/ -->\n<title>CELEBRITE : Triste nouvelle pour feu \u00ab DJ Afarat \u00bb -<\/title>\n<meta name=\"robots\" content=\"index, follow, max-snippet:-1, max-image-preview:large, max-video-preview:-1\" \/>\n<link rel=\"canonical\" href=\"https:\/\/macite.tg\/?p=12636\" \/>\n<meta property=\"og:locale\" content=\"fr_FR\" \/>\n<meta property=\"og:type\" content=\"article\" \/>\n<meta property=\"og:title\" content=\"CELEBRITE : Triste nouvelle pour feu \u00ab DJ Afarat \u00bb -\" \/>\n<meta property=\"og:description\" content=\"Feu DJ Arafat continue de faire parler de lui \u00e0 travers ses proches, surtout sa m\u00e8re m\u00eame des ann\u00e9es apr\u00e8s son brusque d\u00e9part dans un accident de moto. En effet, dans une vid\u00e9o sur les r\u00e9seaux sociaux,\u00a0Tina Glamour\u00a0s\u2019en prend aux \u00ab\u00a0pseudos\u00a0\u00bb amis de son fils [&hellip;]\" \/>\n<meta property=\"og:url\" content=\"https:\/\/macite.tg\/?p=12636\" \/>\n<meta property=\"article:published_time\" content=\"2024-02-15T12:02:25+00:00\" \/>\n<meta property=\"og:image\" content=\"https:\/\/macite.tg\/wp-content\/uploads\/2024\/02\/image-39.png\" \/>\n\t<meta property=\"og:image:width\" content=\"360\" \/>\n\t<meta property=\"og:image:height\" content=\"260\" \/>\n\t<meta property=\"og:image:type\" content=\"image\/png\" \/>\n<meta name=\"author\" content=\"Jean Pierre BAWELA\" \/>\n<meta name=\"twitter:card\" content=\"summary_large_image\" \/>\n<meta name=\"twitter:label1\" content=\"\u00c9crit par\" \/>\n\t<meta name=\"twitter:data1\" content=\"Jean Pierre BAWELA\" \/>\n\t<meta name=\"twitter:label2\" content=\"Dur\u00e9e de lecture estim\u00e9e\" \/>\n\t<meta name=\"twitter:data2\" content=\"2 minutes\" \/>\n<script type=\"application\/ld+json\" class=\"yoast-schema-graph\">{\"@context\":\"https:\\\/\\\/schema.org\",\"@graph\":[{\"@type\":\"Article\",\"@id\":\"https:\\\/\\\/macite.tg\\\/?p=12636#article\",\"isPartOf\":{\"@id\":\"https:\\\/\\\/macite.tg\\\/?p=12636\"},\"author\":{\"name\":\"Jean Pierre BAWELA\",\"@id\":\"https:\\\/\\\/macite.tg\\\/#\\\/schema\\\/person\\\/e9f2de7e5dbbe7770a9402c7ce82f5c2\"},\"headline\":\"CELEBRITE : Triste nouvelle pour feu \u00ab DJ Afarat \u00bb\",\"datePublished\":\"2024-02-15T12:02:25+00:00\",\"mainEntityOfPage\":{\"@id\":\"https:\\\/\\\/macite.tg\\\/?p=12636\"},\"wordCount\":422,\"commentCount\":0,\"image\":{\"@id\":\"https:\\\/\\\/macite.tg\\\/?p=12636#primaryimage\"},\"thumbnailUrl\":\"https:\\\/\\\/macite.tg\\\/wp-content\\\/uploads\\\/2024\\\/02\\\/image-39.png\",\"articleSection\":[\"ACTUALITE\",\"SOCIETE\"],\"inLanguage\":\"fr-FR\",\"potentialAction\":[{\"@type\":\"CommentAction\",\"name\":\"Comment\",\"target\":[\"https:\\\/\\\/macite.tg\\\/?p=12636#respond\"]}]},{\"@type\":\"WebPage\",\"@id\":\"https:\\\/\\\/macite.tg\\\/?p=12636\",\"url\":\"https:\\\/\\\/macite.tg\\\/?p=12636\",\"name\":\"CELEBRITE : Triste nouvelle pour feu \u00ab DJ Afarat \u00bb -\",\"isPartOf\":{\"@id\":\"https:\\\/\\\/macite.tg\\\/#website\"},\"primaryImageOfPage\":{\"@id\":\"https:\\\/\\\/macite.tg\\\/?p=12636#primaryimage\"},\"image\":{\"@id\":\"https:\\\/\\\/macite.tg\\\/?p=12636#primaryimage\"},\"thumbnailUrl\":\"https:\\\/\\\/macite.tg\\\/wp-content\\\/uploads\\\/2024\\\/02\\\/image-39.png\",\"datePublished\":\"2024-02-15T12:02:25+00:00\",\"author\":{\"@id\":\"https:\\\/\\\/macite.tg\\\/#\\\/schema\\\/person\\\/e9f2de7e5dbbe7770a9402c7ce82f5c2\"},\"breadcrumb\":{\"@id\":\"https:\\\/\\\/macite.tg\\\/?p=12636#breadcrumb\"},\"inLanguage\":\"fr-FR\",\"potentialAction\":[{\"@type\":\"ReadAction\",\"target\":[\"https:\\\/\\\/macite.tg\\\/?p=12636\"]}]},{\"@type\":\"ImageObject\",\"inLanguage\":\"fr-FR\",\"@id\":\"https:\\\/\\\/macite.tg\\\/?p=12636#primaryimage\",\"url\":\"https:\\\/\\\/macite.tg\\\/wp-content\\\/uploads\\\/2024\\\/02\\\/image-39.png\",\"contentUrl\":\"https:\\\/\\\/macite.tg\\\/wp-content\\\/uploads\\\/2024\\\/02\\\/image-39.png\",\"width\":360,\"height\":260},{\"@type\":\"BreadcrumbList\",\"@id\":\"https:\\\/\\\/macite.tg\\\/?p=12636#breadcrumb\",\"itemListElement\":[{\"@type\":\"ListItem\",\"position\":1,\"name\":\"Accueil\",\"item\":\"https:\\\/\\\/macite.tg\\\/\"},{\"@type\":\"ListItem\",\"position\":2,\"name\":\"CELEBRITE : Triste nouvelle pour feu \u00ab DJ Afarat \u00bb\"}]},{\"@type\":\"WebSite\",\"@id\":\"https:\\\/\\\/macite.tg\\\/#website\",\"url\":\"https:\\\/\\\/macite.tg\\\/\",\"name\":\"\",\"description\":\"L&#039;information, la bonne!!!\",\"potentialAction\":[{\"@type\":\"SearchAction\",\"target\":{\"@type\":\"EntryPoint\",\"urlTemplate\":\"https:\\\/\\\/macite.tg\\\/?s={search_term_string}\"},\"query-input\":{\"@type\":\"PropertyValueSpecification\",\"valueRequired\":true,\"valueName\":\"search_term_string\"}}],\"inLanguage\":\"fr-FR\"},{\"@type\":\"Person\",\"@id\":\"https:\\\/\\\/macite.tg\\\/#\\\/schema\\\/person\\\/e9f2de7e5dbbe7770a9402c7ce82f5c2\",\"name\":\"Jean Pierre BAWELA\",\"image\":{\"@type\":\"ImageObject\",\"inLanguage\":\"fr-FR\",\"@id\":\"https:\\\/\\\/macite.tg\\\/wp-content\\\/uploads\\\/2023\\\/09\\\/WhatsApp-Image-2023-09-19-at-14.44.41-122x122.jpeg\",\"url\":\"https:\\\/\\\/macite.tg\\\/wp-content\\\/uploads\\\/2023\\\/09\\\/WhatsApp-Image-2023-09-19-at-14.44.41-122x122.jpeg\",\"contentUrl\":\"https:\\\/\\\/macite.tg\\\/wp-content\\\/uploads\\\/2023\\\/09\\\/WhatsApp-Image-2023-09-19-at-14.44.41-122x122.jpeg\",\"caption\":\"Jean Pierre BAWELA\"},\"url\":\"https:\\\/\\\/macite.tg\\\/?author=2\"}]}<\/script>\n<!-- \/ Yoast SEO plugin. -->","yoast_head_json":{"title":"CELEBRITE : Triste nouvelle pour feu \u00ab DJ Afarat \u00bb -","robots":{"index":"index","follow":"follow","max-snippet":"max-snippet:-1","max-image-preview":"max-image-preview:large","max-video-preview":"max-video-preview:-1"},"canonical":"https:\/\/macite.tg\/?p=12636","og_locale":"fr_FR","og_type":"article","og_title":"CELEBRITE : Triste nouvelle pour feu \u00ab DJ Afarat \u00bb -","og_description":"Feu DJ Arafat continue de faire parler de lui \u00e0 travers ses proches, surtout sa m\u00e8re m\u00eame des ann\u00e9es apr\u00e8s son brusque d\u00e9part dans un accident de moto. En effet, dans une vid\u00e9o sur les r\u00e9seaux sociaux,\u00a0Tina Glamour\u00a0s\u2019en prend aux \u00ab\u00a0pseudos\u00a0\u00bb amis de son fils [&hellip;]","og_url":"https:\/\/macite.tg\/?p=12636","article_published_time":"2024-02-15T12:02:25+00:00","og_image":[{"width":360,"height":260,"url":"https:\/\/macite.tg\/wp-content\/uploads\/2024\/02\/image-39.png","type":"image\/png"}],"author":"Jean Pierre BAWELA","twitter_card":"summary_large_image","twitter_misc":{"\u00c9crit par":"Jean Pierre BAWELA","Dur\u00e9e de lecture estim\u00e9e":"2 minutes"},"schema":{"@context":"https:\/\/schema.org","@graph":[{"@type":"Article","@id":"https:\/\/macite.tg\/?p=12636#article","isPartOf":{"@id":"https:\/\/macite.tg\/?p=12636"},"author":{"name":"Jean Pierre BAWELA","@id":"https:\/\/macite.tg\/#\/schema\/person\/e9f2de7e5dbbe7770a9402c7ce82f5c2"},"headline":"CELEBRITE : Triste nouvelle pour feu \u00ab DJ Afarat \u00bb","datePublished":"2024-02-15T12:02:25+00:00","mainEntityOfPage":{"@id":"https:\/\/macite.tg\/?p=12636"},"wordCount":422,"commentCount":0,"image":{"@id":"https:\/\/macite.tg\/?p=12636#primaryimage"},"thumbnailUrl":"https:\/\/macite.tg\/wp-content\/uploads\/2024\/02\/image-39.png","articleSection":["ACTUALITE","SOCIETE"],"inLanguage":"fr-FR","potentialAction":[{"@type":"CommentAction","name":"Comment","target":["https:\/\/macite.tg\/?p=12636#respond"]}]},{"@type":"WebPage","@id":"https:\/\/macite.tg\/?p=12636","url":"https:\/\/macite.tg\/?p=12636","name":"CELEBRITE : Triste nouvelle pour feu \u00ab DJ Afarat \u00bb -","isPartOf":{"@id":"https:\/\/macite.tg\/#website"},"primaryImageOfPage":{"@id":"https:\/\/macite.tg\/?p=12636#primaryimage"},"image":{"@id":"https:\/\/macite.tg\/?p=12636#primaryimage"},"thumbnailUrl":"https:\/\/macite.tg\/wp-content\/uploads\/2024\/02\/image-39.png","datePublished":"2024-02-15T12:02:25+00:00","author":{"@id":"https:\/\/macite.tg\/#\/schema\/person\/e9f2de7e5dbbe7770a9402c7ce82f5c2"},"breadcrumb":{"@id":"https:\/\/macite.tg\/?p=12636#breadcrumb"},"inLanguage":"fr-FR","potentialAction":[{"@type":"ReadAction","target":["https:\/\/macite.tg\/?p=12636"]}]},{"@type":"ImageObject","inLanguage":"fr-FR","@id":"https:\/\/macite.tg\/?p=12636#primaryimage","url":"https:\/\/macite.tg\/wp-content\/uploads\/2024\/02\/image-39.png","contentUrl":"https:\/\/macite.tg\/wp-content\/uploads\/2024\/02\/image-39.png","width":360,"height":260},{"@type":"BreadcrumbList","@id":"https:\/\/macite.tg\/?p=12636#breadcrumb","itemListElement":[{"@type":"ListItem","position":1,"name":"Accueil","item":"https:\/\/macite.tg\/"},{"@type":"ListItem","position":2,"name":"CELEBRITE : Triste nouvelle pour feu \u00ab DJ Afarat \u00bb"}]},{"@type":"WebSite","@id":"https:\/\/macite.tg\/#website","url":"https:\/\/macite.tg\/","name":"","description":"L&#039;information, la bonne!!!","potentialAction":[{"@type":"SearchAction","target":{"@type":"EntryPoint","urlTemplate":"https:\/\/macite.tg\/?s={search_term_string}"},"query-input":{"@type":"PropertyValueSpecification","valueRequired":true,"valueName":"search_term_string"}}],"inLanguage":"fr-FR"},{"@type":"Person","@id":"https:\/\/macite.tg\/#\/schema\/person\/e9f2de7e5dbbe7770a9402c7ce82f5c2","name":"Jean Pierre BAWELA","image":{"@type":"ImageObject","inLanguage":"fr-FR","@id":"https:\/\/macite.tg\/wp-content\/uploads\/2023\/09\/WhatsApp-Image-2023-09-19-at-14.44.41-122x122.jpeg","url":"https:\/\/macite.tg\/wp-content\/uploads\/2023\/09\/WhatsApp-Image-2023-09-19-at-14.44.41-122x122.jpeg","contentUrl":"https:\/\/macite.tg\/wp-content\/uploads\/2023\/09\/WhatsApp-Image-2023-09-19-at-14.44.41-122x122.jpeg","caption":"Jean Pierre BAWELA"},"url":"https:\/\/macite.tg\/?author=2"}]}},"_links":{"self":[{"href":"https:\/\/macite.tg\/index.php?rest_route=\/wp\/v2\/posts\/12636","targetHints":{"allow":["GET"]}}],"collection":[{"href":"https:\/\/macite.tg\/index.php?rest_route=\/wp\/v2\/posts"}],"about":[{"href":"https:\/\/macite.tg\/index.php?rest_route=\/wp\/v2\/types\/post"}],"author":[{"embeddable":true,"href":"https:\/\/macite.tg\/index.php?rest_route=\/wp\/v2\/users\/2"}],"replies":[{"embeddable":true,"href":"https:\/\/macite.tg\/index.php?rest_route=%2Fwp%2Fv2%2Fcomments&post=12636"}],"version-history":[{"count":0,"href":"https:\/\/macite.tg\/index.php?rest_route=\/wp\/v2\/posts\/12636\/revisions"}],"wp:featuredmedia":[{"embeddable":true,"href":"https:\/\/macite.tg\/index.php?rest_route=\/wp\/v2\/media\/12638"}],"wp:attachment":[{"href":"https:\/\/macite.tg\/index.php?rest_route=%2Fwp%2Fv2%2Fmedia&parent=12636"}],"wp:term":[{"taxonomy":"category","embeddable":true,"href":"https:\/\/macite.tg\/index.php?rest_route=%2Fwp%2Fv2%2Fcategories&post=12636"},{"taxonomy":"post_tag","embeddable":true,"href":"https:\/\/macite.tg\/index.php?rest_route=%2Fwp%2Fv2%2Ftags&post=12636"}],"curies":[{"name":"wp","href":"https:\/\/api.w.org\/{rel}","templated":true}]}}