{"id":12633,"date":"2024-02-14T21:47:13","date_gmt":"2024-02-14T21:47:13","guid":{"rendered":"https:\/\/macite.tg\/?p=12633"},"modified":"2024-02-14T21:47:31","modified_gmt":"2024-02-14T21:47:31","slug":"senegal-revelations-sur-la-loi-damnistie-guy-marius-sagna-et-lexil-propose-a-ousmane-sonko","status":"publish","type":"post","link":"https:\/\/macite.tg\/?p=12633","title":{"rendered":"SENEGAL \/ REVELATIONS SUR LA LOI D\u2019AMNISTIE : Guy Marius Sagna et l\u2019exil propos\u00e9 \u00e0 Ousmane Sonko"},"content":{"rendered":"\n<p class=\"wp-block-paragraph\"><strong><em>Dans un post faisant \u00e9tat de la d\u00e9termination de Ousmane Sonko face aux r\u00e9centes turbulences politiques, Guy Marius Sagna r\u00e9v\u00e8le un \u00e9pisode m\u00e9connu. Il y a quelques mois de cela, des individus se seraient pr\u00e9sent\u00e9s \u00e0 Ousmane Sonko avec une proposition : quitter imm\u00e9diatement le S\u00e9n\u00e9gal pour recevoir des soins \u00e0 l\u2019\u00e9tranger. Une offre qui aurait \u00e9t\u00e9 cat\u00e9goriquement refus\u00e9e par Sonko.<\/em><\/strong><\/p>\n\n\n\n<p class=\"wp-block-paragraph\">In extenso, les r\u00e9v\u00e9lations de Guy Marius Sagna :<\/p>\n\n\n<div class=\"wp-block-image\">\n<figure class=\"aligncenter size-full is-resized\"><img loading=\"lazy\" decoding=\"async\" src=\"https:\/\/macite.tg\/wp-content\/uploads\/2024\/02\/status_me_status_IMG-20240214-WA0075.jpg\" alt=\"\" class=\"wp-image-12621\" width=\"648\" height=\"911\" srcset=\"https:\/\/macite.tg\/wp-content\/uploads\/2024\/02\/status_me_status_IMG-20240214-WA0075.jpg 712w, https:\/\/macite.tg\/wp-content\/uploads\/2024\/02\/status_me_status_IMG-20240214-WA0075-213x300.jpg 213w\" sizes=\"auto, (max-width: 648px) 100vw, 648px\" \/><\/figure>\n<\/div>\n\n\n<p class=\"wp-block-paragraph\"><em>\u00ab&nbsp;Il y a quelques mois de cela, ils sont all\u00e9s voir Ousmane Sonko pour lui proposer de sortir du S\u00e9n\u00e9gal mais la condition \u00e9tait de sortir imm\u00e9diatement du S\u00e9n\u00e9gal pour aller se soigner \u00e0 l\u2019ext\u00e9rieur. Sonko a refus\u00e9.<\/em><\/p>\n\n\n\n<p class=\"wp-block-paragraph\"><em>SONKO le r\u00e9sistant, le courageux leur a dit: \u00ab&nbsp;le g\u00e9n\u00e9ral que je suis ne peut fuir, d\u00e9serter quand son peuple se bat h\u00e9ro\u00efquement contre le r\u00e9gime n\u00e9ocolonial de Macky Sall. Mon devoir est d\u2019\u00eatre l\u00e0 o\u00f9 est mon peuple, \u00e0 ses c\u00f4t\u00e9s pour mener la lutte jusqu\u2019\u00e0 la lib\u00e9ration du S\u00e9n\u00e9gal. Je reste au S\u00e9n\u00e9gal m\u00eame si le prix \u00e0 payer est de rester arbitrairement en prison.&nbsp;\u00bb<\/em><\/p>\n\n\n\n<p class=\"wp-block-paragraph\"><em>SONKO leur a dit qu\u2019il n\u2019est pas malade mais qu\u2019il vient juste de sortir d\u2019une gr\u00e8ve de la faim et que son \u00ab&nbsp;niankatang&nbsp;\u00bb le gu\u00e9rira. Et donc qu\u2019il n\u2019a pas besoin de sortir du S\u00e9n\u00e9gal.<\/em><\/p>\n\n\n\n<p class=\"wp-block-paragraph\"><em>Patriotes, Ousmane Sonko est une chance pour&nbsp;<\/em><em><a href=\"https:\/\/www.senenews.com\/actualites\/el-malick-ndiaye-pastef-jubile-je-remercie-les-avocats-pour-la-liberation-de_482389.html\">Pastef<\/a><\/em><em>, pour le S\u00e9n\u00e9gal et pour l\u2019Afrique.<\/em><\/p>\n\n\n\n<p class=\"wp-block-paragraph\"><em>Patriotes mes s\u0153urs et fr\u00e8res, patriotes mes m\u00e8res et p\u00e8res sachons que ce sont les m\u00eames man\u0153uvres de Macky, Apr et Bby qui se poursuivre actuellement. N\u2019accordons aucun cr\u00e9dit \u00e0 ce qu\u2019il raconte. C\u2019est de la d\u00e9sinformation. Laissons leurs mensonges prendre l\u2019ascenseur. La v\u00e9rit\u00e9 prend l\u2019escalier et arrivera. Aujourd\u2019hui qu\u2019ils ont en face d\u2019eux un peuple d\u00e9termin\u00e9 \u00e0 r\u00e9tablir l\u2019ordre constitutionnel ils veulent s\u2019en sortir par tous les moyens y compris leurs moyens traditionnels : mensonges, d\u00e9sinformations, manipulations\u2026<\/em><\/p>\n\n\n<div class=\"wp-block-image\">\n<figure class=\"aligncenter size-full is-resized\"><img loading=\"lazy\" decoding=\"async\" src=\"https:\/\/macite.tg\/wp-content\/uploads\/2024\/02\/426709901_909930414475099_6338070050102141440_n.jpg\" alt=\"\" class=\"wp-image-12603\" width=\"568\" height=\"568\" srcset=\"https:\/\/macite.tg\/wp-content\/uploads\/2024\/02\/426709901_909930414475099_6338070050102141440_n.jpg 843w, https:\/\/macite.tg\/wp-content\/uploads\/2024\/02\/426709901_909930414475099_6338070050102141440_n-300x300.jpg 300w, https:\/\/macite.tg\/wp-content\/uploads\/2024\/02\/426709901_909930414475099_6338070050102141440_n-150x150.jpg 150w, https:\/\/macite.tg\/wp-content\/uploads\/2024\/02\/426709901_909930414475099_6338070050102141440_n-768x768.jpg 768w, https:\/\/macite.tg\/wp-content\/uploads\/2024\/02\/426709901_909930414475099_6338070050102141440_n-122x122.jpg 122w\" sizes=\"auto, (max-width: 568px) 100vw, 568px\" \/><\/figure>\n<\/div>\n\n\n<p class=\"wp-block-paragraph\"><em>Soyons assur\u00e9s que Ousmane Sonko continue de lutter, de r\u00e9sister et de dire non \u00e0 tout ce que Macky trame et qui n\u2019est pas conforme \u00e0 l\u2019int\u00e9r\u00eat du peuple s\u00e9n\u00e9galais.<\/em><\/p>\n\n\n\n<p class=\"wp-block-paragraph\"><em>Continuons la r\u00e9sistance !<\/em><br><em>Continuons la d\u00e9sob\u00e9issance civile !<\/em><br><em>Continuons la campagne \u00e9lectorale !<\/em><br><em>Non au coup d\u2019\u00c9tat constitutionnel !<\/em><br><em>\u00c9lection pr\u00e9sidentielle le 25 f\u00e9vrier 2024!<\/em><br><em>Le 02 avril dernier jour du mandat de Macky !<\/em><br><em>Victoire des patriotes d\u00e8s le premier tour !<\/em><br><em>SONKO MOOY DIOMAYE !<\/em><br><em>FOCUS !<\/em><br><em>GMS,\u00a0\u00bb.<\/em><\/p>\n\n\n\n<p class=\"wp-block-paragraph\"><strong>SeneNews<\/strong><\/p>\n\n\n\n<p class=\"wp-block-paragraph\"><a><strong><em>@macite.tg&nbsp;&nbsp;&nbsp;&nbsp;&nbsp;&nbsp;&nbsp;&nbsp;<\/em><\/strong><\/a><\/p>\n\n\n\n<p class=\"wp-block-paragraph\"><strong><em>E-mail&nbsp;: <\/em><\/strong><a href=\"mailto:maciteinfo@gmail.com\"><strong><em>maciteinfo@gmail.com<\/em><\/strong><\/a><strong><em>; <\/em><\/strong><a href=\"mailto:bawela1@gmail.com\"><strong><em>bawela1@gmail.com<\/em><\/strong><\/a><strong><em><\/em><\/strong><\/p>\n\n\n\n<p class=\"wp-block-paragraph\"><strong><em>Pour vos annonces, (publi)reportages, etc., joignez-nous au (00228)91515309\/<strong>79872224 <\/strong>www.macite.tg, L\u2019information, la bonne&nbsp;!<\/em><\/strong><\/p>\n\n\n\n<p class=\"wp-block-paragraph\"><\/p>\n","protected":false},"excerpt":{"rendered":"<p class=\"text-justify mb-2\" >Dans un post faisant \u00e9tat de la d\u00e9termination de Ousmane Sonko face aux r\u00e9centes turbulences politiques, Guy Marius Sagna r\u00e9v\u00e8le un \u00e9pisode m\u00e9connu. Il y a quelques mois de cela, des individus se seraient pr\u00e9sent\u00e9s \u00e0 Ousmane Sonko avec une proposition : quitter imm\u00e9diatement le [&hellip;]<\/p>\n","protected":false},"author":2,"featured_media":12634,"comment_status":"open","ping_status":"open","sticky":false,"template":"","format":"standard","meta":{"footnotes":""},"categories":[20,1],"tags":[],"class_list":["post-12633","post","type-post","status-publish","format-standard","has-post-thumbnail","hentry","category-actualite","category-politique"],"yoast_head":"<!-- This site is optimized with the Yoast SEO plugin v28.4 - https:\/\/yoast.com\/product\/yoast-seo-wordpress\/ -->\n<title>SENEGAL \/ REVELATIONS SUR LA LOI D\u2019AMNISTIE : Guy Marius Sagna et l\u2019exil propos\u00e9 \u00e0 Ousmane Sonko -<\/title>\n<meta name=\"robots\" content=\"index, follow, max-snippet:-1, max-image-preview:large, max-video-preview:-1\" \/>\n<link rel=\"canonical\" href=\"https:\/\/macite.tg\/?p=12633\" \/>\n<meta property=\"og:locale\" content=\"fr_FR\" \/>\n<meta property=\"og:type\" content=\"article\" \/>\n<meta property=\"og:title\" content=\"SENEGAL \/ REVELATIONS SUR LA LOI D\u2019AMNISTIE : Guy Marius Sagna et l\u2019exil propos\u00e9 \u00e0 Ousmane Sonko -\" \/>\n<meta property=\"og:description\" content=\"Dans un post faisant \u00e9tat de la d\u00e9termination de Ousmane Sonko face aux r\u00e9centes turbulences politiques, Guy Marius Sagna r\u00e9v\u00e8le un \u00e9pisode m\u00e9connu. Il y a quelques mois de cela, des individus se seraient pr\u00e9sent\u00e9s \u00e0 Ousmane Sonko avec une proposition : quitter imm\u00e9diatement le [&hellip;]\" \/>\n<meta property=\"og:url\" content=\"https:\/\/macite.tg\/?p=12633\" \/>\n<meta property=\"article:published_time\" content=\"2024-02-14T21:47:13+00:00\" \/>\n<meta property=\"article:modified_time\" content=\"2024-02-14T21:47:31+00:00\" \/>\n<meta property=\"og:image\" content=\"https:\/\/macite.tg\/wp-content\/uploads\/2024\/02\/image-38.png\" \/>\n\t<meta property=\"og:image:width\" content=\"696\" \/>\n\t<meta property=\"og:image:height\" content=\"391\" \/>\n\t<meta property=\"og:image:type\" content=\"image\/png\" \/>\n<meta name=\"author\" content=\"Jean Pierre BAWELA\" \/>\n<meta name=\"twitter:card\" content=\"summary_large_image\" \/>\n<meta name=\"twitter:label1\" content=\"\u00c9crit par\" \/>\n\t<meta name=\"twitter:data1\" content=\"Jean Pierre BAWELA\" \/>\n\t<meta name=\"twitter:label2\" content=\"Dur\u00e9e de lecture estim\u00e9e\" \/>\n\t<meta name=\"twitter:data2\" content=\"2 minutes\" \/>\n<script type=\"application\/ld+json\" class=\"yoast-schema-graph\">{\"@context\":\"https:\\\/\\\/schema.org\",\"@graph\":[{\"@type\":\"Article\",\"@id\":\"https:\\\/\\\/macite.tg\\\/?p=12633#article\",\"isPartOf\":{\"@id\":\"https:\\\/\\\/macite.tg\\\/?p=12633\"},\"author\":{\"name\":\"Jean Pierre BAWELA\",\"@id\":\"https:\\\/\\\/macite.tg\\\/#\\\/schema\\\/person\\\/e9f2de7e5dbbe7770a9402c7ce82f5c2\"},\"headline\":\"SENEGAL \\\/ REVELATIONS SUR LA LOI D\u2019AMNISTIE : Guy Marius Sagna et l\u2019exil propos\u00e9 \u00e0 Ousmane Sonko\",\"datePublished\":\"2024-02-14T21:47:13+00:00\",\"dateModified\":\"2024-02-14T21:47:31+00:00\",\"mainEntityOfPage\":{\"@id\":\"https:\\\/\\\/macite.tg\\\/?p=12633\"},\"wordCount\":507,\"commentCount\":0,\"image\":{\"@id\":\"https:\\\/\\\/macite.tg\\\/?p=12633#primaryimage\"},\"thumbnailUrl\":\"https:\\\/\\\/macite.tg\\\/wp-content\\\/uploads\\\/2024\\\/02\\\/image-38.png\",\"articleSection\":[\"ACTUALITE\",\"POLITIQUE\"],\"inLanguage\":\"fr-FR\",\"potentialAction\":[{\"@type\":\"CommentAction\",\"name\":\"Comment\",\"target\":[\"https:\\\/\\\/macite.tg\\\/?p=12633#respond\"]}]},{\"@type\":\"WebPage\",\"@id\":\"https:\\\/\\\/macite.tg\\\/?p=12633\",\"url\":\"https:\\\/\\\/macite.tg\\\/?p=12633\",\"name\":\"SENEGAL \\\/ REVELATIONS SUR LA LOI D\u2019AMNISTIE : Guy Marius Sagna et l\u2019exil propos\u00e9 \u00e0 Ousmane Sonko -\",\"isPartOf\":{\"@id\":\"https:\\\/\\\/macite.tg\\\/#website\"},\"primaryImageOfPage\":{\"@id\":\"https:\\\/\\\/macite.tg\\\/?p=12633#primaryimage\"},\"image\":{\"@id\":\"https:\\\/\\\/macite.tg\\\/?p=12633#primaryimage\"},\"thumbnailUrl\":\"https:\\\/\\\/macite.tg\\\/wp-content\\\/uploads\\\/2024\\\/02\\\/image-38.png\",\"datePublished\":\"2024-02-14T21:47:13+00:00\",\"dateModified\":\"2024-02-14T21:47:31+00:00\",\"author\":{\"@id\":\"https:\\\/\\\/macite.tg\\\/#\\\/schema\\\/person\\\/e9f2de7e5dbbe7770a9402c7ce82f5c2\"},\"breadcrumb\":{\"@id\":\"https:\\\/\\\/macite.tg\\\/?p=12633#breadcrumb\"},\"inLanguage\":\"fr-FR\",\"potentialAction\":[{\"@type\":\"ReadAction\",\"target\":[\"https:\\\/\\\/macite.tg\\\/?p=12633\"]}]},{\"@type\":\"ImageObject\",\"inLanguage\":\"fr-FR\",\"@id\":\"https:\\\/\\\/macite.tg\\\/?p=12633#primaryimage\",\"url\":\"https:\\\/\\\/macite.tg\\\/wp-content\\\/uploads\\\/2024\\\/02\\\/image-38.png\",\"contentUrl\":\"https:\\\/\\\/macite.tg\\\/wp-content\\\/uploads\\\/2024\\\/02\\\/image-38.png\",\"width\":696,\"height\":391},{\"@type\":\"BreadcrumbList\",\"@id\":\"https:\\\/\\\/macite.tg\\\/?p=12633#breadcrumb\",\"itemListElement\":[{\"@type\":\"ListItem\",\"position\":1,\"name\":\"Accueil\",\"item\":\"https:\\\/\\\/macite.tg\\\/\"},{\"@type\":\"ListItem\",\"position\":2,\"name\":\"SENEGAL \\\/ REVELATIONS SUR LA LOI D\u2019AMNISTIE : Guy Marius Sagna et l\u2019exil propos\u00e9 \u00e0 Ousmane Sonko\"}]},{\"@type\":\"WebSite\",\"@id\":\"https:\\\/\\\/macite.tg\\\/#website\",\"url\":\"https:\\\/\\\/macite.tg\\\/\",\"name\":\"\",\"description\":\"L&#039;information, la bonne!!!\",\"potentialAction\":[{\"@type\":\"SearchAction\",\"target\":{\"@type\":\"EntryPoint\",\"urlTemplate\":\"https:\\\/\\\/macite.tg\\\/?s={search_term_string}\"},\"query-input\":{\"@type\":\"PropertyValueSpecification\",\"valueRequired\":true,\"valueName\":\"search_term_string\"}}],\"inLanguage\":\"fr-FR\"},{\"@type\":\"Person\",\"@id\":\"https:\\\/\\\/macite.tg\\\/#\\\/schema\\\/person\\\/e9f2de7e5dbbe7770a9402c7ce82f5c2\",\"name\":\"Jean Pierre BAWELA\",\"image\":{\"@type\":\"ImageObject\",\"inLanguage\":\"fr-FR\",\"@id\":\"https:\\\/\\\/macite.tg\\\/wp-content\\\/uploads\\\/2023\\\/09\\\/WhatsApp-Image-2023-09-19-at-14.44.41-122x122.jpeg\",\"url\":\"https:\\\/\\\/macite.tg\\\/wp-content\\\/uploads\\\/2023\\\/09\\\/WhatsApp-Image-2023-09-19-at-14.44.41-122x122.jpeg\",\"contentUrl\":\"https:\\\/\\\/macite.tg\\\/wp-content\\\/uploads\\\/2023\\\/09\\\/WhatsApp-Image-2023-09-19-at-14.44.41-122x122.jpeg\",\"caption\":\"Jean Pierre BAWELA\"},\"url\":\"https:\\\/\\\/macite.tg\\\/?author=2\"}]}<\/script>\n<!-- \/ Yoast SEO plugin. -->","yoast_head_json":{"title":"SENEGAL \/ REVELATIONS SUR LA LOI D\u2019AMNISTIE : Guy Marius Sagna et l\u2019exil propos\u00e9 \u00e0 Ousmane Sonko -","robots":{"index":"index","follow":"follow","max-snippet":"max-snippet:-1","max-image-preview":"max-image-preview:large","max-video-preview":"max-video-preview:-1"},"canonical":"https:\/\/macite.tg\/?p=12633","og_locale":"fr_FR","og_type":"article","og_title":"SENEGAL \/ REVELATIONS SUR LA LOI D\u2019AMNISTIE : Guy Marius Sagna et l\u2019exil propos\u00e9 \u00e0 Ousmane Sonko -","og_description":"Dans un post faisant \u00e9tat de la d\u00e9termination de Ousmane Sonko face aux r\u00e9centes turbulences politiques, Guy Marius Sagna r\u00e9v\u00e8le un \u00e9pisode m\u00e9connu. Il y a quelques mois de cela, des individus se seraient pr\u00e9sent\u00e9s \u00e0 Ousmane Sonko avec une proposition : quitter imm\u00e9diatement le [&hellip;]","og_url":"https:\/\/macite.tg\/?p=12633","article_published_time":"2024-02-14T21:47:13+00:00","article_modified_time":"2024-02-14T21:47:31+00:00","og_image":[{"width":696,"height":391,"url":"https:\/\/macite.tg\/wp-content\/uploads\/2024\/02\/image-38.png","type":"image\/png"}],"author":"Jean Pierre BAWELA","twitter_card":"summary_large_image","twitter_misc":{"\u00c9crit par":"Jean Pierre BAWELA","Dur\u00e9e de lecture estim\u00e9e":"2 minutes"},"schema":{"@context":"https:\/\/schema.org","@graph":[{"@type":"Article","@id":"https:\/\/macite.tg\/?p=12633#article","isPartOf":{"@id":"https:\/\/macite.tg\/?p=12633"},"author":{"name":"Jean Pierre BAWELA","@id":"https:\/\/macite.tg\/#\/schema\/person\/e9f2de7e5dbbe7770a9402c7ce82f5c2"},"headline":"SENEGAL \/ REVELATIONS SUR LA LOI D\u2019AMNISTIE : Guy Marius Sagna et l\u2019exil propos\u00e9 \u00e0 Ousmane Sonko","datePublished":"2024-02-14T21:47:13+00:00","dateModified":"2024-02-14T21:47:31+00:00","mainEntityOfPage":{"@id":"https:\/\/macite.tg\/?p=12633"},"wordCount":507,"commentCount":0,"image":{"@id":"https:\/\/macite.tg\/?p=12633#primaryimage"},"thumbnailUrl":"https:\/\/macite.tg\/wp-content\/uploads\/2024\/02\/image-38.png","articleSection":["ACTUALITE","POLITIQUE"],"inLanguage":"fr-FR","potentialAction":[{"@type":"CommentAction","name":"Comment","target":["https:\/\/macite.tg\/?p=12633#respond"]}]},{"@type":"WebPage","@id":"https:\/\/macite.tg\/?p=12633","url":"https:\/\/macite.tg\/?p=12633","name":"SENEGAL \/ REVELATIONS SUR LA LOI D\u2019AMNISTIE : Guy Marius Sagna et l\u2019exil propos\u00e9 \u00e0 Ousmane Sonko -","isPartOf":{"@id":"https:\/\/macite.tg\/#website"},"primaryImageOfPage":{"@id":"https:\/\/macite.tg\/?p=12633#primaryimage"},"image":{"@id":"https:\/\/macite.tg\/?p=12633#primaryimage"},"thumbnailUrl":"https:\/\/macite.tg\/wp-content\/uploads\/2024\/02\/image-38.png","datePublished":"2024-02-14T21:47:13+00:00","dateModified":"2024-02-14T21:47:31+00:00","author":{"@id":"https:\/\/macite.tg\/#\/schema\/person\/e9f2de7e5dbbe7770a9402c7ce82f5c2"},"breadcrumb":{"@id":"https:\/\/macite.tg\/?p=12633#breadcrumb"},"inLanguage":"fr-FR","potentialAction":[{"@type":"ReadAction","target":["https:\/\/macite.tg\/?p=12633"]}]},{"@type":"ImageObject","inLanguage":"fr-FR","@id":"https:\/\/macite.tg\/?p=12633#primaryimage","url":"https:\/\/macite.tg\/wp-content\/uploads\/2024\/02\/image-38.png","contentUrl":"https:\/\/macite.tg\/wp-content\/uploads\/2024\/02\/image-38.png","width":696,"height":391},{"@type":"BreadcrumbList","@id":"https:\/\/macite.tg\/?p=12633#breadcrumb","itemListElement":[{"@type":"ListItem","position":1,"name":"Accueil","item":"https:\/\/macite.tg\/"},{"@type":"ListItem","position":2,"name":"SENEGAL \/ REVELATIONS SUR LA LOI D\u2019AMNISTIE : Guy Marius Sagna et l\u2019exil propos\u00e9 \u00e0 Ousmane Sonko"}]},{"@type":"WebSite","@id":"https:\/\/macite.tg\/#website","url":"https:\/\/macite.tg\/","name":"","description":"L&#039;information, la bonne!!!","potentialAction":[{"@type":"SearchAction","target":{"@type":"EntryPoint","urlTemplate":"https:\/\/macite.tg\/?s={search_term_string}"},"query-input":{"@type":"PropertyValueSpecification","valueRequired":true,"valueName":"search_term_string"}}],"inLanguage":"fr-FR"},{"@type":"Person","@id":"https:\/\/macite.tg\/#\/schema\/person\/e9f2de7e5dbbe7770a9402c7ce82f5c2","name":"Jean Pierre BAWELA","image":{"@type":"ImageObject","inLanguage":"fr-FR","@id":"https:\/\/macite.tg\/wp-content\/uploads\/2023\/09\/WhatsApp-Image-2023-09-19-at-14.44.41-122x122.jpeg","url":"https:\/\/macite.tg\/wp-content\/uploads\/2023\/09\/WhatsApp-Image-2023-09-19-at-14.44.41-122x122.jpeg","contentUrl":"https:\/\/macite.tg\/wp-content\/uploads\/2023\/09\/WhatsApp-Image-2023-09-19-at-14.44.41-122x122.jpeg","caption":"Jean Pierre BAWELA"},"url":"https:\/\/macite.tg\/?author=2"}]}},"_links":{"self":[{"href":"https:\/\/macite.tg\/index.php?rest_route=\/wp\/v2\/posts\/12633","targetHints":{"allow":["GET"]}}],"collection":[{"href":"https:\/\/macite.tg\/index.php?rest_route=\/wp\/v2\/posts"}],"about":[{"href":"https:\/\/macite.tg\/index.php?rest_route=\/wp\/v2\/types\/post"}],"author":[{"embeddable":true,"href":"https:\/\/macite.tg\/index.php?rest_route=\/wp\/v2\/users\/2"}],"replies":[{"embeddable":true,"href":"https:\/\/macite.tg\/index.php?rest_route=%2Fwp%2Fv2%2Fcomments&post=12633"}],"version-history":[{"count":0,"href":"https:\/\/macite.tg\/index.php?rest_route=\/wp\/v2\/posts\/12633\/revisions"}],"wp:featuredmedia":[{"embeddable":true,"href":"https:\/\/macite.tg\/index.php?rest_route=\/wp\/v2\/media\/12634"}],"wp:attachment":[{"href":"https:\/\/macite.tg\/index.php?rest_route=%2Fwp%2Fv2%2Fmedia&parent=12633"}],"wp:term":[{"taxonomy":"category","embeddable":true,"href":"https:\/\/macite.tg\/index.php?rest_route=%2Fwp%2Fv2%2Fcategories&post=12633"},{"taxonomy":"post_tag","embeddable":true,"href":"https:\/\/macite.tg\/index.php?rest_route=%2Fwp%2Fv2%2Ftags&post=12633"}],"curies":[{"name":"wp","href":"https:\/\/api.w.org\/{rel}","templated":true}]}}