{"id":12630,"date":"2024-02-14T19:14:04","date_gmt":"2024-02-14T19:14:04","guid":{"rendered":"https:\/\/macite.tg\/?p=12630"},"modified":"2024-02-14T19:15:15","modified_gmt":"2024-02-14T19:15:15","slug":"liberia-une-femme-au-ministere-de-la-defense-une-premiere-la-generale-de-brigade-geraldine-george-entre-au-gouvernement","status":"publish","type":"post","link":"https:\/\/macite.tg\/?p=12630","title":{"rendered":"LIBERIA\/UNE FEMME AU MINISTERE DE LA DEFENSE, UNE PREMIERE\u00a0: La G\u00e9n\u00e9rale de brigade, Geraldine George, entre au gouvernement"},"content":{"rendered":"\n<p class=\"wp-block-paragraph\"><strong><em>\u00c0 la suite de la d\u00e9mission de son ministre de la D\u00e9fense, quelques jours seulement apr\u00e8s sa nomination, le pr\u00e9sident du Liberia, Joseph Boakai, a nomm\u00e9 une femme g\u00e9n\u00e9rale de brigade \u00e0 la retraite, pour le succ\u00e9der \u00e0 la t\u00eate de la grande muette, en tant qu\u2019int\u00e9rimaire.<\/em><\/strong><\/p>\n\n\n\n<p class=\"wp-block-paragraph\">La g\u00e9n\u00e9rale de brigade \u00e0 la retraite, Geraldine George, a \u00e9t\u00e9 nomm\u00e9e au poste de ministre de la D\u00e9fense par int\u00e9rim, apr\u00e8s que les protestations des \u00e9pouses de soldats ont forc\u00e9 la d\u00e9mission de son pr\u00e9d\u00e9cesseur. Avec cette nomination, c\u2019est une premi\u00e8re qui arrive dans ce pays ouest-africain, pour une femme d\u2019occuper ce poste strat\u00e9gique, m\u00eame si on ne sait pas pourquoi Mme George a \u00e9t\u00e9 nomm\u00e9e uniquement \u00e0 titre int\u00e9rimaire.<\/p>\n\n\n<div class=\"wp-block-image\">\n<figure class=\"aligncenter size-full\"><img loading=\"lazy\" decoding=\"async\" width=\"712\" height=\"1001\" src=\"https:\/\/macite.tg\/wp-content\/uploads\/2024\/02\/status_me_status_IMG-20240214-WA0075.jpg\" alt=\"\" class=\"wp-image-12621\" srcset=\"https:\/\/macite.tg\/wp-content\/uploads\/2024\/02\/status_me_status_IMG-20240214-WA0075.jpg 712w, https:\/\/macite.tg\/wp-content\/uploads\/2024\/02\/status_me_status_IMG-20240214-WA0075-213x300.jpg 213w\" sizes=\"auto, (max-width: 712px) 100vw, 712px\" \/><\/figure>\n<\/div>\n\n\n<p class=\"wp-block-paragraph\">Selon un rapport de Bbc, la nouvelle ministre s\u2019est enr\u00f4l\u00e9e dans l\u2019arm\u00e9e en 2006 alors qu\u2019elle \u00e9tait en reconstruction apr\u00e8s la fin d\u2019une guerre civile et est devenue membre des forces d\u2019\u00e9lite. Elle occupe le poste de chef de cabinet adjoint depuis six ans.<\/p>\n\n\n\n<p class=\"wp-block-paragraph\">Apr\u00e8s que Boakai a pr\u00eat\u00e9 serment en tant que pr\u00e9sident le 22 janvier, il l\u2019a nomm\u00e9e adjointe \u00e0 l\u2019administration du minist\u00e8re de la D\u00e9fense. Sa promotion intervient apr\u00e8s la d\u00e9mission du ministre de la D\u00e9fense, le prince Charles Johnson III, suite aux protestations des \u00e9pouses de soldats lundi. Sa nomination a \u00e9t\u00e9 confirm\u00e9e par le S\u00e9nat lib\u00e9rien la semaine derni\u00e8re seulement, mais les manifestations l\u2019ont contraint \u00e0 d\u00e9missionner.<\/p>\n\n\n\n<p class=\"wp-block-paragraph\">Les femmes ont d\u00e9clar\u00e9 qu\u2019en tant qu\u2019ancien chef d\u2019\u00e9tat-major des forces arm\u00e9es, il \u00e9tait responsable des bas salaires et des mauvaises conditions de vie dans les casernes militaires. Les femmes ont \u00e9rig\u00e9 des barrages routiers pr\u00e8s de la capitale, Monrovia, et ailleurs dans le pays, obligeant Boakai \u00e0 annuler les c\u00e9l\u00e9brations de la Journ\u00e9e nationale de l\u2019arm\u00e9e lundi.<\/p>\n\n\n<div class=\"wp-block-image\">\n<figure class=\"aligncenter size-full is-resized\"><img loading=\"lazy\" decoding=\"async\" src=\"https:\/\/macite.tg\/wp-content\/uploads\/2024\/02\/426709901_909930414475099_6338070050102141440_n.jpg\" alt=\"\" class=\"wp-image-12603\" width=\"596\" height=\"596\" srcset=\"https:\/\/macite.tg\/wp-content\/uploads\/2024\/02\/426709901_909930414475099_6338070050102141440_n.jpg 843w, https:\/\/macite.tg\/wp-content\/uploads\/2024\/02\/426709901_909930414475099_6338070050102141440_n-300x300.jpg 300w, https:\/\/macite.tg\/wp-content\/uploads\/2024\/02\/426709901_909930414475099_6338070050102141440_n-150x150.jpg 150w, https:\/\/macite.tg\/wp-content\/uploads\/2024\/02\/426709901_909930414475099_6338070050102141440_n-768x768.jpg 768w, https:\/\/macite.tg\/wp-content\/uploads\/2024\/02\/426709901_909930414475099_6338070050102141440_n-122x122.jpg 122w\" sizes=\"auto, (max-width: 596px) 100vw, 596px\" \/><\/figure>\n<\/div>\n\n\n<p class=\"wp-block-paragraph\">Boakai a pris ses fonctions apr\u00e8s avoir battu de peu le pr\u00e9sident sortant, George Weah, lors du second tour des \u00e9lections en novembre dernier, aucun des deux n\u2019ayant obtenu la majorit\u00e9 absolue au premier tour de scrutin.<\/p>\n\n\n\n<p class=\"wp-block-paragraph\"><strong>Source&nbsp;: netafrique<\/strong><\/p>\n\n\n\n<p class=\"wp-block-paragraph\"><a><strong><em>@macite.tg&nbsp;&nbsp;&nbsp;&nbsp;&nbsp;&nbsp;&nbsp;&nbsp;<\/em><\/strong><\/a><\/p>\n\n\n\n<p class=\"wp-block-paragraph\"><strong><em>E-mail&nbsp;: <\/em><\/strong><a href=\"mailto:maciteinfo@gmail.com\"><strong><em>maciteinfo@gmail.com<\/em><\/strong><\/a><strong><em>; <\/em><\/strong><a href=\"mailto:bawela1@gmail.com\"><strong><em>bawela1@gmail.com<\/em><\/strong><\/a><strong><em><\/em><\/strong><\/p>\n\n\n\n<p class=\"wp-block-paragraph\"><strong><em>Pour vos annonces, (publi)reportages, etc., joignez-nous au (00228)91515309\/<strong>79872224 <\/strong>www.macite.tg, L\u2019information, la bonne&nbsp;!<\/em><\/strong><\/p>\n","protected":false},"excerpt":{"rendered":"<p class=\"text-justify mb-2\" >\u00c0 la suite de la d\u00e9mission de son ministre de la D\u00e9fense, quelques jours seulement apr\u00e8s sa nomination, le pr\u00e9sident du Liberia, Joseph Boakai, a nomm\u00e9 une femme g\u00e9n\u00e9rale de brigade \u00e0 la retraite, pour le succ\u00e9der \u00e0 la t\u00eate de la grande muette, en [&hellip;]<\/p>\n","protected":false},"author":2,"featured_media":12631,"comment_status":"open","ping_status":"open","sticky":false,"template":"","format":"standard","meta":{"footnotes":""},"categories":[20,1],"tags":[],"class_list":["post-12630","post","type-post","status-publish","format-standard","has-post-thumbnail","hentry","category-actualite","category-politique"],"yoast_head":"<!-- This site is optimized with the Yoast SEO plugin v28.4 - https:\/\/yoast.com\/product\/yoast-seo-wordpress\/ -->\n<title>LIBERIA\/UNE FEMME AU MINISTERE DE LA DEFENSE, UNE PREMIERE\u00a0: La G\u00e9n\u00e9rale de brigade, Geraldine George, entre au gouvernement -<\/title>\n<meta name=\"robots\" content=\"index, follow, max-snippet:-1, max-image-preview:large, max-video-preview:-1\" \/>\n<link rel=\"canonical\" href=\"https:\/\/macite.tg\/?p=12630\" \/>\n<meta property=\"og:locale\" content=\"fr_FR\" \/>\n<meta property=\"og:type\" content=\"article\" \/>\n<meta property=\"og:title\" content=\"LIBERIA\/UNE FEMME AU MINISTERE DE LA DEFENSE, UNE PREMIERE\u00a0: La G\u00e9n\u00e9rale de brigade, Geraldine George, entre au gouvernement -\" \/>\n<meta property=\"og:description\" content=\"\u00c0 la suite de la d\u00e9mission de son ministre de la D\u00e9fense, quelques jours seulement apr\u00e8s sa nomination, le pr\u00e9sident du Liberia, Joseph Boakai, a nomm\u00e9 une femme g\u00e9n\u00e9rale de brigade \u00e0 la retraite, pour le succ\u00e9der \u00e0 la t\u00eate de la grande muette, en [&hellip;]\" \/>\n<meta property=\"og:url\" content=\"https:\/\/macite.tg\/?p=12630\" \/>\n<meta property=\"article:published_time\" content=\"2024-02-14T19:14:04+00:00\" \/>\n<meta property=\"article:modified_time\" content=\"2024-02-14T19:15:15+00:00\" \/>\n<meta property=\"og:image\" content=\"https:\/\/macite.tg\/wp-content\/uploads\/2024\/02\/image-37.png\" \/>\n\t<meta property=\"og:image:width\" content=\"1640\" \/>\n\t<meta property=\"og:image:height\" content=\"924\" \/>\n\t<meta property=\"og:image:type\" content=\"image\/png\" \/>\n<meta name=\"author\" content=\"Jean Pierre BAWELA\" \/>\n<meta name=\"twitter:card\" content=\"summary_large_image\" \/>\n<meta name=\"twitter:label1\" content=\"\u00c9crit par\" \/>\n\t<meta name=\"twitter:data1\" content=\"Jean Pierre BAWELA\" \/>\n\t<meta name=\"twitter:label2\" content=\"Dur\u00e9e de lecture estim\u00e9e\" \/>\n\t<meta name=\"twitter:data2\" content=\"2 minutes\" \/>\n<script type=\"application\/ld+json\" class=\"yoast-schema-graph\">{\"@context\":\"https:\\\/\\\/schema.org\",\"@graph\":[{\"@type\":\"Article\",\"@id\":\"https:\\\/\\\/macite.tg\\\/?p=12630#article\",\"isPartOf\":{\"@id\":\"https:\\\/\\\/macite.tg\\\/?p=12630\"},\"author\":{\"name\":\"Jean Pierre BAWELA\",\"@id\":\"https:\\\/\\\/macite.tg\\\/#\\\/schema\\\/person\\\/e9f2de7e5dbbe7770a9402c7ce82f5c2\"},\"headline\":\"LIBERIA\\\/UNE FEMME AU MINISTERE DE LA DEFENSE, UNE PREMIERE\u00a0: La G\u00e9n\u00e9rale de brigade, Geraldine George, entre au gouvernement\",\"datePublished\":\"2024-02-14T19:14:04+00:00\",\"dateModified\":\"2024-02-14T19:15:15+00:00\",\"mainEntityOfPage\":{\"@id\":\"https:\\\/\\\/macite.tg\\\/?p=12630\"},\"wordCount\":439,\"commentCount\":0,\"image\":{\"@id\":\"https:\\\/\\\/macite.tg\\\/?p=12630#primaryimage\"},\"thumbnailUrl\":\"https:\\\/\\\/macite.tg\\\/wp-content\\\/uploads\\\/2024\\\/02\\\/image-37.png\",\"articleSection\":[\"ACTUALITE\",\"POLITIQUE\"],\"inLanguage\":\"fr-FR\",\"potentialAction\":[{\"@type\":\"CommentAction\",\"name\":\"Comment\",\"target\":[\"https:\\\/\\\/macite.tg\\\/?p=12630#respond\"]}]},{\"@type\":\"WebPage\",\"@id\":\"https:\\\/\\\/macite.tg\\\/?p=12630\",\"url\":\"https:\\\/\\\/macite.tg\\\/?p=12630\",\"name\":\"LIBERIA\\\/UNE FEMME AU MINISTERE DE LA DEFENSE, UNE PREMIERE\u00a0: La G\u00e9n\u00e9rale de brigade, Geraldine George, entre au gouvernement -\",\"isPartOf\":{\"@id\":\"https:\\\/\\\/macite.tg\\\/#website\"},\"primaryImageOfPage\":{\"@id\":\"https:\\\/\\\/macite.tg\\\/?p=12630#primaryimage\"},\"image\":{\"@id\":\"https:\\\/\\\/macite.tg\\\/?p=12630#primaryimage\"},\"thumbnailUrl\":\"https:\\\/\\\/macite.tg\\\/wp-content\\\/uploads\\\/2024\\\/02\\\/image-37.png\",\"datePublished\":\"2024-02-14T19:14:04+00:00\",\"dateModified\":\"2024-02-14T19:15:15+00:00\",\"author\":{\"@id\":\"https:\\\/\\\/macite.tg\\\/#\\\/schema\\\/person\\\/e9f2de7e5dbbe7770a9402c7ce82f5c2\"},\"breadcrumb\":{\"@id\":\"https:\\\/\\\/macite.tg\\\/?p=12630#breadcrumb\"},\"inLanguage\":\"fr-FR\",\"potentialAction\":[{\"@type\":\"ReadAction\",\"target\":[\"https:\\\/\\\/macite.tg\\\/?p=12630\"]}]},{\"@type\":\"ImageObject\",\"inLanguage\":\"fr-FR\",\"@id\":\"https:\\\/\\\/macite.tg\\\/?p=12630#primaryimage\",\"url\":\"https:\\\/\\\/macite.tg\\\/wp-content\\\/uploads\\\/2024\\\/02\\\/image-37.png\",\"contentUrl\":\"https:\\\/\\\/macite.tg\\\/wp-content\\\/uploads\\\/2024\\\/02\\\/image-37.png\",\"width\":1640,\"height\":924},{\"@type\":\"BreadcrumbList\",\"@id\":\"https:\\\/\\\/macite.tg\\\/?p=12630#breadcrumb\",\"itemListElement\":[{\"@type\":\"ListItem\",\"position\":1,\"name\":\"Accueil\",\"item\":\"https:\\\/\\\/macite.tg\\\/\"},{\"@type\":\"ListItem\",\"position\":2,\"name\":\"LIBERIA\\\/UNE FEMME AU MINISTERE DE LA DEFENSE, UNE PREMIERE\u00a0: La G\u00e9n\u00e9rale de brigade, Geraldine George, entre au gouvernement\"}]},{\"@type\":\"WebSite\",\"@id\":\"https:\\\/\\\/macite.tg\\\/#website\",\"url\":\"https:\\\/\\\/macite.tg\\\/\",\"name\":\"\",\"description\":\"L&#039;information, la bonne!!!\",\"potentialAction\":[{\"@type\":\"SearchAction\",\"target\":{\"@type\":\"EntryPoint\",\"urlTemplate\":\"https:\\\/\\\/macite.tg\\\/?s={search_term_string}\"},\"query-input\":{\"@type\":\"PropertyValueSpecification\",\"valueRequired\":true,\"valueName\":\"search_term_string\"}}],\"inLanguage\":\"fr-FR\"},{\"@type\":\"Person\",\"@id\":\"https:\\\/\\\/macite.tg\\\/#\\\/schema\\\/person\\\/e9f2de7e5dbbe7770a9402c7ce82f5c2\",\"name\":\"Jean Pierre BAWELA\",\"image\":{\"@type\":\"ImageObject\",\"inLanguage\":\"fr-FR\",\"@id\":\"https:\\\/\\\/macite.tg\\\/wp-content\\\/uploads\\\/2023\\\/09\\\/WhatsApp-Image-2023-09-19-at-14.44.41-122x122.jpeg\",\"url\":\"https:\\\/\\\/macite.tg\\\/wp-content\\\/uploads\\\/2023\\\/09\\\/WhatsApp-Image-2023-09-19-at-14.44.41-122x122.jpeg\",\"contentUrl\":\"https:\\\/\\\/macite.tg\\\/wp-content\\\/uploads\\\/2023\\\/09\\\/WhatsApp-Image-2023-09-19-at-14.44.41-122x122.jpeg\",\"caption\":\"Jean Pierre BAWELA\"},\"url\":\"https:\\\/\\\/macite.tg\\\/?author=2\"}]}<\/script>\n<!-- \/ Yoast SEO plugin. -->","yoast_head_json":{"title":"LIBERIA\/UNE FEMME AU MINISTERE DE LA DEFENSE, UNE PREMIERE\u00a0: La G\u00e9n\u00e9rale de brigade, Geraldine George, entre au gouvernement -","robots":{"index":"index","follow":"follow","max-snippet":"max-snippet:-1","max-image-preview":"max-image-preview:large","max-video-preview":"max-video-preview:-1"},"canonical":"https:\/\/macite.tg\/?p=12630","og_locale":"fr_FR","og_type":"article","og_title":"LIBERIA\/UNE FEMME AU MINISTERE DE LA DEFENSE, UNE PREMIERE\u00a0: La G\u00e9n\u00e9rale de brigade, Geraldine George, entre au gouvernement -","og_description":"\u00c0 la suite de la d\u00e9mission de son ministre de la D\u00e9fense, quelques jours seulement apr\u00e8s sa nomination, le pr\u00e9sident du Liberia, Joseph Boakai, a nomm\u00e9 une femme g\u00e9n\u00e9rale de brigade \u00e0 la retraite, pour le succ\u00e9der \u00e0 la t\u00eate de la grande muette, en [&hellip;]","og_url":"https:\/\/macite.tg\/?p=12630","article_published_time":"2024-02-14T19:14:04+00:00","article_modified_time":"2024-02-14T19:15:15+00:00","og_image":[{"width":1640,"height":924,"url":"https:\/\/macite.tg\/wp-content\/uploads\/2024\/02\/image-37.png","type":"image\/png"}],"author":"Jean Pierre BAWELA","twitter_card":"summary_large_image","twitter_misc":{"\u00c9crit par":"Jean Pierre BAWELA","Dur\u00e9e de lecture estim\u00e9e":"2 minutes"},"schema":{"@context":"https:\/\/schema.org","@graph":[{"@type":"Article","@id":"https:\/\/macite.tg\/?p=12630#article","isPartOf":{"@id":"https:\/\/macite.tg\/?p=12630"},"author":{"name":"Jean Pierre BAWELA","@id":"https:\/\/macite.tg\/#\/schema\/person\/e9f2de7e5dbbe7770a9402c7ce82f5c2"},"headline":"LIBERIA\/UNE FEMME AU MINISTERE DE LA DEFENSE, UNE PREMIERE\u00a0: La G\u00e9n\u00e9rale de brigade, Geraldine George, entre au gouvernement","datePublished":"2024-02-14T19:14:04+00:00","dateModified":"2024-02-14T19:15:15+00:00","mainEntityOfPage":{"@id":"https:\/\/macite.tg\/?p=12630"},"wordCount":439,"commentCount":0,"image":{"@id":"https:\/\/macite.tg\/?p=12630#primaryimage"},"thumbnailUrl":"https:\/\/macite.tg\/wp-content\/uploads\/2024\/02\/image-37.png","articleSection":["ACTUALITE","POLITIQUE"],"inLanguage":"fr-FR","potentialAction":[{"@type":"CommentAction","name":"Comment","target":["https:\/\/macite.tg\/?p=12630#respond"]}]},{"@type":"WebPage","@id":"https:\/\/macite.tg\/?p=12630","url":"https:\/\/macite.tg\/?p=12630","name":"LIBERIA\/UNE FEMME AU MINISTERE DE LA DEFENSE, UNE PREMIERE\u00a0: La G\u00e9n\u00e9rale de brigade, Geraldine George, entre au gouvernement -","isPartOf":{"@id":"https:\/\/macite.tg\/#website"},"primaryImageOfPage":{"@id":"https:\/\/macite.tg\/?p=12630#primaryimage"},"image":{"@id":"https:\/\/macite.tg\/?p=12630#primaryimage"},"thumbnailUrl":"https:\/\/macite.tg\/wp-content\/uploads\/2024\/02\/image-37.png","datePublished":"2024-02-14T19:14:04+00:00","dateModified":"2024-02-14T19:15:15+00:00","author":{"@id":"https:\/\/macite.tg\/#\/schema\/person\/e9f2de7e5dbbe7770a9402c7ce82f5c2"},"breadcrumb":{"@id":"https:\/\/macite.tg\/?p=12630#breadcrumb"},"inLanguage":"fr-FR","potentialAction":[{"@type":"ReadAction","target":["https:\/\/macite.tg\/?p=12630"]}]},{"@type":"ImageObject","inLanguage":"fr-FR","@id":"https:\/\/macite.tg\/?p=12630#primaryimage","url":"https:\/\/macite.tg\/wp-content\/uploads\/2024\/02\/image-37.png","contentUrl":"https:\/\/macite.tg\/wp-content\/uploads\/2024\/02\/image-37.png","width":1640,"height":924},{"@type":"BreadcrumbList","@id":"https:\/\/macite.tg\/?p=12630#breadcrumb","itemListElement":[{"@type":"ListItem","position":1,"name":"Accueil","item":"https:\/\/macite.tg\/"},{"@type":"ListItem","position":2,"name":"LIBERIA\/UNE FEMME AU MINISTERE DE LA DEFENSE, UNE PREMIERE\u00a0: La G\u00e9n\u00e9rale de brigade, Geraldine George, entre au gouvernement"}]},{"@type":"WebSite","@id":"https:\/\/macite.tg\/#website","url":"https:\/\/macite.tg\/","name":"","description":"L&#039;information, la bonne!!!","potentialAction":[{"@type":"SearchAction","target":{"@type":"EntryPoint","urlTemplate":"https:\/\/macite.tg\/?s={search_term_string}"},"query-input":{"@type":"PropertyValueSpecification","valueRequired":true,"valueName":"search_term_string"}}],"inLanguage":"fr-FR"},{"@type":"Person","@id":"https:\/\/macite.tg\/#\/schema\/person\/e9f2de7e5dbbe7770a9402c7ce82f5c2","name":"Jean Pierre BAWELA","image":{"@type":"ImageObject","inLanguage":"fr-FR","@id":"https:\/\/macite.tg\/wp-content\/uploads\/2023\/09\/WhatsApp-Image-2023-09-19-at-14.44.41-122x122.jpeg","url":"https:\/\/macite.tg\/wp-content\/uploads\/2023\/09\/WhatsApp-Image-2023-09-19-at-14.44.41-122x122.jpeg","contentUrl":"https:\/\/macite.tg\/wp-content\/uploads\/2023\/09\/WhatsApp-Image-2023-09-19-at-14.44.41-122x122.jpeg","caption":"Jean Pierre BAWELA"},"url":"https:\/\/macite.tg\/?author=2"}]}},"_links":{"self":[{"href":"https:\/\/macite.tg\/index.php?rest_route=\/wp\/v2\/posts\/12630","targetHints":{"allow":["GET"]}}],"collection":[{"href":"https:\/\/macite.tg\/index.php?rest_route=\/wp\/v2\/posts"}],"about":[{"href":"https:\/\/macite.tg\/index.php?rest_route=\/wp\/v2\/types\/post"}],"author":[{"embeddable":true,"href":"https:\/\/macite.tg\/index.php?rest_route=\/wp\/v2\/users\/2"}],"replies":[{"embeddable":true,"href":"https:\/\/macite.tg\/index.php?rest_route=%2Fwp%2Fv2%2Fcomments&post=12630"}],"version-history":[{"count":0,"href":"https:\/\/macite.tg\/index.php?rest_route=\/wp\/v2\/posts\/12630\/revisions"}],"wp:featuredmedia":[{"embeddable":true,"href":"https:\/\/macite.tg\/index.php?rest_route=\/wp\/v2\/media\/12631"}],"wp:attachment":[{"href":"https:\/\/macite.tg\/index.php?rest_route=%2Fwp%2Fv2%2Fmedia&parent=12630"}],"wp:term":[{"taxonomy":"category","embeddable":true,"href":"https:\/\/macite.tg\/index.php?rest_route=%2Fwp%2Fv2%2Fcategories&post=12630"},{"taxonomy":"post_tag","embeddable":true,"href":"https:\/\/macite.tg\/index.php?rest_route=%2Fwp%2Fv2%2Ftags&post=12630"}],"curies":[{"name":"wp","href":"https:\/\/api.w.org\/{rel}","templated":true}]}}