{"id":12626,"date":"2024-02-14T18:59:00","date_gmt":"2024-02-14T18:59:00","guid":{"rendered":"https:\/\/macite.tg\/?p=12626"},"modified":"2024-02-14T18:59:02","modified_gmt":"2024-02-14T18:59:02","slug":"otr-golfe-2-la-division-des-operations-fiscales-change-de-cadre","status":"publish","type":"post","link":"https:\/\/macite.tg\/?p=12626","title":{"rendered":"OTR\/GOLFE 2 : La Division des Op\u00e9rations fiscales change de cadre"},"content":{"rendered":"\n<p class=\"wp-block-paragraph\"><strong><em>Nouvelle ann\u00e9e, nouveau cadre, nouveaux d\u00e9fis\u00a0! Tel semble \u00eatre la motivation des premiers responsables de l\u2019Office togolais des recettes (Otr) qui ont dot\u00e9 la Divion des Op\u00e9rations Fiscales du Golfe 2 d\u2019un cadre flambant neuf au quartier Novissi.<\/em><\/strong><\/p>\n\n\n\n<p class=\"wp-block-paragraph\">Dans un communiqu\u00e9 en date du 13 f\u00e9vrier 2024, le Commissaire g\u00e9n\u00e9ral de l\u2019Office togolais des recettes (Otr), Dr Philippe Kokou Tchodi\u00e8, informe les contribuables, notamment les usagers de la Division des op\u00e9rations fiscales du Golfe 2, a d\u00e9m\u00e9nag\u00e9.<\/p>\n\n\n<div class=\"wp-block-image\">\n<figure class=\"aligncenter size-full\"><img loading=\"lazy\" decoding=\"async\" width=\"485\" height=\"607\" src=\"https:\/\/macite.tg\/wp-content\/uploads\/2024\/02\/421269101_894081102726697_4923617785280576181_n.jpg\" alt=\"\" class=\"wp-image-12628\" srcset=\"https:\/\/macite.tg\/wp-content\/uploads\/2024\/02\/421269101_894081102726697_4923617785280576181_n.jpg 485w, https:\/\/macite.tg\/wp-content\/uploads\/2024\/02\/421269101_894081102726697_4923617785280576181_n-240x300.jpg 240w\" sizes=\"auto, (max-width: 485px) 100vw, 485px\" \/><\/figure>\n<\/div>\n\n\n<p class=\"wp-block-paragraph\">Initialement sis \u00e0 H\u00e9dzranawo\u00e9, ladite Division est d\u00e9sormais transf\u00e9r\u00e9e au quartier Novissi, 3\u00e8me rue \u00e0 gauche, en allant de la station d\u2019essence Mrs Novissi vers la station d\u2019essence Oando (Avenue Akei), ou dans la 4\u00e8me rue \u00e0 droite, en partant de Oando vers Mrs Novissi.<\/p>\n\n\n\n<p class=\"wp-block-paragraph\">Lire dans les lignes qui suivent, l\u2019int\u00e9gralit\u00e9 dudit communiqu\u00e9&nbsp;:<\/p>\n\n\n<div class=\"wp-block-image\">\n<figure class=\"aligncenter size-full\"><img loading=\"lazy\" decoding=\"async\" width=\"712\" height=\"1001\" src=\"https:\/\/macite.tg\/wp-content\/uploads\/2024\/02\/status_me_status_IMG-20240214-WA0075.jpg\" alt=\"\" class=\"wp-image-12621\" srcset=\"https:\/\/macite.tg\/wp-content\/uploads\/2024\/02\/status_me_status_IMG-20240214-WA0075.jpg 712w, https:\/\/macite.tg\/wp-content\/uploads\/2024\/02\/status_me_status_IMG-20240214-WA0075-213x300.jpg 213w\" sizes=\"auto, (max-width: 712px) 100vw, 712px\" \/><\/figure>\n<\/div>\n\n\n<p class=\"wp-block-paragraph\"><strong>La R\u00e9daction<\/strong><\/p>\n\n\n\n<p class=\"wp-block-paragraph\"><a><strong><em>@macite.tg&nbsp;&nbsp;&nbsp;&nbsp;&nbsp;&nbsp;&nbsp;&nbsp;<\/em><\/strong><\/a><\/p>\n\n\n\n<p class=\"wp-block-paragraph\"><strong><em>E-mail&nbsp;: <\/em><\/strong><a href=\"mailto:maciteinfo@gmail.com\"><strong><em>maciteinfo@gmail.com<\/em><\/strong><\/a><strong><em>; <\/em><\/strong><a href=\"mailto:bawela1@gmail.com\"><strong><em>bawela1@gmail.com<\/em><\/strong><\/a><strong><em><\/em><\/strong><\/p>\n\n\n\n<p class=\"wp-block-paragraph\"><strong><em>Pour vos annonces, (publi)reportages, etc., joignez-nous au (00228)91515309\/<strong>79872224 <\/strong>www.macite.tg, L\u2019information, la bonne&nbsp;!<\/em><\/strong><\/p>\n","protected":false},"excerpt":{"rendered":"<p class=\"text-justify mb-2\" >Nouvelle ann\u00e9e, nouveau cadre, nouveaux d\u00e9fis\u00a0! Tel semble \u00eatre la motivation des premiers responsables de l\u2019Office togolais des recettes (Otr) qui ont dot\u00e9 la Divion des Op\u00e9rations Fiscales du Golfe 2 d\u2019un cadre flambant neuf au quartier Novissi. Dans un communiqu\u00e9 en date du 13 [&hellip;]<\/p>\n","protected":false},"author":2,"featured_media":12627,"comment_status":"open","ping_status":"open","sticky":false,"template":"","format":"standard","meta":{"footnotes":""},"categories":[20,15],"tags":[],"class_list":["post-12626","post","type-post","status-publish","format-standard","has-post-thumbnail","hentry","category-actualite","category-developpement"],"yoast_head":"<!-- This site is optimized with the Yoast SEO plugin v28.4 - https:\/\/yoast.com\/product\/yoast-seo-wordpress\/ -->\n<title>OTR\/GOLFE 2 : La Division des Op\u00e9rations fiscales change de cadre -<\/title>\n<meta name=\"robots\" content=\"index, follow, max-snippet:-1, max-image-preview:large, max-video-preview:-1\" \/>\n<link rel=\"canonical\" href=\"https:\/\/macite.tg\/?p=12626\" \/>\n<meta property=\"og:locale\" content=\"fr_FR\" \/>\n<meta property=\"og:type\" content=\"article\" \/>\n<meta property=\"og:title\" content=\"OTR\/GOLFE 2 : La Division des Op\u00e9rations fiscales change de cadre -\" \/>\n<meta property=\"og:description\" content=\"Nouvelle ann\u00e9e, nouveau cadre, nouveaux d\u00e9fis\u00a0! Tel semble \u00eatre la motivation des premiers responsables de l\u2019Office togolais des recettes (Otr) qui ont dot\u00e9 la Divion des Op\u00e9rations Fiscales du Golfe 2 d\u2019un cadre flambant neuf au quartier Novissi. Dans un communiqu\u00e9 en date du 13 [&hellip;]\" \/>\n<meta property=\"og:url\" content=\"https:\/\/macite.tg\/?p=12626\" \/>\n<meta property=\"article:published_time\" content=\"2024-02-14T18:59:00+00:00\" \/>\n<meta property=\"article:modified_time\" content=\"2024-02-14T18:59:02+00:00\" \/>\n<meta property=\"og:image\" content=\"https:\/\/macite.tg\/wp-content\/uploads\/2024\/02\/IMG-20240214-WA0088.jpg\" \/>\n\t<meta property=\"og:image:width\" content=\"1080\" \/>\n\t<meta property=\"og:image:height\" content=\"682\" \/>\n\t<meta property=\"og:image:type\" content=\"image\/jpeg\" \/>\n<meta name=\"author\" content=\"Jean Pierre BAWELA\" \/>\n<meta name=\"twitter:card\" content=\"summary_large_image\" \/>\n<meta name=\"twitter:label1\" content=\"\u00c9crit par\" \/>\n\t<meta name=\"twitter:data1\" content=\"Jean Pierre BAWELA\" \/>\n\t<meta name=\"twitter:label2\" content=\"Dur\u00e9e de lecture estim\u00e9e\" \/>\n\t<meta name=\"twitter:data2\" content=\"1 minute\" \/>\n<script type=\"application\/ld+json\" class=\"yoast-schema-graph\">{\"@context\":\"https:\\\/\\\/schema.org\",\"@graph\":[{\"@type\":\"Article\",\"@id\":\"https:\\\/\\\/macite.tg\\\/?p=12626#article\",\"isPartOf\":{\"@id\":\"https:\\\/\\\/macite.tg\\\/?p=12626\"},\"author\":{\"name\":\"Jean Pierre BAWELA\",\"@id\":\"https:\\\/\\\/macite.tg\\\/#\\\/schema\\\/person\\\/e9f2de7e5dbbe7770a9402c7ce82f5c2\"},\"headline\":\"OTR\\\/GOLFE 2 : La Division des Op\u00e9rations fiscales change de cadre\",\"datePublished\":\"2024-02-14T18:59:00+00:00\",\"dateModified\":\"2024-02-14T18:59:02+00:00\",\"mainEntityOfPage\":{\"@id\":\"https:\\\/\\\/macite.tg\\\/?p=12626\"},\"wordCount\":193,\"commentCount\":0,\"image\":{\"@id\":\"https:\\\/\\\/macite.tg\\\/?p=12626#primaryimage\"},\"thumbnailUrl\":\"https:\\\/\\\/macite.tg\\\/wp-content\\\/uploads\\\/2024\\\/02\\\/IMG-20240214-WA0088.jpg\",\"articleSection\":[\"ACTUALITE\",\"DEVELOPPEMENT\"],\"inLanguage\":\"fr-FR\",\"potentialAction\":[{\"@type\":\"CommentAction\",\"name\":\"Comment\",\"target\":[\"https:\\\/\\\/macite.tg\\\/?p=12626#respond\"]}]},{\"@type\":\"WebPage\",\"@id\":\"https:\\\/\\\/macite.tg\\\/?p=12626\",\"url\":\"https:\\\/\\\/macite.tg\\\/?p=12626\",\"name\":\"OTR\\\/GOLFE 2 : La Division des Op\u00e9rations fiscales change de cadre -\",\"isPartOf\":{\"@id\":\"https:\\\/\\\/macite.tg\\\/#website\"},\"primaryImageOfPage\":{\"@id\":\"https:\\\/\\\/macite.tg\\\/?p=12626#primaryimage\"},\"image\":{\"@id\":\"https:\\\/\\\/macite.tg\\\/?p=12626#primaryimage\"},\"thumbnailUrl\":\"https:\\\/\\\/macite.tg\\\/wp-content\\\/uploads\\\/2024\\\/02\\\/IMG-20240214-WA0088.jpg\",\"datePublished\":\"2024-02-14T18:59:00+00:00\",\"dateModified\":\"2024-02-14T18:59:02+00:00\",\"author\":{\"@id\":\"https:\\\/\\\/macite.tg\\\/#\\\/schema\\\/person\\\/e9f2de7e5dbbe7770a9402c7ce82f5c2\"},\"breadcrumb\":{\"@id\":\"https:\\\/\\\/macite.tg\\\/?p=12626#breadcrumb\"},\"inLanguage\":\"fr-FR\",\"potentialAction\":[{\"@type\":\"ReadAction\",\"target\":[\"https:\\\/\\\/macite.tg\\\/?p=12626\"]}]},{\"@type\":\"ImageObject\",\"inLanguage\":\"fr-FR\",\"@id\":\"https:\\\/\\\/macite.tg\\\/?p=12626#primaryimage\",\"url\":\"https:\\\/\\\/macite.tg\\\/wp-content\\\/uploads\\\/2024\\\/02\\\/IMG-20240214-WA0088.jpg\",\"contentUrl\":\"https:\\\/\\\/macite.tg\\\/wp-content\\\/uploads\\\/2024\\\/02\\\/IMG-20240214-WA0088.jpg\",\"width\":1080,\"height\":682,\"caption\":\"Le b\u00e2timent abritant la Division des Op\u00e9rations fiscales de Golfe 2, \u00e0 Lom\u00e9.\"},{\"@type\":\"BreadcrumbList\",\"@id\":\"https:\\\/\\\/macite.tg\\\/?p=12626#breadcrumb\",\"itemListElement\":[{\"@type\":\"ListItem\",\"position\":1,\"name\":\"Accueil\",\"item\":\"https:\\\/\\\/macite.tg\\\/\"},{\"@type\":\"ListItem\",\"position\":2,\"name\":\"OTR\\\/GOLFE 2 : La Division des Op\u00e9rations fiscales change de cadre\"}]},{\"@type\":\"WebSite\",\"@id\":\"https:\\\/\\\/macite.tg\\\/#website\",\"url\":\"https:\\\/\\\/macite.tg\\\/\",\"name\":\"\",\"description\":\"L&#039;information, la bonne!!!\",\"potentialAction\":[{\"@type\":\"SearchAction\",\"target\":{\"@type\":\"EntryPoint\",\"urlTemplate\":\"https:\\\/\\\/macite.tg\\\/?s={search_term_string}\"},\"query-input\":{\"@type\":\"PropertyValueSpecification\",\"valueRequired\":true,\"valueName\":\"search_term_string\"}}],\"inLanguage\":\"fr-FR\"},{\"@type\":\"Person\",\"@id\":\"https:\\\/\\\/macite.tg\\\/#\\\/schema\\\/person\\\/e9f2de7e5dbbe7770a9402c7ce82f5c2\",\"name\":\"Jean Pierre BAWELA\",\"image\":{\"@type\":\"ImageObject\",\"inLanguage\":\"fr-FR\",\"@id\":\"https:\\\/\\\/macite.tg\\\/wp-content\\\/uploads\\\/2023\\\/09\\\/WhatsApp-Image-2023-09-19-at-14.44.41-122x122.jpeg\",\"url\":\"https:\\\/\\\/macite.tg\\\/wp-content\\\/uploads\\\/2023\\\/09\\\/WhatsApp-Image-2023-09-19-at-14.44.41-122x122.jpeg\",\"contentUrl\":\"https:\\\/\\\/macite.tg\\\/wp-content\\\/uploads\\\/2023\\\/09\\\/WhatsApp-Image-2023-09-19-at-14.44.41-122x122.jpeg\",\"caption\":\"Jean Pierre BAWELA\"},\"url\":\"https:\\\/\\\/macite.tg\\\/?author=2\"}]}<\/script>\n<!-- \/ Yoast SEO plugin. -->","yoast_head_json":{"title":"OTR\/GOLFE 2 : La Division des Op\u00e9rations fiscales change de cadre -","robots":{"index":"index","follow":"follow","max-snippet":"max-snippet:-1","max-image-preview":"max-image-preview:large","max-video-preview":"max-video-preview:-1"},"canonical":"https:\/\/macite.tg\/?p=12626","og_locale":"fr_FR","og_type":"article","og_title":"OTR\/GOLFE 2 : La Division des Op\u00e9rations fiscales change de cadre -","og_description":"Nouvelle ann\u00e9e, nouveau cadre, nouveaux d\u00e9fis\u00a0! Tel semble \u00eatre la motivation des premiers responsables de l\u2019Office togolais des recettes (Otr) qui ont dot\u00e9 la Divion des Op\u00e9rations Fiscales du Golfe 2 d\u2019un cadre flambant neuf au quartier Novissi. Dans un communiqu\u00e9 en date du 13 [&hellip;]","og_url":"https:\/\/macite.tg\/?p=12626","article_published_time":"2024-02-14T18:59:00+00:00","article_modified_time":"2024-02-14T18:59:02+00:00","og_image":[{"width":1080,"height":682,"url":"https:\/\/macite.tg\/wp-content\/uploads\/2024\/02\/IMG-20240214-WA0088.jpg","type":"image\/jpeg"}],"author":"Jean Pierre BAWELA","twitter_card":"summary_large_image","twitter_misc":{"\u00c9crit par":"Jean Pierre BAWELA","Dur\u00e9e de lecture estim\u00e9e":"1 minute"},"schema":{"@context":"https:\/\/schema.org","@graph":[{"@type":"Article","@id":"https:\/\/macite.tg\/?p=12626#article","isPartOf":{"@id":"https:\/\/macite.tg\/?p=12626"},"author":{"name":"Jean Pierre BAWELA","@id":"https:\/\/macite.tg\/#\/schema\/person\/e9f2de7e5dbbe7770a9402c7ce82f5c2"},"headline":"OTR\/GOLFE 2 : La Division des Op\u00e9rations fiscales change de cadre","datePublished":"2024-02-14T18:59:00+00:00","dateModified":"2024-02-14T18:59:02+00:00","mainEntityOfPage":{"@id":"https:\/\/macite.tg\/?p=12626"},"wordCount":193,"commentCount":0,"image":{"@id":"https:\/\/macite.tg\/?p=12626#primaryimage"},"thumbnailUrl":"https:\/\/macite.tg\/wp-content\/uploads\/2024\/02\/IMG-20240214-WA0088.jpg","articleSection":["ACTUALITE","DEVELOPPEMENT"],"inLanguage":"fr-FR","potentialAction":[{"@type":"CommentAction","name":"Comment","target":["https:\/\/macite.tg\/?p=12626#respond"]}]},{"@type":"WebPage","@id":"https:\/\/macite.tg\/?p=12626","url":"https:\/\/macite.tg\/?p=12626","name":"OTR\/GOLFE 2 : La Division des Op\u00e9rations fiscales change de cadre -","isPartOf":{"@id":"https:\/\/macite.tg\/#website"},"primaryImageOfPage":{"@id":"https:\/\/macite.tg\/?p=12626#primaryimage"},"image":{"@id":"https:\/\/macite.tg\/?p=12626#primaryimage"},"thumbnailUrl":"https:\/\/macite.tg\/wp-content\/uploads\/2024\/02\/IMG-20240214-WA0088.jpg","datePublished":"2024-02-14T18:59:00+00:00","dateModified":"2024-02-14T18:59:02+00:00","author":{"@id":"https:\/\/macite.tg\/#\/schema\/person\/e9f2de7e5dbbe7770a9402c7ce82f5c2"},"breadcrumb":{"@id":"https:\/\/macite.tg\/?p=12626#breadcrumb"},"inLanguage":"fr-FR","potentialAction":[{"@type":"ReadAction","target":["https:\/\/macite.tg\/?p=12626"]}]},{"@type":"ImageObject","inLanguage":"fr-FR","@id":"https:\/\/macite.tg\/?p=12626#primaryimage","url":"https:\/\/macite.tg\/wp-content\/uploads\/2024\/02\/IMG-20240214-WA0088.jpg","contentUrl":"https:\/\/macite.tg\/wp-content\/uploads\/2024\/02\/IMG-20240214-WA0088.jpg","width":1080,"height":682,"caption":"Le b\u00e2timent abritant la Division des Op\u00e9rations fiscales de Golfe 2, \u00e0 Lom\u00e9."},{"@type":"BreadcrumbList","@id":"https:\/\/macite.tg\/?p=12626#breadcrumb","itemListElement":[{"@type":"ListItem","position":1,"name":"Accueil","item":"https:\/\/macite.tg\/"},{"@type":"ListItem","position":2,"name":"OTR\/GOLFE 2 : La Division des Op\u00e9rations fiscales change de cadre"}]},{"@type":"WebSite","@id":"https:\/\/macite.tg\/#website","url":"https:\/\/macite.tg\/","name":"","description":"L&#039;information, la bonne!!!","potentialAction":[{"@type":"SearchAction","target":{"@type":"EntryPoint","urlTemplate":"https:\/\/macite.tg\/?s={search_term_string}"},"query-input":{"@type":"PropertyValueSpecification","valueRequired":true,"valueName":"search_term_string"}}],"inLanguage":"fr-FR"},{"@type":"Person","@id":"https:\/\/macite.tg\/#\/schema\/person\/e9f2de7e5dbbe7770a9402c7ce82f5c2","name":"Jean Pierre BAWELA","image":{"@type":"ImageObject","inLanguage":"fr-FR","@id":"https:\/\/macite.tg\/wp-content\/uploads\/2023\/09\/WhatsApp-Image-2023-09-19-at-14.44.41-122x122.jpeg","url":"https:\/\/macite.tg\/wp-content\/uploads\/2023\/09\/WhatsApp-Image-2023-09-19-at-14.44.41-122x122.jpeg","contentUrl":"https:\/\/macite.tg\/wp-content\/uploads\/2023\/09\/WhatsApp-Image-2023-09-19-at-14.44.41-122x122.jpeg","caption":"Jean Pierre BAWELA"},"url":"https:\/\/macite.tg\/?author=2"}]}},"_links":{"self":[{"href":"https:\/\/macite.tg\/index.php?rest_route=\/wp\/v2\/posts\/12626","targetHints":{"allow":["GET"]}}],"collection":[{"href":"https:\/\/macite.tg\/index.php?rest_route=\/wp\/v2\/posts"}],"about":[{"href":"https:\/\/macite.tg\/index.php?rest_route=\/wp\/v2\/types\/post"}],"author":[{"embeddable":true,"href":"https:\/\/macite.tg\/index.php?rest_route=\/wp\/v2\/users\/2"}],"replies":[{"embeddable":true,"href":"https:\/\/macite.tg\/index.php?rest_route=%2Fwp%2Fv2%2Fcomments&post=12626"}],"version-history":[{"count":0,"href":"https:\/\/macite.tg\/index.php?rest_route=\/wp\/v2\/posts\/12626\/revisions"}],"wp:featuredmedia":[{"embeddable":true,"href":"https:\/\/macite.tg\/index.php?rest_route=\/wp\/v2\/media\/12627"}],"wp:attachment":[{"href":"https:\/\/macite.tg\/index.php?rest_route=%2Fwp%2Fv2%2Fmedia&parent=12626"}],"wp:term":[{"taxonomy":"category","embeddable":true,"href":"https:\/\/macite.tg\/index.php?rest_route=%2Fwp%2Fv2%2Fcategories&post=12626"},{"taxonomy":"post_tag","embeddable":true,"href":"https:\/\/macite.tg\/index.php?rest_route=%2Fwp%2Fv2%2Ftags&post=12626"}],"curies":[{"name":"wp","href":"https:\/\/api.w.org\/{rel}","templated":true}]}}