{"id":12622,"date":"2024-02-14T18:30:19","date_gmt":"2024-02-14T18:30:19","guid":{"rendered":"https:\/\/macite.tg\/?p=12622"},"modified":"2024-02-14T18:30:38","modified_gmt":"2024-02-14T18:30:38","slug":"togo-legislatives-et-regionales-2024-voici-le-chronogramme-des-activites","status":"publish","type":"post","link":"https:\/\/macite.tg\/?p=12622","title":{"rendered":"TOGO \/ LEGISLATIVES ET REGIONALES 2024 : Voici le chronogramme des activit\u00e9s"},"content":{"rendered":"\n<p class=\"wp-block-paragraph\"><\/p>\n\n\n\n<p class=\"wp-block-paragraph\"><strong><em>Dans un communiqu\u00e9 en date du 09 f\u00e9vrier 2024, la Commission \u00e9lectorale ind\u00e9pendante du Togo (Ceni) a rendu public le chronogramme des activit\u00e9s entrant dans le cadre de la double \u00e9lection du 13 avril prochain, notamment les l\u00e9gislatives et les r\u00e9gionales.<\/em><\/strong><\/p>\n\n\n<div class=\"wp-block-image\">\n<figure class=\"aligncenter size-full is-resized\"><img loading=\"lazy\" decoding=\"async\" src=\"https:\/\/macite.tg\/wp-content\/uploads\/2024\/02\/426709901_909930414475099_6338070050102141440_n.jpg\" alt=\"\" class=\"wp-image-12603\" width=\"531\" height=\"531\" srcset=\"https:\/\/macite.tg\/wp-content\/uploads\/2024\/02\/426709901_909930414475099_6338070050102141440_n.jpg 843w, https:\/\/macite.tg\/wp-content\/uploads\/2024\/02\/426709901_909930414475099_6338070050102141440_n-300x300.jpg 300w, https:\/\/macite.tg\/wp-content\/uploads\/2024\/02\/426709901_909930414475099_6338070050102141440_n-150x150.jpg 150w, https:\/\/macite.tg\/wp-content\/uploads\/2024\/02\/426709901_909930414475099_6338070050102141440_n-768x768.jpg 768w, https:\/\/macite.tg\/wp-content\/uploads\/2024\/02\/426709901_909930414475099_6338070050102141440_n-122x122.jpg 122w\" sizes=\"auto, (max-width: 531px) 100vw, 531px\" \/><\/figure>\n<\/div>\n\n\n<p class=\"wp-block-paragraph\">Au rang de ces activit\u00e9s, on peut citer la conception et l\u2019adoption des documents \u00e9lectoraux pour le vote, notamment les fiches, les proc\u00e8s-verbaux, au repli du mat\u00e9riel de vote \u00e0 la Ceni, en passant par la gestion des candidatures pour les \u00e9lections l\u00e9gislatives et r\u00e9gionales 2024, l\u2019Etat des lieux et commande du mat\u00e9riel \u00e9lectoraux de vote, pr\u00e9paration de la centralisation des r\u00e9sultats de vote, d\u00e9ploiement des forces de l\u2019ordre er de s\u00e9curit\u00e9, des taches sp\u00e9cifiques pour le vote, etc.<\/p>\n\n\n\n<p class=\"wp-block-paragraph\">Dans les lignes qui suivent, le tableau r\u00e9capitulatif de toutes les activit\u00e9s au programme de cette double \u00e9lection au Togo&nbsp;:<\/p>\n\n\n\n<div data-wp-interactive=\"core\/file\" class=\"wp-block-file\"><object data-wp-bind--hidden=\"!state.hasPdfPreview\" hidden class=\"wp-block-file__embed\" data=\"https:\/\/macite.tg\/wp-content\/uploads\/2024\/02\/Chronogramme-elections-13-avril-2024-version-finale.pdf\" type=\"application\/pdf\" style=\"width:100%;height:600px\" aria-label=\"Contenu embarqu\u00e9 Chronogramme-elections-13-avril-2024-version-finale.\"><\/object><a id=\"wp-block-file--media-43435804-5f23-4ad4-9bd2-19cb0ed03550\" href=\"https:\/\/macite.tg\/wp-content\/uploads\/2024\/02\/Chronogramme-elections-13-avril-2024-version-finale.pdf\">Chronogramme-elections-13-avril-2024-version-finale<\/a><a href=\"https:\/\/macite.tg\/wp-content\/uploads\/2024\/02\/Chronogramme-elections-13-avril-2024-version-finale.pdf\" class=\"wp-block-file__button wp-element-button\" download aria-describedby=\"wp-block-file--media-43435804-5f23-4ad4-9bd2-19cb0ed03550\">T\u00e9l\u00e9charger<\/a><\/div>\n\n\n\n<p class=\"wp-block-paragraph\"><strong>La R\u00e9daction<\/strong><\/p>\n\n\n\n<p class=\"wp-block-paragraph\"><a><strong><em>@macite.tg&nbsp;&nbsp;&nbsp;&nbsp;&nbsp;&nbsp;&nbsp;&nbsp;<\/em><\/strong><\/a><\/p>\n\n\n\n<p class=\"wp-block-paragraph\"><strong><em>E-mail&nbsp;: <\/em><\/strong><a href=\"mailto:maciteinfo@gmail.com\"><strong><em>maciteinfo@gmail.com<\/em><\/strong><\/a><strong><em>; <\/em><\/strong><a href=\"mailto:bawela1@gmail.com\"><strong><em>bawela1@gmail.com<\/em><\/strong><\/a><strong><em><\/em><\/strong><\/p>\n\n\n\n<p class=\"wp-block-paragraph\"><strong><em>Pour vos annonces, (publi)reportages, etc., joignez-nous au (00228)91515309\/<strong>79872224 <\/strong>www.macite.tg, L\u2019information, la bonne&nbsp;!<\/em><\/strong><\/p>\n","protected":false},"excerpt":{"rendered":"<p class=\"text-justify mb-2\" >Dans un communiqu\u00e9 en date du 09 f\u00e9vrier 2024, la Commission \u00e9lectorale ind\u00e9pendante du Togo (Ceni) a rendu public le chronogramme des activit\u00e9s entrant dans le cadre de la double \u00e9lection du 13 avril prochain, notamment les l\u00e9gislatives et les r\u00e9gionales. Au rang de ces [&hellip;]<\/p>\n","protected":false},"author":2,"featured_media":12624,"comment_status":"open","ping_status":"open","sticky":false,"template":"","format":"standard","meta":{"footnotes":""},"categories":[20,1],"tags":[],"class_list":["post-12622","post","type-post","status-publish","format-standard","has-post-thumbnail","hentry","category-actualite","category-politique"],"yoast_head":"<!-- This site is optimized with the Yoast SEO plugin v28.4 - https:\/\/yoast.com\/product\/yoast-seo-wordpress\/ -->\n<title>TOGO \/ LEGISLATIVES ET REGIONALES 2024 : Voici le chronogramme des activit\u00e9s -<\/title>\n<meta name=\"robots\" content=\"index, follow, max-snippet:-1, max-image-preview:large, max-video-preview:-1\" \/>\n<link rel=\"canonical\" href=\"https:\/\/macite.tg\/?p=12622\" \/>\n<meta property=\"og:locale\" content=\"fr_FR\" \/>\n<meta property=\"og:type\" content=\"article\" \/>\n<meta property=\"og:title\" content=\"TOGO \/ LEGISLATIVES ET REGIONALES 2024 : Voici le chronogramme des activit\u00e9s -\" \/>\n<meta property=\"og:description\" content=\"Dans un communiqu\u00e9 en date du 09 f\u00e9vrier 2024, la Commission \u00e9lectorale ind\u00e9pendante du Togo (Ceni) a rendu public le chronogramme des activit\u00e9s entrant dans le cadre de la double \u00e9lection du 13 avril prochain, notamment les l\u00e9gislatives et les r\u00e9gionales. Au rang de ces [&hellip;]\" \/>\n<meta property=\"og:url\" content=\"https:\/\/macite.tg\/?p=12622\" \/>\n<meta property=\"article:published_time\" content=\"2024-02-14T18:30:19+00:00\" \/>\n<meta property=\"article:modified_time\" content=\"2024-02-14T18:30:38+00:00\" \/>\n<meta property=\"og:image\" content=\"https:\/\/macite.tg\/wp-content\/uploads\/2024\/02\/ceni.jpg\" \/>\n\t<meta property=\"og:image:width\" content=\"372\" \/>\n\t<meta property=\"og:image:height\" content=\"270\" \/>\n\t<meta property=\"og:image:type\" content=\"image\/jpeg\" \/>\n<meta name=\"author\" content=\"Jean Pierre BAWELA\" \/>\n<meta name=\"twitter:card\" content=\"summary_large_image\" \/>\n<meta name=\"twitter:label1\" content=\"\u00c9crit par\" \/>\n\t<meta name=\"twitter:data1\" content=\"Jean Pierre BAWELA\" \/>\n\t<meta name=\"twitter:label2\" content=\"Dur\u00e9e de lecture estim\u00e9e\" \/>\n\t<meta name=\"twitter:data2\" content=\"1 minute\" \/>\n<script type=\"application\/ld+json\" class=\"yoast-schema-graph\">{\"@context\":\"https:\\\/\\\/schema.org\",\"@graph\":[{\"@type\":\"Article\",\"@id\":\"https:\\\/\\\/macite.tg\\\/?p=12622#article\",\"isPartOf\":{\"@id\":\"https:\\\/\\\/macite.tg\\\/?p=12622\"},\"author\":{\"name\":\"Jean Pierre BAWELA\",\"@id\":\"https:\\\/\\\/macite.tg\\\/#\\\/schema\\\/person\\\/e9f2de7e5dbbe7770a9402c7ce82f5c2\"},\"headline\":\"TOGO \\\/ LEGISLATIVES ET REGIONALES 2024 : Voici le chronogramme des activit\u00e9s\",\"datePublished\":\"2024-02-14T18:30:19+00:00\",\"dateModified\":\"2024-02-14T18:30:38+00:00\",\"mainEntityOfPage\":{\"@id\":\"https:\\\/\\\/macite.tg\\\/?p=12622\"},\"wordCount\":210,\"commentCount\":0,\"image\":{\"@id\":\"https:\\\/\\\/macite.tg\\\/?p=12622#primaryimage\"},\"thumbnailUrl\":\"https:\\\/\\\/macite.tg\\\/wp-content\\\/uploads\\\/2024\\\/02\\\/ceni.jpg\",\"articleSection\":[\"ACTUALITE\",\"POLITIQUE\"],\"inLanguage\":\"fr-FR\",\"potentialAction\":[{\"@type\":\"CommentAction\",\"name\":\"Comment\",\"target\":[\"https:\\\/\\\/macite.tg\\\/?p=12622#respond\"]}]},{\"@type\":\"WebPage\",\"@id\":\"https:\\\/\\\/macite.tg\\\/?p=12622\",\"url\":\"https:\\\/\\\/macite.tg\\\/?p=12622\",\"name\":\"TOGO \\\/ LEGISLATIVES ET REGIONALES 2024 : Voici le chronogramme des activit\u00e9s -\",\"isPartOf\":{\"@id\":\"https:\\\/\\\/macite.tg\\\/#website\"},\"primaryImageOfPage\":{\"@id\":\"https:\\\/\\\/macite.tg\\\/?p=12622#primaryimage\"},\"image\":{\"@id\":\"https:\\\/\\\/macite.tg\\\/?p=12622#primaryimage\"},\"thumbnailUrl\":\"https:\\\/\\\/macite.tg\\\/wp-content\\\/uploads\\\/2024\\\/02\\\/ceni.jpg\",\"datePublished\":\"2024-02-14T18:30:19+00:00\",\"dateModified\":\"2024-02-14T18:30:38+00:00\",\"author\":{\"@id\":\"https:\\\/\\\/macite.tg\\\/#\\\/schema\\\/person\\\/e9f2de7e5dbbe7770a9402c7ce82f5c2\"},\"breadcrumb\":{\"@id\":\"https:\\\/\\\/macite.tg\\\/?p=12622#breadcrumb\"},\"inLanguage\":\"fr-FR\",\"potentialAction\":[{\"@type\":\"ReadAction\",\"target\":[\"https:\\\/\\\/macite.tg\\\/?p=12622\"]}]},{\"@type\":\"ImageObject\",\"inLanguage\":\"fr-FR\",\"@id\":\"https:\\\/\\\/macite.tg\\\/?p=12622#primaryimage\",\"url\":\"https:\\\/\\\/macite.tg\\\/wp-content\\\/uploads\\\/2024\\\/02\\\/ceni.jpg\",\"contentUrl\":\"https:\\\/\\\/macite.tg\\\/wp-content\\\/uploads\\\/2024\\\/02\\\/ceni.jpg\",\"width\":372,\"height\":270},{\"@type\":\"BreadcrumbList\",\"@id\":\"https:\\\/\\\/macite.tg\\\/?p=12622#breadcrumb\",\"itemListElement\":[{\"@type\":\"ListItem\",\"position\":1,\"name\":\"Accueil\",\"item\":\"https:\\\/\\\/macite.tg\\\/\"},{\"@type\":\"ListItem\",\"position\":2,\"name\":\"TOGO \\\/ LEGISLATIVES ET REGIONALES 2024 : Voici le chronogramme des activit\u00e9s\"}]},{\"@type\":\"WebSite\",\"@id\":\"https:\\\/\\\/macite.tg\\\/#website\",\"url\":\"https:\\\/\\\/macite.tg\\\/\",\"name\":\"\",\"description\":\"L&#039;information, la bonne!!!\",\"potentialAction\":[{\"@type\":\"SearchAction\",\"target\":{\"@type\":\"EntryPoint\",\"urlTemplate\":\"https:\\\/\\\/macite.tg\\\/?s={search_term_string}\"},\"query-input\":{\"@type\":\"PropertyValueSpecification\",\"valueRequired\":true,\"valueName\":\"search_term_string\"}}],\"inLanguage\":\"fr-FR\"},{\"@type\":\"Person\",\"@id\":\"https:\\\/\\\/macite.tg\\\/#\\\/schema\\\/person\\\/e9f2de7e5dbbe7770a9402c7ce82f5c2\",\"name\":\"Jean Pierre BAWELA\",\"image\":{\"@type\":\"ImageObject\",\"inLanguage\":\"fr-FR\",\"@id\":\"https:\\\/\\\/macite.tg\\\/wp-content\\\/uploads\\\/2023\\\/09\\\/WhatsApp-Image-2023-09-19-at-14.44.41-122x122.jpeg\",\"url\":\"https:\\\/\\\/macite.tg\\\/wp-content\\\/uploads\\\/2023\\\/09\\\/WhatsApp-Image-2023-09-19-at-14.44.41-122x122.jpeg\",\"contentUrl\":\"https:\\\/\\\/macite.tg\\\/wp-content\\\/uploads\\\/2023\\\/09\\\/WhatsApp-Image-2023-09-19-at-14.44.41-122x122.jpeg\",\"caption\":\"Jean Pierre BAWELA\"},\"url\":\"https:\\\/\\\/macite.tg\\\/?author=2\"}]}<\/script>\n<!-- \/ Yoast SEO plugin. -->","yoast_head_json":{"title":"TOGO \/ LEGISLATIVES ET REGIONALES 2024 : Voici le chronogramme des activit\u00e9s -","robots":{"index":"index","follow":"follow","max-snippet":"max-snippet:-1","max-image-preview":"max-image-preview:large","max-video-preview":"max-video-preview:-1"},"canonical":"https:\/\/macite.tg\/?p=12622","og_locale":"fr_FR","og_type":"article","og_title":"TOGO \/ LEGISLATIVES ET REGIONALES 2024 : Voici le chronogramme des activit\u00e9s -","og_description":"Dans un communiqu\u00e9 en date du 09 f\u00e9vrier 2024, la Commission \u00e9lectorale ind\u00e9pendante du Togo (Ceni) a rendu public le chronogramme des activit\u00e9s entrant dans le cadre de la double \u00e9lection du 13 avril prochain, notamment les l\u00e9gislatives et les r\u00e9gionales. Au rang de ces [&hellip;]","og_url":"https:\/\/macite.tg\/?p=12622","article_published_time":"2024-02-14T18:30:19+00:00","article_modified_time":"2024-02-14T18:30:38+00:00","og_image":[{"width":372,"height":270,"url":"https:\/\/macite.tg\/wp-content\/uploads\/2024\/02\/ceni.jpg","type":"image\/jpeg"}],"author":"Jean Pierre BAWELA","twitter_card":"summary_large_image","twitter_misc":{"\u00c9crit par":"Jean Pierre BAWELA","Dur\u00e9e de lecture estim\u00e9e":"1 minute"},"schema":{"@context":"https:\/\/schema.org","@graph":[{"@type":"Article","@id":"https:\/\/macite.tg\/?p=12622#article","isPartOf":{"@id":"https:\/\/macite.tg\/?p=12622"},"author":{"name":"Jean Pierre BAWELA","@id":"https:\/\/macite.tg\/#\/schema\/person\/e9f2de7e5dbbe7770a9402c7ce82f5c2"},"headline":"TOGO \/ LEGISLATIVES ET REGIONALES 2024 : Voici le chronogramme des activit\u00e9s","datePublished":"2024-02-14T18:30:19+00:00","dateModified":"2024-02-14T18:30:38+00:00","mainEntityOfPage":{"@id":"https:\/\/macite.tg\/?p=12622"},"wordCount":210,"commentCount":0,"image":{"@id":"https:\/\/macite.tg\/?p=12622#primaryimage"},"thumbnailUrl":"https:\/\/macite.tg\/wp-content\/uploads\/2024\/02\/ceni.jpg","articleSection":["ACTUALITE","POLITIQUE"],"inLanguage":"fr-FR","potentialAction":[{"@type":"CommentAction","name":"Comment","target":["https:\/\/macite.tg\/?p=12622#respond"]}]},{"@type":"WebPage","@id":"https:\/\/macite.tg\/?p=12622","url":"https:\/\/macite.tg\/?p=12622","name":"TOGO \/ LEGISLATIVES ET REGIONALES 2024 : Voici le chronogramme des activit\u00e9s -","isPartOf":{"@id":"https:\/\/macite.tg\/#website"},"primaryImageOfPage":{"@id":"https:\/\/macite.tg\/?p=12622#primaryimage"},"image":{"@id":"https:\/\/macite.tg\/?p=12622#primaryimage"},"thumbnailUrl":"https:\/\/macite.tg\/wp-content\/uploads\/2024\/02\/ceni.jpg","datePublished":"2024-02-14T18:30:19+00:00","dateModified":"2024-02-14T18:30:38+00:00","author":{"@id":"https:\/\/macite.tg\/#\/schema\/person\/e9f2de7e5dbbe7770a9402c7ce82f5c2"},"breadcrumb":{"@id":"https:\/\/macite.tg\/?p=12622#breadcrumb"},"inLanguage":"fr-FR","potentialAction":[{"@type":"ReadAction","target":["https:\/\/macite.tg\/?p=12622"]}]},{"@type":"ImageObject","inLanguage":"fr-FR","@id":"https:\/\/macite.tg\/?p=12622#primaryimage","url":"https:\/\/macite.tg\/wp-content\/uploads\/2024\/02\/ceni.jpg","contentUrl":"https:\/\/macite.tg\/wp-content\/uploads\/2024\/02\/ceni.jpg","width":372,"height":270},{"@type":"BreadcrumbList","@id":"https:\/\/macite.tg\/?p=12622#breadcrumb","itemListElement":[{"@type":"ListItem","position":1,"name":"Accueil","item":"https:\/\/macite.tg\/"},{"@type":"ListItem","position":2,"name":"TOGO \/ LEGISLATIVES ET REGIONALES 2024 : Voici le chronogramme des activit\u00e9s"}]},{"@type":"WebSite","@id":"https:\/\/macite.tg\/#website","url":"https:\/\/macite.tg\/","name":"","description":"L&#039;information, la bonne!!!","potentialAction":[{"@type":"SearchAction","target":{"@type":"EntryPoint","urlTemplate":"https:\/\/macite.tg\/?s={search_term_string}"},"query-input":{"@type":"PropertyValueSpecification","valueRequired":true,"valueName":"search_term_string"}}],"inLanguage":"fr-FR"},{"@type":"Person","@id":"https:\/\/macite.tg\/#\/schema\/person\/e9f2de7e5dbbe7770a9402c7ce82f5c2","name":"Jean Pierre BAWELA","image":{"@type":"ImageObject","inLanguage":"fr-FR","@id":"https:\/\/macite.tg\/wp-content\/uploads\/2023\/09\/WhatsApp-Image-2023-09-19-at-14.44.41-122x122.jpeg","url":"https:\/\/macite.tg\/wp-content\/uploads\/2023\/09\/WhatsApp-Image-2023-09-19-at-14.44.41-122x122.jpeg","contentUrl":"https:\/\/macite.tg\/wp-content\/uploads\/2023\/09\/WhatsApp-Image-2023-09-19-at-14.44.41-122x122.jpeg","caption":"Jean Pierre BAWELA"},"url":"https:\/\/macite.tg\/?author=2"}]}},"_links":{"self":[{"href":"https:\/\/macite.tg\/index.php?rest_route=\/wp\/v2\/posts\/12622","targetHints":{"allow":["GET"]}}],"collection":[{"href":"https:\/\/macite.tg\/index.php?rest_route=\/wp\/v2\/posts"}],"about":[{"href":"https:\/\/macite.tg\/index.php?rest_route=\/wp\/v2\/types\/post"}],"author":[{"embeddable":true,"href":"https:\/\/macite.tg\/index.php?rest_route=\/wp\/v2\/users\/2"}],"replies":[{"embeddable":true,"href":"https:\/\/macite.tg\/index.php?rest_route=%2Fwp%2Fv2%2Fcomments&post=12622"}],"version-history":[{"count":0,"href":"https:\/\/macite.tg\/index.php?rest_route=\/wp\/v2\/posts\/12622\/revisions"}],"wp:featuredmedia":[{"embeddable":true,"href":"https:\/\/macite.tg\/index.php?rest_route=\/wp\/v2\/media\/12624"}],"wp:attachment":[{"href":"https:\/\/macite.tg\/index.php?rest_route=%2Fwp%2Fv2%2Fmedia&parent=12622"}],"wp:term":[{"taxonomy":"category","embeddable":true,"href":"https:\/\/macite.tg\/index.php?rest_route=%2Fwp%2Fv2%2Fcategories&post=12622"},{"taxonomy":"post_tag","embeddable":true,"href":"https:\/\/macite.tg\/index.php?rest_route=%2Fwp%2Fv2%2Ftags&post=12622"}],"curies":[{"name":"wp","href":"https:\/\/api.w.org\/{rel}","templated":true}]}}