{"id":12611,"date":"2024-02-14T17:23:25","date_gmt":"2024-02-14T17:23:25","guid":{"rendered":"https:\/\/macite.tg\/?p=12611"},"modified":"2024-02-14T17:23:27","modified_gmt":"2024-02-14T17:23:27","slug":"can-maroc-2025-le-drapeau-de-la-can-remis-au-president-de-la-frmf-fouzi-lekjaa","status":"publish","type":"post","link":"https:\/\/macite.tg\/?p=12611","title":{"rendered":"CAN MAROC-2025 : Le drapeau de la Can remis au pr\u00e9sident de la Frmf, Fouzi Lekjaa"},"content":{"rendered":"\n<p class=\"wp-block-paragraph\"><strong><em>Les rideaux se sont referm\u00e9s, dimanche 11 f\u00e9vrier dernier, sur la 34\u00e8 \u00e9dition de la Coupe d\u2019Afrique des nations (Can) qu\u2019a abrit\u00e9 et remport\u00e9 la C\u00f4te d\u2019Ivoire. Les regards sont d\u00e9sormais tourn\u00e9s vers la 35\u00e8 \u00e9dition, au Royaume du Maroc.<\/em><\/strong><\/p>\n\n\n\n<p class=\"wp-block-paragraph\">D\u00e9j\u00e0 au soir de la remise du troph\u00e9e au vainqueur de l\u2019\u00e9dition 2023 de la Can, les El\u00e9phants de la C\u00f4te d\u2019Ivoire, le pr\u00e9sident de la R\u00e9publique ivoirienne, Alassane Ouattara, a remis le drapeau de la Coupe d\u2019Afrique des Nations (Can), au pr\u00e9sident de la F\u00e9d\u00e9ration Royale Marocaine de Football (Frmf), Fouzi Lekjaa.<\/p>\n\n\n<div class=\"wp-block-image\">\n<figure class=\"aligncenter size-full is-resized\"><img loading=\"lazy\" decoding=\"async\" src=\"https:\/\/macite.tg\/wp-content\/uploads\/2024\/02\/426709901_909930414475099_6338070050102141440_n.jpg\" alt=\"\" class=\"wp-image-12603\" width=\"554\" height=\"554\" srcset=\"https:\/\/macite.tg\/wp-content\/uploads\/2024\/02\/426709901_909930414475099_6338070050102141440_n.jpg 843w, https:\/\/macite.tg\/wp-content\/uploads\/2024\/02\/426709901_909930414475099_6338070050102141440_n-300x300.jpg 300w, https:\/\/macite.tg\/wp-content\/uploads\/2024\/02\/426709901_909930414475099_6338070050102141440_n-150x150.jpg 150w, https:\/\/macite.tg\/wp-content\/uploads\/2024\/02\/426709901_909930414475099_6338070050102141440_n-768x768.jpg 768w, https:\/\/macite.tg\/wp-content\/uploads\/2024\/02\/426709901_909930414475099_6338070050102141440_n-122x122.jpg 122w\" sizes=\"auto, (max-width: 554px) 100vw, 554px\" \/><\/figure>\n<\/div>\n\n\n<p class=\"wp-block-paragraph\">Cette remise de drapeau est faite en pr\u00e9vision de la 35\u00e8 \u00e9dition de la Can qui sera par le Royaume du Maroc en 2025.<\/p>\n\n\n\n<p class=\"wp-block-paragraph\">La c\u00e9r\u00e9monie a eu lieu au stade olympique Alassane Ouattara d\u2019Ebimp\u00e9, dans le nord d\u2019Abidjan, en pr\u00e9sence des sommit\u00e9s du football mondial, notamment le pr\u00e9sident de la Conf\u00e9d\u00e9ration Africaine de Football (Caf), Patrice Motsepe, et du pr\u00e9sident de la F\u00e9d\u00e9ration Internationale de Football (Fifa), Gianni Infantino.<\/p>\n\n\n\n<p class=\"wp-block-paragraph\">D\u2019ores et d\u00e9j\u00e0, le pr\u00e9sident de la Caf a soulign\u00e9 que la Can 2025 au Maroc sera <em>\u00ab&nbsp;excellente&nbsp;\u00bb<\/em> et conna\u00eetra assur\u00e9ment un <em>\u00ab&nbsp;immense succ\u00e8s&nbsp;\u00bb.<\/em><\/p>\n\n\n<div class=\"wp-block-image\">\n<figure class=\"aligncenter size-large is-resized\"><img loading=\"lazy\" decoding=\"async\" src=\"https:\/\/macite.tg\/wp-content\/uploads\/2024\/02\/GBps6MVW8AAmcgK-1-819x1024.jpg\" alt=\"\" class=\"wp-image-12599\" width=\"554\" height=\"693\" srcset=\"https:\/\/macite.tg\/wp-content\/uploads\/2024\/02\/GBps6MVW8AAmcgK-1-819x1024.jpg 819w, https:\/\/macite.tg\/wp-content\/uploads\/2024\/02\/GBps6MVW8AAmcgK-1-240x300.jpg 240w, https:\/\/macite.tg\/wp-content\/uploads\/2024\/02\/GBps6MVW8AAmcgK-1-768x960.jpg 768w, https:\/\/macite.tg\/wp-content\/uploads\/2024\/02\/GBps6MVW8AAmcgK-1.jpg 864w\" sizes=\"auto, (max-width: 554px) 100vw, 554px\" \/><\/figure>\n<\/div>\n\n\n<p class=\"wp-block-paragraph\">Notons que le Royaume du Maroc, dot\u00e9 d\u2019un immense r\u00e9seau d\u2019infrastructures sportives mais aussi h\u00f4teli\u00e8re, sera \u00e0 la hauteur de cet \u00e9v\u00e9nement footballistique continental. D\u2019ailleurs, le pays de Mohammed VI, que Dieu L\u2019assiste, est co-organisateur du Mondial 2030. Un d\u00e9fi de taille que ce pays maghr\u00e9bin saura relever gr\u00e2ce \u00e0 son g\u00e9nie.<\/p>\n\n\n\n<p class=\"wp-block-paragraph\"><strong>La R\u00e9daction<\/strong><\/p>\n\n\n\n<p class=\"wp-block-paragraph\"><a><strong><em>@macite.tg&nbsp;&nbsp;&nbsp;&nbsp;&nbsp;&nbsp;&nbsp;&nbsp;<\/em><\/strong><\/a><\/p>\n\n\n\n<p class=\"wp-block-paragraph\"><strong><em>E-mail&nbsp;: <\/em><\/strong><a href=\"mailto:maciteinfo@gmail.com\"><strong><em>maciteinfo@gmail.com<\/em><\/strong><\/a><strong><em>; <\/em><\/strong><a href=\"mailto:bawela1@gmail.com\"><strong><em>bawela1@gmail.com<\/em><\/strong><\/a><strong><em><\/em><\/strong><\/p>\n\n\n\n<p class=\"wp-block-paragraph\"><strong><em>Pour vos annonces, (publi)reportages, etc., joignez-nous au (00228)91515309\/<strong>79872224 <\/strong>www.macite.tg, L\u2019information, la bonne&nbsp;!<\/em><\/strong><\/p>\n","protected":false},"excerpt":{"rendered":"<p class=\"text-justify mb-2\" >Les rideaux se sont referm\u00e9s, dimanche 11 f\u00e9vrier dernier, sur la 34\u00e8 \u00e9dition de la Coupe d\u2019Afrique des nations (Can) qu\u2019a abrit\u00e9 et remport\u00e9 la C\u00f4te d\u2019Ivoire. Les regards sont d\u00e9sormais tourn\u00e9s vers la 35\u00e8 \u00e9dition, au Royaume du Maroc. D\u00e9j\u00e0 au soir de la [&hellip;]<\/p>\n","protected":false},"author":2,"featured_media":12614,"comment_status":"open","ping_status":"open","sticky":false,"template":"","format":"standard","meta":{"footnotes":""},"categories":[20,7],"tags":[],"class_list":["post-12611","post","type-post","status-publish","format-standard","has-post-thumbnail","hentry","category-actualite","category-sports"],"yoast_head":"<!-- This site is optimized with the Yoast SEO plugin v28.4 - https:\/\/yoast.com\/product\/yoast-seo-wordpress\/ -->\n<title>CAN MAROC-2025 : Le drapeau de la Can remis au pr\u00e9sident de la Frmf, Fouzi Lekjaa -<\/title>\n<meta name=\"robots\" content=\"index, follow, max-snippet:-1, max-image-preview:large, max-video-preview:-1\" \/>\n<link rel=\"canonical\" href=\"https:\/\/macite.tg\/?p=12611\" \/>\n<meta property=\"og:locale\" content=\"fr_FR\" \/>\n<meta property=\"og:type\" content=\"article\" \/>\n<meta property=\"og:title\" content=\"CAN MAROC-2025 : Le drapeau de la Can remis au pr\u00e9sident de la Frmf, Fouzi Lekjaa -\" \/>\n<meta property=\"og:description\" content=\"Les rideaux se sont referm\u00e9s, dimanche 11 f\u00e9vrier dernier, sur la 34\u00e8 \u00e9dition de la Coupe d\u2019Afrique des nations (Can) qu\u2019a abrit\u00e9 et remport\u00e9 la C\u00f4te d\u2019Ivoire. Les regards sont d\u00e9sormais tourn\u00e9s vers la 35\u00e8 \u00e9dition, au Royaume du Maroc. D\u00e9j\u00e0 au soir de la [&hellip;]\" \/>\n<meta property=\"og:url\" content=\"https:\/\/macite.tg\/?p=12611\" \/>\n<meta property=\"article:published_time\" content=\"2024-02-14T17:23:25+00:00\" \/>\n<meta property=\"article:modified_time\" content=\"2024-02-14T17:23:27+00:00\" \/>\n<meta property=\"og:image\" content=\"https:\/\/macite.tg\/wp-content\/uploads\/2024\/02\/OIF.jpg\" \/>\n\t<meta property=\"og:image:width\" content=\"351\" \/>\n\t<meta property=\"og:image:height\" content=\"255\" \/>\n\t<meta property=\"og:image:type\" content=\"image\/jpeg\" \/>\n<meta name=\"author\" content=\"Jean Pierre BAWELA\" \/>\n<meta name=\"twitter:card\" content=\"summary_large_image\" \/>\n<meta name=\"twitter:label1\" content=\"\u00c9crit par\" \/>\n\t<meta name=\"twitter:data1\" content=\"Jean Pierre BAWELA\" \/>\n\t<meta name=\"twitter:label2\" content=\"Dur\u00e9e de lecture estim\u00e9e\" \/>\n\t<meta name=\"twitter:data2\" content=\"2 minutes\" \/>\n<script type=\"application\/ld+json\" class=\"yoast-schema-graph\">{\"@context\":\"https:\\\/\\\/schema.org\",\"@graph\":[{\"@type\":\"Article\",\"@id\":\"https:\\\/\\\/macite.tg\\\/?p=12611#article\",\"isPartOf\":{\"@id\":\"https:\\\/\\\/macite.tg\\\/?p=12611\"},\"author\":{\"name\":\"Jean Pierre BAWELA\",\"@id\":\"https:\\\/\\\/macite.tg\\\/#\\\/schema\\\/person\\\/e9f2de7e5dbbe7770a9402c7ce82f5c2\"},\"headline\":\"CAN MAROC-2025 : Le drapeau de la Can remis au pr\u00e9sident de la Frmf, Fouzi Lekjaa\",\"datePublished\":\"2024-02-14T17:23:25+00:00\",\"dateModified\":\"2024-02-14T17:23:27+00:00\",\"mainEntityOfPage\":{\"@id\":\"https:\\\/\\\/macite.tg\\\/?p=12611\"},\"wordCount\":337,\"commentCount\":0,\"image\":{\"@id\":\"https:\\\/\\\/macite.tg\\\/?p=12611#primaryimage\"},\"thumbnailUrl\":\"https:\\\/\\\/macite.tg\\\/wp-content\\\/uploads\\\/2024\\\/02\\\/OIF.jpg\",\"articleSection\":[\"ACTUALITE\",\"SPORTS\"],\"inLanguage\":\"fr-FR\",\"potentialAction\":[{\"@type\":\"CommentAction\",\"name\":\"Comment\",\"target\":[\"https:\\\/\\\/macite.tg\\\/?p=12611#respond\"]}]},{\"@type\":\"WebPage\",\"@id\":\"https:\\\/\\\/macite.tg\\\/?p=12611\",\"url\":\"https:\\\/\\\/macite.tg\\\/?p=12611\",\"name\":\"CAN MAROC-2025 : Le drapeau de la Can remis au pr\u00e9sident de la Frmf, Fouzi Lekjaa -\",\"isPartOf\":{\"@id\":\"https:\\\/\\\/macite.tg\\\/#website\"},\"primaryImageOfPage\":{\"@id\":\"https:\\\/\\\/macite.tg\\\/?p=12611#primaryimage\"},\"image\":{\"@id\":\"https:\\\/\\\/macite.tg\\\/?p=12611#primaryimage\"},\"thumbnailUrl\":\"https:\\\/\\\/macite.tg\\\/wp-content\\\/uploads\\\/2024\\\/02\\\/OIF.jpg\",\"datePublished\":\"2024-02-14T17:23:25+00:00\",\"dateModified\":\"2024-02-14T17:23:27+00:00\",\"author\":{\"@id\":\"https:\\\/\\\/macite.tg\\\/#\\\/schema\\\/person\\\/e9f2de7e5dbbe7770a9402c7ce82f5c2\"},\"breadcrumb\":{\"@id\":\"https:\\\/\\\/macite.tg\\\/?p=12611#breadcrumb\"},\"inLanguage\":\"fr-FR\",\"potentialAction\":[{\"@type\":\"ReadAction\",\"target\":[\"https:\\\/\\\/macite.tg\\\/?p=12611\"]}]},{\"@type\":\"ImageObject\",\"inLanguage\":\"fr-FR\",\"@id\":\"https:\\\/\\\/macite.tg\\\/?p=12611#primaryimage\",\"url\":\"https:\\\/\\\/macite.tg\\\/wp-content\\\/uploads\\\/2024\\\/02\\\/OIF.jpg\",\"contentUrl\":\"https:\\\/\\\/macite.tg\\\/wp-content\\\/uploads\\\/2024\\\/02\\\/OIF.jpg\",\"width\":351,\"height\":255},{\"@type\":\"BreadcrumbList\",\"@id\":\"https:\\\/\\\/macite.tg\\\/?p=12611#breadcrumb\",\"itemListElement\":[{\"@type\":\"ListItem\",\"position\":1,\"name\":\"Accueil\",\"item\":\"https:\\\/\\\/macite.tg\\\/\"},{\"@type\":\"ListItem\",\"position\":2,\"name\":\"CAN MAROC-2025 : Le drapeau de la Can remis au pr\u00e9sident de la Frmf, Fouzi Lekjaa\"}]},{\"@type\":\"WebSite\",\"@id\":\"https:\\\/\\\/macite.tg\\\/#website\",\"url\":\"https:\\\/\\\/macite.tg\\\/\",\"name\":\"\",\"description\":\"L&#039;information, la bonne!!!\",\"potentialAction\":[{\"@type\":\"SearchAction\",\"target\":{\"@type\":\"EntryPoint\",\"urlTemplate\":\"https:\\\/\\\/macite.tg\\\/?s={search_term_string}\"},\"query-input\":{\"@type\":\"PropertyValueSpecification\",\"valueRequired\":true,\"valueName\":\"search_term_string\"}}],\"inLanguage\":\"fr-FR\"},{\"@type\":\"Person\",\"@id\":\"https:\\\/\\\/macite.tg\\\/#\\\/schema\\\/person\\\/e9f2de7e5dbbe7770a9402c7ce82f5c2\",\"name\":\"Jean Pierre BAWELA\",\"image\":{\"@type\":\"ImageObject\",\"inLanguage\":\"fr-FR\",\"@id\":\"https:\\\/\\\/macite.tg\\\/wp-content\\\/uploads\\\/2023\\\/09\\\/WhatsApp-Image-2023-09-19-at-14.44.41-122x122.jpeg\",\"url\":\"https:\\\/\\\/macite.tg\\\/wp-content\\\/uploads\\\/2023\\\/09\\\/WhatsApp-Image-2023-09-19-at-14.44.41-122x122.jpeg\",\"contentUrl\":\"https:\\\/\\\/macite.tg\\\/wp-content\\\/uploads\\\/2023\\\/09\\\/WhatsApp-Image-2023-09-19-at-14.44.41-122x122.jpeg\",\"caption\":\"Jean Pierre BAWELA\"},\"url\":\"https:\\\/\\\/macite.tg\\\/?author=2\"}]}<\/script>\n<!-- \/ Yoast SEO plugin. -->","yoast_head_json":{"title":"CAN MAROC-2025 : Le drapeau de la Can remis au pr\u00e9sident de la Frmf, Fouzi Lekjaa -","robots":{"index":"index","follow":"follow","max-snippet":"max-snippet:-1","max-image-preview":"max-image-preview:large","max-video-preview":"max-video-preview:-1"},"canonical":"https:\/\/macite.tg\/?p=12611","og_locale":"fr_FR","og_type":"article","og_title":"CAN MAROC-2025 : Le drapeau de la Can remis au pr\u00e9sident de la Frmf, Fouzi Lekjaa -","og_description":"Les rideaux se sont referm\u00e9s, dimanche 11 f\u00e9vrier dernier, sur la 34\u00e8 \u00e9dition de la Coupe d\u2019Afrique des nations (Can) qu\u2019a abrit\u00e9 et remport\u00e9 la C\u00f4te d\u2019Ivoire. Les regards sont d\u00e9sormais tourn\u00e9s vers la 35\u00e8 \u00e9dition, au Royaume du Maroc. D\u00e9j\u00e0 au soir de la [&hellip;]","og_url":"https:\/\/macite.tg\/?p=12611","article_published_time":"2024-02-14T17:23:25+00:00","article_modified_time":"2024-02-14T17:23:27+00:00","og_image":[{"width":351,"height":255,"url":"https:\/\/macite.tg\/wp-content\/uploads\/2024\/02\/OIF.jpg","type":"image\/jpeg"}],"author":"Jean Pierre BAWELA","twitter_card":"summary_large_image","twitter_misc":{"\u00c9crit par":"Jean Pierre BAWELA","Dur\u00e9e de lecture estim\u00e9e":"2 minutes"},"schema":{"@context":"https:\/\/schema.org","@graph":[{"@type":"Article","@id":"https:\/\/macite.tg\/?p=12611#article","isPartOf":{"@id":"https:\/\/macite.tg\/?p=12611"},"author":{"name":"Jean Pierre BAWELA","@id":"https:\/\/macite.tg\/#\/schema\/person\/e9f2de7e5dbbe7770a9402c7ce82f5c2"},"headline":"CAN MAROC-2025 : Le drapeau de la Can remis au pr\u00e9sident de la Frmf, Fouzi Lekjaa","datePublished":"2024-02-14T17:23:25+00:00","dateModified":"2024-02-14T17:23:27+00:00","mainEntityOfPage":{"@id":"https:\/\/macite.tg\/?p=12611"},"wordCount":337,"commentCount":0,"image":{"@id":"https:\/\/macite.tg\/?p=12611#primaryimage"},"thumbnailUrl":"https:\/\/macite.tg\/wp-content\/uploads\/2024\/02\/OIF.jpg","articleSection":["ACTUALITE","SPORTS"],"inLanguage":"fr-FR","potentialAction":[{"@type":"CommentAction","name":"Comment","target":["https:\/\/macite.tg\/?p=12611#respond"]}]},{"@type":"WebPage","@id":"https:\/\/macite.tg\/?p=12611","url":"https:\/\/macite.tg\/?p=12611","name":"CAN MAROC-2025 : Le drapeau de la Can remis au pr\u00e9sident de la Frmf, Fouzi Lekjaa -","isPartOf":{"@id":"https:\/\/macite.tg\/#website"},"primaryImageOfPage":{"@id":"https:\/\/macite.tg\/?p=12611#primaryimage"},"image":{"@id":"https:\/\/macite.tg\/?p=12611#primaryimage"},"thumbnailUrl":"https:\/\/macite.tg\/wp-content\/uploads\/2024\/02\/OIF.jpg","datePublished":"2024-02-14T17:23:25+00:00","dateModified":"2024-02-14T17:23:27+00:00","author":{"@id":"https:\/\/macite.tg\/#\/schema\/person\/e9f2de7e5dbbe7770a9402c7ce82f5c2"},"breadcrumb":{"@id":"https:\/\/macite.tg\/?p=12611#breadcrumb"},"inLanguage":"fr-FR","potentialAction":[{"@type":"ReadAction","target":["https:\/\/macite.tg\/?p=12611"]}]},{"@type":"ImageObject","inLanguage":"fr-FR","@id":"https:\/\/macite.tg\/?p=12611#primaryimage","url":"https:\/\/macite.tg\/wp-content\/uploads\/2024\/02\/OIF.jpg","contentUrl":"https:\/\/macite.tg\/wp-content\/uploads\/2024\/02\/OIF.jpg","width":351,"height":255},{"@type":"BreadcrumbList","@id":"https:\/\/macite.tg\/?p=12611#breadcrumb","itemListElement":[{"@type":"ListItem","position":1,"name":"Accueil","item":"https:\/\/macite.tg\/"},{"@type":"ListItem","position":2,"name":"CAN MAROC-2025 : Le drapeau de la Can remis au pr\u00e9sident de la Frmf, Fouzi Lekjaa"}]},{"@type":"WebSite","@id":"https:\/\/macite.tg\/#website","url":"https:\/\/macite.tg\/","name":"","description":"L&#039;information, la bonne!!!","potentialAction":[{"@type":"SearchAction","target":{"@type":"EntryPoint","urlTemplate":"https:\/\/macite.tg\/?s={search_term_string}"},"query-input":{"@type":"PropertyValueSpecification","valueRequired":true,"valueName":"search_term_string"}}],"inLanguage":"fr-FR"},{"@type":"Person","@id":"https:\/\/macite.tg\/#\/schema\/person\/e9f2de7e5dbbe7770a9402c7ce82f5c2","name":"Jean Pierre BAWELA","image":{"@type":"ImageObject","inLanguage":"fr-FR","@id":"https:\/\/macite.tg\/wp-content\/uploads\/2023\/09\/WhatsApp-Image-2023-09-19-at-14.44.41-122x122.jpeg","url":"https:\/\/macite.tg\/wp-content\/uploads\/2023\/09\/WhatsApp-Image-2023-09-19-at-14.44.41-122x122.jpeg","contentUrl":"https:\/\/macite.tg\/wp-content\/uploads\/2023\/09\/WhatsApp-Image-2023-09-19-at-14.44.41-122x122.jpeg","caption":"Jean Pierre BAWELA"},"url":"https:\/\/macite.tg\/?author=2"}]}},"_links":{"self":[{"href":"https:\/\/macite.tg\/index.php?rest_route=\/wp\/v2\/posts\/12611","targetHints":{"allow":["GET"]}}],"collection":[{"href":"https:\/\/macite.tg\/index.php?rest_route=\/wp\/v2\/posts"}],"about":[{"href":"https:\/\/macite.tg\/index.php?rest_route=\/wp\/v2\/types\/post"}],"author":[{"embeddable":true,"href":"https:\/\/macite.tg\/index.php?rest_route=\/wp\/v2\/users\/2"}],"replies":[{"embeddable":true,"href":"https:\/\/macite.tg\/index.php?rest_route=%2Fwp%2Fv2%2Fcomments&post=12611"}],"version-history":[{"count":0,"href":"https:\/\/macite.tg\/index.php?rest_route=\/wp\/v2\/posts\/12611\/revisions"}],"wp:featuredmedia":[{"embeddable":true,"href":"https:\/\/macite.tg\/index.php?rest_route=\/wp\/v2\/media\/12614"}],"wp:attachment":[{"href":"https:\/\/macite.tg\/index.php?rest_route=%2Fwp%2Fv2%2Fmedia&parent=12611"}],"wp:term":[{"taxonomy":"category","embeddable":true,"href":"https:\/\/macite.tg\/index.php?rest_route=%2Fwp%2Fv2%2Fcategories&post=12611"},{"taxonomy":"post_tag","embeddable":true,"href":"https:\/\/macite.tg\/index.php?rest_route=%2Fwp%2Fv2%2Ftags&post=12611"}],"curies":[{"name":"wp","href":"https:\/\/api.w.org\/{rel}","templated":true}]}}