{"id":12607,"date":"2024-02-14T14:30:06","date_gmt":"2024-02-14T14:30:06","guid":{"rendered":"https:\/\/macite.tg\/?p=12607"},"modified":"2024-02-14T17:17:27","modified_gmt":"2024-02-14T17:17:27","slug":"question-du-sahara-lespagne-reitere-son-soutien-au-plan-dautonomie-propose-par-le-maroc","status":"publish","type":"post","link":"https:\/\/macite.tg\/?p=12607","title":{"rendered":"QUESTION DU SAHARA\u00a0: L&rsquo;Espagne r\u00e9it\u00e8re son soutien au plan d&rsquo;autonomie propos\u00e9 par le Maroc"},"content":{"rendered":"\n<p class=\"wp-block-paragraph\"><br><strong><em>La question du Sahara s\u2019est une fois de plus invit\u00e9e dans les d\u00e9bats au congr\u00e8s espagnol. En r\u00e9ponse \u00e0 une question du d\u00e9put\u00e9 Jon Inarritu du parti basque Eh Bildu, l\u2019ex\u00e9cutif espagnol n\u2019est pas pass\u00e9 par quatre chemins pour r\u00e9it\u00e9rer la position officielle de l\u2019Espagne dans ce dossier du Sahara.<\/em><\/strong><\/p>\n\n\n\n<p class=\"wp-block-paragraph\"><br>Les s\u00e9paratistes du Polisario et leurs relais espagnols poursuivent leurs st\u00e9riles agitations. R\u00e9cemment encore, ces agitateurs ont une fois encore tent\u00e9 de porter haut leur voix au congr\u00e8s espagnol, par l\u2019entremise d\u2019un d\u00e9put\u00e9 du parti basque Eh Bildu, Jon Inarritu. Mais la r\u00e9ponse de l\u2019ex\u00e9cutif espagnol ne s\u2019est pas faite attendre. Elle a d\u2019ailleurs provoqu\u00e9 l\u2019hydre des s\u00e9paratistes du polisario et ses alli\u00e9s espagnols.<\/p>\n\n\n<div class=\"wp-block-image\">\n<figure class=\"aligncenter size-full is-resized\"><img loading=\"lazy\" decoding=\"async\" src=\"https:\/\/macite.tg\/wp-content\/uploads\/2024\/02\/426709901_909930414475099_6338070050102141440_n.jpg\" alt=\"\" class=\"wp-image-12603\" width=\"568\" height=\"568\" srcset=\"https:\/\/macite.tg\/wp-content\/uploads\/2024\/02\/426709901_909930414475099_6338070050102141440_n.jpg 843w, https:\/\/macite.tg\/wp-content\/uploads\/2024\/02\/426709901_909930414475099_6338070050102141440_n-300x300.jpg 300w, https:\/\/macite.tg\/wp-content\/uploads\/2024\/02\/426709901_909930414475099_6338070050102141440_n-150x150.jpg 150w, https:\/\/macite.tg\/wp-content\/uploads\/2024\/02\/426709901_909930414475099_6338070050102141440_n-768x768.jpg 768w, https:\/\/macite.tg\/wp-content\/uploads\/2024\/02\/426709901_909930414475099_6338070050102141440_n-122x122.jpg 122w\" sizes=\"auto, (max-width: 568px) 100vw, 568px\" \/><\/figure>\n<\/div>\n\n\n<p class=\"wp-block-paragraph\"><br>Dans une r\u00e9ponse \u00e9crite en date du 12 f\u00e9vrier 2024, le Gouvernement espagnol n\u2019est pas pass\u00e9 par quatre chemins pour mettre en lumi\u00e8re quatre points essentiels, non n\u00e9gociables, dans ce dossier du Sahara.<\/p>\n\n\n\n<p class=\"wp-block-paragraph\"><br>Selon le gouvernement,<em> \u00ab\u00a0la position de l\u2019Espagne est pleinement conforme avec la l\u00e9galit\u00e9 internationale\u00a0\u00bb. <\/em>Cette position a \u00e9t\u00e9 d\u00e9clin\u00e9e par le Chef du gouvernement espagnol lors de l\u2019Assembl\u00e9e g\u00e9n\u00e9rale des Nations-Unies en septembre 2023. Elle est bas\u00e9e sur les dispositions du point 1 de la D\u00e9claration conjointe d\u2019avril 2022, et du point 8 de la D\u00e9claration Conjointe de f\u00e9vrier 2023, qui affirment que<em> \u00ab\u00a0l&rsquo;Espagne reconna\u00eet l&rsquo;importance de la question du Sahara pour le Maroc ainsi que les efforts s\u00e9rieux et cr\u00e9dibles du Maroc dans le cadre des Nations Unies pour trouver une solution mutuellement acceptable. A ce titre, l&rsquo;Espagne consid\u00e8re l&rsquo;initiative marocaine d&rsquo;autonomie, pr\u00e9sent\u00e9e en 2007, comme la base la plus s\u00e9rieuse, r\u00e9aliste et cr\u00e9dible pour la r\u00e9solution de ce diff\u00e9rend\u00a0\u00bb.<\/em><\/p>\n\n\n\n<p class=\"wp-block-paragraph\"><br>Tout en soulignant que l\u2019Espagne est favorable \u00e0 une<em> \u00ab\u00a0solution mutuellement acceptable dans le cadre de la Charte des Nations Unies et les r\u00e9solutions du Conseil de S\u00e9curit\u00e9\u00a0\u00bb<\/em>, l\u2019ex\u00e9cutif espagnol dit soutenir de fa\u00e7on <em>\u00ab\u00a0inconditionnellement les efforts de l\u2019envoy\u00e9 personnel du secr\u00e9taire g\u00e9n\u00e9ral des Nations Unies pour le Sahara\u00a0\u00bb.<\/em><\/p>\n\n\n\n<p class=\"wp-block-paragraph\"><br>En guise de conclusion, le gouvernement fait remarquer que l\u2019Espagne va toujours soutenir les populations sahraouies des camps de Tindouf et<em> \u00ab restera pour toujours le premier donateur en aide humanitaire sur le plan europ\u00e9en et international avec une forte pr\u00e9sence et Interaction avec les autorit\u00e9s sahraouies charg\u00e9es de la coop\u00e9ration\u00a0\u00bb, <\/em>ceci n\u2019en d\u00e9plaise aux s\u00e9paratistes du front polisario et de leurs alli\u00e9s.<\/p>\n\n\n<div class=\"wp-block-image\">\n<figure class=\"aligncenter size-large is-resized\"><img loading=\"lazy\" decoding=\"async\" src=\"https:\/\/macite.tg\/wp-content\/uploads\/2024\/02\/GBps6MVW8AAmcgK-1-819x1024.jpg\" alt=\"\" class=\"wp-image-12599\" width=\"527\" height=\"659\" srcset=\"https:\/\/macite.tg\/wp-content\/uploads\/2024\/02\/GBps6MVW8AAmcgK-1-819x1024.jpg 819w, https:\/\/macite.tg\/wp-content\/uploads\/2024\/02\/GBps6MVW8AAmcgK-1-240x300.jpg 240w, https:\/\/macite.tg\/wp-content\/uploads\/2024\/02\/GBps6MVW8AAmcgK-1-768x960.jpg 768w, https:\/\/macite.tg\/wp-content\/uploads\/2024\/02\/GBps6MVW8AAmcgK-1.jpg 864w\" sizes=\"auto, (max-width: 527px) 100vw, 527px\" \/><\/figure>\n<\/div>\n\n\n<p class=\"wp-block-paragraph\"><br>Notons que c\u2019est depuis 2022 que l\u2019Espagne a clairement et publiquement soutenu le Maroc en faveur d\u2019un Plan d\u2019autonomie pour le Sahara. Cette position a eu le m\u00e9rite d\u2019ouvrir une nouvelle \u00e9tape dans les relations entre les Royaumes d\u2019Espagne et du Maroc.<br><strong>MC<\/strong><\/p>\n\n\n\n<p class=\"wp-block-paragraph\"><a><strong><em>@macite.tg&nbsp;&nbsp;&nbsp;&nbsp;&nbsp;&nbsp;&nbsp;&nbsp;<\/em><\/strong><\/a><\/p>\n\n\n\n<p class=\"wp-block-paragraph\"><strong><em>E-mail&nbsp;: <\/em><\/strong><a href=\"mailto:maciteinfo@gmail.com\"><strong><em>maciteinfo@gmail.com<\/em><\/strong><\/a><strong><em>; <\/em><\/strong><a href=\"mailto:bawela1@gmail.com\"><strong><em>bawela1@gmail.com<\/em><\/strong><\/a><strong><em><\/em><\/strong><\/p>\n\n\n\n<p class=\"wp-block-paragraph\"><strong><em>Pour vos annonces, (publi)reportages, etc., joignez-nous au (00228)91515309\/<strong>79872224 <\/strong>www.macite.tg, L\u2019information, la bonne&nbsp;!<\/em><\/strong><\/p>\n","protected":false},"excerpt":{"rendered":"<p class=\"text-justify mb-2\" >La question du Sahara s\u2019est une fois de plus invit\u00e9e dans les d\u00e9bats au congr\u00e8s espagnol. En r\u00e9ponse \u00e0 une question du d\u00e9put\u00e9 Jon Inarritu du parti basque Eh Bildu, l\u2019ex\u00e9cutif espagnol n\u2019est pas pass\u00e9 par quatre chemins pour r\u00e9it\u00e9rer la position officielle de l\u2019Espagne [&hellip;]<\/p>\n","protected":false},"author":2,"featured_media":12608,"comment_status":"open","ping_status":"open","sticky":false,"template":"","format":"standard","meta":{"footnotes":""},"categories":[20,8],"tags":[],"class_list":["post-12607","post","type-post","status-publish","format-standard","has-post-thumbnail","hentry","category-actualite","category-diplomatie"],"yoast_head":"<!-- This site is optimized with the Yoast SEO plugin v28.4 - https:\/\/yoast.com\/product\/yoast-seo-wordpress\/ -->\n<title>QUESTION DU SAHARA\u00a0: L&#039;Espagne r\u00e9it\u00e8re son soutien au plan d&#039;autonomie propos\u00e9 par le Maroc -<\/title>\n<meta name=\"robots\" content=\"index, follow, max-snippet:-1, max-image-preview:large, max-video-preview:-1\" \/>\n<link rel=\"canonical\" href=\"https:\/\/macite.tg\/?p=12607\" \/>\n<meta property=\"og:locale\" content=\"fr_FR\" \/>\n<meta property=\"og:type\" content=\"article\" \/>\n<meta property=\"og:title\" content=\"QUESTION DU SAHARA\u00a0: L&#039;Espagne r\u00e9it\u00e8re son soutien au plan d&#039;autonomie propos\u00e9 par le Maroc -\" \/>\n<meta property=\"og:description\" content=\"La question du Sahara s\u2019est une fois de plus invit\u00e9e dans les d\u00e9bats au congr\u00e8s espagnol. En r\u00e9ponse \u00e0 une question du d\u00e9put\u00e9 Jon Inarritu du parti basque Eh Bildu, l\u2019ex\u00e9cutif espagnol n\u2019est pas pass\u00e9 par quatre chemins pour r\u00e9it\u00e9rer la position officielle de l\u2019Espagne [&hellip;]\" \/>\n<meta property=\"og:url\" content=\"https:\/\/macite.tg\/?p=12607\" \/>\n<meta property=\"article:published_time\" content=\"2024-02-14T14:30:06+00:00\" \/>\n<meta property=\"article:modified_time\" content=\"2024-02-14T17:17:27+00:00\" \/>\n<meta property=\"og:image\" content=\"https:\/\/macite.tg\/wp-content\/uploads\/2024\/02\/IMG-20240214-WA0045.jpg\" \/>\n\t<meta property=\"og:image:width\" content=\"290\" \/>\n\t<meta property=\"og:image:height\" content=\"174\" \/>\n\t<meta property=\"og:image:type\" content=\"image\/jpeg\" \/>\n<meta name=\"author\" content=\"Jean Pierre BAWELA\" \/>\n<meta name=\"twitter:card\" content=\"summary_large_image\" \/>\n<meta name=\"twitter:label1\" content=\"\u00c9crit par\" \/>\n\t<meta name=\"twitter:data1\" content=\"Jean Pierre BAWELA\" \/>\n\t<meta name=\"twitter:label2\" content=\"Dur\u00e9e de lecture estim\u00e9e\" \/>\n\t<meta name=\"twitter:data2\" content=\"3 minutes\" \/>\n<script type=\"application\/ld+json\" class=\"yoast-schema-graph\">{\"@context\":\"https:\\\/\\\/schema.org\",\"@graph\":[{\"@type\":\"Article\",\"@id\":\"https:\\\/\\\/macite.tg\\\/?p=12607#article\",\"isPartOf\":{\"@id\":\"https:\\\/\\\/macite.tg\\\/?p=12607\"},\"author\":{\"name\":\"Jean Pierre BAWELA\",\"@id\":\"https:\\\/\\\/macite.tg\\\/#\\\/schema\\\/person\\\/e9f2de7e5dbbe7770a9402c7ce82f5c2\"},\"headline\":\"QUESTION DU SAHARA\u00a0: L&rsquo;Espagne r\u00e9it\u00e8re son soutien au plan d&rsquo;autonomie propos\u00e9 par le Maroc\",\"datePublished\":\"2024-02-14T14:30:06+00:00\",\"dateModified\":\"2024-02-14T17:17:27+00:00\",\"mainEntityOfPage\":{\"@id\":\"https:\\\/\\\/macite.tg\\\/?p=12607\"},\"wordCount\":551,\"commentCount\":0,\"image\":{\"@id\":\"https:\\\/\\\/macite.tg\\\/?p=12607#primaryimage\"},\"thumbnailUrl\":\"https:\\\/\\\/macite.tg\\\/wp-content\\\/uploads\\\/2024\\\/02\\\/IMG-20240214-WA0045.jpg\",\"articleSection\":[\"ACTUALITE\",\"DIPLOMATIE\"],\"inLanguage\":\"fr-FR\",\"potentialAction\":[{\"@type\":\"CommentAction\",\"name\":\"Comment\",\"target\":[\"https:\\\/\\\/macite.tg\\\/?p=12607#respond\"]}]},{\"@type\":\"WebPage\",\"@id\":\"https:\\\/\\\/macite.tg\\\/?p=12607\",\"url\":\"https:\\\/\\\/macite.tg\\\/?p=12607\",\"name\":\"QUESTION DU SAHARA\u00a0: L'Espagne r\u00e9it\u00e8re son soutien au plan d'autonomie propos\u00e9 par le Maroc -\",\"isPartOf\":{\"@id\":\"https:\\\/\\\/macite.tg\\\/#website\"},\"primaryImageOfPage\":{\"@id\":\"https:\\\/\\\/macite.tg\\\/?p=12607#primaryimage\"},\"image\":{\"@id\":\"https:\\\/\\\/macite.tg\\\/?p=12607#primaryimage\"},\"thumbnailUrl\":\"https:\\\/\\\/macite.tg\\\/wp-content\\\/uploads\\\/2024\\\/02\\\/IMG-20240214-WA0045.jpg\",\"datePublished\":\"2024-02-14T14:30:06+00:00\",\"dateModified\":\"2024-02-14T17:17:27+00:00\",\"author\":{\"@id\":\"https:\\\/\\\/macite.tg\\\/#\\\/schema\\\/person\\\/e9f2de7e5dbbe7770a9402c7ce82f5c2\"},\"breadcrumb\":{\"@id\":\"https:\\\/\\\/macite.tg\\\/?p=12607#breadcrumb\"},\"inLanguage\":\"fr-FR\",\"potentialAction\":[{\"@type\":\"ReadAction\",\"target\":[\"https:\\\/\\\/macite.tg\\\/?p=12607\"]}]},{\"@type\":\"ImageObject\",\"inLanguage\":\"fr-FR\",\"@id\":\"https:\\\/\\\/macite.tg\\\/?p=12607#primaryimage\",\"url\":\"https:\\\/\\\/macite.tg\\\/wp-content\\\/uploads\\\/2024\\\/02\\\/IMG-20240214-WA0045.jpg\",\"contentUrl\":\"https:\\\/\\\/macite.tg\\\/wp-content\\\/uploads\\\/2024\\\/02\\\/IMG-20240214-WA0045.jpg\",\"width\":290,\"height\":174},{\"@type\":\"BreadcrumbList\",\"@id\":\"https:\\\/\\\/macite.tg\\\/?p=12607#breadcrumb\",\"itemListElement\":[{\"@type\":\"ListItem\",\"position\":1,\"name\":\"Accueil\",\"item\":\"https:\\\/\\\/macite.tg\\\/\"},{\"@type\":\"ListItem\",\"position\":2,\"name\":\"QUESTION DU SAHARA\u00a0: L&rsquo;Espagne r\u00e9it\u00e8re son soutien au plan d&rsquo;autonomie propos\u00e9 par le Maroc\"}]},{\"@type\":\"WebSite\",\"@id\":\"https:\\\/\\\/macite.tg\\\/#website\",\"url\":\"https:\\\/\\\/macite.tg\\\/\",\"name\":\"\",\"description\":\"L&#039;information, la bonne!!!\",\"potentialAction\":[{\"@type\":\"SearchAction\",\"target\":{\"@type\":\"EntryPoint\",\"urlTemplate\":\"https:\\\/\\\/macite.tg\\\/?s={search_term_string}\"},\"query-input\":{\"@type\":\"PropertyValueSpecification\",\"valueRequired\":true,\"valueName\":\"search_term_string\"}}],\"inLanguage\":\"fr-FR\"},{\"@type\":\"Person\",\"@id\":\"https:\\\/\\\/macite.tg\\\/#\\\/schema\\\/person\\\/e9f2de7e5dbbe7770a9402c7ce82f5c2\",\"name\":\"Jean Pierre BAWELA\",\"image\":{\"@type\":\"ImageObject\",\"inLanguage\":\"fr-FR\",\"@id\":\"https:\\\/\\\/macite.tg\\\/wp-content\\\/uploads\\\/2023\\\/09\\\/WhatsApp-Image-2023-09-19-at-14.44.41-122x122.jpeg\",\"url\":\"https:\\\/\\\/macite.tg\\\/wp-content\\\/uploads\\\/2023\\\/09\\\/WhatsApp-Image-2023-09-19-at-14.44.41-122x122.jpeg\",\"contentUrl\":\"https:\\\/\\\/macite.tg\\\/wp-content\\\/uploads\\\/2023\\\/09\\\/WhatsApp-Image-2023-09-19-at-14.44.41-122x122.jpeg\",\"caption\":\"Jean Pierre BAWELA\"},\"url\":\"https:\\\/\\\/macite.tg\\\/?author=2\"}]}<\/script>\n<!-- \/ Yoast SEO plugin. -->","yoast_head_json":{"title":"QUESTION DU SAHARA\u00a0: L'Espagne r\u00e9it\u00e8re son soutien au plan d'autonomie propos\u00e9 par le Maroc -","robots":{"index":"index","follow":"follow","max-snippet":"max-snippet:-1","max-image-preview":"max-image-preview:large","max-video-preview":"max-video-preview:-1"},"canonical":"https:\/\/macite.tg\/?p=12607","og_locale":"fr_FR","og_type":"article","og_title":"QUESTION DU SAHARA\u00a0: L'Espagne r\u00e9it\u00e8re son soutien au plan d'autonomie propos\u00e9 par le Maroc -","og_description":"La question du Sahara s\u2019est une fois de plus invit\u00e9e dans les d\u00e9bats au congr\u00e8s espagnol. En r\u00e9ponse \u00e0 une question du d\u00e9put\u00e9 Jon Inarritu du parti basque Eh Bildu, l\u2019ex\u00e9cutif espagnol n\u2019est pas pass\u00e9 par quatre chemins pour r\u00e9it\u00e9rer la position officielle de l\u2019Espagne [&hellip;]","og_url":"https:\/\/macite.tg\/?p=12607","article_published_time":"2024-02-14T14:30:06+00:00","article_modified_time":"2024-02-14T17:17:27+00:00","og_image":[{"width":290,"height":174,"url":"https:\/\/macite.tg\/wp-content\/uploads\/2024\/02\/IMG-20240214-WA0045.jpg","type":"image\/jpeg"}],"author":"Jean Pierre BAWELA","twitter_card":"summary_large_image","twitter_misc":{"\u00c9crit par":"Jean Pierre BAWELA","Dur\u00e9e de lecture estim\u00e9e":"3 minutes"},"schema":{"@context":"https:\/\/schema.org","@graph":[{"@type":"Article","@id":"https:\/\/macite.tg\/?p=12607#article","isPartOf":{"@id":"https:\/\/macite.tg\/?p=12607"},"author":{"name":"Jean Pierre BAWELA","@id":"https:\/\/macite.tg\/#\/schema\/person\/e9f2de7e5dbbe7770a9402c7ce82f5c2"},"headline":"QUESTION DU SAHARA\u00a0: L&rsquo;Espagne r\u00e9it\u00e8re son soutien au plan d&rsquo;autonomie propos\u00e9 par le Maroc","datePublished":"2024-02-14T14:30:06+00:00","dateModified":"2024-02-14T17:17:27+00:00","mainEntityOfPage":{"@id":"https:\/\/macite.tg\/?p=12607"},"wordCount":551,"commentCount":0,"image":{"@id":"https:\/\/macite.tg\/?p=12607#primaryimage"},"thumbnailUrl":"https:\/\/macite.tg\/wp-content\/uploads\/2024\/02\/IMG-20240214-WA0045.jpg","articleSection":["ACTUALITE","DIPLOMATIE"],"inLanguage":"fr-FR","potentialAction":[{"@type":"CommentAction","name":"Comment","target":["https:\/\/macite.tg\/?p=12607#respond"]}]},{"@type":"WebPage","@id":"https:\/\/macite.tg\/?p=12607","url":"https:\/\/macite.tg\/?p=12607","name":"QUESTION DU SAHARA\u00a0: L'Espagne r\u00e9it\u00e8re son soutien au plan d'autonomie propos\u00e9 par le Maroc -","isPartOf":{"@id":"https:\/\/macite.tg\/#website"},"primaryImageOfPage":{"@id":"https:\/\/macite.tg\/?p=12607#primaryimage"},"image":{"@id":"https:\/\/macite.tg\/?p=12607#primaryimage"},"thumbnailUrl":"https:\/\/macite.tg\/wp-content\/uploads\/2024\/02\/IMG-20240214-WA0045.jpg","datePublished":"2024-02-14T14:30:06+00:00","dateModified":"2024-02-14T17:17:27+00:00","author":{"@id":"https:\/\/macite.tg\/#\/schema\/person\/e9f2de7e5dbbe7770a9402c7ce82f5c2"},"breadcrumb":{"@id":"https:\/\/macite.tg\/?p=12607#breadcrumb"},"inLanguage":"fr-FR","potentialAction":[{"@type":"ReadAction","target":["https:\/\/macite.tg\/?p=12607"]}]},{"@type":"ImageObject","inLanguage":"fr-FR","@id":"https:\/\/macite.tg\/?p=12607#primaryimage","url":"https:\/\/macite.tg\/wp-content\/uploads\/2024\/02\/IMG-20240214-WA0045.jpg","contentUrl":"https:\/\/macite.tg\/wp-content\/uploads\/2024\/02\/IMG-20240214-WA0045.jpg","width":290,"height":174},{"@type":"BreadcrumbList","@id":"https:\/\/macite.tg\/?p=12607#breadcrumb","itemListElement":[{"@type":"ListItem","position":1,"name":"Accueil","item":"https:\/\/macite.tg\/"},{"@type":"ListItem","position":2,"name":"QUESTION DU SAHARA\u00a0: L&rsquo;Espagne r\u00e9it\u00e8re son soutien au plan d&rsquo;autonomie propos\u00e9 par le Maroc"}]},{"@type":"WebSite","@id":"https:\/\/macite.tg\/#website","url":"https:\/\/macite.tg\/","name":"","description":"L&#039;information, la bonne!!!","potentialAction":[{"@type":"SearchAction","target":{"@type":"EntryPoint","urlTemplate":"https:\/\/macite.tg\/?s={search_term_string}"},"query-input":{"@type":"PropertyValueSpecification","valueRequired":true,"valueName":"search_term_string"}}],"inLanguage":"fr-FR"},{"@type":"Person","@id":"https:\/\/macite.tg\/#\/schema\/person\/e9f2de7e5dbbe7770a9402c7ce82f5c2","name":"Jean Pierre BAWELA","image":{"@type":"ImageObject","inLanguage":"fr-FR","@id":"https:\/\/macite.tg\/wp-content\/uploads\/2023\/09\/WhatsApp-Image-2023-09-19-at-14.44.41-122x122.jpeg","url":"https:\/\/macite.tg\/wp-content\/uploads\/2023\/09\/WhatsApp-Image-2023-09-19-at-14.44.41-122x122.jpeg","contentUrl":"https:\/\/macite.tg\/wp-content\/uploads\/2023\/09\/WhatsApp-Image-2023-09-19-at-14.44.41-122x122.jpeg","caption":"Jean Pierre BAWELA"},"url":"https:\/\/macite.tg\/?author=2"}]}},"_links":{"self":[{"href":"https:\/\/macite.tg\/index.php?rest_route=\/wp\/v2\/posts\/12607","targetHints":{"allow":["GET"]}}],"collection":[{"href":"https:\/\/macite.tg\/index.php?rest_route=\/wp\/v2\/posts"}],"about":[{"href":"https:\/\/macite.tg\/index.php?rest_route=\/wp\/v2\/types\/post"}],"author":[{"embeddable":true,"href":"https:\/\/macite.tg\/index.php?rest_route=\/wp\/v2\/users\/2"}],"replies":[{"embeddable":true,"href":"https:\/\/macite.tg\/index.php?rest_route=%2Fwp%2Fv2%2Fcomments&post=12607"}],"version-history":[{"count":0,"href":"https:\/\/macite.tg\/index.php?rest_route=\/wp\/v2\/posts\/12607\/revisions"}],"wp:featuredmedia":[{"embeddable":true,"href":"https:\/\/macite.tg\/index.php?rest_route=\/wp\/v2\/media\/12608"}],"wp:attachment":[{"href":"https:\/\/macite.tg\/index.php?rest_route=%2Fwp%2Fv2%2Fmedia&parent=12607"}],"wp:term":[{"taxonomy":"category","embeddable":true,"href":"https:\/\/macite.tg\/index.php?rest_route=%2Fwp%2Fv2%2Fcategories&post=12607"},{"taxonomy":"post_tag","embeddable":true,"href":"https:\/\/macite.tg\/index.php?rest_route=%2Fwp%2Fv2%2Ftags&post=12607"}],"curies":[{"name":"wp","href":"https:\/\/api.w.org\/{rel}","templated":true}]}}