{"id":12594,"date":"2024-02-13T17:56:27","date_gmt":"2024-02-13T17:56:27","guid":{"rendered":"https:\/\/macite.tg\/?p=12594"},"modified":"2024-02-13T17:56:28","modified_gmt":"2024-02-13T17:56:28","slug":"cote-divoire-la-tres-mauvaise-nouvelle-pour-emerse-fae-vainqueur-de-la-can","status":"publish","type":"post","link":"https:\/\/macite.tg\/?p=12594","title":{"rendered":"COTE D\u2019IVOIRE : La tr\u00e8s mauvaise nouvelle pour Emerse Fa\u00e9, vainqueur de la Can"},"content":{"rendered":"\n<h1 class=\"wp-block-heading\"><i class=\"fas fa-pencil-alt\"> <\/i><span><\/h1>\n\n\n\n<p class=\"wp-block-paragraph\"><strong><em>Apr\u00e8s l\u2019euphorie de la 3<sup>e<\/sup> \u00e9toile arrach\u00e9e par les El\u00e9phants de la C\u00f4te d\u2019Ivoire \u00e0 l\u2019issue de la 34\u00e9 \u00e9dition de la Coupe d\u2019Afrique des nations (Can), pieds d\u00e9sormais \u00e0 terre. Le coach adjoint de la s\u00e9lection ivoirienne, Emerse Fa\u00e9, pourrait ne pas poursuivre son aventure avec la C\u00f4te d\u2019Ivoire.<\/em><\/strong><\/p>\n\n\n\n<p class=\"wp-block-paragraph\">Le nom de Tom Saintfiet circule sur toutes les l\u00e8vres \u00e0 la f\u00e9d\u00e9ration ivoirienne de football (Fif). Alors que plusieurs pays envisagent la nomination du technicien belge \u00e0 la t\u00eate de leur \u00e9quipe nationale, ce dernier a lui-m\u00eame confirm\u00e9 avoir re\u00e7u des approches.\u00a0<\/p>\n\n\n<div class=\"wp-block-image\">\n<figure class=\"aligncenter size-full is-resized\"><img loading=\"lazy\" decoding=\"async\" src=\"https:\/\/macite.tg\/wp-content\/uploads\/2024\/02\/425288435_900806342054173_5921783502174539848_n-1.jpg\" alt=\"\" class=\"wp-image-12579\" width=\"573\" height=\"573\" srcset=\"https:\/\/macite.tg\/wp-content\/uploads\/2024\/02\/425288435_900806342054173_5921783502174539848_n-1.jpg 843w, https:\/\/macite.tg\/wp-content\/uploads\/2024\/02\/425288435_900806342054173_5921783502174539848_n-1-300x300.jpg 300w, https:\/\/macite.tg\/wp-content\/uploads\/2024\/02\/425288435_900806342054173_5921783502174539848_n-1-150x150.jpg 150w, https:\/\/macite.tg\/wp-content\/uploads\/2024\/02\/425288435_900806342054173_5921783502174539848_n-1-768x768.jpg 768w, https:\/\/macite.tg\/wp-content\/uploads\/2024\/02\/425288435_900806342054173_5921783502174539848_n-1-122x122.jpg 122w\" sizes=\"auto, (max-width: 573px) 100vw, 573px\" \/><\/figure>\n<\/div>\n\n\n<p class=\"wp-block-paragraph\"><em>\u00ab&nbsp;Je souhaite travailler avec une \u00e9quipe qui me permettra de participer r\u00e9guli\u00e8rement \u00e0 de grands tournois et de remporter des titres. Pour l\u2019instant, j\u2019ai des offres en Asie, une s\u00e9lection l\u00e0-bas envisage de m\u2019engager \u00e0 long terme.<\/em><\/p>\n\n\n\n<p class=\"wp-block-paragraph\"><em>Il y a \u00e9galement un int\u00e9r\u00eat de la Tunisie et d\u2019autres s\u00e9lections africaines, comme la C\u00f4te d\u2019Ivoire, le Ghana et le Cameroun&nbsp;\u00bb, <\/em><em>a confi\u00e9 <\/em>Tom Saintfiet, comme l\u2019a rapport\u00e9 le confr\u00e8re d\u2019Actu Cameroun<em>. <\/em><em>Et de poursuivre&nbsp;: \u00ab&nbsp;<\/em><em>Je vais maintenant \u00e9tudier toutes les offres et nous verrons ce qui se passera&nbsp;\u00bb<\/em>.<\/p>\n\n\n\n<p class=\"wp-block-paragraph\">Bien qu\u2019il \u00e9voque des pays comme le Cameroun, le Ghana ou la Tunisie, qui sont \u00e0 la recherche d\u2019un nouveau s\u00e9lectionneur apr\u00e8s la Can 2023, c\u2019est le nom de la C\u00f4te d\u2019Ivoire qui suscite la surprise, au lendemain du feuilleton surprise v\u00e9cu lors de la Can.<\/p>\n\n\n\n<p class=\"wp-block-paragraph\">Apr\u00e8s le d\u00e9part de Jean-Louis Gasset, qui a connu une phase de groupes mitig\u00e9e avec les \u00c9l\u00e9phants, la F\u00e9d\u00e9ration Ivoirienne de Football (Fif), sous la direction d\u2019Idriss Diallo, a d\u00e9sign\u00e9 Emerse Fa\u00e9\u00a0pour diriger l\u2019\u00e9quipe pour le reste de la comp\u00e9tition. Il convient de souligner qu\u2019il s\u2019agit d\u2019une nomination temporaire.<\/p>\n\n\n<div class=\"wp-block-image\">\n<figure class=\"aligncenter size-large is-resized\"><img loading=\"lazy\" decoding=\"async\" src=\"https:\/\/macite.tg\/wp-content\/uploads\/2024\/02\/GBps6MVW8AAmcgK-1-819x1024.jpg\" alt=\"\" class=\"wp-image-12599\" width=\"584\" height=\"730\" srcset=\"https:\/\/macite.tg\/wp-content\/uploads\/2024\/02\/GBps6MVW8AAmcgK-1-819x1024.jpg 819w, https:\/\/macite.tg\/wp-content\/uploads\/2024\/02\/GBps6MVW8AAmcgK-1-240x300.jpg 240w, https:\/\/macite.tg\/wp-content\/uploads\/2024\/02\/GBps6MVW8AAmcgK-1-768x960.jpg 768w, https:\/\/macite.tg\/wp-content\/uploads\/2024\/02\/GBps6MVW8AAmcgK-1.jpg 864w\" sizes=\"auto, (max-width: 584px) 100vw, 584px\" \/><\/figure>\n<\/div>\n\n\n<p class=\"wp-block-paragraph\">Contre toute attente, l\u2019ancien joueur ivoirien a r\u00e9ussi \u00e0 redresser l\u2019\u00e9quipe et a m\u00eame r\u00e9ussi \u00e0 offrir la 3\u00e8 \u00e9toile \u00e0 la s\u00e9lection ivoirienne. Le remplacer au bout de cet effort, serait certainement un choix qui ne ferait pas l\u2019unanimit\u00e9 au sein de l\u2019opinion ivoirienne. Mais est-ce qu\u2019on peut faire des omelettes sans casser les \u0153ufs&nbsp;?<\/p>\n\n\n\n<p class=\"wp-block-paragraph\"><strong>SeneNews<\/strong><\/p>\n\n\n\n<p class=\"wp-block-paragraph\"><a><strong><em>@macite.tg&nbsp;&nbsp;&nbsp;&nbsp;&nbsp;&nbsp;&nbsp;&nbsp;<\/em><\/strong><\/a><\/p>\n\n\n\n<p class=\"wp-block-paragraph\"><strong><em>E-mail&nbsp;: <\/em><\/strong><a href=\"mailto:maciteinfo@gmail.com\"><strong><em>maciteinfo@gmail.com<\/em><\/strong><\/a><strong><em>; <\/em><\/strong><a href=\"mailto:bawela1@gmail.com\"><strong><em>bawela1@gmail.com<\/em><\/strong><\/a><strong><em><\/em><\/strong><\/p>\n\n\n\n<p class=\"wp-block-paragraph\"><strong><em>Pour vos annonces, (publi)reportages, etc., joignez-nous au (00228)91515309\/<strong>79872224 <\/strong>www.macite.tg, L\u2019information, la bonne&nbsp;!<\/em><\/strong><\/p>\n","protected":false},"excerpt":{"rendered":"<p class=\"text-justify mb-2\" >Apr\u00e8s l\u2019euphorie de la 3e \u00e9toile arrach\u00e9e par les El\u00e9phants de la C\u00f4te d\u2019Ivoire \u00e0 l\u2019issue de la 34\u00e9 \u00e9dition de la Coupe d\u2019Afrique des nations (Can), pieds d\u00e9sormais \u00e0 terre. Le coach adjoint de la s\u00e9lection ivoirienne, Emerse Fa\u00e9, pourrait ne pas poursuivre son [&hellip;]<\/p>\n","protected":false},"author":2,"featured_media":12598,"comment_status":"open","ping_status":"open","sticky":false,"template":"","format":"standard","meta":{"footnotes":""},"categories":[20,7],"tags":[],"class_list":["post-12594","post","type-post","status-publish","format-standard","has-post-thumbnail","hentry","category-actualite","category-sports"],"yoast_head":"<!-- This site is optimized with the Yoast SEO plugin v28.4 - https:\/\/yoast.com\/product\/yoast-seo-wordpress\/ -->\n<title>COTE D\u2019IVOIRE : La tr\u00e8s mauvaise nouvelle pour Emerse Fa\u00e9, vainqueur de la Can -<\/title>\n<meta name=\"robots\" content=\"index, follow, max-snippet:-1, max-image-preview:large, max-video-preview:-1\" \/>\n<link rel=\"canonical\" href=\"https:\/\/macite.tg\/?p=12594\" \/>\n<meta property=\"og:locale\" content=\"fr_FR\" \/>\n<meta property=\"og:type\" content=\"article\" \/>\n<meta property=\"og:title\" content=\"COTE D\u2019IVOIRE : La tr\u00e8s mauvaise nouvelle pour Emerse Fa\u00e9, vainqueur de la Can -\" \/>\n<meta property=\"og:description\" content=\"Apr\u00e8s l\u2019euphorie de la 3e \u00e9toile arrach\u00e9e par les El\u00e9phants de la C\u00f4te d\u2019Ivoire \u00e0 l\u2019issue de la 34\u00e9 \u00e9dition de la Coupe d\u2019Afrique des nations (Can), pieds d\u00e9sormais \u00e0 terre. Le coach adjoint de la s\u00e9lection ivoirienne, Emerse Fa\u00e9, pourrait ne pas poursuivre son [&hellip;]\" \/>\n<meta property=\"og:url\" content=\"https:\/\/macite.tg\/?p=12594\" \/>\n<meta property=\"article:published_time\" content=\"2024-02-13T17:56:27+00:00\" \/>\n<meta property=\"article:modified_time\" content=\"2024-02-13T17:56:28+00:00\" \/>\n<meta property=\"og:image\" content=\"https:\/\/macite.tg\/wp-content\/uploads\/2024\/02\/image-35.png\" \/>\n\t<meta property=\"og:image:width\" content=\"696\" \/>\n\t<meta property=\"og:image:height\" content=\"319\" \/>\n\t<meta property=\"og:image:type\" content=\"image\/png\" \/>\n<meta name=\"author\" content=\"Jean Pierre BAWELA\" \/>\n<meta name=\"twitter:card\" content=\"summary_large_image\" \/>\n<meta name=\"twitter:label1\" content=\"\u00c9crit par\" \/>\n\t<meta name=\"twitter:data1\" content=\"Jean Pierre BAWELA\" \/>\n\t<meta name=\"twitter:label2\" content=\"Dur\u00e9e de lecture estim\u00e9e\" \/>\n\t<meta name=\"twitter:data2\" content=\"2 minutes\" \/>\n<script type=\"application\/ld+json\" class=\"yoast-schema-graph\">{\"@context\":\"https:\\\/\\\/schema.org\",\"@graph\":[{\"@type\":\"Article\",\"@id\":\"https:\\\/\\\/macite.tg\\\/?p=12594#article\",\"isPartOf\":{\"@id\":\"https:\\\/\\\/macite.tg\\\/?p=12594\"},\"author\":{\"name\":\"Jean Pierre BAWELA\",\"@id\":\"https:\\\/\\\/macite.tg\\\/#\\\/schema\\\/person\\\/e9f2de7e5dbbe7770a9402c7ce82f5c2\"},\"headline\":\"COTE D\u2019IVOIRE : La tr\u00e8s mauvaise nouvelle pour Emerse Fa\u00e9, vainqueur de la Can\",\"datePublished\":\"2024-02-13T17:56:27+00:00\",\"dateModified\":\"2024-02-13T17:56:28+00:00\",\"mainEntityOfPage\":{\"@id\":\"https:\\\/\\\/macite.tg\\\/?p=12594\"},\"wordCount\":439,\"commentCount\":0,\"image\":{\"@id\":\"https:\\\/\\\/macite.tg\\\/?p=12594#primaryimage\"},\"thumbnailUrl\":\"https:\\\/\\\/macite.tg\\\/wp-content\\\/uploads\\\/2024\\\/02\\\/image-35.png\",\"articleSection\":[\"ACTUALITE\",\"SPORTS\"],\"inLanguage\":\"fr-FR\",\"potentialAction\":[{\"@type\":\"CommentAction\",\"name\":\"Comment\",\"target\":[\"https:\\\/\\\/macite.tg\\\/?p=12594#respond\"]}]},{\"@type\":\"WebPage\",\"@id\":\"https:\\\/\\\/macite.tg\\\/?p=12594\",\"url\":\"https:\\\/\\\/macite.tg\\\/?p=12594\",\"name\":\"COTE D\u2019IVOIRE : La tr\u00e8s mauvaise nouvelle pour Emerse Fa\u00e9, vainqueur de la Can -\",\"isPartOf\":{\"@id\":\"https:\\\/\\\/macite.tg\\\/#website\"},\"primaryImageOfPage\":{\"@id\":\"https:\\\/\\\/macite.tg\\\/?p=12594#primaryimage\"},\"image\":{\"@id\":\"https:\\\/\\\/macite.tg\\\/?p=12594#primaryimage\"},\"thumbnailUrl\":\"https:\\\/\\\/macite.tg\\\/wp-content\\\/uploads\\\/2024\\\/02\\\/image-35.png\",\"datePublished\":\"2024-02-13T17:56:27+00:00\",\"dateModified\":\"2024-02-13T17:56:28+00:00\",\"author\":{\"@id\":\"https:\\\/\\\/macite.tg\\\/#\\\/schema\\\/person\\\/e9f2de7e5dbbe7770a9402c7ce82f5c2\"},\"breadcrumb\":{\"@id\":\"https:\\\/\\\/macite.tg\\\/?p=12594#breadcrumb\"},\"inLanguage\":\"fr-FR\",\"potentialAction\":[{\"@type\":\"ReadAction\",\"target\":[\"https:\\\/\\\/macite.tg\\\/?p=12594\"]}]},{\"@type\":\"ImageObject\",\"inLanguage\":\"fr-FR\",\"@id\":\"https:\\\/\\\/macite.tg\\\/?p=12594#primaryimage\",\"url\":\"https:\\\/\\\/macite.tg\\\/wp-content\\\/uploads\\\/2024\\\/02\\\/image-35.png\",\"contentUrl\":\"https:\\\/\\\/macite.tg\\\/wp-content\\\/uploads\\\/2024\\\/02\\\/image-35.png\",\"width\":696,\"height\":319},{\"@type\":\"BreadcrumbList\",\"@id\":\"https:\\\/\\\/macite.tg\\\/?p=12594#breadcrumb\",\"itemListElement\":[{\"@type\":\"ListItem\",\"position\":1,\"name\":\"Accueil\",\"item\":\"https:\\\/\\\/macite.tg\\\/\"},{\"@type\":\"ListItem\",\"position\":2,\"name\":\"COTE D\u2019IVOIRE : La tr\u00e8s mauvaise nouvelle pour Emerse Fa\u00e9, vainqueur de la Can\"}]},{\"@type\":\"WebSite\",\"@id\":\"https:\\\/\\\/macite.tg\\\/#website\",\"url\":\"https:\\\/\\\/macite.tg\\\/\",\"name\":\"\",\"description\":\"L&#039;information, la bonne!!!\",\"potentialAction\":[{\"@type\":\"SearchAction\",\"target\":{\"@type\":\"EntryPoint\",\"urlTemplate\":\"https:\\\/\\\/macite.tg\\\/?s={search_term_string}\"},\"query-input\":{\"@type\":\"PropertyValueSpecification\",\"valueRequired\":true,\"valueName\":\"search_term_string\"}}],\"inLanguage\":\"fr-FR\"},{\"@type\":\"Person\",\"@id\":\"https:\\\/\\\/macite.tg\\\/#\\\/schema\\\/person\\\/e9f2de7e5dbbe7770a9402c7ce82f5c2\",\"name\":\"Jean Pierre BAWELA\",\"image\":{\"@type\":\"ImageObject\",\"inLanguage\":\"fr-FR\",\"@id\":\"https:\\\/\\\/macite.tg\\\/wp-content\\\/uploads\\\/2023\\\/09\\\/WhatsApp-Image-2023-09-19-at-14.44.41-122x122.jpeg\",\"url\":\"https:\\\/\\\/macite.tg\\\/wp-content\\\/uploads\\\/2023\\\/09\\\/WhatsApp-Image-2023-09-19-at-14.44.41-122x122.jpeg\",\"contentUrl\":\"https:\\\/\\\/macite.tg\\\/wp-content\\\/uploads\\\/2023\\\/09\\\/WhatsApp-Image-2023-09-19-at-14.44.41-122x122.jpeg\",\"caption\":\"Jean Pierre BAWELA\"},\"url\":\"https:\\\/\\\/macite.tg\\\/?author=2\"}]}<\/script>\n<!-- \/ Yoast SEO plugin. -->","yoast_head_json":{"title":"COTE D\u2019IVOIRE : La tr\u00e8s mauvaise nouvelle pour Emerse Fa\u00e9, vainqueur de la Can -","robots":{"index":"index","follow":"follow","max-snippet":"max-snippet:-1","max-image-preview":"max-image-preview:large","max-video-preview":"max-video-preview:-1"},"canonical":"https:\/\/macite.tg\/?p=12594","og_locale":"fr_FR","og_type":"article","og_title":"COTE D\u2019IVOIRE : La tr\u00e8s mauvaise nouvelle pour Emerse Fa\u00e9, vainqueur de la Can -","og_description":"Apr\u00e8s l\u2019euphorie de la 3e \u00e9toile arrach\u00e9e par les El\u00e9phants de la C\u00f4te d\u2019Ivoire \u00e0 l\u2019issue de la 34\u00e9 \u00e9dition de la Coupe d\u2019Afrique des nations (Can), pieds d\u00e9sormais \u00e0 terre. Le coach adjoint de la s\u00e9lection ivoirienne, Emerse Fa\u00e9, pourrait ne pas poursuivre son [&hellip;]","og_url":"https:\/\/macite.tg\/?p=12594","article_published_time":"2024-02-13T17:56:27+00:00","article_modified_time":"2024-02-13T17:56:28+00:00","og_image":[{"width":696,"height":319,"url":"https:\/\/macite.tg\/wp-content\/uploads\/2024\/02\/image-35.png","type":"image\/png"}],"author":"Jean Pierre BAWELA","twitter_card":"summary_large_image","twitter_misc":{"\u00c9crit par":"Jean Pierre BAWELA","Dur\u00e9e de lecture estim\u00e9e":"2 minutes"},"schema":{"@context":"https:\/\/schema.org","@graph":[{"@type":"Article","@id":"https:\/\/macite.tg\/?p=12594#article","isPartOf":{"@id":"https:\/\/macite.tg\/?p=12594"},"author":{"name":"Jean Pierre BAWELA","@id":"https:\/\/macite.tg\/#\/schema\/person\/e9f2de7e5dbbe7770a9402c7ce82f5c2"},"headline":"COTE D\u2019IVOIRE : La tr\u00e8s mauvaise nouvelle pour Emerse Fa\u00e9, vainqueur de la Can","datePublished":"2024-02-13T17:56:27+00:00","dateModified":"2024-02-13T17:56:28+00:00","mainEntityOfPage":{"@id":"https:\/\/macite.tg\/?p=12594"},"wordCount":439,"commentCount":0,"image":{"@id":"https:\/\/macite.tg\/?p=12594#primaryimage"},"thumbnailUrl":"https:\/\/macite.tg\/wp-content\/uploads\/2024\/02\/image-35.png","articleSection":["ACTUALITE","SPORTS"],"inLanguage":"fr-FR","potentialAction":[{"@type":"CommentAction","name":"Comment","target":["https:\/\/macite.tg\/?p=12594#respond"]}]},{"@type":"WebPage","@id":"https:\/\/macite.tg\/?p=12594","url":"https:\/\/macite.tg\/?p=12594","name":"COTE D\u2019IVOIRE : La tr\u00e8s mauvaise nouvelle pour Emerse Fa\u00e9, vainqueur de la Can -","isPartOf":{"@id":"https:\/\/macite.tg\/#website"},"primaryImageOfPage":{"@id":"https:\/\/macite.tg\/?p=12594#primaryimage"},"image":{"@id":"https:\/\/macite.tg\/?p=12594#primaryimage"},"thumbnailUrl":"https:\/\/macite.tg\/wp-content\/uploads\/2024\/02\/image-35.png","datePublished":"2024-02-13T17:56:27+00:00","dateModified":"2024-02-13T17:56:28+00:00","author":{"@id":"https:\/\/macite.tg\/#\/schema\/person\/e9f2de7e5dbbe7770a9402c7ce82f5c2"},"breadcrumb":{"@id":"https:\/\/macite.tg\/?p=12594#breadcrumb"},"inLanguage":"fr-FR","potentialAction":[{"@type":"ReadAction","target":["https:\/\/macite.tg\/?p=12594"]}]},{"@type":"ImageObject","inLanguage":"fr-FR","@id":"https:\/\/macite.tg\/?p=12594#primaryimage","url":"https:\/\/macite.tg\/wp-content\/uploads\/2024\/02\/image-35.png","contentUrl":"https:\/\/macite.tg\/wp-content\/uploads\/2024\/02\/image-35.png","width":696,"height":319},{"@type":"BreadcrumbList","@id":"https:\/\/macite.tg\/?p=12594#breadcrumb","itemListElement":[{"@type":"ListItem","position":1,"name":"Accueil","item":"https:\/\/macite.tg\/"},{"@type":"ListItem","position":2,"name":"COTE D\u2019IVOIRE : La tr\u00e8s mauvaise nouvelle pour Emerse Fa\u00e9, vainqueur de la Can"}]},{"@type":"WebSite","@id":"https:\/\/macite.tg\/#website","url":"https:\/\/macite.tg\/","name":"","description":"L&#039;information, la bonne!!!","potentialAction":[{"@type":"SearchAction","target":{"@type":"EntryPoint","urlTemplate":"https:\/\/macite.tg\/?s={search_term_string}"},"query-input":{"@type":"PropertyValueSpecification","valueRequired":true,"valueName":"search_term_string"}}],"inLanguage":"fr-FR"},{"@type":"Person","@id":"https:\/\/macite.tg\/#\/schema\/person\/e9f2de7e5dbbe7770a9402c7ce82f5c2","name":"Jean Pierre BAWELA","image":{"@type":"ImageObject","inLanguage":"fr-FR","@id":"https:\/\/macite.tg\/wp-content\/uploads\/2023\/09\/WhatsApp-Image-2023-09-19-at-14.44.41-122x122.jpeg","url":"https:\/\/macite.tg\/wp-content\/uploads\/2023\/09\/WhatsApp-Image-2023-09-19-at-14.44.41-122x122.jpeg","contentUrl":"https:\/\/macite.tg\/wp-content\/uploads\/2023\/09\/WhatsApp-Image-2023-09-19-at-14.44.41-122x122.jpeg","caption":"Jean Pierre BAWELA"},"url":"https:\/\/macite.tg\/?author=2"}]}},"_links":{"self":[{"href":"https:\/\/macite.tg\/index.php?rest_route=\/wp\/v2\/posts\/12594","targetHints":{"allow":["GET"]}}],"collection":[{"href":"https:\/\/macite.tg\/index.php?rest_route=\/wp\/v2\/posts"}],"about":[{"href":"https:\/\/macite.tg\/index.php?rest_route=\/wp\/v2\/types\/post"}],"author":[{"embeddable":true,"href":"https:\/\/macite.tg\/index.php?rest_route=\/wp\/v2\/users\/2"}],"replies":[{"embeddable":true,"href":"https:\/\/macite.tg\/index.php?rest_route=%2Fwp%2Fv2%2Fcomments&post=12594"}],"version-history":[{"count":0,"href":"https:\/\/macite.tg\/index.php?rest_route=\/wp\/v2\/posts\/12594\/revisions"}],"wp:featuredmedia":[{"embeddable":true,"href":"https:\/\/macite.tg\/index.php?rest_route=\/wp\/v2\/media\/12598"}],"wp:attachment":[{"href":"https:\/\/macite.tg\/index.php?rest_route=%2Fwp%2Fv2%2Fmedia&parent=12594"}],"wp:term":[{"taxonomy":"category","embeddable":true,"href":"https:\/\/macite.tg\/index.php?rest_route=%2Fwp%2Fv2%2Fcategories&post=12594"},{"taxonomy":"post_tag","embeddable":true,"href":"https:\/\/macite.tg\/index.php?rest_route=%2Fwp%2Fv2%2Ftags&post=12594"}],"curies":[{"name":"wp","href":"https:\/\/api.w.org\/{rel}","templated":true}]}}