{"id":12591,"date":"2024-02-13T17:35:01","date_gmt":"2024-02-13T17:35:01","guid":{"rendered":"https:\/\/macite.tg\/?p=12591"},"modified":"2024-02-13T17:35:02","modified_gmt":"2024-02-13T17:35:02","slug":"securite-les-acteurs-de-la-sous-region-a-lecole-de-la-gestion-des-ressources","status":"publish","type":"post","link":"https:\/\/macite.tg\/?p=12591","title":{"rendered":"SECURITE\u00a0: Les acteurs de la sous-r\u00e9gion \u00e0 l\u2019\u00e9cole de la gestion des ressources\u00a0"},"content":{"rendered":"\n<p class=\"wp-block-paragraph\"><strong><em>Les experts en s\u00e9curit\u00e9 dans les pays de l\u2019Afrique de l\u2019Ouest sont r\u00e9unis, depuis hier lundi 12 f\u00e9vrier dernier, \u00e0 Lom\u00e9 autour de la th\u00e9matique de gestion des ressources li\u00e9es \u00e0 la s\u00e9curit\u00e9.<\/em><\/strong><\/p>\n\n\n\n<p class=\"wp-block-paragraph\">Organis\u00e9e par le Centre d\u2019\u00e9tudes strat\u00e9giques des Etats-Unis (Cesa), avec le soutien de l\u2019Ambassade des Usa au Togo, cette rencontre de quatre jours se veut de r\u00e9fl\u00e9chir sur les strat\u00e9gies \u00e0 mettre en \u0153uvre pour mieux lutter contre le terrorisme dans la sous-r\u00e9gion et pr\u00e9server la paix sociale.<\/p>\n\n\n<div class=\"wp-block-image\">\n<figure class=\"aligncenter size-full is-resized\"><img loading=\"lazy\" decoding=\"async\" src=\"https:\/\/macite.tg\/wp-content\/uploads\/2024\/02\/425288435_900806342054173_5921783502174539848_n-1.jpg\" alt=\"\" class=\"wp-image-12579\" width=\"494\" height=\"494\" srcset=\"https:\/\/macite.tg\/wp-content\/uploads\/2024\/02\/425288435_900806342054173_5921783502174539848_n-1.jpg 843w, https:\/\/macite.tg\/wp-content\/uploads\/2024\/02\/425288435_900806342054173_5921783502174539848_n-1-300x300.jpg 300w, https:\/\/macite.tg\/wp-content\/uploads\/2024\/02\/425288435_900806342054173_5921783502174539848_n-1-150x150.jpg 150w, https:\/\/macite.tg\/wp-content\/uploads\/2024\/02\/425288435_900806342054173_5921783502174539848_n-1-768x768.jpg 768w, https:\/\/macite.tg\/wp-content\/uploads\/2024\/02\/425288435_900806342054173_5921783502174539848_n-1-122x122.jpg 122w\" sizes=\"auto, (max-width: 494px) 100vw, 494px\" \/><\/figure>\n<\/div>\n\n\n<p class=\"wp-block-paragraph\">Cette rencontre sous-r\u00e9gionale est \u00e9galement une occasion de r\u00e9unir les participants autour des plateformes d\u2019\u00e9changes des points de vue sur les priorit\u00e9s et les bonnes pratiques en la mati\u00e8re.<\/p>\n\n\n\n<p class=\"wp-block-paragraph\">Selon la Directrice du Cesa, Amanda Dory, l\u2019accent qui est mis sur l\u2019Afrique de l\u2019ouest et notamment le Togo, se veut de <em>\u00ab&nbsp;donner l\u2019opportunit\u00e9 aux participants de&nbsp;d\u2019examiner la situation de l\u2019utilisation des ressources dans leurs pays respectifs, face \u00e0 des besoins crois\u00e9s en d\u00e9veloppement et en s\u00e9curit\u00e9&nbsp;\u00bb.<\/em> Ce n\u2019est qu\u2019ainsi qu\u2019ils <em>\u00ab&nbsp;pourront acqu\u00e9rir une compr\u00e9hension de la gestion strat\u00e9gique de ces ressources et des d\u00e9cisions qui en d\u00e9coulent&nbsp;\u00bb,<\/em> a-t-elle soutenue.<\/p>\n\n\n<div class=\"wp-block-image\">\n<figure class=\"aligncenter size-large is-resized\"><img loading=\"lazy\" decoding=\"async\" src=\"https:\/\/macite.tg\/wp-content\/uploads\/2024\/02\/GBps6MVW8AAmcgK-819x1024.jpg\" alt=\"\" class=\"wp-image-12370\" width=\"540\" height=\"676\" srcset=\"https:\/\/macite.tg\/wp-content\/uploads\/2024\/02\/GBps6MVW8AAmcgK-819x1024.jpg 819w, https:\/\/macite.tg\/wp-content\/uploads\/2024\/02\/GBps6MVW8AAmcgK-240x300.jpg 240w, https:\/\/macite.tg\/wp-content\/uploads\/2024\/02\/GBps6MVW8AAmcgK-768x960.jpg 768w, https:\/\/macite.tg\/wp-content\/uploads\/2024\/02\/GBps6MVW8AAmcgK.jpg 864w\" sizes=\"auto, (max-width: 540px) 100vw, 540px\" \/><\/figure>\n<\/div>\n\n\n<p class=\"wp-block-paragraph\">Notons qu\u2019au Togo, dans l\u2019optique de pr\u00e9server la s\u00e9curit\u00e9 et lutter contre le terrorisme, plusieurs m\u00e9canismes sont mis en \u0153uvre. On peut citer, notamment le Comit\u00e9 interminist\u00e9riel de pr\u00e9vention et de lutte contre l\u2019extr\u00e9misme violent (Ciplev), l\u2019adoption d\u2019une strat\u00e9gie nationale de lutte contre l\u2019extr\u00e9misme violent, etc.<\/p>\n\n\n\n<p class=\"wp-block-paragraph\"><strong>JPB<\/strong><\/p>\n\n\n\n<p class=\"wp-block-paragraph\"><strong><em>@macite.tg&nbsp;&nbsp;&nbsp;&nbsp;&nbsp;&nbsp;&nbsp;&nbsp;<\/em><\/strong><\/p>\n\n\n\n<p class=\"wp-block-paragraph\"><strong><em>E-mail&nbsp;: <\/em><\/strong><a href=\"mailto:maciteinfo@gmail.com\"><strong><em>maciteinfo@gmail.com<\/em><\/strong><\/a><strong><em>; <\/em><\/strong><a href=\"mailto:bawela1@gmail.com\"><strong><em>bawela1@gmail.com<\/em><\/strong><\/a><strong><em><\/em><\/strong><\/p>\n\n\n\n<p class=\"wp-block-paragraph\"><strong><em>Pour vos annonces, (publi)reportages, etc., joignez-nous au (00228)91515309\/<strong>79872224 <\/strong>www.macite.tg, L\u2019information, la bonne&nbsp;!<\/em><\/strong><\/p>\n","protected":false},"excerpt":{"rendered":"<p class=\"text-justify mb-2\" >Les experts en s\u00e9curit\u00e9 dans les pays de l\u2019Afrique de l\u2019Ouest sont r\u00e9unis, depuis hier lundi 12 f\u00e9vrier dernier, \u00e0 Lom\u00e9 autour de la th\u00e9matique de gestion des ressources li\u00e9es \u00e0 la s\u00e9curit\u00e9. Organis\u00e9e par le Centre d\u2019\u00e9tudes strat\u00e9giques des Etats-Unis (Cesa), avec le soutien [&hellip;]<\/p>\n","protected":false},"author":2,"featured_media":12595,"comment_status":"open","ping_status":"open","sticky":false,"template":"","format":"standard","meta":{"footnotes":""},"categories":[20,28],"tags":[],"class_list":["post-12591","post","type-post","status-publish","format-standard","has-post-thumbnail","hentry","category-actualite","category-securite"],"yoast_head":"<!-- This site is optimized with the Yoast SEO plugin v28.4 - https:\/\/yoast.com\/product\/yoast-seo-wordpress\/ -->\n<title>SECURITE\u00a0: Les acteurs de la sous-r\u00e9gion \u00e0 l\u2019\u00e9cole de la gestion des ressources\u00a0 -<\/title>\n<meta name=\"robots\" content=\"index, follow, max-snippet:-1, max-image-preview:large, max-video-preview:-1\" \/>\n<link rel=\"canonical\" href=\"https:\/\/macite.tg\/?p=12591\" \/>\n<meta property=\"og:locale\" content=\"fr_FR\" \/>\n<meta property=\"og:type\" content=\"article\" \/>\n<meta property=\"og:title\" content=\"SECURITE\u00a0: Les acteurs de la sous-r\u00e9gion \u00e0 l\u2019\u00e9cole de la gestion des ressources\u00a0 -\" \/>\n<meta property=\"og:description\" content=\"Les experts en s\u00e9curit\u00e9 dans les pays de l\u2019Afrique de l\u2019Ouest sont r\u00e9unis, depuis hier lundi 12 f\u00e9vrier dernier, \u00e0 Lom\u00e9 autour de la th\u00e9matique de gestion des ressources li\u00e9es \u00e0 la s\u00e9curit\u00e9. Organis\u00e9e par le Centre d\u2019\u00e9tudes strat\u00e9giques des Etats-Unis (Cesa), avec le soutien [&hellip;]\" \/>\n<meta property=\"og:url\" content=\"https:\/\/macite.tg\/?p=12591\" \/>\n<meta property=\"article:published_time\" content=\"2024-02-13T17:35:01+00:00\" \/>\n<meta property=\"article:modified_time\" content=\"2024-02-13T17:35:02+00:00\" \/>\n<meta property=\"og:image\" content=\"https:\/\/macite.tg\/wp-content\/uploads\/2024\/02\/97dad896053262ba4d97bb02b620a4e0_XL.jpg\" \/>\n\t<meta property=\"og:image:width\" content=\"1000\" \/>\n\t<meta property=\"og:image:height\" content=\"581\" \/>\n\t<meta property=\"og:image:type\" content=\"image\/jpeg\" \/>\n<meta name=\"author\" content=\"Jean Pierre BAWELA\" \/>\n<meta name=\"twitter:card\" content=\"summary_large_image\" \/>\n<meta name=\"twitter:label1\" content=\"\u00c9crit par\" \/>\n\t<meta name=\"twitter:data1\" content=\"Jean Pierre BAWELA\" \/>\n\t<meta name=\"twitter:label2\" content=\"Dur\u00e9e de lecture estim\u00e9e\" \/>\n\t<meta name=\"twitter:data2\" content=\"2 minutes\" \/>\n<script type=\"application\/ld+json\" class=\"yoast-schema-graph\">{\"@context\":\"https:\\\/\\\/schema.org\",\"@graph\":[{\"@type\":\"Article\",\"@id\":\"https:\\\/\\\/macite.tg\\\/?p=12591#article\",\"isPartOf\":{\"@id\":\"https:\\\/\\\/macite.tg\\\/?p=12591\"},\"author\":{\"name\":\"Jean Pierre BAWELA\",\"@id\":\"https:\\\/\\\/macite.tg\\\/#\\\/schema\\\/person\\\/e9f2de7e5dbbe7770a9402c7ce82f5c2\"},\"headline\":\"SECURITE\u00a0: Les acteurs de la sous-r\u00e9gion \u00e0 l\u2019\u00e9cole de la gestion des ressources\u00a0\",\"datePublished\":\"2024-02-13T17:35:01+00:00\",\"dateModified\":\"2024-02-13T17:35:02+00:00\",\"mainEntityOfPage\":{\"@id\":\"https:\\\/\\\/macite.tg\\\/?p=12591\"},\"wordCount\":329,\"commentCount\":0,\"image\":{\"@id\":\"https:\\\/\\\/macite.tg\\\/?p=12591#primaryimage\"},\"thumbnailUrl\":\"https:\\\/\\\/macite.tg\\\/wp-content\\\/uploads\\\/2024\\\/02\\\/97dad896053262ba4d97bb02b620a4e0_XL.jpg\",\"articleSection\":[\"ACTUALITE\",\"SECURITE\"],\"inLanguage\":\"fr-FR\",\"potentialAction\":[{\"@type\":\"CommentAction\",\"name\":\"Comment\",\"target\":[\"https:\\\/\\\/macite.tg\\\/?p=12591#respond\"]}]},{\"@type\":\"WebPage\",\"@id\":\"https:\\\/\\\/macite.tg\\\/?p=12591\",\"url\":\"https:\\\/\\\/macite.tg\\\/?p=12591\",\"name\":\"SECURITE\u00a0: Les acteurs de la sous-r\u00e9gion \u00e0 l\u2019\u00e9cole de la gestion des ressources\u00a0 -\",\"isPartOf\":{\"@id\":\"https:\\\/\\\/macite.tg\\\/#website\"},\"primaryImageOfPage\":{\"@id\":\"https:\\\/\\\/macite.tg\\\/?p=12591#primaryimage\"},\"image\":{\"@id\":\"https:\\\/\\\/macite.tg\\\/?p=12591#primaryimage\"},\"thumbnailUrl\":\"https:\\\/\\\/macite.tg\\\/wp-content\\\/uploads\\\/2024\\\/02\\\/97dad896053262ba4d97bb02b620a4e0_XL.jpg\",\"datePublished\":\"2024-02-13T17:35:01+00:00\",\"dateModified\":\"2024-02-13T17:35:02+00:00\",\"author\":{\"@id\":\"https:\\\/\\\/macite.tg\\\/#\\\/schema\\\/person\\\/e9f2de7e5dbbe7770a9402c7ce82f5c2\"},\"breadcrumb\":{\"@id\":\"https:\\\/\\\/macite.tg\\\/?p=12591#breadcrumb\"},\"inLanguage\":\"fr-FR\",\"potentialAction\":[{\"@type\":\"ReadAction\",\"target\":[\"https:\\\/\\\/macite.tg\\\/?p=12591\"]}]},{\"@type\":\"ImageObject\",\"inLanguage\":\"fr-FR\",\"@id\":\"https:\\\/\\\/macite.tg\\\/?p=12591#primaryimage\",\"url\":\"https:\\\/\\\/macite.tg\\\/wp-content\\\/uploads\\\/2024\\\/02\\\/97dad896053262ba4d97bb02b620a4e0_XL.jpg\",\"contentUrl\":\"https:\\\/\\\/macite.tg\\\/wp-content\\\/uploads\\\/2024\\\/02\\\/97dad896053262ba4d97bb02b620a4e0_XL.jpg\",\"width\":1000,\"height\":581,\"caption\":\"Une vue des participants \u00e0 l'ouverture des travaux...\"},{\"@type\":\"BreadcrumbList\",\"@id\":\"https:\\\/\\\/macite.tg\\\/?p=12591#breadcrumb\",\"itemListElement\":[{\"@type\":\"ListItem\",\"position\":1,\"name\":\"Accueil\",\"item\":\"https:\\\/\\\/macite.tg\\\/\"},{\"@type\":\"ListItem\",\"position\":2,\"name\":\"SECURITE\u00a0: Les acteurs de la sous-r\u00e9gion \u00e0 l\u2019\u00e9cole de la gestion des ressources\u00a0\"}]},{\"@type\":\"WebSite\",\"@id\":\"https:\\\/\\\/macite.tg\\\/#website\",\"url\":\"https:\\\/\\\/macite.tg\\\/\",\"name\":\"\",\"description\":\"L&#039;information, la bonne!!!\",\"potentialAction\":[{\"@type\":\"SearchAction\",\"target\":{\"@type\":\"EntryPoint\",\"urlTemplate\":\"https:\\\/\\\/macite.tg\\\/?s={search_term_string}\"},\"query-input\":{\"@type\":\"PropertyValueSpecification\",\"valueRequired\":true,\"valueName\":\"search_term_string\"}}],\"inLanguage\":\"fr-FR\"},{\"@type\":\"Person\",\"@id\":\"https:\\\/\\\/macite.tg\\\/#\\\/schema\\\/person\\\/e9f2de7e5dbbe7770a9402c7ce82f5c2\",\"name\":\"Jean Pierre BAWELA\",\"image\":{\"@type\":\"ImageObject\",\"inLanguage\":\"fr-FR\",\"@id\":\"https:\\\/\\\/macite.tg\\\/wp-content\\\/uploads\\\/2023\\\/09\\\/WhatsApp-Image-2023-09-19-at-14.44.41-122x122.jpeg\",\"url\":\"https:\\\/\\\/macite.tg\\\/wp-content\\\/uploads\\\/2023\\\/09\\\/WhatsApp-Image-2023-09-19-at-14.44.41-122x122.jpeg\",\"contentUrl\":\"https:\\\/\\\/macite.tg\\\/wp-content\\\/uploads\\\/2023\\\/09\\\/WhatsApp-Image-2023-09-19-at-14.44.41-122x122.jpeg\",\"caption\":\"Jean Pierre BAWELA\"},\"url\":\"https:\\\/\\\/macite.tg\\\/?author=2\"}]}<\/script>\n<!-- \/ Yoast SEO plugin. -->","yoast_head_json":{"title":"SECURITE\u00a0: Les acteurs de la sous-r\u00e9gion \u00e0 l\u2019\u00e9cole de la gestion des ressources\u00a0 -","robots":{"index":"index","follow":"follow","max-snippet":"max-snippet:-1","max-image-preview":"max-image-preview:large","max-video-preview":"max-video-preview:-1"},"canonical":"https:\/\/macite.tg\/?p=12591","og_locale":"fr_FR","og_type":"article","og_title":"SECURITE\u00a0: Les acteurs de la sous-r\u00e9gion \u00e0 l\u2019\u00e9cole de la gestion des ressources\u00a0 -","og_description":"Les experts en s\u00e9curit\u00e9 dans les pays de l\u2019Afrique de l\u2019Ouest sont r\u00e9unis, depuis hier lundi 12 f\u00e9vrier dernier, \u00e0 Lom\u00e9 autour de la th\u00e9matique de gestion des ressources li\u00e9es \u00e0 la s\u00e9curit\u00e9. Organis\u00e9e par le Centre d\u2019\u00e9tudes strat\u00e9giques des Etats-Unis (Cesa), avec le soutien [&hellip;]","og_url":"https:\/\/macite.tg\/?p=12591","article_published_time":"2024-02-13T17:35:01+00:00","article_modified_time":"2024-02-13T17:35:02+00:00","og_image":[{"width":1000,"height":581,"url":"https:\/\/macite.tg\/wp-content\/uploads\/2024\/02\/97dad896053262ba4d97bb02b620a4e0_XL.jpg","type":"image\/jpeg"}],"author":"Jean Pierre BAWELA","twitter_card":"summary_large_image","twitter_misc":{"\u00c9crit par":"Jean Pierre BAWELA","Dur\u00e9e de lecture estim\u00e9e":"2 minutes"},"schema":{"@context":"https:\/\/schema.org","@graph":[{"@type":"Article","@id":"https:\/\/macite.tg\/?p=12591#article","isPartOf":{"@id":"https:\/\/macite.tg\/?p=12591"},"author":{"name":"Jean Pierre BAWELA","@id":"https:\/\/macite.tg\/#\/schema\/person\/e9f2de7e5dbbe7770a9402c7ce82f5c2"},"headline":"SECURITE\u00a0: Les acteurs de la sous-r\u00e9gion \u00e0 l\u2019\u00e9cole de la gestion des ressources\u00a0","datePublished":"2024-02-13T17:35:01+00:00","dateModified":"2024-02-13T17:35:02+00:00","mainEntityOfPage":{"@id":"https:\/\/macite.tg\/?p=12591"},"wordCount":329,"commentCount":0,"image":{"@id":"https:\/\/macite.tg\/?p=12591#primaryimage"},"thumbnailUrl":"https:\/\/macite.tg\/wp-content\/uploads\/2024\/02\/97dad896053262ba4d97bb02b620a4e0_XL.jpg","articleSection":["ACTUALITE","SECURITE"],"inLanguage":"fr-FR","potentialAction":[{"@type":"CommentAction","name":"Comment","target":["https:\/\/macite.tg\/?p=12591#respond"]}]},{"@type":"WebPage","@id":"https:\/\/macite.tg\/?p=12591","url":"https:\/\/macite.tg\/?p=12591","name":"SECURITE\u00a0: Les acteurs de la sous-r\u00e9gion \u00e0 l\u2019\u00e9cole de la gestion des ressources\u00a0 -","isPartOf":{"@id":"https:\/\/macite.tg\/#website"},"primaryImageOfPage":{"@id":"https:\/\/macite.tg\/?p=12591#primaryimage"},"image":{"@id":"https:\/\/macite.tg\/?p=12591#primaryimage"},"thumbnailUrl":"https:\/\/macite.tg\/wp-content\/uploads\/2024\/02\/97dad896053262ba4d97bb02b620a4e0_XL.jpg","datePublished":"2024-02-13T17:35:01+00:00","dateModified":"2024-02-13T17:35:02+00:00","author":{"@id":"https:\/\/macite.tg\/#\/schema\/person\/e9f2de7e5dbbe7770a9402c7ce82f5c2"},"breadcrumb":{"@id":"https:\/\/macite.tg\/?p=12591#breadcrumb"},"inLanguage":"fr-FR","potentialAction":[{"@type":"ReadAction","target":["https:\/\/macite.tg\/?p=12591"]}]},{"@type":"ImageObject","inLanguage":"fr-FR","@id":"https:\/\/macite.tg\/?p=12591#primaryimage","url":"https:\/\/macite.tg\/wp-content\/uploads\/2024\/02\/97dad896053262ba4d97bb02b620a4e0_XL.jpg","contentUrl":"https:\/\/macite.tg\/wp-content\/uploads\/2024\/02\/97dad896053262ba4d97bb02b620a4e0_XL.jpg","width":1000,"height":581,"caption":"Une vue des participants \u00e0 l'ouverture des travaux..."},{"@type":"BreadcrumbList","@id":"https:\/\/macite.tg\/?p=12591#breadcrumb","itemListElement":[{"@type":"ListItem","position":1,"name":"Accueil","item":"https:\/\/macite.tg\/"},{"@type":"ListItem","position":2,"name":"SECURITE\u00a0: Les acteurs de la sous-r\u00e9gion \u00e0 l\u2019\u00e9cole de la gestion des ressources\u00a0"}]},{"@type":"WebSite","@id":"https:\/\/macite.tg\/#website","url":"https:\/\/macite.tg\/","name":"","description":"L&#039;information, la bonne!!!","potentialAction":[{"@type":"SearchAction","target":{"@type":"EntryPoint","urlTemplate":"https:\/\/macite.tg\/?s={search_term_string}"},"query-input":{"@type":"PropertyValueSpecification","valueRequired":true,"valueName":"search_term_string"}}],"inLanguage":"fr-FR"},{"@type":"Person","@id":"https:\/\/macite.tg\/#\/schema\/person\/e9f2de7e5dbbe7770a9402c7ce82f5c2","name":"Jean Pierre BAWELA","image":{"@type":"ImageObject","inLanguage":"fr-FR","@id":"https:\/\/macite.tg\/wp-content\/uploads\/2023\/09\/WhatsApp-Image-2023-09-19-at-14.44.41-122x122.jpeg","url":"https:\/\/macite.tg\/wp-content\/uploads\/2023\/09\/WhatsApp-Image-2023-09-19-at-14.44.41-122x122.jpeg","contentUrl":"https:\/\/macite.tg\/wp-content\/uploads\/2023\/09\/WhatsApp-Image-2023-09-19-at-14.44.41-122x122.jpeg","caption":"Jean Pierre BAWELA"},"url":"https:\/\/macite.tg\/?author=2"}]}},"_links":{"self":[{"href":"https:\/\/macite.tg\/index.php?rest_route=\/wp\/v2\/posts\/12591","targetHints":{"allow":["GET"]}}],"collection":[{"href":"https:\/\/macite.tg\/index.php?rest_route=\/wp\/v2\/posts"}],"about":[{"href":"https:\/\/macite.tg\/index.php?rest_route=\/wp\/v2\/types\/post"}],"author":[{"embeddable":true,"href":"https:\/\/macite.tg\/index.php?rest_route=\/wp\/v2\/users\/2"}],"replies":[{"embeddable":true,"href":"https:\/\/macite.tg\/index.php?rest_route=%2Fwp%2Fv2%2Fcomments&post=12591"}],"version-history":[{"count":0,"href":"https:\/\/macite.tg\/index.php?rest_route=\/wp\/v2\/posts\/12591\/revisions"}],"wp:featuredmedia":[{"embeddable":true,"href":"https:\/\/macite.tg\/index.php?rest_route=\/wp\/v2\/media\/12595"}],"wp:attachment":[{"href":"https:\/\/macite.tg\/index.php?rest_route=%2Fwp%2Fv2%2Fmedia&parent=12591"}],"wp:term":[{"taxonomy":"category","embeddable":true,"href":"https:\/\/macite.tg\/index.php?rest_route=%2Fwp%2Fv2%2Fcategories&post=12591"},{"taxonomy":"post_tag","embeddable":true,"href":"https:\/\/macite.tg\/index.php?rest_route=%2Fwp%2Fv2%2Ftags&post=12591"}],"curies":[{"name":"wp","href":"https:\/\/api.w.org\/{rel}","templated":true}]}}