{"id":12590,"date":"2024-02-13T13:25:41","date_gmt":"2024-02-13T13:25:41","guid":{"rendered":"https:\/\/macite.tg\/?p=12590"},"modified":"2024-02-13T13:25:43","modified_gmt":"2024-02-13T13:25:43","slug":"formation-de-la-jeunesse-le-reverend-pasteur-ock-soo-park-et-liyf-engages-aux-cotes-des-autorites-togolaises","status":"publish","type":"post","link":"https:\/\/macite.tg\/?p=12590","title":{"rendered":"FORMATION DE LA JEUNESSE : Le r\u00e9v\u00e9rend Pasteur Ock Soo Park et l\u2019Iyf engag\u00e9s aux c\u00f4t\u00e9s des autorit\u00e9s togolaises"},"content":{"rendered":"\n<p class=\"wp-block-paragraph\"><strong><em>Le fondateur de l\u2019International Youth Fellowshi (Iyf), une Ong d\u00e9di\u00e9e \u00e0 la promotion de la jeunesse, le R\u00e9v\u00e9rend Pasteur Ock Soo Park, a \u00e9chang\u00e9, le vendredi 09 f\u00e9vrier dernier, avec le Chef de l\u2019Etat, Faure Gnassingb\u00e9.<\/em><\/strong><\/p>\n\n\n\n<p class=\"wp-block-paragraph\">Re\u00e7u le vendredi 09 f\u00e9vrier dernier par le Chef de l\u2019Etat, le R\u00e9v\u00e9rend Pasteur Ock Soo Park,\u00a0fondateur de International Youth Fellowship (Iyf), a partag\u00e9 avec le leader togolais les diff\u00e9rents programmes de l\u2019Iyf, qui est \u00e9galement une Ong d\u00e9di\u00e9e \u00e0 la promotion de la jeunesse.<\/p>\n\n\n<div class=\"wp-block-image\">\n<figure class=\"aligncenter size-full is-resized\"><img loading=\"lazy\" decoding=\"async\" src=\"https:\/\/macite.tg\/wp-content\/uploads\/2024\/02\/425288435_900806342054173_5921783502174539848_n-1.jpg\" alt=\"\" class=\"wp-image-12579\" width=\"518\" height=\"518\" srcset=\"https:\/\/macite.tg\/wp-content\/uploads\/2024\/02\/425288435_900806342054173_5921783502174539848_n-1.jpg 843w, https:\/\/macite.tg\/wp-content\/uploads\/2024\/02\/425288435_900806342054173_5921783502174539848_n-1-300x300.jpg 300w, https:\/\/macite.tg\/wp-content\/uploads\/2024\/02\/425288435_900806342054173_5921783502174539848_n-1-150x150.jpg 150w, https:\/\/macite.tg\/wp-content\/uploads\/2024\/02\/425288435_900806342054173_5921783502174539848_n-1-768x768.jpg 768w, https:\/\/macite.tg\/wp-content\/uploads\/2024\/02\/425288435_900806342054173_5921783502174539848_n-1-122x122.jpg 122w\" sizes=\"auto, (max-width: 518px) 100vw, 518px\" \/><\/figure>\n<\/div>\n\n\n<p class=\"wp-block-paragraph\">Implant\u00e9e au Togo depuis les ann\u00e9es 2005, cette Ong sud-cor\u00e9enne \u0153uvre pour la promotion des valeurs sociales nobles, notamment la citoyennet\u00e9, le patriotisme, mais aussi le changement de mentalit\u00e9.<\/p>\n\n\n\n<p class=\"wp-block-paragraph\">Depuis 2001, l\u2019Iyf est engag\u00e9e dans la formation de la jeunesse dans plusieurs domaines, notamment le d\u00e9veloppement personnel, le leadership et entrepreneuriat mais aussi dans la construction du multiculturalisme, la promotion de la diversit\u00e9 culturelle, des valeurs r\u00e9publicaines, du leadership et du d\u00e9veloppement humain.<\/p>\n\n\n\n<p class=\"wp-block-paragraph\">Et dire que toutes ces valeurs sont en r\u00e9alit\u00e9 en phase avec la vision des plus hautes autorit\u00e9s du pays vis-\u00e0-vis de la jeunesse togolaise.<\/p>\n\n\n<div class=\"wp-block-image\">\n<figure class=\"aligncenter size-large is-resized\"><img loading=\"lazy\" decoding=\"async\" src=\"https:\/\/macite.tg\/wp-content\/uploads\/2024\/02\/GBps6MVW8AAmcgK-819x1024.jpg\" alt=\"\" class=\"wp-image-12370\" width=\"586\" height=\"733\" srcset=\"https:\/\/macite.tg\/wp-content\/uploads\/2024\/02\/GBps6MVW8AAmcgK-819x1024.jpg 819w, https:\/\/macite.tg\/wp-content\/uploads\/2024\/02\/GBps6MVW8AAmcgK-240x300.jpg 240w, https:\/\/macite.tg\/wp-content\/uploads\/2024\/02\/GBps6MVW8AAmcgK-768x960.jpg 768w, https:\/\/macite.tg\/wp-content\/uploads\/2024\/02\/GBps6MVW8AAmcgK.jpg 864w\" sizes=\"auto, (max-width: 586px) 100vw, 586px\" \/><\/figure>\n<\/div>\n\n\n<p class=\"wp-block-paragraph\">Le fondateur de Iyf, Ock Soo Parck, note qu\u2019il a eu avec le chef de l\u2019Etat, \u00ab&nbsp;<em>des discussions enrichissantes avec le Pr\u00e9sident de la R\u00e9publique sur les projets de construction des centres de formation, d\u2019\u00e9ducation pour le leadership, le changement de mentalit\u00e9 et le patriotisme au profit des jeunes togolais et sur les possibilit\u00e9s de voyages d\u2019\u00e9tudes pour les enseignants togolais en Cor\u00e9e du Sud&nbsp;\u00bb. <\/em><em>Il souligne qu\u2019il \u00eatre \u00ab&nbsp;<\/em><em>pr\u00eats \u00e0 travailler avec le gouvernement togolais pour former les leaders de demain<\/em>&nbsp;\u00bb.<\/p>\n\n\n\n<p class=\"wp-block-paragraph\"><strong>La R\u00e9daction<\/strong><\/p>\n\n\n\n<p class=\"wp-block-paragraph\"><strong><em>@macite.tg&nbsp;&nbsp;&nbsp;&nbsp;&nbsp;&nbsp;&nbsp;&nbsp;<\/em><\/strong><\/p>\n\n\n\n<p class=\"wp-block-paragraph\"><strong><em>E-mail&nbsp;: <\/em><\/strong><a href=\"mailto:maciteinfo@gmail.com\"><strong><em>maciteinfo@gmail.com<\/em><\/strong><\/a><strong><em>; <\/em><\/strong><a href=\"mailto:bawela1@gmail.com\"><strong><em>bawela1@gmail.com<\/em><\/strong><\/a><strong><em><\/em><\/strong><\/p>\n\n\n\n<p class=\"wp-block-paragraph\"><strong><em>Pour vos annonces, (publi)reportages, etc., joignez-nous au (00228)91515309\/<strong>79872224 <\/strong>www.macite.tg, L\u2019information, la bonne&nbsp;!<\/em><\/strong><\/p>\n","protected":false},"excerpt":{"rendered":"<p class=\"text-justify mb-2\" >Le fondateur de l\u2019International Youth Fellowshi (Iyf), une Ong d\u00e9di\u00e9e \u00e0 la promotion de la jeunesse, le R\u00e9v\u00e9rend Pasteur Ock Soo Park, a \u00e9chang\u00e9, le vendredi 09 f\u00e9vrier dernier, avec le Chef de l\u2019Etat, Faure Gnassingb\u00e9. Re\u00e7u le vendredi 09 f\u00e9vrier dernier par le Chef [&hellip;]<\/p>\n","protected":false},"author":2,"featured_media":12592,"comment_status":"open","ping_status":"open","sticky":false,"template":"","format":"standard","meta":{"footnotes":""},"categories":[20,16],"tags":[],"class_list":["post-12590","post","type-post","status-publish","format-standard","has-post-thumbnail","hentry","category-actualite","category-cooperation"],"yoast_head":"<!-- This site is optimized with the Yoast SEO plugin v28.4 - https:\/\/yoast.com\/product\/yoast-seo-wordpress\/ -->\n<title>FORMATION DE LA JEUNESSE : Le r\u00e9v\u00e9rend Pasteur Ock Soo Park et l\u2019Iyf engag\u00e9s aux c\u00f4t\u00e9s des autorit\u00e9s togolaises -<\/title>\n<meta name=\"robots\" content=\"index, follow, max-snippet:-1, max-image-preview:large, max-video-preview:-1\" \/>\n<link rel=\"canonical\" href=\"https:\/\/macite.tg\/?p=12590\" \/>\n<meta property=\"og:locale\" content=\"fr_FR\" \/>\n<meta property=\"og:type\" content=\"article\" \/>\n<meta property=\"og:title\" content=\"FORMATION DE LA JEUNESSE : Le r\u00e9v\u00e9rend Pasteur Ock Soo Park et l\u2019Iyf engag\u00e9s aux c\u00f4t\u00e9s des autorit\u00e9s togolaises -\" \/>\n<meta property=\"og:description\" content=\"Le fondateur de l\u2019International Youth Fellowshi (Iyf), une Ong d\u00e9di\u00e9e \u00e0 la promotion de la jeunesse, le R\u00e9v\u00e9rend Pasteur Ock Soo Park, a \u00e9chang\u00e9, le vendredi 09 f\u00e9vrier dernier, avec le Chef de l\u2019Etat, Faure Gnassingb\u00e9. Re\u00e7u le vendredi 09 f\u00e9vrier dernier par le Chef [&hellip;]\" \/>\n<meta property=\"og:url\" content=\"https:\/\/macite.tg\/?p=12590\" \/>\n<meta property=\"article:published_time\" content=\"2024-02-13T13:25:41+00:00\" \/>\n<meta property=\"article:modified_time\" content=\"2024-02-13T13:25:43+00:00\" \/>\n<meta property=\"og:image\" content=\"https:\/\/macite.tg\/wp-content\/uploads\/2024\/02\/IMG-20240209-WA0099.jpg\" \/>\n\t<meta property=\"og:image:width\" content=\"1280\" \/>\n\t<meta property=\"og:image:height\" content=\"938\" \/>\n\t<meta property=\"og:image:type\" content=\"image\/jpeg\" \/>\n<meta name=\"author\" content=\"Jean Pierre BAWELA\" \/>\n<meta name=\"twitter:card\" content=\"summary_large_image\" \/>\n<meta name=\"twitter:label1\" content=\"\u00c9crit par\" \/>\n\t<meta name=\"twitter:data1\" content=\"Jean Pierre BAWELA\" \/>\n\t<meta name=\"twitter:label2\" content=\"Dur\u00e9e de lecture estim\u00e9e\" \/>\n\t<meta name=\"twitter:data2\" content=\"2 minutes\" \/>\n<script type=\"application\/ld+json\" class=\"yoast-schema-graph\">{\"@context\":\"https:\\\/\\\/schema.org\",\"@graph\":[{\"@type\":\"Article\",\"@id\":\"https:\\\/\\\/macite.tg\\\/?p=12590#article\",\"isPartOf\":{\"@id\":\"https:\\\/\\\/macite.tg\\\/?p=12590\"},\"author\":{\"name\":\"Jean Pierre BAWELA\",\"@id\":\"https:\\\/\\\/macite.tg\\\/#\\\/schema\\\/person\\\/e9f2de7e5dbbe7770a9402c7ce82f5c2\"},\"headline\":\"FORMATION DE LA JEUNESSE : Le r\u00e9v\u00e9rend Pasteur Ock Soo Park et l\u2019Iyf engag\u00e9s aux c\u00f4t\u00e9s des autorit\u00e9s togolaises\",\"datePublished\":\"2024-02-13T13:25:41+00:00\",\"dateModified\":\"2024-02-13T13:25:43+00:00\",\"mainEntityOfPage\":{\"@id\":\"https:\\\/\\\/macite.tg\\\/?p=12590\"},\"wordCount\":358,\"commentCount\":0,\"image\":{\"@id\":\"https:\\\/\\\/macite.tg\\\/?p=12590#primaryimage\"},\"thumbnailUrl\":\"https:\\\/\\\/macite.tg\\\/wp-content\\\/uploads\\\/2024\\\/02\\\/IMG-20240209-WA0099.jpg\",\"articleSection\":[\"ACTUALITE\",\"COOPERATION\"],\"inLanguage\":\"fr-FR\",\"potentialAction\":[{\"@type\":\"CommentAction\",\"name\":\"Comment\",\"target\":[\"https:\\\/\\\/macite.tg\\\/?p=12590#respond\"]}]},{\"@type\":\"WebPage\",\"@id\":\"https:\\\/\\\/macite.tg\\\/?p=12590\",\"url\":\"https:\\\/\\\/macite.tg\\\/?p=12590\",\"name\":\"FORMATION DE LA JEUNESSE : Le r\u00e9v\u00e9rend Pasteur Ock Soo Park et l\u2019Iyf engag\u00e9s aux c\u00f4t\u00e9s des autorit\u00e9s togolaises -\",\"isPartOf\":{\"@id\":\"https:\\\/\\\/macite.tg\\\/#website\"},\"primaryImageOfPage\":{\"@id\":\"https:\\\/\\\/macite.tg\\\/?p=12590#primaryimage\"},\"image\":{\"@id\":\"https:\\\/\\\/macite.tg\\\/?p=12590#primaryimage\"},\"thumbnailUrl\":\"https:\\\/\\\/macite.tg\\\/wp-content\\\/uploads\\\/2024\\\/02\\\/IMG-20240209-WA0099.jpg\",\"datePublished\":\"2024-02-13T13:25:41+00:00\",\"dateModified\":\"2024-02-13T13:25:43+00:00\",\"author\":{\"@id\":\"https:\\\/\\\/macite.tg\\\/#\\\/schema\\\/person\\\/e9f2de7e5dbbe7770a9402c7ce82f5c2\"},\"breadcrumb\":{\"@id\":\"https:\\\/\\\/macite.tg\\\/?p=12590#breadcrumb\"},\"inLanguage\":\"fr-FR\",\"potentialAction\":[{\"@type\":\"ReadAction\",\"target\":[\"https:\\\/\\\/macite.tg\\\/?p=12590\"]}]},{\"@type\":\"ImageObject\",\"inLanguage\":\"fr-FR\",\"@id\":\"https:\\\/\\\/macite.tg\\\/?p=12590#primaryimage\",\"url\":\"https:\\\/\\\/macite.tg\\\/wp-content\\\/uploads\\\/2024\\\/02\\\/IMG-20240209-WA0099.jpg\",\"contentUrl\":\"https:\\\/\\\/macite.tg\\\/wp-content\\\/uploads\\\/2024\\\/02\\\/IMG-20240209-WA0099.jpg\",\"width\":1280,\"height\":938},{\"@type\":\"BreadcrumbList\",\"@id\":\"https:\\\/\\\/macite.tg\\\/?p=12590#breadcrumb\",\"itemListElement\":[{\"@type\":\"ListItem\",\"position\":1,\"name\":\"Accueil\",\"item\":\"https:\\\/\\\/macite.tg\\\/\"},{\"@type\":\"ListItem\",\"position\":2,\"name\":\"FORMATION DE LA JEUNESSE : Le r\u00e9v\u00e9rend Pasteur Ock Soo Park et l\u2019Iyf engag\u00e9s aux c\u00f4t\u00e9s des autorit\u00e9s togolaises\"}]},{\"@type\":\"WebSite\",\"@id\":\"https:\\\/\\\/macite.tg\\\/#website\",\"url\":\"https:\\\/\\\/macite.tg\\\/\",\"name\":\"\",\"description\":\"L&#039;information, la bonne!!!\",\"potentialAction\":[{\"@type\":\"SearchAction\",\"target\":{\"@type\":\"EntryPoint\",\"urlTemplate\":\"https:\\\/\\\/macite.tg\\\/?s={search_term_string}\"},\"query-input\":{\"@type\":\"PropertyValueSpecification\",\"valueRequired\":true,\"valueName\":\"search_term_string\"}}],\"inLanguage\":\"fr-FR\"},{\"@type\":\"Person\",\"@id\":\"https:\\\/\\\/macite.tg\\\/#\\\/schema\\\/person\\\/e9f2de7e5dbbe7770a9402c7ce82f5c2\",\"name\":\"Jean Pierre BAWELA\",\"image\":{\"@type\":\"ImageObject\",\"inLanguage\":\"fr-FR\",\"@id\":\"https:\\\/\\\/macite.tg\\\/wp-content\\\/uploads\\\/2023\\\/09\\\/WhatsApp-Image-2023-09-19-at-14.44.41-122x122.jpeg\",\"url\":\"https:\\\/\\\/macite.tg\\\/wp-content\\\/uploads\\\/2023\\\/09\\\/WhatsApp-Image-2023-09-19-at-14.44.41-122x122.jpeg\",\"contentUrl\":\"https:\\\/\\\/macite.tg\\\/wp-content\\\/uploads\\\/2023\\\/09\\\/WhatsApp-Image-2023-09-19-at-14.44.41-122x122.jpeg\",\"caption\":\"Jean Pierre BAWELA\"},\"url\":\"https:\\\/\\\/macite.tg\\\/?author=2\"}]}<\/script>\n<!-- \/ Yoast SEO plugin. -->","yoast_head_json":{"title":"FORMATION DE LA JEUNESSE : Le r\u00e9v\u00e9rend Pasteur Ock Soo Park et l\u2019Iyf engag\u00e9s aux c\u00f4t\u00e9s des autorit\u00e9s togolaises -","robots":{"index":"index","follow":"follow","max-snippet":"max-snippet:-1","max-image-preview":"max-image-preview:large","max-video-preview":"max-video-preview:-1"},"canonical":"https:\/\/macite.tg\/?p=12590","og_locale":"fr_FR","og_type":"article","og_title":"FORMATION DE LA JEUNESSE : Le r\u00e9v\u00e9rend Pasteur Ock Soo Park et l\u2019Iyf engag\u00e9s aux c\u00f4t\u00e9s des autorit\u00e9s togolaises -","og_description":"Le fondateur de l\u2019International Youth Fellowshi (Iyf), une Ong d\u00e9di\u00e9e \u00e0 la promotion de la jeunesse, le R\u00e9v\u00e9rend Pasteur Ock Soo Park, a \u00e9chang\u00e9, le vendredi 09 f\u00e9vrier dernier, avec le Chef de l\u2019Etat, Faure Gnassingb\u00e9. Re\u00e7u le vendredi 09 f\u00e9vrier dernier par le Chef [&hellip;]","og_url":"https:\/\/macite.tg\/?p=12590","article_published_time":"2024-02-13T13:25:41+00:00","article_modified_time":"2024-02-13T13:25:43+00:00","og_image":[{"width":1280,"height":938,"url":"https:\/\/macite.tg\/wp-content\/uploads\/2024\/02\/IMG-20240209-WA0099.jpg","type":"image\/jpeg"}],"author":"Jean Pierre BAWELA","twitter_card":"summary_large_image","twitter_misc":{"\u00c9crit par":"Jean Pierre BAWELA","Dur\u00e9e de lecture estim\u00e9e":"2 minutes"},"schema":{"@context":"https:\/\/schema.org","@graph":[{"@type":"Article","@id":"https:\/\/macite.tg\/?p=12590#article","isPartOf":{"@id":"https:\/\/macite.tg\/?p=12590"},"author":{"name":"Jean Pierre BAWELA","@id":"https:\/\/macite.tg\/#\/schema\/person\/e9f2de7e5dbbe7770a9402c7ce82f5c2"},"headline":"FORMATION DE LA JEUNESSE : Le r\u00e9v\u00e9rend Pasteur Ock Soo Park et l\u2019Iyf engag\u00e9s aux c\u00f4t\u00e9s des autorit\u00e9s togolaises","datePublished":"2024-02-13T13:25:41+00:00","dateModified":"2024-02-13T13:25:43+00:00","mainEntityOfPage":{"@id":"https:\/\/macite.tg\/?p=12590"},"wordCount":358,"commentCount":0,"image":{"@id":"https:\/\/macite.tg\/?p=12590#primaryimage"},"thumbnailUrl":"https:\/\/macite.tg\/wp-content\/uploads\/2024\/02\/IMG-20240209-WA0099.jpg","articleSection":["ACTUALITE","COOPERATION"],"inLanguage":"fr-FR","potentialAction":[{"@type":"CommentAction","name":"Comment","target":["https:\/\/macite.tg\/?p=12590#respond"]}]},{"@type":"WebPage","@id":"https:\/\/macite.tg\/?p=12590","url":"https:\/\/macite.tg\/?p=12590","name":"FORMATION DE LA JEUNESSE : Le r\u00e9v\u00e9rend Pasteur Ock Soo Park et l\u2019Iyf engag\u00e9s aux c\u00f4t\u00e9s des autorit\u00e9s togolaises -","isPartOf":{"@id":"https:\/\/macite.tg\/#website"},"primaryImageOfPage":{"@id":"https:\/\/macite.tg\/?p=12590#primaryimage"},"image":{"@id":"https:\/\/macite.tg\/?p=12590#primaryimage"},"thumbnailUrl":"https:\/\/macite.tg\/wp-content\/uploads\/2024\/02\/IMG-20240209-WA0099.jpg","datePublished":"2024-02-13T13:25:41+00:00","dateModified":"2024-02-13T13:25:43+00:00","author":{"@id":"https:\/\/macite.tg\/#\/schema\/person\/e9f2de7e5dbbe7770a9402c7ce82f5c2"},"breadcrumb":{"@id":"https:\/\/macite.tg\/?p=12590#breadcrumb"},"inLanguage":"fr-FR","potentialAction":[{"@type":"ReadAction","target":["https:\/\/macite.tg\/?p=12590"]}]},{"@type":"ImageObject","inLanguage":"fr-FR","@id":"https:\/\/macite.tg\/?p=12590#primaryimage","url":"https:\/\/macite.tg\/wp-content\/uploads\/2024\/02\/IMG-20240209-WA0099.jpg","contentUrl":"https:\/\/macite.tg\/wp-content\/uploads\/2024\/02\/IMG-20240209-WA0099.jpg","width":1280,"height":938},{"@type":"BreadcrumbList","@id":"https:\/\/macite.tg\/?p=12590#breadcrumb","itemListElement":[{"@type":"ListItem","position":1,"name":"Accueil","item":"https:\/\/macite.tg\/"},{"@type":"ListItem","position":2,"name":"FORMATION DE LA JEUNESSE : Le r\u00e9v\u00e9rend Pasteur Ock Soo Park et l\u2019Iyf engag\u00e9s aux c\u00f4t\u00e9s des autorit\u00e9s togolaises"}]},{"@type":"WebSite","@id":"https:\/\/macite.tg\/#website","url":"https:\/\/macite.tg\/","name":"","description":"L&#039;information, la bonne!!!","potentialAction":[{"@type":"SearchAction","target":{"@type":"EntryPoint","urlTemplate":"https:\/\/macite.tg\/?s={search_term_string}"},"query-input":{"@type":"PropertyValueSpecification","valueRequired":true,"valueName":"search_term_string"}}],"inLanguage":"fr-FR"},{"@type":"Person","@id":"https:\/\/macite.tg\/#\/schema\/person\/e9f2de7e5dbbe7770a9402c7ce82f5c2","name":"Jean Pierre BAWELA","image":{"@type":"ImageObject","inLanguage":"fr-FR","@id":"https:\/\/macite.tg\/wp-content\/uploads\/2023\/09\/WhatsApp-Image-2023-09-19-at-14.44.41-122x122.jpeg","url":"https:\/\/macite.tg\/wp-content\/uploads\/2023\/09\/WhatsApp-Image-2023-09-19-at-14.44.41-122x122.jpeg","contentUrl":"https:\/\/macite.tg\/wp-content\/uploads\/2023\/09\/WhatsApp-Image-2023-09-19-at-14.44.41-122x122.jpeg","caption":"Jean Pierre BAWELA"},"url":"https:\/\/macite.tg\/?author=2"}]}},"_links":{"self":[{"href":"https:\/\/macite.tg\/index.php?rest_route=\/wp\/v2\/posts\/12590","targetHints":{"allow":["GET"]}}],"collection":[{"href":"https:\/\/macite.tg\/index.php?rest_route=\/wp\/v2\/posts"}],"about":[{"href":"https:\/\/macite.tg\/index.php?rest_route=\/wp\/v2\/types\/post"}],"author":[{"embeddable":true,"href":"https:\/\/macite.tg\/index.php?rest_route=\/wp\/v2\/users\/2"}],"replies":[{"embeddable":true,"href":"https:\/\/macite.tg\/index.php?rest_route=%2Fwp%2Fv2%2Fcomments&post=12590"}],"version-history":[{"count":0,"href":"https:\/\/macite.tg\/index.php?rest_route=\/wp\/v2\/posts\/12590\/revisions"}],"wp:featuredmedia":[{"embeddable":true,"href":"https:\/\/macite.tg\/index.php?rest_route=\/wp\/v2\/media\/12592"}],"wp:attachment":[{"href":"https:\/\/macite.tg\/index.php?rest_route=%2Fwp%2Fv2%2Fmedia&parent=12590"}],"wp:term":[{"taxonomy":"category","embeddable":true,"href":"https:\/\/macite.tg\/index.php?rest_route=%2Fwp%2Fv2%2Fcategories&post=12590"},{"taxonomy":"post_tag","embeddable":true,"href":"https:\/\/macite.tg\/index.php?rest_route=%2Fwp%2Fv2%2Ftags&post=12590"}],"curies":[{"name":"wp","href":"https:\/\/api.w.org\/{rel}","templated":true}]}}